{"id":243665,"date":"2022-08-23T13:08:53","date_gmt":"2022-08-23T11:08:53","guid":{"rendered":"https:\/\/www.intoscana.it\/it\/?p=243665"},"modified":"2022-08-23T14:25:10","modified_gmt":"2022-08-23T12:25:10","slug":"musica-e-fuochi-dartificio-per-i-30-anni-di-sting-e-trudie-styler","status":"publish","type":"post","link":"https:\/\/www.intoscana.it\/it\/musica-e-fuochi-dartificio-per-i-30-anni-di-sting-e-trudie-styler\/","title":{"rendered":"Musica e fuochi d&#8217;artificio per i 30 anni del matrimonio di Sting e Trudie Styler"},"content":{"rendered":"<p>I<strong> fuochi d&#8217;artificio<\/strong> a illuminare a giorno <strong>la tenuta de Il Palagio<\/strong> hanno salutato i festeggiamenti per <mark>i 30 anni del matrimonio tra Sting e Trudie Styler<\/mark>. Il cantante e l&#8217;attrice e produttrice hanno festeggiato con <strong>un grande party<\/strong> nel complesso acquistato <strong>nei pressi di Figline Valdarno<\/strong> ormai nel lontano 1999. Da oltre vent&#8217;anni trascorrono gran parte dell&#8217;anno qui in Toscana.<\/p>\n<p><strong>Sting e Trudie Styler<\/strong> si sono sposati <strong>il 22 agosto 1992<\/strong>. La coppia ha avuto quattro figli: <strong>Brigitte Michael<\/strong> (1984), <strong>Jake<\/strong> (1985), <strong>Eliot Paulina<\/strong> (1990) e <strong>Giacomo Luke<\/strong> (1995).<\/p>\n<figure id=\"post-222027 media-222027\" class=\"align-none\"><img decoding=\"async\" src=\"https:\/\/www.intoscana.it\/wp-content\/uploads\/IMG_0988.jpg\" alt=\"\" \/><\/figure>\n<div class=\"titleimg\">Sting e Trudie Styler &#8211; \u00a9 pagina Facebook Trudie Styler<\/div>\n<h3>Sting canta i suoi successi<\/h3>\n<p>Durante la serata per <strong>i 30 anni di matrimonio<\/strong> Sting ha cantato <strong>Every Breath You Take<\/strong>, uno dei suoi successi pi\u00f9 famosi con il gruppo dei Police. Il pezzo \u00e8 stato eseguito <strong>insieme al figlio Joe<\/strong> in una performance riservata agli invitati. La coppia ha infatti invitato amici del mondo della musica, del cinema e dell&#8217;enologia per prendere parte ai <strong>festeggiamenti delle nozze di perla<\/strong>.<\/p>\n<h3>Il Palagio, da buen retiro ad azienda<\/h3>\n<p><strong>La tenuta Il Palagio<\/strong>, da buen retiro della coppia negli anni \u00e8 divenuta a tutti gli effetti <a href=\"https:\/\/www.palagioproducts.com\/the-estate\/private-bookings\/\" target=\"_blank\" rel=\"noopener\">un&#8217;apprezzata struttura per ospitare <strong>matrimoni, eventi corporate, feste private<\/strong><\/a> e alcuni degli immobili all&#8217;interno del complesso possono essere affittati per <strong>esclusive vacanze<\/strong>.<\/p>\n<figure id=\"post-243682 media-243682\" class=\"align-none\"><img decoding=\"async\" src=\"https:\/\/www.intoscana.it\/wp-content\/uploads\/300814782_10227599031630378_5061111417742566041_n.jpg\" alt=\"\" \/><\/figure>\n<div class=\"titleimg\">Trudie Styler, Dominga Cotarella, Sting e Riccardo Cotarella<\/div>\n<h3>Dal farm shop al vino<\/h3>\n<p><strong>Il Palagio<\/strong> \u00e8 un&#8217;azienda agricola con annesso <strong>farm shop<\/strong> e <a href=\"https:\/\/www.palagioproducts.com\/\" target=\"_blank\" rel=\"noopener\">tanto di e-commerce<\/a> dove acquistare <strong>frutta e verdura della tenuta<\/strong>. Tra l&#8217;altro qui vengono prodotti <strong>il miele <\/strong>e<strong> l&#8217;olio extravergine di oliva<\/strong> <a href=\"https:\/\/www.intoscana.it\/it\/articolo\/sting-olio-toscano-premiato-gambero-rosso\/\" target=\"_blank\" rel=\"noopener\">premiato dal Gambero Rosso<\/a>.<\/p>\n<p>Da alcuni anni \u00e8 stata avviata con sempre crescente successo la coltivazione della vite. Numerosi <strong>i vini prodotti<\/strong>, molti portano il nome dei pi\u00f9 grandi successi del cantante inglese: <mark>Message in a bottle, Sister Moon, When we dance<\/mark>. Sting \u00e8 stato inoltre protagonista di <a href=\"https:\/\/www.intoscana.it\/it\/articolo\/sting-rockstar-con-lamore-per-il-vino-apre-le-anteprime-di-toscana\/\" target=\"_blank\" rel=\"noopener\">Anteprime di Toscana nel 2018<\/a>.<\/p>\n<p><strong>Sting e Trudie Styler<\/strong> credono molto nel progetto vinicolo che stanno portando avanti e per questo si sono affidati al re degli enologi <strong>Riccardo Cotarella<\/strong>. L&#8217;obiettivo \u00e8 di elevare la qualit\u00e0 della produzione vinicola e in effetti i risultati sono apprezzabili e i consensi sono sempre pi\u00f9 crescenti.<\/p>\n<p>All&#8217;interno della tenuta \u00e8 stata inoltre <a href=\"https:\/\/www.intoscana.it\/it\/articolo\/sting-diventa-pizzaiolo-lex-police-apre-una-nuova-attivita-nella-sua-tenuta-di-figline\/\" target=\"_blank\" rel=\"noopener\">aperta una pizzeria: si mangia tra gli ulivi<\/a> della tenuta.<\/p>\n<h3>La Toscana di Sting e Trudie Styler<\/h3>\n<p><strong>Trudie Styler<\/strong> ha raccontato pi\u00f9 volte com&#8217;\u00e8 nato <strong>l&#8217;amore per la Toscana<\/strong>. Galeotto un soggiorno a Pisa: \u201c<em>Nel 1990 Sting aveva perso entrambi i genitori e io ero incinta: vivevamo un periodo dolce-amaro della nostra vita. Mio marito si dedicava alla registrazione dell\u2019album Soul cages, andammo a Pisa dove restammo 12 settimane, l\u00ec ho dato alla luce nostra figlia e Sting ha terminato il suo album<\/em>\u201d.<\/p>\n<p>Il calore con cui la coppia fu sostenuta durante quei mesi in Italia li fece riflettere sul fatto che la Toscana poteva diventare pi\u00f9 di un semplice &#8220;<em>luogo dove trascorrere del tempo<\/em>&#8220;. &#8220;<em>Qui mi sento davvero molto a casa. La Toscana mi d\u00e0 un senso di pace rispetto all\u2019Inghilterra e a New York<\/em>\u201d ha raccontato ancora la Styler.<\/p>\n<p>Sting durante il periodo del Covid ha invece mandato <a href=\"https:\/\/www.intoscana.it\/it\/articolo\/coronavirus-sting\/\" target=\"_blank\" rel=\"noopener\">un messaggio alla &#8220;sua&#8221; Toscana<\/a>\u00a0a riprova del forte legame con il territorio.<strong> Sting e Trudie Styler<\/strong> sono inoltre <a href=\"https:\/\/www.intoscana.it\/it\/articolo\/sting-trudie-figline-valdarno\/\" target=\"_blank\" rel=\"noopener\">cittadini onorari di Figline e Incisa Valdarno<\/a> dall&#8217;estate 2019.<\/p>\n<p>&nbsp;<\/p>\n","protected":false},"excerpt":{"rendered":"<p>Grande festa esclusiva alla tenuta Il Palagio per celebrare le nozze di perla della coppia: l&#8217;ex Police si \u00e8 esibito in alcuni dei suoi successi<\/p>\n","protected":false},"author":554,"featured_media":243675,"comment_status":"open","ping_status":"open","sticky":false,"template":"","format":"standard","meta":{"_acf_changed":false,"footnotes":""},"categories":[14],"tags":[],"class_list":["post-243665","post","type-post","status-publish","format-standard","has-post-thumbnail","hentry","category-musica"],"acf":[],"yoast_head":"<!-- This site is optimized with the Yoast SEO Premium plugin v24.2 (Yoast SEO v25.6) - https:\/\/yoast.com\/wordpress\/plugins\/seo\/ -->\n<title>Party per i 30 anni del matrimonio di Sting e Trudie Styler - intoscana<\/title>\n<meta name=\"description\" content=\"Festa esclusiva alla tenuta Il Palagio per celebrare le nozze di perla della coppia: l&#039;ex Police si \u00e8 esibito in alcuni dei suoi successi\" \/>\n<meta name=\"robots\" content=\"index, follow, max-snippet:-1, max-image-preview:large, max-video-preview:-1\" \/>\n<link rel=\"canonical\" href=\"https:\/\/www.intoscana.it\/it\/musica-e-fuochi-dartificio-per-i-30-anni-di-sting-e-trudie-styler\/\" \/>\n<meta property=\"og:locale\" content=\"it_IT\" \/>\n<meta property=\"og:type\" content=\"article\" \/>\n<meta property=\"og:title\" content=\"Musica e fuochi d&#039;artificio per i 30 anni del matrimonio di Sting e Trudie Styler\" \/>\n<meta property=\"og:description\" content=\"Festa esclusiva alla tenuta Il Palagio per celebrare le nozze di perla della coppia: l&#039;ex Police si \u00e8 esibito in alcuni dei suoi successi\" \/>\n<meta property=\"og:url\" content=\"https:\/\/www.intoscana.it\/it\/musica-e-fuochi-dartificio-per-i-30-anni-di-sting-e-trudie-styler\/\" \/>\n<meta property=\"og:site_name\" content=\"intoscana\" \/>\n<meta property=\"article:publisher\" content=\"https:\/\/www.facebook.com\/intoscana.it\" \/>\n<meta property=\"article:published_time\" content=\"2022-08-23T11:08:53+00:00\" \/>\n<meta property=\"article:modified_time\" content=\"2022-08-23T12:25:10+00:00\" \/>\n<meta property=\"og:image\" content=\"https:\/\/www.intoscana.it\/wp-content\/uploads\/300951110_634276631391857_7772678794722447289_n.jpg\" \/>\n\t<meta property=\"og:image:width\" content=\"1500\" \/>\n\t<meta property=\"og:image:height\" content=\"1000\" \/>\n\t<meta property=\"og:image:type\" content=\"image\/jpeg\" \/>\n<meta name=\"author\" content=\"Raffaella Galamini\" \/>\n<meta name=\"twitter:card\" content=\"summary_large_image\" \/>\n<meta name=\"twitter:creator\" content=\"@orio\" \/>\n<meta name=\"twitter:site\" content=\"@intoscana\" \/>\n<meta name=\"twitter:label1\" content=\"Written by\" \/>\n\t<meta name=\"twitter:data1\" content=\"Raffaella Galamini\" \/>\n\t<meta name=\"twitter:label2\" content=\"Est. reading time\" \/>\n\t<meta name=\"twitter:data2\" content=\"3 minuti\" \/>\n<script type=\"application\/ld+json\" class=\"yoast-schema-graph\">{\"@context\":\"https:\/\/schema.org\",\"@graph\":[{\"@type\":\"WebPage\",\"@id\":\"https:\/\/www.intoscana.it\/it\/musica-e-fuochi-dartificio-per-i-30-anni-di-sting-e-trudie-styler\/\",\"url\":\"https:\/\/www.intoscana.it\/it\/musica-e-fuochi-dartificio-per-i-30-anni-di-sting-e-trudie-styler\/\",\"name\":\"Party per i 30 anni del matrimonio di Sting e Trudie Styler - intoscana\",\"isPartOf\":{\"@id\":\"https:\/\/www.intoscana.it\/it\/#website\"},\"primaryImageOfPage\":{\"@id\":\"https:\/\/www.intoscana.it\/it\/musica-e-fuochi-dartificio-per-i-30-anni-di-sting-e-trudie-styler\/#primaryimage\"},\"image\":{\"@id\":\"https:\/\/www.intoscana.it\/it\/musica-e-fuochi-dartificio-per-i-30-anni-di-sting-e-trudie-styler\/#primaryimage\"},\"thumbnailUrl\":\"https:\/\/www.intoscana.it\/wp-content\/uploads\/300951110_634276631391857_7772678794722447289_n.jpg\",\"datePublished\":\"2022-08-23T11:08:53+00:00\",\"dateModified\":\"2022-08-23T12:25:10+00:00\",\"author\":{\"@id\":\"https:\/\/www.intoscana.it\/it\/#\/schema\/person\/9eb9daa846a49fe51af39a73d9d1986b\"},\"description\":\"Festa esclusiva alla tenuta Il Palagio per celebrare le nozze di perla della coppia: l'ex Police si \u00e8 esibito in alcuni dei suoi successi\",\"breadcrumb\":{\"@id\":\"https:\/\/www.intoscana.it\/it\/musica-e-fuochi-dartificio-per-i-30-anni-di-sting-e-trudie-styler\/#breadcrumb\"},\"inLanguage\":\"it-IT\",\"potentialAction\":[{\"@type\":\"ReadAction\",\"target\":[\"https:\/\/www.intoscana.it\/it\/musica-e-fuochi-dartificio-per-i-30-anni-di-sting-e-trudie-styler\/\"]}]},{\"@type\":\"ImageObject\",\"inLanguage\":\"it-IT\",\"@id\":\"https:\/\/www.intoscana.it\/it\/musica-e-fuochi-dartificio-per-i-30-anni-di-sting-e-trudie-styler\/#primaryimage\",\"url\":\"https:\/\/www.intoscana.it\/wp-content\/uploads\/300951110_634276631391857_7772678794722447289_n.jpg\",\"contentUrl\":\"https:\/\/www.intoscana.it\/wp-content\/uploads\/300951110_634276631391857_7772678794722447289_n.jpg\",\"width\":1500,\"height\":1000,\"caption\":\"I 30 anni di matrimonio di Sting e Trudie Styler - \u00a9 FB Trudie Styler\"},{\"@type\":\"BreadcrumbList\",\"@id\":\"https:\/\/www.intoscana.it\/it\/musica-e-fuochi-dartificio-per-i-30-anni-di-sting-e-trudie-styler\/#breadcrumb\",\"itemListElement\":[{\"@type\":\"ListItem\",\"position\":1,\"name\":\"Home\",\"item\":\"https:\/\/www.intoscana.it\/it\/\"},{\"@type\":\"ListItem\",\"position\":2,\"name\":\"Musica e fuochi d&#8217;artificio per i 30 anni del matrimonio di Sting e Trudie Styler\"}]},{\"@type\":\"WebSite\",\"@id\":\"https:\/\/www.intoscana.it\/it\/#website\",\"url\":\"https:\/\/www.intoscana.it\/it\/\",\"name\":\"intoscana\",\"description\":\"\",\"potentialAction\":[{\"@type\":\"SearchAction\",\"target\":{\"@type\":\"EntryPoint\",\"urlTemplate\":\"https:\/\/www.intoscana.it\/it\/?s={search_term_string}\"},\"query-input\":{\"@type\":\"PropertyValueSpecification\",\"valueRequired\":true,\"valueName\":\"search_term_string\"}}],\"inLanguage\":\"it-IT\"},{\"@type\":\"Person\",\"@id\":\"https:\/\/www.intoscana.it\/it\/#\/schema\/person\/9eb9daa846a49fe51af39a73d9d1986b\",\"name\":\"Raffaella Galamini\",\"sameAs\":[\"https:\/\/x.com\/orio\"],\"url\":\"https:\/\/www.intoscana.it\/it\/author\/r-galamini\/\"}]}<\/script>\n<!-- \/ Yoast SEO Premium plugin. -->","yoast_head_json":{"title":"Party per i 30 anni del matrimonio di Sting e Trudie Styler - intoscana","description":"Festa esclusiva alla tenuta Il Palagio per celebrare le nozze di perla della coppia: l'ex Police si \u00e8 esibito in alcuni dei suoi successi","robots":{"index":"index","follow":"follow","max-snippet":"max-snippet:-1","max-image-preview":"max-image-preview:large","max-video-preview":"max-video-preview:-1"},"canonical":"https:\/\/www.intoscana.it\/it\/musica-e-fuochi-dartificio-per-i-30-anni-di-sting-e-trudie-styler\/","og_locale":"it_IT","og_type":"article","og_title":"Musica e fuochi d'artificio per i 30 anni del matrimonio di Sting e Trudie Styler","og_description":"Festa esclusiva alla tenuta Il Palagio per celebrare le nozze di perla della coppia: l'ex Police si \u00e8 esibito in alcuni dei suoi successi","og_url":"https:\/\/www.intoscana.it\/it\/musica-e-fuochi-dartificio-per-i-30-anni-di-sting-e-trudie-styler\/","og_site_name":"intoscana","article_publisher":"https:\/\/www.facebook.com\/intoscana.it","article_published_time":"2022-08-23T11:08:53+00:00","article_modified_time":"2022-08-23T12:25:10+00:00","og_image":[{"width":1500,"height":1000,"url":"https:\/\/www.intoscana.it\/wp-content\/uploads\/300951110_634276631391857_7772678794722447289_n.jpg","type":"image\/jpeg"}],"author":"Raffaella Galamini","twitter_card":"summary_large_image","twitter_creator":"@orio","twitter_site":"@intoscana","twitter_misc":{"Written by":"Raffaella Galamini","Est. reading time":"3 minuti"},"schema":{"@context":"https:\/\/schema.org","@graph":[{"@type":"WebPage","@id":"https:\/\/www.intoscana.it\/it\/musica-e-fuochi-dartificio-per-i-30-anni-di-sting-e-trudie-styler\/","url":"https:\/\/www.intoscana.it\/it\/musica-e-fuochi-dartificio-per-i-30-anni-di-sting-e-trudie-styler\/","name":"Party per i 30 anni del matrimonio di Sting e Trudie Styler - intoscana","isPartOf":{"@id":"https:\/\/www.intoscana.it\/it\/#website"},"primaryImageOfPage":{"@id":"https:\/\/www.intoscana.it\/it\/musica-e-fuochi-dartificio-per-i-30-anni-di-sting-e-trudie-styler\/#primaryimage"},"image":{"@id":"https:\/\/www.intoscana.it\/it\/musica-e-fuochi-dartificio-per-i-30-anni-di-sting-e-trudie-styler\/#primaryimage"},"thumbnailUrl":"https:\/\/www.intoscana.it\/wp-content\/uploads\/300951110_634276631391857_7772678794722447289_n.jpg","datePublished":"2022-08-23T11:08:53+00:00","dateModified":"2022-08-23T12:25:10+00:00","author":{"@id":"https:\/\/www.intoscana.it\/it\/#\/schema\/person\/9eb9daa846a49fe51af39a73d9d1986b"},"description":"Festa esclusiva alla tenuta Il Palagio per celebrare le nozze di perla della coppia: l'ex Police si \u00e8 esibito in alcuni dei suoi successi","breadcrumb":{"@id":"https:\/\/www.intoscana.it\/it\/musica-e-fuochi-dartificio-per-i-30-anni-di-sting-e-trudie-styler\/#breadcrumb"},"inLanguage":"it-IT","potentialAction":[{"@type":"ReadAction","target":["https:\/\/www.intoscana.it\/it\/musica-e-fuochi-dartificio-per-i-30-anni-di-sting-e-trudie-styler\/"]}]},{"@type":"ImageObject","inLanguage":"it-IT","@id":"https:\/\/www.intoscana.it\/it\/musica-e-fuochi-dartificio-per-i-30-anni-di-sting-e-trudie-styler\/#primaryimage","url":"https:\/\/www.intoscana.it\/wp-content\/uploads\/300951110_634276631391857_7772678794722447289_n.jpg","contentUrl":"https:\/\/www.intoscana.it\/wp-content\/uploads\/300951110_634276631391857_7772678794722447289_n.jpg","width":1500,"height":1000,"caption":"I 30 anni di matrimonio di Sting e Trudie Styler - \u00a9 FB Trudie Styler"},{"@type":"BreadcrumbList","@id":"https:\/\/www.intoscana.it\/it\/musica-e-fuochi-dartificio-per-i-30-anni-di-sting-e-trudie-styler\/#breadcrumb","itemListElement":[{"@type":"ListItem","position":1,"name":"Home","item":"https:\/\/www.intoscana.it\/it\/"},{"@type":"ListItem","position":2,"name":"Musica e fuochi d&#8217;artificio per i 30 anni del matrimonio di Sting e Trudie Styler"}]},{"@type":"WebSite","@id":"https:\/\/www.intoscana.it\/it\/#website","url":"https:\/\/www.intoscana.it\/it\/","name":"intoscana","description":"","potentialAction":[{"@type":"SearchAction","target":{"@type":"EntryPoint","urlTemplate":"https:\/\/www.intoscana.it\/it\/?s={search_term_string}"},"query-input":{"@type":"PropertyValueSpecification","valueRequired":true,"valueName":"search_term_string"}}],"inLanguage":"it-IT"},{"@type":"Person","@id":"https:\/\/www.intoscana.it\/it\/#\/schema\/person\/9eb9daa846a49fe51af39a73d9d1986b","name":"Raffaella Galamini","sameAs":["https:\/\/x.com\/orio"],"url":"https:\/\/www.intoscana.it\/it\/author\/r-galamini\/"}]}},"_links":{"self":[{"href":"https:\/\/www.intoscana.it\/it\/wp-json\/wp\/v2\/posts\/243665","targetHints":{"allow":["GET"]}}],"collection":[{"href":"https:\/\/www.intoscana.it\/it\/wp-json\/wp\/v2\/posts"}],"about":[{"href":"https:\/\/www.intoscana.it\/it\/wp-json\/wp\/v2\/types\/post"}],"author":[{"embeddable":true,"href":"https:\/\/www.intoscana.it\/it\/wp-json\/wp\/v2\/users\/554"}],"replies":[{"embeddable":true,"href":"https:\/\/www.intoscana.it\/it\/wp-json\/wp\/v2\/comments?post=243665"}],"version-history":[{"count":0,"href":"https:\/\/www.intoscana.it\/it\/wp-json\/wp\/v2\/posts\/243665\/revisions"}],"wp:featuredmedia":[{"embeddable":true,"href":"https:\/\/www.intoscana.it\/it\/wp-json\/wp\/v2\/media\/243675"}],"wp:attachment":[{"href":"https:\/\/www.intoscana.it\/it\/wp-json\/wp\/v2\/media?parent=243665"}],"wp:term":[{"taxonomy":"category","embeddable":true,"href":"https:\/\/www.intoscana.it\/it\/wp-json\/wp\/v2\/categories?post=243665"},{"taxonomy":"post_tag","embeddable":true,"href":"https:\/\/www.intoscana.it\/it\/wp-json\/wp\/v2\/tags?post=243665"}],"curies":[{"name":"wp","href":"https:\/\/api.w.org\/{rel}","templated":true}]}}