{"id":243817,"date":"2022-08-24T10:50:49","date_gmt":"2022-08-24T08:50:49","guid":{"rendered":"https:\/\/www.intoscana.it\/it\/?p=243817"},"modified":"2022-08-26T10:34:13","modified_gmt":"2022-08-26T08:34:13","slug":"festival-concerti-in-toscana-settembre-2022","status":"publish","type":"post","link":"https:\/\/www.intoscana.it\/it\/festival-concerti-in-toscana-settembre-2022\/","title":{"rendered":"Un&#8217;estate senza fine: dieci festival di musica in Toscana a settembre"},"content":{"rendered":"<p><strong>1- Beat Festival a Empoli<\/strong><br \/>\nDal 24 al 28 agosto torna a Empoli il <a href=\"https:\/\/www.intoscana.it\/it\/articolo\/beat-festival-empoli-2022\/\" target=\"_blank\" rel=\"noopener\"><strong>Beat Festival,<\/strong> <\/a>sul palco quest\u2019anno: <strong>Ditonellapiaga, Tananai, Chiello, Massimo Pericolo e Madman.<\/strong><\/p>\n<p><strong>2-Scandicci Farms Festival<\/strong><br \/>\nIl 26 agosto, 3 e 10 settembre arriva la prima edizione dello <a href=\"https:\/\/www.intoscana.it\/it\/articolo\/scandicci-farms-festival-tre-giorni-di-musica-con-hudaki-village-band-peppe-voltarelli-e-la-nuova-pippolese\/\" target=\"_blank\" rel=\"noopener\"><strong>Scandicci\u00a0Farmi\u00a0Festival<\/strong><\/a> una novit\u00e0 assoluta del programma di Scandicci Open City, un percorso di valorizzazione del patrimonio rurale e culturale attraverso musica, incontri e degustazioni. Tra gli ospiti gli ucraini <strong>Hudaki Village Band<\/strong> (per la prima volta in Italia), <strong><a href=\"https:\/\/www.intoscana.it\/it\/dettaglio-video\/peppe-voltarelli-canta-otello-profazio-allo-spazio-alfieri\/\" target=\"_blank\" rel=\"noopener\">Peppe Voltarelli<\/a> e <a href=\"https:\/\/www.intoscana.it\/it\/articolo\/esce-canzoni-per-grilli-e-rificolone-il-primo-disco-de-la-nuova-pippolese\/\" target=\"_blank\" rel=\"noopener\">La Nuova Pippolese.<\/a><\/strong><\/p>\n<figure id=\"post-243536 media-243536\" class=\"align-none\"><img decoding=\"async\" src=\"https:\/\/www.intoscana.it\/wp-content\/uploads\/ditonellapiaga_ph_chiara_glionna_01-1-scaled.jpg\" alt=\"\" \/><\/figure>\n<div class=\"titleimg\"><em>Ditonellapiaga, foto di Chiara Glionna<\/em><\/div>\n<p><strong>3- Suoni e colori in Toscana<\/strong><br \/>\nDal 27 agosto al 10 settembre nei comuni di\u00a0<strong>Rignano sull&#8217;Arno<\/strong>\u00a0e <strong>Reggello<\/strong> arriva la 33esima edizione del festival <a href=\"https:\/\/www.intoscana.it\/it\/articolo\/al-via-il-27-agosto-la-33esima-edizione-del-festival-suoni-e-colori-in-toscana\/\" target=\"_blank\" rel=\"noopener\"><strong>&#8220;Suoni e colori in Toscana&#8221;<\/strong><\/a>. Tra i concerti in calendario <em><strong>&#8220;Pasolini Suite&#8221;<\/strong><\/em> con il contrabbassista <strong>Michelangelo Scandroglio<\/strong>,\u00a0<b><i>BiVio\u00a0<\/i><\/b>nato dalla collaborazione tra <strong>Natalia Bacalov e Martin Sevrin<\/strong>, le arei d&#8217;opera con il Maggio Musicale Fiorentino, la musica del <strong>Duo Baldo<\/strong>\u00a0cio\u00e8\u00a0<strong>Brad Repp<\/strong> al violino e <strong>Aldo Gentileschi<\/strong> al pianoforte\u00a0e il concerto del pianista <a href=\"https:\/\/www.intoscana.it\/it\/podcast\/dai-litfiba-al-disco-solista-il-debutto-del-pianista-federico-sagona\/\" target=\"_blank\" rel=\"noopener\"><strong>Federico Sagona.<\/strong><\/a><\/p>\n<p><strong>4- Settembre Prato \u00e8 Spettacolo<\/strong><br \/>\nTorna anche quest&#8217;anno il <a href=\"https:\/\/www.intoscana.it\/it\/articolo\/settembre-prato-spettacolo-2022-concerti\/\" target=\"_blank\" rel=\"noopener\"><strong>Settembre Prato \u00e8 Spettacolo<\/strong><\/a>. Sul palco saliranno: il rapper <strong>Gemitaiz<\/strong> il 27 agosto, <strong>Margherita Vicario<\/strong> il 28 agosto, gli <strong>Hardcore Superstar<\/strong> il 29 agosto, <strong>Valerio Lundini e i Vazzanikki<\/strong> il 30 agosto, mentre il 2 settembre si esibir\u00e0 <strong>Sangiovanni<\/strong> la nuova popstar della musica italiana, il 4 settembre <strong>Achille Lauro Superstar, <\/strong>il 5 settembre <strong>Vasco Brondi <\/strong>e il 6 settembre a Villa Guicciardini la mitica<strong> Loredana\u00a0<\/strong><b>Bert\u00e8.<\/b><\/p>\n<figure id=\"post-181940 media-181940\" class=\"align-none\"><img decoding=\"async\" src=\"https:\/\/www.intoscana.it\/wp-content\/uploads\/MargheritaVicarioMattiaGuolo-009-MargheritaVicario-Tango-00530_31Luglio_SanMiniato_MusicastraFestival2021-scaled.jpg\" alt=\"\" \/><\/figure>\n<div class=\"titleimg\"><em>Margherita Vicario, foto di Mattia Guolo<\/em><\/div>\n<p><strong>5- Live Rock Festival ad Acquaviva<\/strong><br \/>\nStar internazionali per il <a href=\"https:\/\/www.intoscana.it\/it\/articolo\/live-rock-festival-acquaviva-2022\/\" target=\"_blank\" rel=\"noopener\"><strong>Live Rock Festival a Acquaviva<\/strong><\/a>. Dal 7 all&#8217;11 settembre a due passi da Montepulciano (Siena) in concerto <strong>La Femme, Iceage, Fine Before You Came, Lorenzo Senni, Wu-lu, Romare, Giancane, Nuha Ruby Ra, Melancholia, Eemmanuelle, Big Mama, Studio Murena e Elephant Brain.<\/strong>\u00a0<b><\/b>Tutto a ingresso gratuito.<\/p>\n<p><strong>6- Summer Knights a Pisa<\/strong><br \/>\n<a href=\"https:\/\/www.intoscana.it\/it\/articolo\/summer-knights-2022-a-pisa-in-concerto-elisa-achille-lauro-ariete-francesco-gabbani\/\" target=\"_blank\" rel=\"noopener\"><strong>Summer Knights 2022<\/strong><\/a> a Pisa: in concerto <strong>Elisa, Achille Lauro, <a href=\"https:\/\/www.intoscana.it\/it\/articolo\/francesco-gabbani-tour-concerti\/\" target=\"_blank\" rel=\"noopener\">Francesco Gabbani<\/a> e Ariete.<\/strong> Pantheon di stelle italiane per il settembre pisano, gli artisti si esibiranno, dall\u20198 al 17 settembre, in piazza dei Cavalieri.<\/p>\n<figure id=\"post-220941 media-220941\" class=\"align-none\"><img decoding=\"async\" src=\"https:\/\/www.intoscana.it\/wp-content\/uploads\/Elisa-scaled.jpg\" alt=\"\" \/><\/figure>\n<div class=\"titleimg\"><em>Elisa<\/em><\/div>\n<p><strong>7- Decibel Open Air a Firenze<\/strong><br \/>\nA settembre Firenze si trasforma nel tempio della musica elettronica con il <a href=\"https:\/\/www.intoscana.it\/it\/articolo\/decibel-firenze-2022\/\" target=\"_blank\" rel=\"noopener\"><strong>Decibel Open Air.<\/strong><\/a> Il 10 e 11 settembre saliranno sul palco del festival fiorentino artisti di livello mondiale come: <strong>Paul Kalkbrenner, Caribou e Cosmo.<\/strong><\/p>\n<p><strong>8-\u00a0Firenze Jazz Festival<\/strong><br \/>\nDall&#8217;8 al 10 e dal 14 al 18 settembre si tiene il <a href=\"https:\/\/www.intoscana.it\/it\/articolo\/firenze-jazz-festival-2022\/\" target=\"_blank\" rel=\"noopener\"><strong>Firenze Jazz Festival<\/strong><\/a>.\u00a0Oltre 40 concerti in 9 location diverse. Le migliori proposte del jazz nazionale e internazionale per una grande festa musicale che coinvolger\u00e0 l&#8217;intera citt\u00e0. Tra i primi nomi gi\u00e0 confermati: <strong>Antonello Salis, Hamid Drake &amp; Pasquale Mirra Duo, Lucy Woodward Quartet, \u00a0Daddy G, Barbara Casini, Francesco Maccianti \/ Cocco Cantini 4t, Ghost Horse, Joan Thiele, Mop Mop, Roberto Ottaviano Eternal Love, Rosa Brunello.<\/strong><\/p>\n<figure id=\"post-243579 media-243579\" class=\"align-none\"><img decoding=\"async\" src=\"https:\/\/www.intoscana.it\/wp-content\/uploads\/Daddy_G.jpg\" alt=\"\" \/><\/figure>\n<div class=\"titleimg\"><em>Daddy G<\/em><\/div>\n<p><strong>9-Genius Loci a Firenze<\/strong><br \/>\nA Firenze cinque serate di musica e cultura in Santa Croce con <a href=\"https:\/\/www.intoscana.it\/it\/articolo\/genius-loci-firenze-2022\/\" target=\"_blank\" rel=\"noopener\"><strong>\u201cGenius Loci\u201d.<\/strong><\/a> Dal 20 al 24 settembre nel complesso monumentale di Santa Croce a Firenze arte, cultura e musica, ospiti: <strong>Angelo Branduardi, Markus Stockhausen, <a href=\"https:\/\/www.intoscana.it\/it\/articolo\/viaggio-indietro-nel-tempo-con-la-musica-di-petra-magoni-e-ilaria-fantin\/\" target=\"_blank\" rel=\"noopener\">Petra Magoni<\/a> e Wim Mertens.<\/strong><\/p>\n<p><strong>10-I poeti del piano solo a Firenze<\/strong><br \/>\n&#8220;I poeti del piano solo&#8221; \u00e8 un festival totalmente dedicato al recital di piano solo che quest&#8217;anno tocca tre location diverse.\u00a0 Apertura il 28 settembre in Sala Vanni con <strong>Enrico Pieranunzi<\/strong>, il 29 secondo appuntamento con <strong>Tania Giannouli<\/strong> al Museo dell&#8217;Opera del Duomo di Firenze, chiusura il 30 settembre al Teatro Puccini con la star <strong>Tigran Hamasyan<\/strong>, evento speciale per i 50 anni di vita del <strong>Musicus Concentus.<\/strong><\/p>\n<figure id=\"post-97153 media-97153\" class=\"align-none\"><img decoding=\"async\" src=\"https:\/\/www.intoscana.it\/wp-content\/uploads\/cosmo.jpg\" alt=\"\" \/><\/figure>\n<div class=\"titleimg\"><\/div>\n<div class=\"titleimg\"><\/div>\n","protected":false},"excerpt":{"rendered":"<p>Da agosto a settembre in Toscana concerti con star internazionali e il meglio degli artisti italiani per chiudere la stagione pi\u00f9 calda dell&#8217;anno<\/p>\n","protected":false},"author":518,"featured_media":141728,"comment_status":"open","ping_status":"open","sticky":false,"template":"","format":"standard","meta":{"_acf_changed":false,"footnotes":""},"categories":[14],"tags":[216,4474,228],"class_list":["post-243817","post","type-post","status-publish","format-standard","has-post-thumbnail","hentry","category-musica","tag-concerti","tag-eventi","tag-festival"],"acf":[],"yoast_head":"<!-- This site is optimized with the Yoast SEO Premium plugin v24.2 (Yoast SEO v25.6) - https:\/\/yoast.com\/wordpress\/plugins\/seo\/ -->\n<title>Un&#039;estate senza fine: dieci festival di musica in Toscana a settembre - intoscana<\/title>\n<meta name=\"description\" content=\"Da agosto a settembre in Toscana concerti con star internazionali e il meglio degli artisti italiani per chiudere la stagione pi\u00f9 calda\" \/>\n<meta name=\"robots\" content=\"index, follow, max-snippet:-1, max-image-preview:large, max-video-preview:-1\" \/>\n<link rel=\"canonical\" href=\"https:\/\/www.intoscana.it\/it\/festival-concerti-in-toscana-settembre-2022\/\" \/>\n<meta property=\"og:locale\" content=\"it_IT\" \/>\n<meta property=\"og:type\" content=\"article\" \/>\n<meta property=\"og:title\" content=\"Un&#039;estate senza fine: dieci festival di musica in Toscana a settembre\" \/>\n<meta property=\"og:description\" content=\"Da agosto a settembre in Toscana concerti con star internazionali e il meglio degli artisti italiani per chiudere la stagione pi\u00f9 calda\" \/>\n<meta property=\"og:url\" content=\"https:\/\/www.intoscana.it\/it\/festival-concerti-in-toscana-settembre-2022\/\" \/>\n<meta property=\"og:site_name\" content=\"intoscana\" \/>\n<meta property=\"article:publisher\" content=\"https:\/\/www.facebook.com\/intoscana.it\" \/>\n<meta property=\"article:published_time\" content=\"2022-08-24T08:50:49+00:00\" \/>\n<meta property=\"article:modified_time\" content=\"2022-08-26T08:34:13+00:00\" \/>\n<meta property=\"og:image\" content=\"https:\/\/www.intoscana.it\/wp-content\/uploads\/concerto-mannarino-1.jpg\" \/>\n\t<meta property=\"og:image:width\" content=\"768\" \/>\n\t<meta property=\"og:image:height\" content=\"511\" \/>\n\t<meta property=\"og:image:type\" content=\"image\/jpeg\" \/>\n<meta name=\"author\" content=\"Costanza Baldini\" \/>\n<meta name=\"twitter:card\" content=\"summary_large_image\" \/>\n<meta name=\"twitter:creator\" content=\"@intoscana\" \/>\n<meta name=\"twitter:site\" content=\"@intoscana\" \/>\n<meta name=\"twitter:label1\" content=\"Written by\" \/>\n\t<meta name=\"twitter:data1\" content=\"Costanza Baldini\" \/>\n\t<meta name=\"twitter:label2\" content=\"Est. reading time\" \/>\n\t<meta name=\"twitter:data2\" content=\"3 minuti\" \/>\n<script type=\"application\/ld+json\" class=\"yoast-schema-graph\">{\"@context\":\"https:\/\/schema.org\",\"@graph\":[{\"@type\":\"WebPage\",\"@id\":\"https:\/\/www.intoscana.it\/it\/festival-concerti-in-toscana-settembre-2022\/\",\"url\":\"https:\/\/www.intoscana.it\/it\/festival-concerti-in-toscana-settembre-2022\/\",\"name\":\"Un'estate senza fine: dieci festival di musica in Toscana a settembre - intoscana\",\"isPartOf\":{\"@id\":\"https:\/\/www.intoscana.it\/it\/#website\"},\"primaryImageOfPage\":{\"@id\":\"https:\/\/www.intoscana.it\/it\/festival-concerti-in-toscana-settembre-2022\/#primaryimage\"},\"image\":{\"@id\":\"https:\/\/www.intoscana.it\/it\/festival-concerti-in-toscana-settembre-2022\/#primaryimage\"},\"thumbnailUrl\":\"https:\/\/www.intoscana.it\/wp-content\/uploads\/concerto-mannarino-1.jpg\",\"datePublished\":\"2022-08-24T08:50:49+00:00\",\"dateModified\":\"2022-08-26T08:34:13+00:00\",\"author\":{\"@id\":\"https:\/\/www.intoscana.it\/it\/#\/schema\/person\/d469f35f09739bdf00bf5dd3f0647a82\"},\"description\":\"Da agosto a settembre in Toscana concerti con star internazionali e il meglio degli artisti italiani per chiudere la stagione pi\u00f9 calda\",\"breadcrumb\":{\"@id\":\"https:\/\/www.intoscana.it\/it\/festival-concerti-in-toscana-settembre-2022\/#breadcrumb\"},\"inLanguage\":\"it-IT\",\"potentialAction\":[{\"@type\":\"ReadAction\",\"target\":[\"https:\/\/www.intoscana.it\/it\/festival-concerti-in-toscana-settembre-2022\/\"]}]},{\"@type\":\"ImageObject\",\"inLanguage\":\"it-IT\",\"@id\":\"https:\/\/www.intoscana.it\/it\/festival-concerti-in-toscana-settembre-2022\/#primaryimage\",\"url\":\"https:\/\/www.intoscana.it\/wp-content\/uploads\/concerto-mannarino-1.jpg\",\"contentUrl\":\"https:\/\/www.intoscana.it\/wp-content\/uploads\/concerto-mannarino-1.jpg\",\"width\":768,\"height\":511},{\"@type\":\"BreadcrumbList\",\"@id\":\"https:\/\/www.intoscana.it\/it\/festival-concerti-in-toscana-settembre-2022\/#breadcrumb\",\"itemListElement\":[{\"@type\":\"ListItem\",\"position\":1,\"name\":\"Home\",\"item\":\"https:\/\/www.intoscana.it\/it\/\"},{\"@type\":\"ListItem\",\"position\":2,\"name\":\"Un&#8217;estate senza fine: dieci festival di musica in Toscana a settembre\"}]},{\"@type\":\"WebSite\",\"@id\":\"https:\/\/www.intoscana.it\/it\/#website\",\"url\":\"https:\/\/www.intoscana.it\/it\/\",\"name\":\"intoscana\",\"description\":\"\",\"potentialAction\":[{\"@type\":\"SearchAction\",\"target\":{\"@type\":\"EntryPoint\",\"urlTemplate\":\"https:\/\/www.intoscana.it\/it\/?s={search_term_string}\"},\"query-input\":{\"@type\":\"PropertyValueSpecification\",\"valueRequired\":true,\"valueName\":\"search_term_string\"}}],\"inLanguage\":\"it-IT\"},{\"@type\":\"Person\",\"@id\":\"https:\/\/www.intoscana.it\/it\/#\/schema\/person\/d469f35f09739bdf00bf5dd3f0647a82\",\"name\":\"Costanza Baldini\",\"url\":\"https:\/\/www.intoscana.it\/it\/author\/costanza-baldini\/\"}]}<\/script>\n<!-- \/ Yoast SEO Premium plugin. -->","yoast_head_json":{"title":"Un'estate senza fine: dieci festival di musica in Toscana a settembre - intoscana","description":"Da agosto a settembre in Toscana concerti con star internazionali e il meglio degli artisti italiani per chiudere la stagione pi\u00f9 calda","robots":{"index":"index","follow":"follow","max-snippet":"max-snippet:-1","max-image-preview":"max-image-preview:large","max-video-preview":"max-video-preview:-1"},"canonical":"https:\/\/www.intoscana.it\/it\/festival-concerti-in-toscana-settembre-2022\/","og_locale":"it_IT","og_type":"article","og_title":"Un'estate senza fine: dieci festival di musica in Toscana a settembre","og_description":"Da agosto a settembre in Toscana concerti con star internazionali e il meglio degli artisti italiani per chiudere la stagione pi\u00f9 calda","og_url":"https:\/\/www.intoscana.it\/it\/festival-concerti-in-toscana-settembre-2022\/","og_site_name":"intoscana","article_publisher":"https:\/\/www.facebook.com\/intoscana.it","article_published_time":"2022-08-24T08:50:49+00:00","article_modified_time":"2022-08-26T08:34:13+00:00","og_image":[{"width":768,"height":511,"url":"https:\/\/www.intoscana.it\/wp-content\/uploads\/concerto-mannarino-1.jpg","type":"image\/jpeg"}],"author":"Costanza Baldini","twitter_card":"summary_large_image","twitter_creator":"@intoscana","twitter_site":"@intoscana","twitter_misc":{"Written by":"Costanza Baldini","Est. reading time":"3 minuti"},"schema":{"@context":"https:\/\/schema.org","@graph":[{"@type":"WebPage","@id":"https:\/\/www.intoscana.it\/it\/festival-concerti-in-toscana-settembre-2022\/","url":"https:\/\/www.intoscana.it\/it\/festival-concerti-in-toscana-settembre-2022\/","name":"Un'estate senza fine: dieci festival di musica in Toscana a settembre - intoscana","isPartOf":{"@id":"https:\/\/www.intoscana.it\/it\/#website"},"primaryImageOfPage":{"@id":"https:\/\/www.intoscana.it\/it\/festival-concerti-in-toscana-settembre-2022\/#primaryimage"},"image":{"@id":"https:\/\/www.intoscana.it\/it\/festival-concerti-in-toscana-settembre-2022\/#primaryimage"},"thumbnailUrl":"https:\/\/www.intoscana.it\/wp-content\/uploads\/concerto-mannarino-1.jpg","datePublished":"2022-08-24T08:50:49+00:00","dateModified":"2022-08-26T08:34:13+00:00","author":{"@id":"https:\/\/www.intoscana.it\/it\/#\/schema\/person\/d469f35f09739bdf00bf5dd3f0647a82"},"description":"Da agosto a settembre in Toscana concerti con star internazionali e il meglio degli artisti italiani per chiudere la stagione pi\u00f9 calda","breadcrumb":{"@id":"https:\/\/www.intoscana.it\/it\/festival-concerti-in-toscana-settembre-2022\/#breadcrumb"},"inLanguage":"it-IT","potentialAction":[{"@type":"ReadAction","target":["https:\/\/www.intoscana.it\/it\/festival-concerti-in-toscana-settembre-2022\/"]}]},{"@type":"ImageObject","inLanguage":"it-IT","@id":"https:\/\/www.intoscana.it\/it\/festival-concerti-in-toscana-settembre-2022\/#primaryimage","url":"https:\/\/www.intoscana.it\/wp-content\/uploads\/concerto-mannarino-1.jpg","contentUrl":"https:\/\/www.intoscana.it\/wp-content\/uploads\/concerto-mannarino-1.jpg","width":768,"height":511},{"@type":"BreadcrumbList","@id":"https:\/\/www.intoscana.it\/it\/festival-concerti-in-toscana-settembre-2022\/#breadcrumb","itemListElement":[{"@type":"ListItem","position":1,"name":"Home","item":"https:\/\/www.intoscana.it\/it\/"},{"@type":"ListItem","position":2,"name":"Un&#8217;estate senza fine: dieci festival di musica in Toscana a settembre"}]},{"@type":"WebSite","@id":"https:\/\/www.intoscana.it\/it\/#website","url":"https:\/\/www.intoscana.it\/it\/","name":"intoscana","description":"","potentialAction":[{"@type":"SearchAction","target":{"@type":"EntryPoint","urlTemplate":"https:\/\/www.intoscana.it\/it\/?s={search_term_string}"},"query-input":{"@type":"PropertyValueSpecification","valueRequired":true,"valueName":"search_term_string"}}],"inLanguage":"it-IT"},{"@type":"Person","@id":"https:\/\/www.intoscana.it\/it\/#\/schema\/person\/d469f35f09739bdf00bf5dd3f0647a82","name":"Costanza Baldini","url":"https:\/\/www.intoscana.it\/it\/author\/costanza-baldini\/"}]}},"_links":{"self":[{"href":"https:\/\/www.intoscana.it\/it\/wp-json\/wp\/v2\/posts\/243817","targetHints":{"allow":["GET"]}}],"collection":[{"href":"https:\/\/www.intoscana.it\/it\/wp-json\/wp\/v2\/posts"}],"about":[{"href":"https:\/\/www.intoscana.it\/it\/wp-json\/wp\/v2\/types\/post"}],"author":[{"embeddable":true,"href":"https:\/\/www.intoscana.it\/it\/wp-json\/wp\/v2\/users\/518"}],"replies":[{"embeddable":true,"href":"https:\/\/www.intoscana.it\/it\/wp-json\/wp\/v2\/comments?post=243817"}],"version-history":[{"count":0,"href":"https:\/\/www.intoscana.it\/it\/wp-json\/wp\/v2\/posts\/243817\/revisions"}],"wp:featuredmedia":[{"embeddable":true,"href":"https:\/\/www.intoscana.it\/it\/wp-json\/wp\/v2\/media\/141728"}],"wp:attachment":[{"href":"https:\/\/www.intoscana.it\/it\/wp-json\/wp\/v2\/media?parent=243817"}],"wp:term":[{"taxonomy":"category","embeddable":true,"href":"https:\/\/www.intoscana.it\/it\/wp-json\/wp\/v2\/categories?post=243817"},{"taxonomy":"post_tag","embeddable":true,"href":"https:\/\/www.intoscana.it\/it\/wp-json\/wp\/v2\/tags?post=243817"}],"curies":[{"name":"wp","href":"https:\/\/api.w.org\/{rel}","templated":true}]}}