{"id":243844,"date":"2022-08-24T10:29:16","date_gmt":"2022-08-24T08:29:16","guid":{"rendered":"https:\/\/www.intoscana.it\/it\/?p=243844"},"modified":"2022-08-24T11:40:13","modified_gmt":"2022-08-24T09:40:13","slug":"suoni-e-colori-in-toscana-concerti-2022","status":"publish","type":"post","link":"https:\/\/www.intoscana.it\/it\/suoni-e-colori-in-toscana-concerti-2022\/","title":{"rendered":"Al via il 27 agosto la 33esima edizione del festival &#8220;Suoni e Colori in Toscana&#8221;"},"content":{"rendered":"<p>Con le sue trentatr\u00e9 edizioni, il <strong>Festival Suoni e Colori in Toscana<\/strong> \u00e8 uno dei pi\u00f9 longevi della Toscana.<\/p>\n<p>La nuova edizione, che prender\u00e0 il via<strong> sabato 27 agosto<\/strong>, si svolger\u00e0 in diverse location nel comune di <strong>Rignano sull\u2019Arno<\/strong> e in quello di <strong>Reggello<\/strong> ripetendo la formula che lo ha contraddistinto in tutti questi anni, quello di festival itinerante pronto a fondere le location suggestive del territorio con delle proposte artistiche di altissimo valore.<\/p>\n<p>Gli spettacoli si svolgeranno in <strong>sette location diverse<\/strong>: <strong>ville, castelli, pievi,<\/strong> luoghi suggestivi del territorio,<strong> spazi non abitualmente dedicati ad eventi artistici,\u00a0<\/strong>dalla <strong>Pieve millenaria di San Leolino<\/strong> a quella di <strong>San Pietro in Perticaia, a Villa Pitiana<\/strong>.<\/p>\n<p>La direzione artistica di<strong> Fabrizio Checcacci\u00a0<\/strong>punta quest\u2019anno pi\u00f9 che mai sulla<strong> qualit\u00e0 delle proposte,<\/strong> creando cos\u00ec un <strong>cartellone con 8 appuntamenti<\/strong>\u00a0<strong>dal 27 agosto al 10 settembre,<\/strong> incentrato sulla <strong>contaminazione tra teatro e musica<\/strong> in tutte le sue sfaccettature, <strong>dalla letteratura al jazz, dall\u2019opera al musical,<\/strong> che regaler\u00e0 al pubblico del festival delle autentiche sorprese.<\/p>\n<p><em> \u201cNel redigere il programma di quest\u2019anno &#8211; <\/em><strong>ha dichiarato il direttore artistico Fabrizio Checcacci &#8211;<\/strong><em> si \u00e8 cercato di creare un ponte tra passato e presente, andando a proporre degli spettacoli che avessero nel loro DNA la contaminazione e la rielaborazione tra i vari linguaggi dello spettacolo. Quello che ne \u00e8 uscito fuori \u00e8 un cartellone vario e unitario allo stesso tempo, dove la musica \u00e8 in scena in modi assolutamente non convenzionali. Ne siamo particolarmente orgogliosi.\u201d<\/em><\/p>\n<h3>Il programma degli spettacoli<\/h3>\n<p>Il festival si apre con la <em><strong>Pasolini Suite<\/strong><\/em>, lettura in jazz per attore, contrabbasso e chitarra in occasione dei cento anni dalla nascita di Pier Paolo Pasolini, con <strong>Michelangelo Scandroglio al contrabbasso<\/strong>, uno dei principali talenti del panorama jazz europeo.<\/p>\n<p>Anche quest\u2019anno \u00e8 rinnovata la collaborazione con il <a href=\"https:\/\/www.intoscana.it\/it\/articolo\/il-maggio-musicale-fiorentino-riparte-con-10-opere-liriche-25-concerti-sinfonici-e-due-festival-satelliti\/\" target=\"_blank\" rel=\"noopener\"><strong>Maggio Musicale Fiorentino<\/strong><\/a> con due appuntamenti, un <strong>concerto di arie d\u2019opera<\/strong> e <em><strong>\u201cLa stagione dei fiori\u201d<\/strong><\/em>, una riduzione in chiave minimalista de \u201cLa Boheme\u201d per due voci e due attori, un\u2019opera lirica mescolata con la prosa, che diverte, coinvolge e commuove.<\/p>\n<p>Il teatro musicale sar\u00e0 poi protagonista in altri due appuntamenti, la storia del <strong>Trio Lescano<\/strong> raccontata in<em><strong> Sorellamen<\/strong><\/em> e l\u2019anteprima assoluta di<em><strong> \u201c5 anni\u201d,<\/strong><\/em> un musical che ha debuttato a Broadway nel 2002, ha vinto il Drama Desk Award, \u00e8 diventato un film nel 2014 ed oggi vede una rinnovata versione in italiano.<\/p>\n<p>Un altro spettacolo che unisce<strong> musica e teatro, virtuosismo e divertimento sfrenato<\/strong> \u00e8 quello del<strong> Duo Baldo<\/strong>, ovvero <strong>Aldo Gentileschi e Brad Repp<\/strong>, uno straordinario violinista e un funambolico pianista per un concerto fuori dall&#8217;ordinario, che ci insegna a ridere con la musica classica.<\/p>\n<p>Autentico fiore all\u2019occhiello di questa edizione \u00e8 il concerto di<strong> biVio,<\/strong> progetto musicale nato dalla collaborazione tra <strong>Natalia Bacalov<\/strong> (figlia del grande compositore Luis Bacalov, premio Oscar per la colonna Sonora de \u201cIl Postino) e <strong>Martin Sevrin<\/strong>, tra folk e musica classica. Il duo \u00e8 reduce dalla partecipazione allo Sziget Festival di Budapest.<\/p>\n<p>Conclude il festival <strong>il concerto per piano solo di <a href=\"https:\/\/www.intoscana.it\/it\/podcast\/dai-litfiba-al-disco-solista-il-debutto-del-pianista-federico-sagona\/\" target=\"_blank\" rel=\"noopener\">Federico Sagona<\/a>,<\/strong> pianista per lungo tempo prestato al rock (<strong>Litfiba<\/strong>) e al pop (<strong>Noemi, Gianni Morandi<\/strong>) e che torna al suo amore primigenio, quello per gli ottantotto tasti, tra <strong>Sakamoto e Burt Bacharach.<\/strong><\/p>\n<figure id=\"post-243849 media-243849\" class=\"align-none\"><img decoding=\"async\" src=\"https:\/\/www.intoscana.it\/wp-content\/uploads\/300006920_1711090255924818_670909921712187_n.jpg\" alt=\"\" \/><\/figure>\n<div class=\"titleimg\"><em>Suoni e colori in Toscana<\/em><\/div>\n<p><strong>Ingresso: 12\u20ac comprensivo di cena a buffet. 10\u20ac riduzioni per over 65<\/strong><br \/>\n<strong>Gli spettacoli del 4 settembre (Arie d\u2019Opera) e del 6 settembre (La stagione dei fiori) sono ad ingresso libero<\/strong><br \/>\n<strong>Prevendite su www.ticketone.it<\/strong><br \/>\n<strong>Info: contatti@macchinadelsuono.it<\/strong><br \/>\n<strong>Prenotazioni: prenotazioni@macchinadelsuono.it<\/strong><\/p>\n","protected":false},"excerpt":{"rendered":"<p>Dal 27 agosto al 10 settembre torna uno dei festival pi\u00f9 longevi della toscana con proposte che prediligono la contaminazione tra musica e teatro<\/p>\n","protected":false},"author":525,"featured_media":243852,"comment_status":"open","ping_status":"open","sticky":false,"template":"","format":"standard","meta":{"_acf_changed":false,"footnotes":""},"categories":[14],"tags":[216,235,399,4474,228],"class_list":["post-243844","post","type-post","status-publish","format-standard","has-post-thumbnail","hentry","category-musica","tag-concerti","tag-estate","tag-estate-in-toscana","tag-eventi","tag-festival"],"acf":[],"yoast_head":"<!-- This site is optimized with the Yoast SEO Premium plugin v24.2 (Yoast SEO v25.6) - https:\/\/yoast.com\/wordpress\/plugins\/seo\/ -->\n<title>Al via il 27 agosto la 33esima edizione del festival &quot;Suoni e Colori in Toscana&quot; - intoscana<\/title>\n<meta name=\"description\" content=\"Dal 27 agosto al 10 settembre torna uno dei festival pi\u00f9 longevi della toscana con proposte di contaminazione tra musica e teatro\" \/>\n<meta name=\"robots\" content=\"index, follow, max-snippet:-1, max-image-preview:large, max-video-preview:-1\" \/>\n<link rel=\"canonical\" href=\"https:\/\/www.intoscana.it\/it\/suoni-e-colori-in-toscana-concerti-2022\/\" \/>\n<meta property=\"og:locale\" content=\"it_IT\" \/>\n<meta property=\"og:type\" content=\"article\" \/>\n<meta property=\"og:title\" content=\"Al via il 27 agosto la 33esima edizione del festival &quot;Suoni e Colori in Toscana&quot;\" \/>\n<meta property=\"og:description\" content=\"Dal 27 agosto al 10 settembre torna uno dei festival pi\u00f9 longevi della toscana con proposte di contaminazione tra musica e teatro\" \/>\n<meta property=\"og:url\" content=\"https:\/\/www.intoscana.it\/it\/suoni-e-colori-in-toscana-concerti-2022\/\" \/>\n<meta property=\"og:site_name\" content=\"intoscana\" \/>\n<meta property=\"article:publisher\" content=\"https:\/\/www.facebook.com\/intoscana.it\" \/>\n<meta property=\"article:published_time\" content=\"2022-08-24T08:29:16+00:00\" \/>\n<meta property=\"article:modified_time\" content=\"2022-08-24T09:40:13+00:00\" \/>\n<meta property=\"og:image\" content=\"https:\/\/www.intoscana.it\/wp-content\/uploads\/Federico-Sagona-Linizio.jpg\" \/>\n\t<meta property=\"og:image:width\" content=\"1400\" \/>\n\t<meta property=\"og:image:height\" content=\"788\" \/>\n\t<meta property=\"og:image:type\" content=\"image\/jpeg\" \/>\n<meta name=\"author\" content=\"Redazione\" \/>\n<meta name=\"twitter:card\" content=\"summary_large_image\" \/>\n<meta name=\"twitter:creator\" content=\"@intoscana\" \/>\n<meta name=\"twitter:site\" content=\"@intoscana\" \/>\n<meta name=\"twitter:label1\" content=\"Written by\" \/>\n\t<meta name=\"twitter:data1\" content=\"Redazione\" \/>\n\t<meta name=\"twitter:label2\" content=\"Est. reading time\" \/>\n\t<meta name=\"twitter:data2\" content=\"3 minuti\" \/>\n<script type=\"application\/ld+json\" class=\"yoast-schema-graph\">{\"@context\":\"https:\/\/schema.org\",\"@graph\":[{\"@type\":\"WebPage\",\"@id\":\"https:\/\/www.intoscana.it\/it\/suoni-e-colori-in-toscana-concerti-2022\/\",\"url\":\"https:\/\/www.intoscana.it\/it\/suoni-e-colori-in-toscana-concerti-2022\/\",\"name\":\"Al via il 27 agosto la 33esima edizione del festival \\\"Suoni e Colori in Toscana\\\" - intoscana\",\"isPartOf\":{\"@id\":\"https:\/\/www.intoscana.it\/it\/#website\"},\"primaryImageOfPage\":{\"@id\":\"https:\/\/www.intoscana.it\/it\/suoni-e-colori-in-toscana-concerti-2022\/#primaryimage\"},\"image\":{\"@id\":\"https:\/\/www.intoscana.it\/it\/suoni-e-colori-in-toscana-concerti-2022\/#primaryimage\"},\"thumbnailUrl\":\"https:\/\/www.intoscana.it\/wp-content\/uploads\/Federico-Sagona-Linizio.jpg\",\"datePublished\":\"2022-08-24T08:29:16+00:00\",\"dateModified\":\"2022-08-24T09:40:13+00:00\",\"author\":{\"@id\":\"https:\/\/www.intoscana.it\/it\/#\/schema\/person\/9223810753230f20bd670fdd322661f8\"},\"description\":\"Dal 27 agosto al 10 settembre torna uno dei festival pi\u00f9 longevi della toscana con proposte di contaminazione tra musica e teatro\",\"breadcrumb\":{\"@id\":\"https:\/\/www.intoscana.it\/it\/suoni-e-colori-in-toscana-concerti-2022\/#breadcrumb\"},\"inLanguage\":\"it-IT\",\"potentialAction\":[{\"@type\":\"ReadAction\",\"target\":[\"https:\/\/www.intoscana.it\/it\/suoni-e-colori-in-toscana-concerti-2022\/\"]}]},{\"@type\":\"ImageObject\",\"inLanguage\":\"it-IT\",\"@id\":\"https:\/\/www.intoscana.it\/it\/suoni-e-colori-in-toscana-concerti-2022\/#primaryimage\",\"url\":\"https:\/\/www.intoscana.it\/wp-content\/uploads\/Federico-Sagona-Linizio.jpg\",\"contentUrl\":\"https:\/\/www.intoscana.it\/wp-content\/uploads\/Federico-Sagona-Linizio.jpg\",\"width\":1400,\"height\":788,\"caption\":\"Federico Sagona\"},{\"@type\":\"BreadcrumbList\",\"@id\":\"https:\/\/www.intoscana.it\/it\/suoni-e-colori-in-toscana-concerti-2022\/#breadcrumb\",\"itemListElement\":[{\"@type\":\"ListItem\",\"position\":1,\"name\":\"Home\",\"item\":\"https:\/\/www.intoscana.it\/it\/\"},{\"@type\":\"ListItem\",\"position\":2,\"name\":\"Al via il 27 agosto la 33esima edizione del festival &#8220;Suoni e Colori in Toscana&#8221;\"}]},{\"@type\":\"WebSite\",\"@id\":\"https:\/\/www.intoscana.it\/it\/#website\",\"url\":\"https:\/\/www.intoscana.it\/it\/\",\"name\":\"intoscana\",\"description\":\"\",\"potentialAction\":[{\"@type\":\"SearchAction\",\"target\":{\"@type\":\"EntryPoint\",\"urlTemplate\":\"https:\/\/www.intoscana.it\/it\/?s={search_term_string}\"},\"query-input\":{\"@type\":\"PropertyValueSpecification\",\"valueRequired\":true,\"valueName\":\"search_term_string\"}}],\"inLanguage\":\"it-IT\"},{\"@type\":\"Person\",\"@id\":\"https:\/\/www.intoscana.it\/it\/#\/schema\/person\/9223810753230f20bd670fdd322661f8\",\"name\":\"Redazione\",\"url\":\"https:\/\/www.intoscana.it\/it\/author\/redazione\/\"}]}<\/script>\n<!-- \/ Yoast SEO Premium plugin. -->","yoast_head_json":{"title":"Al via il 27 agosto la 33esima edizione del festival \"Suoni e Colori in Toscana\" - intoscana","description":"Dal 27 agosto al 10 settembre torna uno dei festival pi\u00f9 longevi della toscana con proposte di contaminazione tra musica e teatro","robots":{"index":"index","follow":"follow","max-snippet":"max-snippet:-1","max-image-preview":"max-image-preview:large","max-video-preview":"max-video-preview:-1"},"canonical":"https:\/\/www.intoscana.it\/it\/suoni-e-colori-in-toscana-concerti-2022\/","og_locale":"it_IT","og_type":"article","og_title":"Al via il 27 agosto la 33esima edizione del festival \"Suoni e Colori in Toscana\"","og_description":"Dal 27 agosto al 10 settembre torna uno dei festival pi\u00f9 longevi della toscana con proposte di contaminazione tra musica e teatro","og_url":"https:\/\/www.intoscana.it\/it\/suoni-e-colori-in-toscana-concerti-2022\/","og_site_name":"intoscana","article_publisher":"https:\/\/www.facebook.com\/intoscana.it","article_published_time":"2022-08-24T08:29:16+00:00","article_modified_time":"2022-08-24T09:40:13+00:00","og_image":[{"width":1400,"height":788,"url":"https:\/\/www.intoscana.it\/wp-content\/uploads\/Federico-Sagona-Linizio.jpg","type":"image\/jpeg"}],"author":"Redazione","twitter_card":"summary_large_image","twitter_creator":"@intoscana","twitter_site":"@intoscana","twitter_misc":{"Written by":"Redazione","Est. reading time":"3 minuti"},"schema":{"@context":"https:\/\/schema.org","@graph":[{"@type":"WebPage","@id":"https:\/\/www.intoscana.it\/it\/suoni-e-colori-in-toscana-concerti-2022\/","url":"https:\/\/www.intoscana.it\/it\/suoni-e-colori-in-toscana-concerti-2022\/","name":"Al via il 27 agosto la 33esima edizione del festival \"Suoni e Colori in Toscana\" - intoscana","isPartOf":{"@id":"https:\/\/www.intoscana.it\/it\/#website"},"primaryImageOfPage":{"@id":"https:\/\/www.intoscana.it\/it\/suoni-e-colori-in-toscana-concerti-2022\/#primaryimage"},"image":{"@id":"https:\/\/www.intoscana.it\/it\/suoni-e-colori-in-toscana-concerti-2022\/#primaryimage"},"thumbnailUrl":"https:\/\/www.intoscana.it\/wp-content\/uploads\/Federico-Sagona-Linizio.jpg","datePublished":"2022-08-24T08:29:16+00:00","dateModified":"2022-08-24T09:40:13+00:00","author":{"@id":"https:\/\/www.intoscana.it\/it\/#\/schema\/person\/9223810753230f20bd670fdd322661f8"},"description":"Dal 27 agosto al 10 settembre torna uno dei festival pi\u00f9 longevi della toscana con proposte di contaminazione tra musica e teatro","breadcrumb":{"@id":"https:\/\/www.intoscana.it\/it\/suoni-e-colori-in-toscana-concerti-2022\/#breadcrumb"},"inLanguage":"it-IT","potentialAction":[{"@type":"ReadAction","target":["https:\/\/www.intoscana.it\/it\/suoni-e-colori-in-toscana-concerti-2022\/"]}]},{"@type":"ImageObject","inLanguage":"it-IT","@id":"https:\/\/www.intoscana.it\/it\/suoni-e-colori-in-toscana-concerti-2022\/#primaryimage","url":"https:\/\/www.intoscana.it\/wp-content\/uploads\/Federico-Sagona-Linizio.jpg","contentUrl":"https:\/\/www.intoscana.it\/wp-content\/uploads\/Federico-Sagona-Linizio.jpg","width":1400,"height":788,"caption":"Federico Sagona"},{"@type":"BreadcrumbList","@id":"https:\/\/www.intoscana.it\/it\/suoni-e-colori-in-toscana-concerti-2022\/#breadcrumb","itemListElement":[{"@type":"ListItem","position":1,"name":"Home","item":"https:\/\/www.intoscana.it\/it\/"},{"@type":"ListItem","position":2,"name":"Al via il 27 agosto la 33esima edizione del festival &#8220;Suoni e Colori in Toscana&#8221;"}]},{"@type":"WebSite","@id":"https:\/\/www.intoscana.it\/it\/#website","url":"https:\/\/www.intoscana.it\/it\/","name":"intoscana","description":"","potentialAction":[{"@type":"SearchAction","target":{"@type":"EntryPoint","urlTemplate":"https:\/\/www.intoscana.it\/it\/?s={search_term_string}"},"query-input":{"@type":"PropertyValueSpecification","valueRequired":true,"valueName":"search_term_string"}}],"inLanguage":"it-IT"},{"@type":"Person","@id":"https:\/\/www.intoscana.it\/it\/#\/schema\/person\/9223810753230f20bd670fdd322661f8","name":"Redazione","url":"https:\/\/www.intoscana.it\/it\/author\/redazione\/"}]}},"_links":{"self":[{"href":"https:\/\/www.intoscana.it\/it\/wp-json\/wp\/v2\/posts\/243844","targetHints":{"allow":["GET"]}}],"collection":[{"href":"https:\/\/www.intoscana.it\/it\/wp-json\/wp\/v2\/posts"}],"about":[{"href":"https:\/\/www.intoscana.it\/it\/wp-json\/wp\/v2\/types\/post"}],"author":[{"embeddable":true,"href":"https:\/\/www.intoscana.it\/it\/wp-json\/wp\/v2\/users\/525"}],"replies":[{"embeddable":true,"href":"https:\/\/www.intoscana.it\/it\/wp-json\/wp\/v2\/comments?post=243844"}],"version-history":[{"count":0,"href":"https:\/\/www.intoscana.it\/it\/wp-json\/wp\/v2\/posts\/243844\/revisions"}],"wp:featuredmedia":[{"embeddable":true,"href":"https:\/\/www.intoscana.it\/it\/wp-json\/wp\/v2\/media\/243852"}],"wp:attachment":[{"href":"https:\/\/www.intoscana.it\/it\/wp-json\/wp\/v2\/media?parent=243844"}],"wp:term":[{"taxonomy":"category","embeddable":true,"href":"https:\/\/www.intoscana.it\/it\/wp-json\/wp\/v2\/categories?post=243844"},{"taxonomy":"post_tag","embeddable":true,"href":"https:\/\/www.intoscana.it\/it\/wp-json\/wp\/v2\/tags?post=243844"}],"curies":[{"name":"wp","href":"https:\/\/api.w.org\/{rel}","templated":true}]}}