{"id":244103,"date":"2022-08-25T10:14:12","date_gmt":"2022-08-25T08:14:12","guid":{"rendered":"https:\/\/www.intoscana.it\/it\/?p=244103"},"modified":"2022-08-26T11:55:50","modified_gmt":"2022-08-26T09:55:50","slug":"covid-19-1-025-nuovi-casi-e-cinque-decessi-in-toscana","status":"publish","type":"post","link":"https:\/\/www.intoscana.it\/it\/covid-19-1-025-nuovi-casi-e-cinque-decessi-in-toscana\/","title":{"rendered":"Covid-19: 1.025 nuovi casi e cinque decessi in Toscana"},"content":{"rendered":"<p>Sono 1.025 i nuovi casi di Covid-19 oggi in Toscana,<strong> 231 confermati con tampone molecolare e 794 da test rapido antigenico,<\/strong> pari allo 0,1% in pi\u00f9 rispetto al totale del giorno precedente. I guariti crescono dello 0,1% e raggiungono quota 1.278.057 (93,2% dei casi totali).<\/p>\n<p><strong>Oggi sono stati eseguiti 1.145 tamponi molecolari e 6.927 tamponi antigenici rapidi,<\/strong> di questi il 12,7% \u00e8 risultato positivo. Sono invece 1.654 i soggetti testati oggi (con tampone antigenico e\/o molecolare, escludendo i tamponi di controllo), di cui il 62% \u00e8 risultato positivo. Gli attualmente positivi sono oggi 82.465, -0,2% rispetto a ieri. I ricoverati sono 326 (13 in meno rispetto a ieri), di cui 9 in terapia intensiva (6 in meno). <strong>Oggi si registrano 5 nuovi decessi: 2 uomini e 3 donne con un&#8217;et\u00e0 media di 86,2 anni.<\/strong><\/p>\n<p>Questi i dati &#8211; accertati alle ore 12 di oggi sulla base delle richieste della Protezione Civile Nazionale &#8211; relativi all&#8217;andamento dell&#8217;epidemia in regione.<\/p>\n<h3>L&#8217;et\u00e0 media dei nuovi positivi \u00e8 53 anni<\/h3>\n<p>L&#8217;et\u00e0 media dei 1.025 nuovi positivi odierni \u00e8 di 53 anni circa (9% ha meno di 20 anni, 17% tra 20 e 39 anni, 31% tra 40 e 59 anni, 30% tra 60 e 79 anni, 13% ha 80 anni o pi\u00f9).<\/p>\n<p>Di seguito i casi di positivit\u00e0 sul territorio con la variazione rispetto a ieri (231 confermati con tampone molecolare e 794 da test rapido antigenico). Sono 375.187 i casi complessivi ad oggi a Firenze (220 in pi\u00f9 rispetto a ieri), 92.065 a Prato (56 in pi\u00f9), 108.069 a Pistoia (77 in pi\u00f9), 68.576 a Massa (87 in pi\u00f9), 146.350 a Lucca (117 in pi\u00f9), 159.046 a Pisa (129 in pi\u00f9), 123.895 a Livorno (100 in pi\u00f9), 124.003 ad Arezzo (116 in pi\u00f9), 98.274 a Siena (66 in pi\u00f9), 75.128 a Grosseto (57 in pi\u00f9). Sono 555 i casi positivi notificati in Toscana, ma residenti in altre regioni.<\/p>\n<p><strong>Sono 369 i casi riscontrati oggi nell&#8217;Asl Centro, 417 nella Nord Ovest, 239 nella Sud est.<\/strong><\/p>\n<p>La Toscana si trova al 10\u00b0 posto in Italia come numerosit\u00e0 di casi (comprensivi di residenti e non residenti), con circa 37.130 casi per 100.000 abitanti (media italiana circa 36.670 x100.000, dato di ieri). Le province di notifica con il tasso pi\u00f9 alto sono Lucca con 38.116 casi x100.000 abitanti, Pisa con 38.051, Livorno con 37.659, la pi\u00f9 bassa Grosseto con 34.487.<\/p>\n<h3>82mila persone in isolamento, in calo i ricoveri<\/h3>\n<p>Complessivamente, 82.139 persone sono in isolamento a casa, poich\u00e9 presentano sintomi lievi che non richiedono cure ospedaliere, o risultano prive di sintomi (120 in meno rispetto a ieri, meno 0,1%).<br \/>\n<strong>Le persone ricoverate nei posti letto dedicati ai pazienti COVID oggi sono complessivamente 326 (13 in meno rispetto a ieri, meno 3,8%), 9 in terapia intensiva (6 in meno rispetto a ieri, meno 40%).<\/strong><br \/>\nLe persone complessivamente guarite sono 1.278.057 (1.153 in pi\u00f9 rispetto a ieri, pi\u00f9 0,1%): 0 persone clinicamente guarite (stabili rispetto a ieri), divenute cio\u00e8 asintomatiche dopo aver presentato manifestazioni cliniche associate all&#8217;infezione e 1.278.057 (1.153 in pi\u00f9 rispetto a ieri, pi\u00f9 0,1%) dichiarate guarite a tutti gli effetti, le cosiddette guarigioni virali, con tampone negativo.<\/p>\n<h3>5 nuovi decessi con et\u00e0 media 86,2 anni<\/h3>\n<p>Oggi si registrano 5 nuovi decessi: 2 uomini e 3 donne con un&#8217;et\u00e0 media di 86,2 anni. <strong>Relativamente alla provincia di residenza, le persone decedute sono: 2 a Firenze, 1 a Pistoia, 1 a Pisa, 1 a Livorno.<\/strong><\/p>\n<p>Sono <strong>10.626 i deceduti dall&#8217;inizio dell&#8217;epidemia in Toscana,<\/strong> cosi ripartiti: 3.331 a Firenze, 868 a Prato, 956 a Pistoia, 680 a Massa Carrara, 1.006 a Lucca, 1.206 a Pisa, 807 a Livorno, 669 ad Arezzo, 555 a Siena, 397 a Grosseto, 151 persone sono decedute sul suolo toscano ma erano residenti fuori regione.<\/p>\n<p>Il tasso grezzo di mortalit\u00e0 toscano (numero di deceduti\/popolazione residente) per Covid-19 \u00e8 di 287,7 x100.000 residenti contro il 295,5 x100.000 della media italiana (9\u00b0 regione). Per quanto riguarda le province, il tasso di mortalit\u00e0 pi\u00f9 alto si riscontra a Massa Carrara (358,2 x100.000), Firenze (333,6 x100.000) e Pistoia (329,4 x100.000), il pi\u00f9 basso a Grosseto (182,2 x100.000).<\/p>\n","protected":false},"excerpt":{"rendered":"<p>L&#8217;et\u00e0 media dei nuovi positivi \u00e8 di 53 anni, diminuiscono i ricoverati mentre pi\u00f9 di 82mila persone sono in isolamento<\/p>\n","protected":false},"author":525,"featured_media":154944,"comment_status":"open","ping_status":"open","sticky":false,"template":"","format":"standard","meta":{"_acf_changed":false,"footnotes":""},"categories":[494],"tags":[4868,418],"class_list":["post-244103","post","type-post","status-publish","format-standard","has-post-thumbnail","hentry","category-attualita","tag-bollettino-covid-toscana","tag-covid-19"],"acf":[],"yoast_head":"<!-- This site is optimized with the Yoast SEO Premium plugin v24.2 (Yoast SEO v25.6) - https:\/\/yoast.com\/wordpress\/plugins\/seo\/ -->\n<title>Covid-19: 1.025 nuovi casi e cinque decessi in Toscana - intoscana<\/title>\n<meta name=\"robots\" content=\"index, follow, max-snippet:-1, max-image-preview:large, max-video-preview:-1\" \/>\n<link rel=\"canonical\" href=\"https:\/\/www.intoscana.it\/it\/covid-19-1-025-nuovi-casi-e-cinque-decessi-in-toscana\/\" \/>\n<meta property=\"og:locale\" content=\"it_IT\" \/>\n<meta property=\"og:type\" content=\"article\" \/>\n<meta property=\"og:title\" content=\"Covid-19: 1.025 nuovi casi e cinque decessi in Toscana\" \/>\n<meta property=\"og:description\" content=\"L&#039;et\u00e0 media dei nuovi positivi \u00e8 di 53 anni, diminuiscono i ricoverati mentre pi\u00f9 di 82mila persone sono in isolamento\" \/>\n<meta property=\"og:url\" content=\"https:\/\/www.intoscana.it\/it\/covid-19-1-025-nuovi-casi-e-cinque-decessi-in-toscana\/\" \/>\n<meta property=\"og:site_name\" content=\"intoscana\" \/>\n<meta property=\"article:publisher\" content=\"https:\/\/www.facebook.com\/intoscana.it\" \/>\n<meta property=\"article:published_time\" content=\"2022-08-25T08:14:12+00:00\" \/>\n<meta property=\"article:modified_time\" content=\"2022-08-26T09:55:50+00:00\" \/>\n<meta property=\"og:image\" content=\"https:\/\/www.intoscana.it\/wp-content\/uploads\/mascherina_pisa-scaled.jpg\" \/>\n\t<meta property=\"og:image:width\" content=\"2048\" \/>\n\t<meta property=\"og:image:height\" content=\"1366\" \/>\n\t<meta property=\"og:image:type\" content=\"image\/jpeg\" \/>\n<meta name=\"author\" content=\"Redazione\" \/>\n<meta name=\"twitter:card\" content=\"summary_large_image\" \/>\n<meta name=\"twitter:creator\" content=\"@intoscana\" \/>\n<meta name=\"twitter:site\" content=\"@intoscana\" \/>\n<meta name=\"twitter:label1\" content=\"Written by\" \/>\n\t<meta name=\"twitter:data1\" content=\"Redazione\" \/>\n\t<meta name=\"twitter:label2\" content=\"Est. reading time\" \/>\n\t<meta name=\"twitter:data2\" content=\"3 minuti\" \/>\n<script type=\"application\/ld+json\" class=\"yoast-schema-graph\">{\"@context\":\"https:\/\/schema.org\",\"@graph\":[{\"@type\":\"WebPage\",\"@id\":\"https:\/\/www.intoscana.it\/it\/covid-19-1-025-nuovi-casi-e-cinque-decessi-in-toscana\/\",\"url\":\"https:\/\/www.intoscana.it\/it\/covid-19-1-025-nuovi-casi-e-cinque-decessi-in-toscana\/\",\"name\":\"Covid-19: 1.025 nuovi casi e cinque decessi in Toscana - intoscana\",\"isPartOf\":{\"@id\":\"https:\/\/www.intoscana.it\/it\/#website\"},\"primaryImageOfPage\":{\"@id\":\"https:\/\/www.intoscana.it\/it\/covid-19-1-025-nuovi-casi-e-cinque-decessi-in-toscana\/#primaryimage\"},\"image\":{\"@id\":\"https:\/\/www.intoscana.it\/it\/covid-19-1-025-nuovi-casi-e-cinque-decessi-in-toscana\/#primaryimage\"},\"thumbnailUrl\":\"https:\/\/www.intoscana.it\/wp-content\/uploads\/mascherina_pisa-scaled.jpg\",\"datePublished\":\"2022-08-25T08:14:12+00:00\",\"dateModified\":\"2022-08-26T09:55:50+00:00\",\"author\":{\"@id\":\"https:\/\/www.intoscana.it\/it\/#\/schema\/person\/9223810753230f20bd670fdd322661f8\"},\"breadcrumb\":{\"@id\":\"https:\/\/www.intoscana.it\/it\/covid-19-1-025-nuovi-casi-e-cinque-decessi-in-toscana\/#breadcrumb\"},\"inLanguage\":\"it-IT\",\"potentialAction\":[{\"@type\":\"ReadAction\",\"target\":[\"https:\/\/www.intoscana.it\/it\/covid-19-1-025-nuovi-casi-e-cinque-decessi-in-toscana\/\"]}]},{\"@type\":\"ImageObject\",\"inLanguage\":\"it-IT\",\"@id\":\"https:\/\/www.intoscana.it\/it\/covid-19-1-025-nuovi-casi-e-cinque-decessi-in-toscana\/#primaryimage\",\"url\":\"https:\/\/www.intoscana.it\/wp-content\/uploads\/mascherina_pisa-scaled.jpg\",\"contentUrl\":\"https:\/\/www.intoscana.it\/wp-content\/uploads\/mascherina_pisa-scaled.jpg\",\"width\":2048,\"height\":1366},{\"@type\":\"BreadcrumbList\",\"@id\":\"https:\/\/www.intoscana.it\/it\/covid-19-1-025-nuovi-casi-e-cinque-decessi-in-toscana\/#breadcrumb\",\"itemListElement\":[{\"@type\":\"ListItem\",\"position\":1,\"name\":\"Home\",\"item\":\"https:\/\/www.intoscana.it\/it\/\"},{\"@type\":\"ListItem\",\"position\":2,\"name\":\"Covid-19: 1.025 nuovi casi e cinque decessi in Toscana\"}]},{\"@type\":\"WebSite\",\"@id\":\"https:\/\/www.intoscana.it\/it\/#website\",\"url\":\"https:\/\/www.intoscana.it\/it\/\",\"name\":\"intoscana\",\"description\":\"\",\"potentialAction\":[{\"@type\":\"SearchAction\",\"target\":{\"@type\":\"EntryPoint\",\"urlTemplate\":\"https:\/\/www.intoscana.it\/it\/?s={search_term_string}\"},\"query-input\":{\"@type\":\"PropertyValueSpecification\",\"valueRequired\":true,\"valueName\":\"search_term_string\"}}],\"inLanguage\":\"it-IT\"},{\"@type\":\"Person\",\"@id\":\"https:\/\/www.intoscana.it\/it\/#\/schema\/person\/9223810753230f20bd670fdd322661f8\",\"name\":\"Redazione\",\"url\":\"https:\/\/www.intoscana.it\/it\/author\/redazione\/\"}]}<\/script>\n<!-- \/ Yoast SEO Premium plugin. -->","yoast_head_json":{"title":"Covid-19: 1.025 nuovi casi e cinque decessi in Toscana - intoscana","robots":{"index":"index","follow":"follow","max-snippet":"max-snippet:-1","max-image-preview":"max-image-preview:large","max-video-preview":"max-video-preview:-1"},"canonical":"https:\/\/www.intoscana.it\/it\/covid-19-1-025-nuovi-casi-e-cinque-decessi-in-toscana\/","og_locale":"it_IT","og_type":"article","og_title":"Covid-19: 1.025 nuovi casi e cinque decessi in Toscana","og_description":"L'et\u00e0 media dei nuovi positivi \u00e8 di 53 anni, diminuiscono i ricoverati mentre pi\u00f9 di 82mila persone sono in isolamento","og_url":"https:\/\/www.intoscana.it\/it\/covid-19-1-025-nuovi-casi-e-cinque-decessi-in-toscana\/","og_site_name":"intoscana","article_publisher":"https:\/\/www.facebook.com\/intoscana.it","article_published_time":"2022-08-25T08:14:12+00:00","article_modified_time":"2022-08-26T09:55:50+00:00","og_image":[{"width":2048,"height":1366,"url":"https:\/\/www.intoscana.it\/wp-content\/uploads\/mascherina_pisa-scaled.jpg","type":"image\/jpeg"}],"author":"Redazione","twitter_card":"summary_large_image","twitter_creator":"@intoscana","twitter_site":"@intoscana","twitter_misc":{"Written by":"Redazione","Est. reading time":"3 minuti"},"schema":{"@context":"https:\/\/schema.org","@graph":[{"@type":"WebPage","@id":"https:\/\/www.intoscana.it\/it\/covid-19-1-025-nuovi-casi-e-cinque-decessi-in-toscana\/","url":"https:\/\/www.intoscana.it\/it\/covid-19-1-025-nuovi-casi-e-cinque-decessi-in-toscana\/","name":"Covid-19: 1.025 nuovi casi e cinque decessi in Toscana - intoscana","isPartOf":{"@id":"https:\/\/www.intoscana.it\/it\/#website"},"primaryImageOfPage":{"@id":"https:\/\/www.intoscana.it\/it\/covid-19-1-025-nuovi-casi-e-cinque-decessi-in-toscana\/#primaryimage"},"image":{"@id":"https:\/\/www.intoscana.it\/it\/covid-19-1-025-nuovi-casi-e-cinque-decessi-in-toscana\/#primaryimage"},"thumbnailUrl":"https:\/\/www.intoscana.it\/wp-content\/uploads\/mascherina_pisa-scaled.jpg","datePublished":"2022-08-25T08:14:12+00:00","dateModified":"2022-08-26T09:55:50+00:00","author":{"@id":"https:\/\/www.intoscana.it\/it\/#\/schema\/person\/9223810753230f20bd670fdd322661f8"},"breadcrumb":{"@id":"https:\/\/www.intoscana.it\/it\/covid-19-1-025-nuovi-casi-e-cinque-decessi-in-toscana\/#breadcrumb"},"inLanguage":"it-IT","potentialAction":[{"@type":"ReadAction","target":["https:\/\/www.intoscana.it\/it\/covid-19-1-025-nuovi-casi-e-cinque-decessi-in-toscana\/"]}]},{"@type":"ImageObject","inLanguage":"it-IT","@id":"https:\/\/www.intoscana.it\/it\/covid-19-1-025-nuovi-casi-e-cinque-decessi-in-toscana\/#primaryimage","url":"https:\/\/www.intoscana.it\/wp-content\/uploads\/mascherina_pisa-scaled.jpg","contentUrl":"https:\/\/www.intoscana.it\/wp-content\/uploads\/mascherina_pisa-scaled.jpg","width":2048,"height":1366},{"@type":"BreadcrumbList","@id":"https:\/\/www.intoscana.it\/it\/covid-19-1-025-nuovi-casi-e-cinque-decessi-in-toscana\/#breadcrumb","itemListElement":[{"@type":"ListItem","position":1,"name":"Home","item":"https:\/\/www.intoscana.it\/it\/"},{"@type":"ListItem","position":2,"name":"Covid-19: 1.025 nuovi casi e cinque decessi in Toscana"}]},{"@type":"WebSite","@id":"https:\/\/www.intoscana.it\/it\/#website","url":"https:\/\/www.intoscana.it\/it\/","name":"intoscana","description":"","potentialAction":[{"@type":"SearchAction","target":{"@type":"EntryPoint","urlTemplate":"https:\/\/www.intoscana.it\/it\/?s={search_term_string}"},"query-input":{"@type":"PropertyValueSpecification","valueRequired":true,"valueName":"search_term_string"}}],"inLanguage":"it-IT"},{"@type":"Person","@id":"https:\/\/www.intoscana.it\/it\/#\/schema\/person\/9223810753230f20bd670fdd322661f8","name":"Redazione","url":"https:\/\/www.intoscana.it\/it\/author\/redazione\/"}]}},"_links":{"self":[{"href":"https:\/\/www.intoscana.it\/it\/wp-json\/wp\/v2\/posts\/244103","targetHints":{"allow":["GET"]}}],"collection":[{"href":"https:\/\/www.intoscana.it\/it\/wp-json\/wp\/v2\/posts"}],"about":[{"href":"https:\/\/www.intoscana.it\/it\/wp-json\/wp\/v2\/types\/post"}],"author":[{"embeddable":true,"href":"https:\/\/www.intoscana.it\/it\/wp-json\/wp\/v2\/users\/525"}],"replies":[{"embeddable":true,"href":"https:\/\/www.intoscana.it\/it\/wp-json\/wp\/v2\/comments?post=244103"}],"version-history":[{"count":0,"href":"https:\/\/www.intoscana.it\/it\/wp-json\/wp\/v2\/posts\/244103\/revisions"}],"wp:featuredmedia":[{"embeddable":true,"href":"https:\/\/www.intoscana.it\/it\/wp-json\/wp\/v2\/media\/154944"}],"wp:attachment":[{"href":"https:\/\/www.intoscana.it\/it\/wp-json\/wp\/v2\/media?parent=244103"}],"wp:term":[{"taxonomy":"category","embeddable":true,"href":"https:\/\/www.intoscana.it\/it\/wp-json\/wp\/v2\/categories?post=244103"},{"taxonomy":"post_tag","embeddable":true,"href":"https:\/\/www.intoscana.it\/it\/wp-json\/wp\/v2\/tags?post=244103"}],"curies":[{"name":"wp","href":"https:\/\/api.w.org\/{rel}","templated":true}]}}