{"id":244300,"date":"2022-08-26T10:54:38","date_gmt":"2022-08-26T08:54:38","guid":{"rendered":"https:\/\/www.intoscana.it\/it\/?p=244300"},"modified":"2022-08-29T11:39:12","modified_gmt":"2022-08-29T09:39:12","slug":"alla-toscana-piu-di-un-miliardo-di-euro-dal-fondo-sociale-europeo-le-priorita-lavoro-giovani-e-sociale","status":"publish","type":"post","link":"https:\/\/www.intoscana.it\/it\/alla-toscana-piu-di-un-miliardo-di-euro-dal-fondo-sociale-europeo-le-priorita-lavoro-giovani-e-sociale\/","title":{"rendered":"Alla Toscana pi\u00f9 di un miliardo di euro dal Fondo sociale europeo, le priorit\u00e0: lavoro, giovani e sociale"},"content":{"rendered":"<p><mark>Oltre un miliardo di euro, per la precisione 1.083,6 milioni, in sette anni.<\/mark> Sono i fondi che arrivano dall&#8217;<strong>Europa<\/strong> attraverso il Fondo sociale per il periodo che va dal primo gennaio 2021 al 31 dicembre 2027. La Commissione europea ha infatti approvato il piano della <strong>Regione Toscana<\/strong> per l&#8217;obiettivo &#8220;Investimenti a favore dell&#8217;occupazione e della crescita&#8221;.<\/p>\n<p>Un programma che ha tra le sue priorit\u00e0 operative <mark><strong>giovani<\/strong> e occupazione, come precisa soddisfatto il presidente della Regione. Gli investimenti che arrivano dal &#8220;Pr Toscana Fse&#8221; saranno mirati dunque su tirocini, Its, istruzione e formazione tecnica, servizio civile, istruzione e formazione professionale e sistema di incentivi all\u2019assunzione.<\/mark> E ancora, si investir\u00e0 sul contrasto alla dispersione scolastica e sull\u2019integrazione tra sistema universitario, ricerca e sistema produttivo.<br \/>\nUn posto di rilievo, spiega ancora il presidente, spetta all\u2019inclusione sociale e alla lotta alla povert\u00e0: si investir\u00e0 per l\u2019accesso di tutti a servizi sociali e di cura e al mercato del lavoro. Una specifica misura sar\u00e0 per <mark>il sostegno a domanda e offerta di servizi educativi della prima infanzia, attraverso l\u2019abbattimento di rette e sostegno all\u2019erogazione del servizio sulla base di standard qualitativi.<\/mark><\/p>\n<p>L&#8217;Europa finanzier\u00e0 al 40 per cento gli interventi e il restante 60 per cento saranno cofinanziati con risorse nazionali e regionali.<\/p>\n<h3><em>L&#8217;agenda della Toscana: ecco gli obiettivi del piano regionale<\/em><\/h3>\n<p>La fetta pi\u00f9 importante dei finanziamenti del Fse, 419,4 milioni, \u00e8 destinata all\u2019<strong>inclusione sociale<\/strong>:<\/p>\n<ul>\n<li>179,4 per incentivare l&#8217;inclusione attiva, promuovere le pari opportunit\u00e0, la non discriminazione e la partecipazione attiva. Migliorare l&#8217;occupabilit\u00e0, in particolare dei gruppi svantaggiati;<\/li>\n<li>240 milioni per poter accedere a servizi di qualit\u00e0 e a prezzi accessibili, compresi gli alloggi e l&#8217;assistenza incentrata sulla persona, anche in ambito sanitario; per modernizzare i sistemi di protezione sociale, con particolare attenzione ai minori e ai gruppi svantaggiati; migliorare l&#8217;accessibilit\u00e0 l&#8217;efficacia e la resilienza dei sistemi sanitari e dei servizi di assistenza di lunga durata, anche per le persone con disabilit\u00e0.<\/li>\n<\/ul>\n<p>In primo piano anche la necessit\u00e0 di migliorare l&#8217;accesso all&#8217;occupazione e le misure di attivazione per tutte le persone in cerca di <strong>lavoro<\/strong>,\u00a0qui sono destinati 207,6 milioni cos\u00ec suddivisi:<\/p>\n<ul>\n<li>141,7 milioni per migliorare l&#8217;accesso all&#8217;occupazione e le misure per chi cerca lavoro, in particolare i giovani, soprattutto attraverso l&#8217;attuazione della garanzia per i giovani, i disoccupati di lungo periodo e i gruppi svantaggiati nel mercato del lavoro, nonch\u00e9 delle persone inattive;<\/li>\n<li>36 milioni per la partecipazione equilibrata di donne e uomini al mercato del lavoro, anche attraverso l&#8217;accesso a servizi di assistenza all&#8217;infanzia e alle persone non autosufficienti;<\/li>\n<li>29,9 milioni per promuovere l&#8217;adattamento di lavoratori e imprese ai cambiamenti e ambienti di lavoro sani e adeguati.<\/li>\n<\/ul>\n<p>L&#8217;altra grande sfida \u00e8 il capitolo <strong>istruzione<\/strong> e formazione. Su questo si accentrano 222,3 milioni di euro cos\u00ec ripartiti:<\/p>\n<ul>\n<li>26,3 milioni per migliorare efficacia e attinenza al mercato del lavoro dei sistemi di istruzione e formazione per sostenere l&#8217;acquisizione di competenze chiave, comprese le competenze imprenditoriali e digitali, e promuovendo l&#8217;introduzione di sistemi formativi duali e di apprendistati;<\/li>\n<li>196 milioni per la parit\u00e0 di accesso e di completamento di istruzione e formazione, in particolare per i gruppi svantaggiati, fino al livello terziario e all&#8217;istruzione e all&#8217;apprendimento degli adulti, anche agevolando la mobilit\u00e0 ai fini dell&#8217;apprendimento per tutti e l&#8217;accessibilit\u00e0 per le persone con disabilit\u00e0.<\/li>\n<\/ul>\n<p>All&#8217;<strong>occupazione giovanile<\/strong> sono infine dedicati 191 milioni:<\/p>\n<ul>\n<li>100 per migliorare l&#8217;accesso all&#8217;occupazione e le misure di attivazione per tutte le persone in cerca di lavoro, in particolare i giovani, soprattutto attraverso l&#8217;attuazione della garanzia per i giovani, i disoccupati di lungo periodo e i gruppi svantaggiati nel mercato del lavoro, nonch\u00e9 delle persone inattive, anche mediante la promozione del lavoro autonomo e dell&#8217;economia sociale.<\/li>\n<li>91 milioni per promuovere la parit\u00e0 di accesso e di completamento a istruzione e formazione di qualit\u00e0, in particolare per i gruppi svantaggiati, dall&#8217;educazione e cura della prima infanzia, attraverso l&#8217;istruzione e la formazione generale e professionale, all&#8217;apprendimento degli adulti e l&#8217;accessibilit\u00e0 per le persone con disabilit\u00e0.<\/li>\n<\/ul>\n<p>Infine, i rimanenti 43,3 milioni sono riservati all&#8217;assistenza tecnica, quindi al miglioramento delle risorse tecniche coinvolte nella programmazione, gestione, sorveglianza e controllo del Programma.<\/p>\n","protected":false},"excerpt":{"rendered":"<p>Approvato il piano regionale di sette anni e gli investimenti destinati agli obiettivi specifici. Dall&#8217;istruzione alla lotta alla povert\u00e0 e inclusione, ecco l&#8217;agenda toscana<\/p>\n","protected":false},"author":525,"featured_media":207456,"comment_status":"open","ping_status":"open","sticky":false,"template":"","format":"standard","meta":{"_acf_changed":false,"footnotes":""},"categories":[494],"tags":[4482,151,5298],"class_list":["post-244300","post","type-post","status-publish","format-standard","has-post-thumbnail","hentry","category-attualita","tag-fondi-europei","tag-regione-toscana","tag-sociale"],"acf":[],"yoast_head":"<!-- This site is optimized with the Yoast SEO Premium plugin v24.2 (Yoast SEO v25.6) - https:\/\/yoast.com\/wordpress\/plugins\/seo\/ -->\n<title>Alla Toscana pi\u00f9 di un miliardo di euro dal Fondo sociale europeo, le priorit\u00e0: lavoro, giovani e sociale - intoscana<\/title>\n<meta name=\"description\" content=\"Approvato il piano regionale di sette anni e gli investimenti destinati agli obiettivi specifici. Dall&#039;istruzione alla lotta alla povert\u00e0 e inclusione, ecco l&#039;agenda toscana\" \/>\n<meta name=\"robots\" content=\"index, follow, max-snippet:-1, max-image-preview:large, max-video-preview:-1\" \/>\n<link rel=\"canonical\" href=\"https:\/\/www.intoscana.it\/it\/alla-toscana-piu-di-un-miliardo-di-euro-dal-fondo-sociale-europeo-le-priorita-lavoro-giovani-e-sociale\/\" \/>\n<meta property=\"og:locale\" content=\"it_IT\" \/>\n<meta property=\"og:type\" content=\"article\" \/>\n<meta property=\"og:title\" content=\"Alla Toscana pi\u00f9 di un miliardo di euro dal Fondo sociale europeo, le priorit\u00e0: lavoro, giovani e sociale\" \/>\n<meta property=\"og:description\" content=\"Approvato il piano regionale di sette anni e gli investimenti destinati agli obiettivi specifici. Dall&#039;istruzione alla lotta alla povert\u00e0 e inclusione, ecco l&#039;agenda toscana\" \/>\n<meta property=\"og:url\" content=\"https:\/\/www.intoscana.it\/it\/alla-toscana-piu-di-un-miliardo-di-euro-dal-fondo-sociale-europeo-le-priorita-lavoro-giovani-e-sociale\/\" \/>\n<meta property=\"og:site_name\" content=\"intoscana\" \/>\n<meta property=\"article:publisher\" content=\"https:\/\/www.facebook.com\/intoscana.it\" \/>\n<meta property=\"article:published_time\" content=\"2022-08-26T08:54:38+00:00\" \/>\n<meta property=\"article:modified_time\" content=\"2022-08-29T09:39:12+00:00\" \/>\n<meta property=\"og:image\" content=\"https:\/\/www.intoscana.it\/wp-content\/uploads\/maestri-orafi-al-lavoro-1.jpg\" \/>\n\t<meta property=\"og:image:width\" content=\"1600\" \/>\n\t<meta property=\"og:image:height\" content=\"1067\" \/>\n\t<meta property=\"og:image:type\" content=\"image\/jpeg\" \/>\n<meta name=\"author\" content=\"Redazione\" \/>\n<meta name=\"twitter:card\" content=\"summary_large_image\" \/>\n<meta name=\"twitter:creator\" content=\"@intoscana\" \/>\n<meta name=\"twitter:site\" content=\"@intoscana\" \/>\n<meta name=\"twitter:label1\" content=\"Written by\" \/>\n\t<meta name=\"twitter:data1\" content=\"Redazione\" \/>\n\t<meta name=\"twitter:label2\" content=\"Est. reading time\" \/>\n\t<meta name=\"twitter:data2\" content=\"3 minuti\" \/>\n<script type=\"application\/ld+json\" class=\"yoast-schema-graph\">{\"@context\":\"https:\/\/schema.org\",\"@graph\":[{\"@type\":\"WebPage\",\"@id\":\"https:\/\/www.intoscana.it\/it\/alla-toscana-piu-di-un-miliardo-di-euro-dal-fondo-sociale-europeo-le-priorita-lavoro-giovani-e-sociale\/\",\"url\":\"https:\/\/www.intoscana.it\/it\/alla-toscana-piu-di-un-miliardo-di-euro-dal-fondo-sociale-europeo-le-priorita-lavoro-giovani-e-sociale\/\",\"name\":\"Alla Toscana pi\u00f9 di un miliardo di euro dal Fondo sociale europeo, le priorit\u00e0: lavoro, giovani e sociale - intoscana\",\"isPartOf\":{\"@id\":\"https:\/\/www.intoscana.it\/it\/#website\"},\"primaryImageOfPage\":{\"@id\":\"https:\/\/www.intoscana.it\/it\/alla-toscana-piu-di-un-miliardo-di-euro-dal-fondo-sociale-europeo-le-priorita-lavoro-giovani-e-sociale\/#primaryimage\"},\"image\":{\"@id\":\"https:\/\/www.intoscana.it\/it\/alla-toscana-piu-di-un-miliardo-di-euro-dal-fondo-sociale-europeo-le-priorita-lavoro-giovani-e-sociale\/#primaryimage\"},\"thumbnailUrl\":\"https:\/\/www.intoscana.it\/wp-content\/uploads\/maestri-orafi-al-lavoro-1.jpg\",\"datePublished\":\"2022-08-26T08:54:38+00:00\",\"dateModified\":\"2022-08-29T09:39:12+00:00\",\"author\":{\"@id\":\"https:\/\/www.intoscana.it\/it\/#\/schema\/person\/9223810753230f20bd670fdd322661f8\"},\"description\":\"Approvato il piano regionale di sette anni e gli investimenti destinati agli obiettivi specifici. Dall'istruzione alla lotta alla povert\u00e0 e inclusione, ecco l'agenda toscana\",\"breadcrumb\":{\"@id\":\"https:\/\/www.intoscana.it\/it\/alla-toscana-piu-di-un-miliardo-di-euro-dal-fondo-sociale-europeo-le-priorita-lavoro-giovani-e-sociale\/#breadcrumb\"},\"inLanguage\":\"it-IT\",\"potentialAction\":[{\"@type\":\"ReadAction\",\"target\":[\"https:\/\/www.intoscana.it\/it\/alla-toscana-piu-di-un-miliardo-di-euro-dal-fondo-sociale-europeo-le-priorita-lavoro-giovani-e-sociale\/\"]}]},{\"@type\":\"ImageObject\",\"inLanguage\":\"it-IT\",\"@id\":\"https:\/\/www.intoscana.it\/it\/alla-toscana-piu-di-un-miliardo-di-euro-dal-fondo-sociale-europeo-le-priorita-lavoro-giovani-e-sociale\/#primaryimage\",\"url\":\"https:\/\/www.intoscana.it\/wp-content\/uploads\/maestri-orafi-al-lavoro-1.jpg\",\"contentUrl\":\"https:\/\/www.intoscana.it\/wp-content\/uploads\/maestri-orafi-al-lavoro-1.jpg\",\"width\":1600,\"height\":1067,\"caption\":\"lavoro giovani its\"},{\"@type\":\"BreadcrumbList\",\"@id\":\"https:\/\/www.intoscana.it\/it\/alla-toscana-piu-di-un-miliardo-di-euro-dal-fondo-sociale-europeo-le-priorita-lavoro-giovani-e-sociale\/#breadcrumb\",\"itemListElement\":[{\"@type\":\"ListItem\",\"position\":1,\"name\":\"Home\",\"item\":\"https:\/\/www.intoscana.it\/it\/\"},{\"@type\":\"ListItem\",\"position\":2,\"name\":\"Alla Toscana pi\u00f9 di un miliardo di euro dal Fondo sociale europeo, le priorit\u00e0: lavoro, giovani e sociale\"}]},{\"@type\":\"WebSite\",\"@id\":\"https:\/\/www.intoscana.it\/it\/#website\",\"url\":\"https:\/\/www.intoscana.it\/it\/\",\"name\":\"intoscana\",\"description\":\"\",\"potentialAction\":[{\"@type\":\"SearchAction\",\"target\":{\"@type\":\"EntryPoint\",\"urlTemplate\":\"https:\/\/www.intoscana.it\/it\/?s={search_term_string}\"},\"query-input\":{\"@type\":\"PropertyValueSpecification\",\"valueRequired\":true,\"valueName\":\"search_term_string\"}}],\"inLanguage\":\"it-IT\"},{\"@type\":\"Person\",\"@id\":\"https:\/\/www.intoscana.it\/it\/#\/schema\/person\/9223810753230f20bd670fdd322661f8\",\"name\":\"Redazione\",\"url\":\"https:\/\/www.intoscana.it\/it\/author\/redazione\/\"}]}<\/script>\n<!-- \/ Yoast SEO Premium plugin. -->","yoast_head_json":{"title":"Alla Toscana pi\u00f9 di un miliardo di euro dal Fondo sociale europeo, le priorit\u00e0: lavoro, giovani e sociale - intoscana","description":"Approvato il piano regionale di sette anni e gli investimenti destinati agli obiettivi specifici. Dall'istruzione alla lotta alla povert\u00e0 e inclusione, ecco l'agenda toscana","robots":{"index":"index","follow":"follow","max-snippet":"max-snippet:-1","max-image-preview":"max-image-preview:large","max-video-preview":"max-video-preview:-1"},"canonical":"https:\/\/www.intoscana.it\/it\/alla-toscana-piu-di-un-miliardo-di-euro-dal-fondo-sociale-europeo-le-priorita-lavoro-giovani-e-sociale\/","og_locale":"it_IT","og_type":"article","og_title":"Alla Toscana pi\u00f9 di un miliardo di euro dal Fondo sociale europeo, le priorit\u00e0: lavoro, giovani e sociale","og_description":"Approvato il piano regionale di sette anni e gli investimenti destinati agli obiettivi specifici. Dall'istruzione alla lotta alla povert\u00e0 e inclusione, ecco l'agenda toscana","og_url":"https:\/\/www.intoscana.it\/it\/alla-toscana-piu-di-un-miliardo-di-euro-dal-fondo-sociale-europeo-le-priorita-lavoro-giovani-e-sociale\/","og_site_name":"intoscana","article_publisher":"https:\/\/www.facebook.com\/intoscana.it","article_published_time":"2022-08-26T08:54:38+00:00","article_modified_time":"2022-08-29T09:39:12+00:00","og_image":[{"width":1600,"height":1067,"url":"https:\/\/www.intoscana.it\/wp-content\/uploads\/maestri-orafi-al-lavoro-1.jpg","type":"image\/jpeg"}],"author":"Redazione","twitter_card":"summary_large_image","twitter_creator":"@intoscana","twitter_site":"@intoscana","twitter_misc":{"Written by":"Redazione","Est. reading time":"3 minuti"},"schema":{"@context":"https:\/\/schema.org","@graph":[{"@type":"WebPage","@id":"https:\/\/www.intoscana.it\/it\/alla-toscana-piu-di-un-miliardo-di-euro-dal-fondo-sociale-europeo-le-priorita-lavoro-giovani-e-sociale\/","url":"https:\/\/www.intoscana.it\/it\/alla-toscana-piu-di-un-miliardo-di-euro-dal-fondo-sociale-europeo-le-priorita-lavoro-giovani-e-sociale\/","name":"Alla Toscana pi\u00f9 di un miliardo di euro dal Fondo sociale europeo, le priorit\u00e0: lavoro, giovani e sociale - intoscana","isPartOf":{"@id":"https:\/\/www.intoscana.it\/it\/#website"},"primaryImageOfPage":{"@id":"https:\/\/www.intoscana.it\/it\/alla-toscana-piu-di-un-miliardo-di-euro-dal-fondo-sociale-europeo-le-priorita-lavoro-giovani-e-sociale\/#primaryimage"},"image":{"@id":"https:\/\/www.intoscana.it\/it\/alla-toscana-piu-di-un-miliardo-di-euro-dal-fondo-sociale-europeo-le-priorita-lavoro-giovani-e-sociale\/#primaryimage"},"thumbnailUrl":"https:\/\/www.intoscana.it\/wp-content\/uploads\/maestri-orafi-al-lavoro-1.jpg","datePublished":"2022-08-26T08:54:38+00:00","dateModified":"2022-08-29T09:39:12+00:00","author":{"@id":"https:\/\/www.intoscana.it\/it\/#\/schema\/person\/9223810753230f20bd670fdd322661f8"},"description":"Approvato il piano regionale di sette anni e gli investimenti destinati agli obiettivi specifici. Dall'istruzione alla lotta alla povert\u00e0 e inclusione, ecco l'agenda toscana","breadcrumb":{"@id":"https:\/\/www.intoscana.it\/it\/alla-toscana-piu-di-un-miliardo-di-euro-dal-fondo-sociale-europeo-le-priorita-lavoro-giovani-e-sociale\/#breadcrumb"},"inLanguage":"it-IT","potentialAction":[{"@type":"ReadAction","target":["https:\/\/www.intoscana.it\/it\/alla-toscana-piu-di-un-miliardo-di-euro-dal-fondo-sociale-europeo-le-priorita-lavoro-giovani-e-sociale\/"]}]},{"@type":"ImageObject","inLanguage":"it-IT","@id":"https:\/\/www.intoscana.it\/it\/alla-toscana-piu-di-un-miliardo-di-euro-dal-fondo-sociale-europeo-le-priorita-lavoro-giovani-e-sociale\/#primaryimage","url":"https:\/\/www.intoscana.it\/wp-content\/uploads\/maestri-orafi-al-lavoro-1.jpg","contentUrl":"https:\/\/www.intoscana.it\/wp-content\/uploads\/maestri-orafi-al-lavoro-1.jpg","width":1600,"height":1067,"caption":"lavoro giovani its"},{"@type":"BreadcrumbList","@id":"https:\/\/www.intoscana.it\/it\/alla-toscana-piu-di-un-miliardo-di-euro-dal-fondo-sociale-europeo-le-priorita-lavoro-giovani-e-sociale\/#breadcrumb","itemListElement":[{"@type":"ListItem","position":1,"name":"Home","item":"https:\/\/www.intoscana.it\/it\/"},{"@type":"ListItem","position":2,"name":"Alla Toscana pi\u00f9 di un miliardo di euro dal Fondo sociale europeo, le priorit\u00e0: lavoro, giovani e sociale"}]},{"@type":"WebSite","@id":"https:\/\/www.intoscana.it\/it\/#website","url":"https:\/\/www.intoscana.it\/it\/","name":"intoscana","description":"","potentialAction":[{"@type":"SearchAction","target":{"@type":"EntryPoint","urlTemplate":"https:\/\/www.intoscana.it\/it\/?s={search_term_string}"},"query-input":{"@type":"PropertyValueSpecification","valueRequired":true,"valueName":"search_term_string"}}],"inLanguage":"it-IT"},{"@type":"Person","@id":"https:\/\/www.intoscana.it\/it\/#\/schema\/person\/9223810753230f20bd670fdd322661f8","name":"Redazione","url":"https:\/\/www.intoscana.it\/it\/author\/redazione\/"}]}},"_links":{"self":[{"href":"https:\/\/www.intoscana.it\/it\/wp-json\/wp\/v2\/posts\/244300","targetHints":{"allow":["GET"]}}],"collection":[{"href":"https:\/\/www.intoscana.it\/it\/wp-json\/wp\/v2\/posts"}],"about":[{"href":"https:\/\/www.intoscana.it\/it\/wp-json\/wp\/v2\/types\/post"}],"author":[{"embeddable":true,"href":"https:\/\/www.intoscana.it\/it\/wp-json\/wp\/v2\/users\/525"}],"replies":[{"embeddable":true,"href":"https:\/\/www.intoscana.it\/it\/wp-json\/wp\/v2\/comments?post=244300"}],"version-history":[{"count":0,"href":"https:\/\/www.intoscana.it\/it\/wp-json\/wp\/v2\/posts\/244300\/revisions"}],"wp:featuredmedia":[{"embeddable":true,"href":"https:\/\/www.intoscana.it\/it\/wp-json\/wp\/v2\/media\/207456"}],"wp:attachment":[{"href":"https:\/\/www.intoscana.it\/it\/wp-json\/wp\/v2\/media?parent=244300"}],"wp:term":[{"taxonomy":"category","embeddable":true,"href":"https:\/\/www.intoscana.it\/it\/wp-json\/wp\/v2\/categories?post=244300"},{"taxonomy":"post_tag","embeddable":true,"href":"https:\/\/www.intoscana.it\/it\/wp-json\/wp\/v2\/tags?post=244300"}],"curies":[{"name":"wp","href":"https:\/\/api.w.org\/{rel}","templated":true}]}}