{"id":244449,"date":"2022-08-29T09:15:40","date_gmt":"2022-08-29T07:15:40","guid":{"rendered":"https:\/\/www.intoscana.it\/it\/?p=244449"},"modified":"2022-08-29T09:15:40","modified_gmt":"2022-08-29T07:15:40","slug":"moda-e-musica-si-incontrano-a-firenze-con-vinokilo-e-il-lasciati-fiorire-festival","status":"publish","type":"post","link":"https:\/\/www.intoscana.it\/it\/moda-e-musica-si-incontrano-a-firenze-con-vinokilo-e-il-lasciati-fiorire-festival\/","title":{"rendered":"Moda e musica si incontrano a Firenze con Vinokilo e il Lasciati Fiorire Festival"},"content":{"rendered":"<p>Alla <strong>Limonaia di Villa Strozzi<\/strong> a Firenze<strong> dal 1\u00b0 al 4 settembre<\/strong> si terranno quattro giorni di <strong>musica, talk e shopping sostenibile <\/strong>grazie al <strong>Vinokilo Vintage Market<\/strong> e al festival <strong>Lasciati Fiorire<\/strong> organizzato dall&#8217;associazione <strong>Fiore sul Vulcano.<\/strong><\/p>\n<p>Durante la quattro giorni ci saranno ospiti del calibro di <strong>Sergio Staino e i Socialisti Gaudenti<\/strong> che parleranno della satira contemporanea, <strong>Paolo Armelli e Valerio Bellini<\/strong> con un incontro dedicato alla &#8220;regina&#8221; Raffaella Carr\u00e0 e <strong>Violetta Benini<\/strong> che spiegher\u00e0 i segreti della sessualit\u00e0.<\/p>\n<p>Tra i concerti segnaliamo i live di: <strong>Bruno Belissimo, Zeronauta, Cassandra, Loren, Aida e Street Clerks.<\/strong> Tra i dj set anche <strong>Ghiaccioli e Branzini<\/strong> da poco ospite al <a href=\"https:\/\/www.intoscana.it\/it\/articolo\/jova-beach-party-viareggio-2022\/\" target=\"_blank\" rel=\"noopener\"><strong>Jova Beach Party<\/strong>.<\/a><\/p>\n<h3>Cos&#8217;\u00e8 il Vinokilo Vintage Market<\/h3>\n<p>Dal 1 al 4 settembre 2022 tutti i giorni <strong>dalle ore 10 alle 22<\/strong>\u00a0si terr\u00e0 a Firenze la pi\u00f9 grande vendita di vestiti vintage d\u2019Europa grazie al\u00a0<strong>Vinokilo Vintage Market.<\/strong><\/p>\n<p><strong>Vinokilo<\/strong> \u00e8 un festival che si sta facendo conoscere in sempre pi\u00f9 citt\u00e0 italiane ed europee per promuovere<strong> l&#8217;economia circolare e la sostenibilit\u00e0<\/strong> a partire dai <strong>vestiti che indossiamo tutti i giorni.<\/strong><\/p>\n<p>Il progetto \u00e8 nato<strong> in Germania nel 2016<\/strong> dall\u2019idea del giovane imprenditore <strong>Robin Balser<\/strong> e in poco tempo si \u00e8 fatto conoscere in tutta Europa sbarcando da qualche anno e con successo anche in Italia.<\/p>\n<p>Si tratta di <strong>un mercato &#8220;pop-up&#8221; (cio\u00e8 temporaneo) di abiti usati,<\/strong> ma non solo, \u00e8 anche un\u2019idea per trasformare la <strong>moda etica<\/strong> in un\u2019esperienza a cui <strong>tutti possono prendere parte<\/strong>, diventandone i protagonisti.<\/p>\n<p><strong>Vinokilo<\/strong> \u00e8 infatti un esperimento di <strong>economia circolare:<\/strong> si pu\u00f2 comprare, ma <strong>si pu\u00f2 anche partecipare attivamente portando vestiti dismessi.<\/strong> Si ottiene cos\u00ec uno sconto sui nuovi acquisti fino al 30%.\u00a0La sua unicit\u00e0 sta anche nel modo in cui si compra:<strong> i pezzi vengono pagati &#8220;al chilo&#8221;.<\/strong><\/p>\n<p>Alla <strong>Limonaia di Villa Strozzi<\/strong> si potranno trovare pezzi unici di abbigliamento, tra modelli vintage e diverse tipologie di abiti usati come <strong>giacche, cappotti, jeans e camicie, ma anche tantissimi accessori come borse, scarpe e bigiotteria.\u00a0<\/strong>Biglietti per il vintage market 3\u20ac disponibili sul sito online.<\/p>\n<figure id=\"post-244456 media-244456\" class=\"align-none\"><img decoding=\"async\" src=\"https:\/\/www.intoscana.it\/wp-content\/uploads\/Bannerinternational_3864acef-06c4-4f7d-b2e6-ad5345fd08ce.jpeg\" alt=\"\" \/><\/figure>\n<h3>Il programma musicale<\/h3>\n<p>Tutti i giorni alla Limonaia di Villa Strozzi dalle 18 ci sar\u00e0 la selezione musicale del <strong>Lasciati Fiorire Festival<\/strong> a cura dell\u2019<strong>Associazione Culturale Fiore sul Vulcano<\/strong>.\u00a0Ingresso Festival 7\u20ac (con accesso gratuito al vintage market!)<\/p>\n<p><strong>Gioved\u00ec 1 Settembre<\/strong><br \/>\nOre 18 &#8211; <strong>Ghiaccioli e Branzini<\/strong> dj set<br \/>\nOre 20 &#8211; <strong>Sergio Staino + Socialisti Gaudenti<\/strong> talk a cura di Novaradio:\u00a0<em><strong>L\u2019evoluzione della satira: dalla vignetta al meme<\/strong><\/em><br \/>\nOre 21:30 &#8211; <strong><a href=\"https:\/\/www.intoscana.it\/it\/articolo\/bruno-belissimo-buh\/\" target=\"_blank\" rel=\"noopener\">Bruno Belissimo<\/a> live<\/strong><\/p>\n<p><strong>Venerd\u00ec 2 Settembre<\/strong><br \/>\nOre 18 &#8211; Vinokilosoundsystem dj set<br \/>\nOre 21 &#8211; <strong>Zeronauta<\/strong> live<br \/>\nOre 22 &#8211; <a href=\"https:\/\/www.intoscana.it\/it\/podcast\/i-fiorentini-cassandra-al-debutto-discografico-con-campo-di-marte\/\" target=\"_blank\" rel=\"noopener\"><strong>Cassandra<\/strong> <\/a>live<br \/>\nOre 23 &#8211; <strong>Loren live<\/strong><br \/>\nAcoustic set: Lupineri \u2022 Cosimo Malamadre \u2022 La Canaglia<br \/>\nMezzanotte &#8211; Indie dj set<\/p>\n<p><strong>Sabato 3 settembre<\/strong><br \/>\nOre 18 &#8211; Barretta dj set<br \/>\nOre 20:30 &#8211; <strong>Aida<\/strong> live<br \/>\nOre 21:30 &#8211; <a href=\"https:\/\/www.intoscana.it\/it\/articolo\/street-clerks-glue\/\" target=\"_blank\" rel=\"noopener\"><strong>Street Clerks<\/strong><\/a> live<br \/>\nMezzanotte &#8211; Indie dj set<\/p>\n<p><strong>Domenica 4 settembre<\/strong><br \/>\nOre 15 &#8211; Co.Lore + Lunatica dj set<br \/>\nOre 16:30 &#8211;<strong> Paolo Armelli + Valerio Bellini<\/strong> talk:\u00a0<em><strong>L\u2019arte di essere Raffaella Carr\u00e0<\/strong><\/em><br \/>\nOre 18 &#8211; <strong>Nicola Mondaini + Violeta Benini<\/strong> talk a cura di Novaradio:\u00a0<em><strong>Scienza d\u2019amore: incontro tra lo yin e lo yang della sessualit\u00e0<\/strong><\/em><\/p>\n","protected":false},"excerpt":{"rendered":"<p>Dal 1\u00b0 al 4 settembre alla Limonaia di Villa Strozzi quattro giorni di musica, talk e shopping sostenibile, ospiti: Sergio Staino, Violeta Benini e i concerti di Cassandra, Loren, Street Clerks, Bruno Belissimo, Aida, Zeronauta e il dj set di Ghiaccioli e Branzini<\/p>\n","protected":false},"author":518,"featured_media":244457,"comment_status":"open","ping_status":"open","sticky":false,"template":"","format":"standard","meta":{"_acf_changed":false,"footnotes":""},"categories":[493],"tags":[216,228,202,189],"class_list":["post-244449","post","type-post","status-publish","format-standard","has-post-thumbnail","hentry","category-cultura","tag-concerti","tag-festival","tag-firenze","tag-moda"],"acf":[],"yoast_head":"<!-- This site is optimized with the Yoast SEO Premium plugin v24.2 (Yoast SEO v25.6) - https:\/\/yoast.com\/wordpress\/plugins\/seo\/ -->\n<title>Moda e musica si incontrano a Firenze con Vinokilo e il Lasciati Fiorire Festival - intoscana<\/title>\n<meta name=\"description\" content=\"Dal 1\u00b0 al 4 settembre alla Limonaia di Villa Strozzi 4 giorni di musica, talk e shopping sostenibile e live di Cassandra, Loren, Street Clerks\" \/>\n<meta name=\"robots\" content=\"index, follow, max-snippet:-1, max-image-preview:large, max-video-preview:-1\" \/>\n<link rel=\"canonical\" href=\"https:\/\/www.intoscana.it\/it\/moda-e-musica-si-incontrano-a-firenze-con-vinokilo-e-il-lasciati-fiorire-festival\/\" \/>\n<meta property=\"og:locale\" content=\"it_IT\" \/>\n<meta property=\"og:type\" content=\"article\" \/>\n<meta property=\"og:title\" content=\"Moda e musica si incontrano a Firenze con Vinokilo e il Lasciati Fiorire Festival\" \/>\n<meta property=\"og:description\" content=\"Dal 1\u00b0 al 4 settembre alla Limonaia di Villa Strozzi 4 giorni di musica, talk e shopping sostenibile e live di Cassandra, Loren, Street Clerks\" \/>\n<meta property=\"og:url\" content=\"https:\/\/www.intoscana.it\/it\/moda-e-musica-si-incontrano-a-firenze-con-vinokilo-e-il-lasciati-fiorire-festival\/\" \/>\n<meta property=\"og:site_name\" content=\"intoscana\" \/>\n<meta property=\"article:publisher\" content=\"https:\/\/www.facebook.com\/intoscana.it\" \/>\n<meta property=\"article:published_time\" content=\"2022-08-29T07:15:40+00:00\" \/>\n<meta property=\"og:image\" content=\"https:\/\/www.intoscana.it\/wp-content\/uploads\/Vinokilo-mercatini-vintage.jpeg\" \/>\n\t<meta property=\"og:image:width\" content=\"960\" \/>\n\t<meta property=\"og:image:height\" content=\"768\" \/>\n\t<meta property=\"og:image:type\" content=\"image\/jpeg\" \/>\n<meta name=\"author\" content=\"Costanza Baldini\" \/>\n<meta name=\"twitter:card\" content=\"summary_large_image\" \/>\n<meta name=\"twitter:creator\" content=\"@intoscana\" \/>\n<meta name=\"twitter:site\" content=\"@intoscana\" \/>\n<meta name=\"twitter:label1\" content=\"Written by\" \/>\n\t<meta name=\"twitter:data1\" content=\"Costanza Baldini\" \/>\n\t<meta name=\"twitter:label2\" content=\"Est. reading time\" \/>\n\t<meta name=\"twitter:data2\" content=\"2 minuti\" \/>\n<script type=\"application\/ld+json\" class=\"yoast-schema-graph\">{\"@context\":\"https:\/\/schema.org\",\"@graph\":[{\"@type\":\"WebPage\",\"@id\":\"https:\/\/www.intoscana.it\/it\/moda-e-musica-si-incontrano-a-firenze-con-vinokilo-e-il-lasciati-fiorire-festival\/\",\"url\":\"https:\/\/www.intoscana.it\/it\/moda-e-musica-si-incontrano-a-firenze-con-vinokilo-e-il-lasciati-fiorire-festival\/\",\"name\":\"Moda e musica si incontrano a Firenze con Vinokilo e il Lasciati Fiorire Festival - intoscana\",\"isPartOf\":{\"@id\":\"https:\/\/www.intoscana.it\/it\/#website\"},\"primaryImageOfPage\":{\"@id\":\"https:\/\/www.intoscana.it\/it\/moda-e-musica-si-incontrano-a-firenze-con-vinokilo-e-il-lasciati-fiorire-festival\/#primaryimage\"},\"image\":{\"@id\":\"https:\/\/www.intoscana.it\/it\/moda-e-musica-si-incontrano-a-firenze-con-vinokilo-e-il-lasciati-fiorire-festival\/#primaryimage\"},\"thumbnailUrl\":\"https:\/\/www.intoscana.it\/wp-content\/uploads\/Vinokilo-mercatini-vintage.jpeg\",\"datePublished\":\"2022-08-29T07:15:40+00:00\",\"author\":{\"@id\":\"https:\/\/www.intoscana.it\/it\/#\/schema\/person\/d469f35f09739bdf00bf5dd3f0647a82\"},\"description\":\"Dal 1\u00b0 al 4 settembre alla Limonaia di Villa Strozzi 4 giorni di musica, talk e shopping sostenibile e live di Cassandra, Loren, Street Clerks\",\"breadcrumb\":{\"@id\":\"https:\/\/www.intoscana.it\/it\/moda-e-musica-si-incontrano-a-firenze-con-vinokilo-e-il-lasciati-fiorire-festival\/#breadcrumb\"},\"inLanguage\":\"it-IT\",\"potentialAction\":[{\"@type\":\"ReadAction\",\"target\":[\"https:\/\/www.intoscana.it\/it\/moda-e-musica-si-incontrano-a-firenze-con-vinokilo-e-il-lasciati-fiorire-festival\/\"]}]},{\"@type\":\"ImageObject\",\"inLanguage\":\"it-IT\",\"@id\":\"https:\/\/www.intoscana.it\/it\/moda-e-musica-si-incontrano-a-firenze-con-vinokilo-e-il-lasciati-fiorire-festival\/#primaryimage\",\"url\":\"https:\/\/www.intoscana.it\/wp-content\/uploads\/Vinokilo-mercatini-vintage.jpeg\",\"contentUrl\":\"https:\/\/www.intoscana.it\/wp-content\/uploads\/Vinokilo-mercatini-vintage.jpeg\",\"width\":960,\"height\":768},{\"@type\":\"BreadcrumbList\",\"@id\":\"https:\/\/www.intoscana.it\/it\/moda-e-musica-si-incontrano-a-firenze-con-vinokilo-e-il-lasciati-fiorire-festival\/#breadcrumb\",\"itemListElement\":[{\"@type\":\"ListItem\",\"position\":1,\"name\":\"Home\",\"item\":\"https:\/\/www.intoscana.it\/it\/\"},{\"@type\":\"ListItem\",\"position\":2,\"name\":\"Moda e musica si incontrano a Firenze con Vinokilo e il Lasciati Fiorire Festival\"}]},{\"@type\":\"WebSite\",\"@id\":\"https:\/\/www.intoscana.it\/it\/#website\",\"url\":\"https:\/\/www.intoscana.it\/it\/\",\"name\":\"intoscana\",\"description\":\"\",\"potentialAction\":[{\"@type\":\"SearchAction\",\"target\":{\"@type\":\"EntryPoint\",\"urlTemplate\":\"https:\/\/www.intoscana.it\/it\/?s={search_term_string}\"},\"query-input\":{\"@type\":\"PropertyValueSpecification\",\"valueRequired\":true,\"valueName\":\"search_term_string\"}}],\"inLanguage\":\"it-IT\"},{\"@type\":\"Person\",\"@id\":\"https:\/\/www.intoscana.it\/it\/#\/schema\/person\/d469f35f09739bdf00bf5dd3f0647a82\",\"name\":\"Costanza Baldini\",\"url\":\"https:\/\/www.intoscana.it\/it\/author\/costanza-baldini\/\"}]}<\/script>\n<!-- \/ Yoast SEO Premium plugin. -->","yoast_head_json":{"title":"Moda e musica si incontrano a Firenze con Vinokilo e il Lasciati Fiorire Festival - intoscana","description":"Dal 1\u00b0 al 4 settembre alla Limonaia di Villa Strozzi 4 giorni di musica, talk e shopping sostenibile e live di Cassandra, Loren, Street Clerks","robots":{"index":"index","follow":"follow","max-snippet":"max-snippet:-1","max-image-preview":"max-image-preview:large","max-video-preview":"max-video-preview:-1"},"canonical":"https:\/\/www.intoscana.it\/it\/moda-e-musica-si-incontrano-a-firenze-con-vinokilo-e-il-lasciati-fiorire-festival\/","og_locale":"it_IT","og_type":"article","og_title":"Moda e musica si incontrano a Firenze con Vinokilo e il Lasciati Fiorire Festival","og_description":"Dal 1\u00b0 al 4 settembre alla Limonaia di Villa Strozzi 4 giorni di musica, talk e shopping sostenibile e live di Cassandra, Loren, Street Clerks","og_url":"https:\/\/www.intoscana.it\/it\/moda-e-musica-si-incontrano-a-firenze-con-vinokilo-e-il-lasciati-fiorire-festival\/","og_site_name":"intoscana","article_publisher":"https:\/\/www.facebook.com\/intoscana.it","article_published_time":"2022-08-29T07:15:40+00:00","og_image":[{"width":960,"height":768,"url":"https:\/\/www.intoscana.it\/wp-content\/uploads\/Vinokilo-mercatini-vintage.jpeg","type":"image\/jpeg"}],"author":"Costanza Baldini","twitter_card":"summary_large_image","twitter_creator":"@intoscana","twitter_site":"@intoscana","twitter_misc":{"Written by":"Costanza Baldini","Est. reading time":"2 minuti"},"schema":{"@context":"https:\/\/schema.org","@graph":[{"@type":"WebPage","@id":"https:\/\/www.intoscana.it\/it\/moda-e-musica-si-incontrano-a-firenze-con-vinokilo-e-il-lasciati-fiorire-festival\/","url":"https:\/\/www.intoscana.it\/it\/moda-e-musica-si-incontrano-a-firenze-con-vinokilo-e-il-lasciati-fiorire-festival\/","name":"Moda e musica si incontrano a Firenze con Vinokilo e il Lasciati Fiorire Festival - intoscana","isPartOf":{"@id":"https:\/\/www.intoscana.it\/it\/#website"},"primaryImageOfPage":{"@id":"https:\/\/www.intoscana.it\/it\/moda-e-musica-si-incontrano-a-firenze-con-vinokilo-e-il-lasciati-fiorire-festival\/#primaryimage"},"image":{"@id":"https:\/\/www.intoscana.it\/it\/moda-e-musica-si-incontrano-a-firenze-con-vinokilo-e-il-lasciati-fiorire-festival\/#primaryimage"},"thumbnailUrl":"https:\/\/www.intoscana.it\/wp-content\/uploads\/Vinokilo-mercatini-vintage.jpeg","datePublished":"2022-08-29T07:15:40+00:00","author":{"@id":"https:\/\/www.intoscana.it\/it\/#\/schema\/person\/d469f35f09739bdf00bf5dd3f0647a82"},"description":"Dal 1\u00b0 al 4 settembre alla Limonaia di Villa Strozzi 4 giorni di musica, talk e shopping sostenibile e live di Cassandra, Loren, Street Clerks","breadcrumb":{"@id":"https:\/\/www.intoscana.it\/it\/moda-e-musica-si-incontrano-a-firenze-con-vinokilo-e-il-lasciati-fiorire-festival\/#breadcrumb"},"inLanguage":"it-IT","potentialAction":[{"@type":"ReadAction","target":["https:\/\/www.intoscana.it\/it\/moda-e-musica-si-incontrano-a-firenze-con-vinokilo-e-il-lasciati-fiorire-festival\/"]}]},{"@type":"ImageObject","inLanguage":"it-IT","@id":"https:\/\/www.intoscana.it\/it\/moda-e-musica-si-incontrano-a-firenze-con-vinokilo-e-il-lasciati-fiorire-festival\/#primaryimage","url":"https:\/\/www.intoscana.it\/wp-content\/uploads\/Vinokilo-mercatini-vintage.jpeg","contentUrl":"https:\/\/www.intoscana.it\/wp-content\/uploads\/Vinokilo-mercatini-vintage.jpeg","width":960,"height":768},{"@type":"BreadcrumbList","@id":"https:\/\/www.intoscana.it\/it\/moda-e-musica-si-incontrano-a-firenze-con-vinokilo-e-il-lasciati-fiorire-festival\/#breadcrumb","itemListElement":[{"@type":"ListItem","position":1,"name":"Home","item":"https:\/\/www.intoscana.it\/it\/"},{"@type":"ListItem","position":2,"name":"Moda e musica si incontrano a Firenze con Vinokilo e il Lasciati Fiorire Festival"}]},{"@type":"WebSite","@id":"https:\/\/www.intoscana.it\/it\/#website","url":"https:\/\/www.intoscana.it\/it\/","name":"intoscana","description":"","potentialAction":[{"@type":"SearchAction","target":{"@type":"EntryPoint","urlTemplate":"https:\/\/www.intoscana.it\/it\/?s={search_term_string}"},"query-input":{"@type":"PropertyValueSpecification","valueRequired":true,"valueName":"search_term_string"}}],"inLanguage":"it-IT"},{"@type":"Person","@id":"https:\/\/www.intoscana.it\/it\/#\/schema\/person\/d469f35f09739bdf00bf5dd3f0647a82","name":"Costanza Baldini","url":"https:\/\/www.intoscana.it\/it\/author\/costanza-baldini\/"}]}},"_links":{"self":[{"href":"https:\/\/www.intoscana.it\/it\/wp-json\/wp\/v2\/posts\/244449","targetHints":{"allow":["GET"]}}],"collection":[{"href":"https:\/\/www.intoscana.it\/it\/wp-json\/wp\/v2\/posts"}],"about":[{"href":"https:\/\/www.intoscana.it\/it\/wp-json\/wp\/v2\/types\/post"}],"author":[{"embeddable":true,"href":"https:\/\/www.intoscana.it\/it\/wp-json\/wp\/v2\/users\/518"}],"replies":[{"embeddable":true,"href":"https:\/\/www.intoscana.it\/it\/wp-json\/wp\/v2\/comments?post=244449"}],"version-history":[{"count":0,"href":"https:\/\/www.intoscana.it\/it\/wp-json\/wp\/v2\/posts\/244449\/revisions"}],"wp:featuredmedia":[{"embeddable":true,"href":"https:\/\/www.intoscana.it\/it\/wp-json\/wp\/v2\/media\/244457"}],"wp:attachment":[{"href":"https:\/\/www.intoscana.it\/it\/wp-json\/wp\/v2\/media?parent=244449"}],"wp:term":[{"taxonomy":"category","embeddable":true,"href":"https:\/\/www.intoscana.it\/it\/wp-json\/wp\/v2\/categories?post=244449"},{"taxonomy":"post_tag","embeddable":true,"href":"https:\/\/www.intoscana.it\/it\/wp-json\/wp\/v2\/tags?post=244449"}],"curies":[{"name":"wp","href":"https:\/\/api.w.org\/{rel}","templated":true}]}}