{"id":244480,"date":"2022-08-29T09:39:42","date_gmt":"2022-08-29T07:39:42","guid":{"rendered":"https:\/\/www.intoscana.it\/it\/?p=244480"},"modified":"2022-08-30T10:01:49","modified_gmt":"2022-08-30T08:01:49","slug":"covid-19-in-toscana-i-nuovi-casi-sono-276-eta-media-49-anni-nessun-decesso","status":"publish","type":"post","link":"https:\/\/www.intoscana.it\/it\/covid-19-in-toscana-i-nuovi-casi-sono-276-eta-media-49-anni-nessun-decesso\/","title":{"rendered":"Covid-19: in Toscana i nuovi casi sono 276. Et\u00e0 media 49 anni. Nessun decesso"},"content":{"rendered":"<p>In Toscana sono <strong>1.374.149 i casi di positivit\u00e0 al Coronavirus<\/strong>, 276 in pi\u00f9 rispetto a ieri (74 confermati con tampone molecolare e 202 da test rapido antigenico). I nuovi casi sono lo 0,02% in pi\u00f9 rispetto al totale del giorno precedente. I guariti crescono dello 0,01% e raggiungono quota 1.280.987 (93,2% dei casi totali).<\/p>\n<p>Oggi sono stati eseguiti<strong> 277 tamponi molecolari e 1.857 tamponi antigenici rapidi,<\/strong> di questi il 12,9% \u00e8 risultato positivo. Sono invece <strong>439 i soggetti testati oggi<\/strong> (con tampone antigenico e\/o molecolare, escludendo i tamponi di controllo), di cui il 62,9% \u00e8 risultato positivo. Gli attualmente positivi sono oggi 82.530, +0,1% rispetto a ieri. <strong>I ricoverati sono 286<\/strong> (18 in meno rispetto a ieri), di cui 10 in terapia intensiva (4 in pi\u00f9). Oggi non si registrano nuovi decessi.<\/p>\n<p>L&#8217;et\u00e0 media dei 276 nuovi positivi odierni \u00e8 di <strong>49 anni circa<\/strong> (12% ha meno di 20 anni, 17% tra 20 e 39 anni, 38% tra 40 e 59 anni, 24% tra 60 e 79 anni, 9% ha 80 anni o pi\u00f9).<\/p>\n<h3>I casi di positivit\u00e0 sul territorio<\/h3>\n<p>Di seguito i <strong>casi di positivit\u00e0 sul territorio<\/strong> con la variazione rispetto a ieri (74 confermati con tampone molecolare e 202 da test rapido antigenico). Sono 375.768 i casi complessivi ad oggi a Firenze (60 in pi\u00f9 rispetto a ieri), 92.237 a Prato (23 in pi\u00f9), 108.284 a Pistoia (22 in pi\u00f9), 68.843 a Massa (20 in pi\u00f9), 146.682 a Lucca (27 in pi\u00f9), 159.416 a Pisa (22 in pi\u00f9), 124.183 a Livorno (34 in pi\u00f9), 124.303 ad Arezzo (27 in pi\u00f9), 98.494 a Siena (18 in pi\u00f9), 75.384 a Grosseto (23 in pi\u00f9). Sono 555 i casi positivi notificati in Toscana, ma residenti in altre regioni.<\/p>\n<p><strong>Sono 110 i casi riscontrati oggi nell&#8217;Asl Centro, 98 nella Nord Ovest, 68 nella Sud est.<\/strong><\/p>\n<p>La Toscana si trova al <strong>10\u00b0 posto in Italia come numerosit\u00e0 di casi<\/strong> (comprensivi di residenti e non residenti), con circa 37.211 casi per 100.000 abitanti (media italiana circa 36.813 x100.000, dato di ieri). Le province di notifica con il tasso pi\u00f9 alto sono Lucca con 38.203 casi x100.000 abitanti, Pisa con 38.139, Livorno con 37.746, la pi\u00f9 bassa Grosseto con 34.604.<\/p>\n<p>Complessivamente, <strong>82.244 persone sono in isolamento a casa,<\/strong> poich\u00e9 presentano sintomi lievi che non richiedono cure ospedaliere, o risultano prive di sintomi (108 in pi\u00f9 rispetto a ieri, pi\u00f9 0,1%).<\/p>\n<p><strong>Le persone ricoverate nei posti letto<\/strong> dedicati ai pazienti COVID oggi <strong>sono complessivamente 286<\/strong> (18 in meno rispetto a ieri, meno 5,9%), 10 in terapia intensiva (4 in pi\u00f9 rispetto a ieri, pi\u00f9 66,7%).<\/p>\n<p><strong>Le persone complessivamente guarite sono 1.280.987<\/strong> (186 in pi\u00f9 rispetto a ieri, pi\u00f9 0,01%): 0 persone clinicamente guarite (stabili rispetto a ieri), divenute cio\u00e8 asintomatiche dopo aver presentato manifestazioni cliniche associate all&#8217;infezione e 1.280.987 (186 in pi\u00f9 rispetto a ieri, pi\u00f9 0,01%) dichiarate guarite a tutti gli effetti, le cosiddette guarigioni virali, con tampone negativo.<\/p>\n<h3>Oggi non si registrano nuovi decessi<\/h3>\n<p>Restano quindi <strong>10.632 i deceduti dall&#8217;inizio dell&#8217;epidemia<\/strong> cosi ripartiti: 3.331 a Firenze, 868 a Prato, 959 a Pistoia, 681 a Massa Carrara, 1.006 a Lucca, 1.207 a Pisa, 807 a Livorno, 669 ad Arezzo, 555 a Siena, 397 a Grosseto, 152 persone sono decedute sul suolo toscano ma erano residenti fuori regione.<\/p>\n<p>Il tasso grezzo di mortalit\u00e0 toscano (numero di deceduti\/popolazione residente) per Covid-19 \u00e8 di 287,9 x100.000 residenti contro il 296 x100.000 della media italiana (9\u00b0 regione). Per quanto riguarda le province,<strong> il tasso di mortalit\u00e0 pi\u00f9 alto si riscontra a Massa Carrara<\/strong> (358,7 x100.000), Firenze (333,6 x100.000) e Pistoia (330,4 x100.000), il pi\u00f9 basso a Grosseto (182,2 x100.000).<\/p>\n","protected":false},"excerpt":{"rendered":"<p>Oggi sono stati eseguiti 277 tamponi molecolari e 1.857 tamponi antigenici rapidi, di questi il 12,9% \u00e8 risultato positivo. Sono invece 439 i soggetti testati oggi di cui il 62,9% \u00e8 risultato positivo. I ricoverati sono 286<\/p>\n","protected":false},"author":525,"featured_media":191044,"comment_status":"open","ping_status":"open","sticky":false,"template":"","format":"standard","meta":{"_acf_changed":false,"footnotes":""},"categories":[494],"tags":[4868,418],"class_list":["post-244480","post","type-post","status-publish","format-standard","has-post-thumbnail","hentry","category-attualita","tag-bollettino-covid-toscana","tag-covid-19"],"acf":[],"yoast_head":"<!-- This site is optimized with the Yoast SEO Premium plugin v24.2 (Yoast SEO v25.6) - https:\/\/yoast.com\/wordpress\/plugins\/seo\/ -->\n<title>Covid-19: in Toscana i nuovi casi sono 276. Et\u00e0 media 49 anni. Nessun decesso - intoscana<\/title>\n<meta name=\"description\" content=\"Oggi sono stati eseguiti 277 tamponi molecolari e 1.857 tamponi antigenici rapidi, i ricoverati in ospedale sono 286\" \/>\n<meta name=\"robots\" content=\"index, follow, max-snippet:-1, max-image-preview:large, max-video-preview:-1\" \/>\n<link rel=\"canonical\" href=\"https:\/\/www.intoscana.it\/it\/covid-19-in-toscana-i-nuovi-casi-sono-276-eta-media-49-anni-nessun-decesso\/\" \/>\n<meta property=\"og:locale\" content=\"it_IT\" \/>\n<meta property=\"og:type\" content=\"article\" \/>\n<meta property=\"og:title\" content=\"Covid-19: in Toscana i nuovi casi sono 276. Et\u00e0 media 49 anni. Nessun decesso\" \/>\n<meta property=\"og:description\" content=\"Oggi sono stati eseguiti 277 tamponi molecolari e 1.857 tamponi antigenici rapidi, i ricoverati in ospedale sono 286\" \/>\n<meta property=\"og:url\" content=\"https:\/\/www.intoscana.it\/it\/covid-19-in-toscana-i-nuovi-casi-sono-276-eta-media-49-anni-nessun-decesso\/\" \/>\n<meta property=\"og:site_name\" content=\"intoscana\" \/>\n<meta property=\"article:publisher\" content=\"https:\/\/www.facebook.com\/intoscana.it\" \/>\n<meta property=\"article:published_time\" content=\"2022-08-29T07:39:42+00:00\" \/>\n<meta property=\"article:modified_time\" content=\"2022-08-30T08:01:49+00:00\" \/>\n<meta property=\"og:image\" content=\"https:\/\/www.intoscana.it\/wp-content\/uploads\/Ragazze-con-mascherina-Masao-Mask-Unsplash.jpg\" \/>\n\t<meta property=\"og:image:width\" content=\"1920\" \/>\n\t<meta property=\"og:image:height\" content=\"1280\" \/>\n\t<meta property=\"og:image:type\" content=\"image\/jpeg\" \/>\n<meta name=\"author\" content=\"Redazione\" \/>\n<meta name=\"twitter:card\" content=\"summary_large_image\" \/>\n<meta name=\"twitter:creator\" content=\"@intoscana\" \/>\n<meta name=\"twitter:site\" content=\"@intoscana\" \/>\n<meta name=\"twitter:label1\" content=\"Written by\" \/>\n\t<meta name=\"twitter:data1\" content=\"Redazione\" \/>\n\t<meta name=\"twitter:label2\" content=\"Est. reading time\" \/>\n\t<meta name=\"twitter:data2\" content=\"2 minuti\" \/>\n<script type=\"application\/ld+json\" class=\"yoast-schema-graph\">{\"@context\":\"https:\/\/schema.org\",\"@graph\":[{\"@type\":\"WebPage\",\"@id\":\"https:\/\/www.intoscana.it\/it\/covid-19-in-toscana-i-nuovi-casi-sono-276-eta-media-49-anni-nessun-decesso\/\",\"url\":\"https:\/\/www.intoscana.it\/it\/covid-19-in-toscana-i-nuovi-casi-sono-276-eta-media-49-anni-nessun-decesso\/\",\"name\":\"Covid-19: in Toscana i nuovi casi sono 276. Et\u00e0 media 49 anni. Nessun decesso - intoscana\",\"isPartOf\":{\"@id\":\"https:\/\/www.intoscana.it\/it\/#website\"},\"primaryImageOfPage\":{\"@id\":\"https:\/\/www.intoscana.it\/it\/covid-19-in-toscana-i-nuovi-casi-sono-276-eta-media-49-anni-nessun-decesso\/#primaryimage\"},\"image\":{\"@id\":\"https:\/\/www.intoscana.it\/it\/covid-19-in-toscana-i-nuovi-casi-sono-276-eta-media-49-anni-nessun-decesso\/#primaryimage\"},\"thumbnailUrl\":\"https:\/\/www.intoscana.it\/wp-content\/uploads\/Ragazze-con-mascherina-Masao-Mask-Unsplash.jpg\",\"datePublished\":\"2022-08-29T07:39:42+00:00\",\"dateModified\":\"2022-08-30T08:01:49+00:00\",\"author\":{\"@id\":\"https:\/\/www.intoscana.it\/it\/#\/schema\/person\/9223810753230f20bd670fdd322661f8\"},\"description\":\"Oggi sono stati eseguiti 277 tamponi molecolari e 1.857 tamponi antigenici rapidi, i ricoverati in ospedale sono 286\",\"breadcrumb\":{\"@id\":\"https:\/\/www.intoscana.it\/it\/covid-19-in-toscana-i-nuovi-casi-sono-276-eta-media-49-anni-nessun-decesso\/#breadcrumb\"},\"inLanguage\":\"it-IT\",\"potentialAction\":[{\"@type\":\"ReadAction\",\"target\":[\"https:\/\/www.intoscana.it\/it\/covid-19-in-toscana-i-nuovi-casi-sono-276-eta-media-49-anni-nessun-decesso\/\"]}]},{\"@type\":\"ImageObject\",\"inLanguage\":\"it-IT\",\"@id\":\"https:\/\/www.intoscana.it\/it\/covid-19-in-toscana-i-nuovi-casi-sono-276-eta-media-49-anni-nessun-decesso\/#primaryimage\",\"url\":\"https:\/\/www.intoscana.it\/wp-content\/uploads\/Ragazze-con-mascherina-Masao-Mask-Unsplash.jpg\",\"contentUrl\":\"https:\/\/www.intoscana.it\/wp-content\/uploads\/Ragazze-con-mascherina-Masao-Mask-Unsplash.jpg\",\"width\":1920,\"height\":1280,\"caption\":\"Ragazze con mascherina\"},{\"@type\":\"BreadcrumbList\",\"@id\":\"https:\/\/www.intoscana.it\/it\/covid-19-in-toscana-i-nuovi-casi-sono-276-eta-media-49-anni-nessun-decesso\/#breadcrumb\",\"itemListElement\":[{\"@type\":\"ListItem\",\"position\":1,\"name\":\"Home\",\"item\":\"https:\/\/www.intoscana.it\/it\/\"},{\"@type\":\"ListItem\",\"position\":2,\"name\":\"Covid-19: in Toscana i nuovi casi sono 276. Et\u00e0 media 49 anni. Nessun decesso\"}]},{\"@type\":\"WebSite\",\"@id\":\"https:\/\/www.intoscana.it\/it\/#website\",\"url\":\"https:\/\/www.intoscana.it\/it\/\",\"name\":\"intoscana\",\"description\":\"\",\"potentialAction\":[{\"@type\":\"SearchAction\",\"target\":{\"@type\":\"EntryPoint\",\"urlTemplate\":\"https:\/\/www.intoscana.it\/it\/?s={search_term_string}\"},\"query-input\":{\"@type\":\"PropertyValueSpecification\",\"valueRequired\":true,\"valueName\":\"search_term_string\"}}],\"inLanguage\":\"it-IT\"},{\"@type\":\"Person\",\"@id\":\"https:\/\/www.intoscana.it\/it\/#\/schema\/person\/9223810753230f20bd670fdd322661f8\",\"name\":\"Redazione\",\"url\":\"https:\/\/www.intoscana.it\/it\/author\/redazione\/\"}]}<\/script>\n<!-- \/ Yoast SEO Premium plugin. -->","yoast_head_json":{"title":"Covid-19: in Toscana i nuovi casi sono 276. Et\u00e0 media 49 anni. Nessun decesso - intoscana","description":"Oggi sono stati eseguiti 277 tamponi molecolari e 1.857 tamponi antigenici rapidi, i ricoverati in ospedale sono 286","robots":{"index":"index","follow":"follow","max-snippet":"max-snippet:-1","max-image-preview":"max-image-preview:large","max-video-preview":"max-video-preview:-1"},"canonical":"https:\/\/www.intoscana.it\/it\/covid-19-in-toscana-i-nuovi-casi-sono-276-eta-media-49-anni-nessun-decesso\/","og_locale":"it_IT","og_type":"article","og_title":"Covid-19: in Toscana i nuovi casi sono 276. Et\u00e0 media 49 anni. Nessun decesso","og_description":"Oggi sono stati eseguiti 277 tamponi molecolari e 1.857 tamponi antigenici rapidi, i ricoverati in ospedale sono 286","og_url":"https:\/\/www.intoscana.it\/it\/covid-19-in-toscana-i-nuovi-casi-sono-276-eta-media-49-anni-nessun-decesso\/","og_site_name":"intoscana","article_publisher":"https:\/\/www.facebook.com\/intoscana.it","article_published_time":"2022-08-29T07:39:42+00:00","article_modified_time":"2022-08-30T08:01:49+00:00","og_image":[{"width":1920,"height":1280,"url":"https:\/\/www.intoscana.it\/wp-content\/uploads\/Ragazze-con-mascherina-Masao-Mask-Unsplash.jpg","type":"image\/jpeg"}],"author":"Redazione","twitter_card":"summary_large_image","twitter_creator":"@intoscana","twitter_site":"@intoscana","twitter_misc":{"Written by":"Redazione","Est. reading time":"2 minuti"},"schema":{"@context":"https:\/\/schema.org","@graph":[{"@type":"WebPage","@id":"https:\/\/www.intoscana.it\/it\/covid-19-in-toscana-i-nuovi-casi-sono-276-eta-media-49-anni-nessun-decesso\/","url":"https:\/\/www.intoscana.it\/it\/covid-19-in-toscana-i-nuovi-casi-sono-276-eta-media-49-anni-nessun-decesso\/","name":"Covid-19: in Toscana i nuovi casi sono 276. Et\u00e0 media 49 anni. Nessun decesso - intoscana","isPartOf":{"@id":"https:\/\/www.intoscana.it\/it\/#website"},"primaryImageOfPage":{"@id":"https:\/\/www.intoscana.it\/it\/covid-19-in-toscana-i-nuovi-casi-sono-276-eta-media-49-anni-nessun-decesso\/#primaryimage"},"image":{"@id":"https:\/\/www.intoscana.it\/it\/covid-19-in-toscana-i-nuovi-casi-sono-276-eta-media-49-anni-nessun-decesso\/#primaryimage"},"thumbnailUrl":"https:\/\/www.intoscana.it\/wp-content\/uploads\/Ragazze-con-mascherina-Masao-Mask-Unsplash.jpg","datePublished":"2022-08-29T07:39:42+00:00","dateModified":"2022-08-30T08:01:49+00:00","author":{"@id":"https:\/\/www.intoscana.it\/it\/#\/schema\/person\/9223810753230f20bd670fdd322661f8"},"description":"Oggi sono stati eseguiti 277 tamponi molecolari e 1.857 tamponi antigenici rapidi, i ricoverati in ospedale sono 286","breadcrumb":{"@id":"https:\/\/www.intoscana.it\/it\/covid-19-in-toscana-i-nuovi-casi-sono-276-eta-media-49-anni-nessun-decesso\/#breadcrumb"},"inLanguage":"it-IT","potentialAction":[{"@type":"ReadAction","target":["https:\/\/www.intoscana.it\/it\/covid-19-in-toscana-i-nuovi-casi-sono-276-eta-media-49-anni-nessun-decesso\/"]}]},{"@type":"ImageObject","inLanguage":"it-IT","@id":"https:\/\/www.intoscana.it\/it\/covid-19-in-toscana-i-nuovi-casi-sono-276-eta-media-49-anni-nessun-decesso\/#primaryimage","url":"https:\/\/www.intoscana.it\/wp-content\/uploads\/Ragazze-con-mascherina-Masao-Mask-Unsplash.jpg","contentUrl":"https:\/\/www.intoscana.it\/wp-content\/uploads\/Ragazze-con-mascherina-Masao-Mask-Unsplash.jpg","width":1920,"height":1280,"caption":"Ragazze con mascherina"},{"@type":"BreadcrumbList","@id":"https:\/\/www.intoscana.it\/it\/covid-19-in-toscana-i-nuovi-casi-sono-276-eta-media-49-anni-nessun-decesso\/#breadcrumb","itemListElement":[{"@type":"ListItem","position":1,"name":"Home","item":"https:\/\/www.intoscana.it\/it\/"},{"@type":"ListItem","position":2,"name":"Covid-19: in Toscana i nuovi casi sono 276. Et\u00e0 media 49 anni. Nessun decesso"}]},{"@type":"WebSite","@id":"https:\/\/www.intoscana.it\/it\/#website","url":"https:\/\/www.intoscana.it\/it\/","name":"intoscana","description":"","potentialAction":[{"@type":"SearchAction","target":{"@type":"EntryPoint","urlTemplate":"https:\/\/www.intoscana.it\/it\/?s={search_term_string}"},"query-input":{"@type":"PropertyValueSpecification","valueRequired":true,"valueName":"search_term_string"}}],"inLanguage":"it-IT"},{"@type":"Person","@id":"https:\/\/www.intoscana.it\/it\/#\/schema\/person\/9223810753230f20bd670fdd322661f8","name":"Redazione","url":"https:\/\/www.intoscana.it\/it\/author\/redazione\/"}]}},"_links":{"self":[{"href":"https:\/\/www.intoscana.it\/it\/wp-json\/wp\/v2\/posts\/244480","targetHints":{"allow":["GET"]}}],"collection":[{"href":"https:\/\/www.intoscana.it\/it\/wp-json\/wp\/v2\/posts"}],"about":[{"href":"https:\/\/www.intoscana.it\/it\/wp-json\/wp\/v2\/types\/post"}],"author":[{"embeddable":true,"href":"https:\/\/www.intoscana.it\/it\/wp-json\/wp\/v2\/users\/525"}],"replies":[{"embeddable":true,"href":"https:\/\/www.intoscana.it\/it\/wp-json\/wp\/v2\/comments?post=244480"}],"version-history":[{"count":0,"href":"https:\/\/www.intoscana.it\/it\/wp-json\/wp\/v2\/posts\/244480\/revisions"}],"wp:featuredmedia":[{"embeddable":true,"href":"https:\/\/www.intoscana.it\/it\/wp-json\/wp\/v2\/media\/191044"}],"wp:attachment":[{"href":"https:\/\/www.intoscana.it\/it\/wp-json\/wp\/v2\/media?parent=244480"}],"wp:term":[{"taxonomy":"category","embeddable":true,"href":"https:\/\/www.intoscana.it\/it\/wp-json\/wp\/v2\/categories?post=244480"},{"taxonomy":"post_tag","embeddable":true,"href":"https:\/\/www.intoscana.it\/it\/wp-json\/wp\/v2\/tags?post=244480"}],"curies":[{"name":"wp","href":"https:\/\/api.w.org\/{rel}","templated":true}]}}