{"id":244501,"date":"2022-08-29T11:03:19","date_gmt":"2022-08-29T09:03:19","guid":{"rendered":"https:\/\/www.intoscana.it\/it\/?p=244501"},"modified":"2022-08-29T12:35:26","modified_gmt":"2022-08-29T10:35:26","slug":"e-scomparso-monsignor-gastone-simoni-vescovo-della-citta-di-prato","status":"publish","type":"post","link":"https:\/\/www.intoscana.it\/it\/e-scomparso-monsignor-gastone-simoni-vescovo-della-citta-di-prato\/","title":{"rendered":"\u00c8 scomparso Monsignor Gastone Simoni, Vescovo della citt\u00e0 di Prato"},"content":{"rendered":"<p>\u00c8\u00a0morto a 85 anni\u00a0<strong>Monsignor Gastone Simoni<\/strong>\u00a0che per 20 anni dal 1992 al 2012 \u00e8 stato il <strong>vescovo della diocesi di Prato.<\/strong><\/p>\n<p>Simoni \u00e8 riconosciuto tra<strong> i massimi esperti in Italia della Dottrina sociale della Chiesa<\/strong>. Lo rende noto la stessa diocesi pratese con <strong>l&#8217;attuale vescovo Giovanni Nerbini.<\/strong><\/p>\n<p><strong>Il vescovo Simoni aveva 85 anni<\/strong> ed \u00e8 deceduto nella <strong>Casa di Cura di Villa Torrigiani a Fiesole,<\/strong>\u00a0citt\u00e0 nella quale si era ritirato dopo aver lasciato per motivi di et\u00e0 la Chiesa pratese di cui \u00e8 rimasto vescovo emerito.<\/p>\n<p><strong>Monsignor Simoni<\/strong> era stato colpito da un ictus a met\u00e0 di agosto dopo un precedente, analogo episodio da cui si stava riprendendo.<\/p>\n<p>La diocesi ne ricorda la <strong>&#8220;figura amata e popolarissima di pastore<\/strong>, stimata trasversalmente dai pratesi, credenti e non, come <strong>punto di riferimento morale<\/strong> autorevole in due decenni cruciali di profondi cambiamenti sociali&#8221;.<\/p>\n<p>Considerato <strong>un apostolo del cattolicesimo sociale<\/strong> per il suo lungo impegno di animazione e di accompagnamento morale dei<strong> cattolici impegnati in politica,<\/strong> monsignor Simoni \u00e8 stato anche fondatore della rivista e del movimento &#8216;<strong>Supplemento d&#8217;anima&#8217;.<\/strong><\/p>\n<p><em>&#8220;Sentiamo il dolore<\/em> &#8211; sono state le prime parole dell&#8217;<strong>attuale vescovo di Prato, monsignor Giovanni Nerbini &#8211;<\/strong> <em>di una grave perdita, ma siamo grati al Signore per averci donato un grande Pastore che ha segnato la storia ecclesiale e civile di Prato&#8221;. Il vescovo Nerbini invita &#8220;tutti i cattolici pratesi a pregare per monsignor Simoni e a prepararsi all&#8217;addio corale di tutta la Chiesa&#8221;.<\/em><\/p>\n<h3>Il ricordo del cardinale Giuseppe Betori<\/h3>\n<p><em> &#8220;La scomparsa di Monsignor Gastone\u00a0Simoni ci addolora, a nome personale e di tutti i vescovi\u00a0toscani esprimo la vicinanza e ci uniamo alla preghiera del\u00a0vescovo Giovanni Nerbini, dei sacerdoti e dei fedeli della\u00a0diocesi di Prato. Affidiamo al Signore mons. Simoni che per\u00a0tutta la sua vita ha servito con dedizione e sapienza il Vangelo\u00a0e la Chiesa. Ha speso il suo ministero di prete, di vicario\u00a0generale della diocesi di Fiesole e poi i venti anni come\u00a0vescovo di Prato mettendo al centro le persone, il popolo di Dio\u00a0a lui affidato&#8221;.<\/em> Cos\u00ec in una nota il <strong>cardinale Giuseppe Betori,\u00a0arcivescovo di Firenze<\/strong> e presidente della Conferenza episcopale\u00a0Toscana, ricorda a nome di tutti i vescovi toscani il vescovo\u00a0emerito di Prato.<\/p>\n<p><strong>Di Simoni, prosegue Betori<\/strong>, <em>&#8220;ricordiamo la sua instancabile\u00a0opera di evangelizzazione e il costante impegno per il dialogo\u00a0con tutti, credenti e non credenti, guida saggia e sollecita\u00a0della diocesi, amato e stimato punto di riferimento per la\u00a0citt\u00e0. Cos\u00ec come rimane nella memoria di tutti noi il suo essere\u00a0stato apostolo della Dottrina sociale della Chiesa e il suo\u00a0lungo impegno a sostegno della presenza dei cattolici nella vita\u00a0politica. Spirito di carit\u00e0 e attenzione non sono mai mancati da\u00a0parte di mons. Simoni che si \u00e8 adoperato con generosit\u00e0 e tante\u00a0iniziative concrete per chi era in difficolt\u00e0 per il lavoro, per\u00a0i tanti immigrati, per i poveri, i giovani, le famiglie, le\u00a0persone disabili. Ringraziamo il Signore per averci donato un\u00a0vescovo come mons. Simoni e nella preghiera lo affidiamo al suo\u00a0abbraccio di misericordia&#8221;.\u00a0<\/em><\/p>\n<h3>I funerali mercoled\u00ec 31 agosto<\/h3>\n<p><strong>I funerali si svolgeranno mercoled\u00ec 31 agosto,\u00a0<\/strong>alle 10.30, nella<strong> cattedrale di Prato.<\/strong> Da oggi alle 17 invece la salma sar\u00e0 esposta nella<strong>\u00a0cattedrale di Fiesole<\/strong>, diocesi di cui Simoni era\u00a0originario ed \u00e8 stato vicario generale; alle 21 ci sar\u00e0 una\u00a0veglia di preghiera.<\/p>\n<p><strong>Domani alle 15 sempre nella cattedrale di\u00a0Fiesole<\/strong> &#8211; aperta dalle 8 &#8211; <strong>solenne messa di suffragio\u00a0<\/strong>presieduta dal vescovo di Fiesole monsignor Stefano Manetti e\u00a0concelebrata dal vescovo di Prato monsignor Giovanni Nerbini\u00a0insieme ai vescovi di origine fiesolana.<\/p>\n<p>Alle 17,30 di domani la salma di monsignor Simoni arriver\u00e0 a\u00a0Prato e soster\u00e0 nella chiesa di San Domenico per essere esposta\u00a0alla preghiera dei fedeli.<\/p>\n<p>Alle 21 recita del rosario presieduto\u00a0dal vescovo Giovanni Nerbini. La chiesa sar\u00e0 aperta fino a\u00a0mezzanotte. La salma sar\u00e0 poi trasferita alle 7 in cattedrale\u00a0per i funerali.<\/p>\n","protected":false},"excerpt":{"rendered":"<p>Simoni \u00e8 riconosciuto tra i massimi esperti in Italia della Dottrina sociale della Chiesa, \u00e8 stato anche fondatore della rivista &#8220;Supplemento d&#8217;anima&#8221;<\/p>\n","protected":false},"author":525,"featured_media":244535,"comment_status":"open","ping_status":"open","sticky":false,"template":"","format":"standard","meta":{"_acf_changed":false,"footnotes":""},"categories":[494],"tags":[259],"class_list":["post-244501","post","type-post","status-publish","format-standard","has-post-thumbnail","hentry","category-attualita","tag-prato"],"acf":[],"yoast_head":"<!-- This site is optimized with the Yoast SEO Premium plugin v24.2 (Yoast SEO v25.6) - https:\/\/yoast.com\/wordpress\/plugins\/seo\/ -->\n<title>\u00c8 scomparso Monsignor Gastone Simoni, Vescovo della citt\u00e0 di Prato - intoscana<\/title>\n<meta name=\"description\" content=\"Simoni \u00e8 riconosciuto tra i massimi esperti in Italia della Dottrina sociale della Chiesa, ha fondato la rivista &quot;Supplemento d&#039;anima&quot;\" \/>\n<meta name=\"robots\" content=\"index, follow, max-snippet:-1, max-image-preview:large, max-video-preview:-1\" \/>\n<link rel=\"canonical\" href=\"https:\/\/www.intoscana.it\/it\/e-scomparso-monsignor-gastone-simoni-vescovo-della-citta-di-prato\/\" \/>\n<meta property=\"og:locale\" content=\"it_IT\" \/>\n<meta property=\"og:type\" content=\"article\" \/>\n<meta property=\"og:title\" content=\"\u00c8 scomparso Monsignor Gastone Simoni, Vescovo della citt\u00e0 di Prato\" \/>\n<meta property=\"og:description\" content=\"Simoni \u00e8 riconosciuto tra i massimi esperti in Italia della Dottrina sociale della Chiesa, ha fondato la rivista &quot;Supplemento d&#039;anima&quot;\" \/>\n<meta property=\"og:url\" content=\"https:\/\/www.intoscana.it\/it\/e-scomparso-monsignor-gastone-simoni-vescovo-della-citta-di-prato\/\" \/>\n<meta property=\"og:site_name\" content=\"intoscana\" \/>\n<meta property=\"article:publisher\" content=\"https:\/\/www.facebook.com\/intoscana.it\" \/>\n<meta property=\"article:published_time\" content=\"2022-08-29T09:03:19+00:00\" \/>\n<meta property=\"article:modified_time\" content=\"2022-08-29T10:35:26+00:00\" \/>\n<meta property=\"og:image\" content=\"https:\/\/www.intoscana.it\/wp-content\/uploads\/simone-gastoni-vescovo-prato.jpeg\" \/>\n\t<meta property=\"og:image:width\" content=\"824\" \/>\n\t<meta property=\"og:image:height\" content=\"574\" \/>\n\t<meta property=\"og:image:type\" content=\"image\/jpeg\" \/>\n<meta name=\"author\" content=\"Redazione\" \/>\n<meta name=\"twitter:card\" content=\"summary_large_image\" \/>\n<meta name=\"twitter:creator\" content=\"@intoscana\" \/>\n<meta name=\"twitter:site\" content=\"@intoscana\" \/>\n<meta name=\"twitter:label1\" content=\"Written by\" \/>\n\t<meta name=\"twitter:data1\" content=\"Redazione\" \/>\n\t<meta name=\"twitter:label2\" content=\"Est. reading time\" \/>\n\t<meta name=\"twitter:data2\" content=\"3 minuti\" \/>\n<script type=\"application\/ld+json\" class=\"yoast-schema-graph\">{\"@context\":\"https:\/\/schema.org\",\"@graph\":[{\"@type\":\"WebPage\",\"@id\":\"https:\/\/www.intoscana.it\/it\/e-scomparso-monsignor-gastone-simoni-vescovo-della-citta-di-prato\/\",\"url\":\"https:\/\/www.intoscana.it\/it\/e-scomparso-monsignor-gastone-simoni-vescovo-della-citta-di-prato\/\",\"name\":\"\u00c8 scomparso Monsignor Gastone Simoni, Vescovo della citt\u00e0 di Prato - intoscana\",\"isPartOf\":{\"@id\":\"https:\/\/www.intoscana.it\/it\/#website\"},\"primaryImageOfPage\":{\"@id\":\"https:\/\/www.intoscana.it\/it\/e-scomparso-monsignor-gastone-simoni-vescovo-della-citta-di-prato\/#primaryimage\"},\"image\":{\"@id\":\"https:\/\/www.intoscana.it\/it\/e-scomparso-monsignor-gastone-simoni-vescovo-della-citta-di-prato\/#primaryimage\"},\"thumbnailUrl\":\"https:\/\/www.intoscana.it\/wp-content\/uploads\/simone-gastoni-vescovo-prato.jpeg\",\"datePublished\":\"2022-08-29T09:03:19+00:00\",\"dateModified\":\"2022-08-29T10:35:26+00:00\",\"author\":{\"@id\":\"https:\/\/www.intoscana.it\/it\/#\/schema\/person\/9223810753230f20bd670fdd322661f8\"},\"description\":\"Simoni \u00e8 riconosciuto tra i massimi esperti in Italia della Dottrina sociale della Chiesa, ha fondato la rivista \\\"Supplemento d'anima\\\"\",\"breadcrumb\":{\"@id\":\"https:\/\/www.intoscana.it\/it\/e-scomparso-monsignor-gastone-simoni-vescovo-della-citta-di-prato\/#breadcrumb\"},\"inLanguage\":\"it-IT\",\"potentialAction\":[{\"@type\":\"ReadAction\",\"target\":[\"https:\/\/www.intoscana.it\/it\/e-scomparso-monsignor-gastone-simoni-vescovo-della-citta-di-prato\/\"]}]},{\"@type\":\"ImageObject\",\"inLanguage\":\"it-IT\",\"@id\":\"https:\/\/www.intoscana.it\/it\/e-scomparso-monsignor-gastone-simoni-vescovo-della-citta-di-prato\/#primaryimage\",\"url\":\"https:\/\/www.intoscana.it\/wp-content\/uploads\/simone-gastoni-vescovo-prato.jpeg\",\"contentUrl\":\"https:\/\/www.intoscana.it\/wp-content\/uploads\/simone-gastoni-vescovo-prato.jpeg\",\"width\":824,\"height\":574,\"caption\":\"Gastone Simoni, vescovo emerito di Prato\"},{\"@type\":\"BreadcrumbList\",\"@id\":\"https:\/\/www.intoscana.it\/it\/e-scomparso-monsignor-gastone-simoni-vescovo-della-citta-di-prato\/#breadcrumb\",\"itemListElement\":[{\"@type\":\"ListItem\",\"position\":1,\"name\":\"Home\",\"item\":\"https:\/\/www.intoscana.it\/it\/\"},{\"@type\":\"ListItem\",\"position\":2,\"name\":\"\u00c8 scomparso Monsignor Gastone Simoni, Vescovo della citt\u00e0 di Prato\"}]},{\"@type\":\"WebSite\",\"@id\":\"https:\/\/www.intoscana.it\/it\/#website\",\"url\":\"https:\/\/www.intoscana.it\/it\/\",\"name\":\"intoscana\",\"description\":\"\",\"potentialAction\":[{\"@type\":\"SearchAction\",\"target\":{\"@type\":\"EntryPoint\",\"urlTemplate\":\"https:\/\/www.intoscana.it\/it\/?s={search_term_string}\"},\"query-input\":{\"@type\":\"PropertyValueSpecification\",\"valueRequired\":true,\"valueName\":\"search_term_string\"}}],\"inLanguage\":\"it-IT\"},{\"@type\":\"Person\",\"@id\":\"https:\/\/www.intoscana.it\/it\/#\/schema\/person\/9223810753230f20bd670fdd322661f8\",\"name\":\"Redazione\",\"url\":\"https:\/\/www.intoscana.it\/it\/author\/redazione\/\"}]}<\/script>\n<!-- \/ Yoast SEO Premium plugin. -->","yoast_head_json":{"title":"\u00c8 scomparso Monsignor Gastone Simoni, Vescovo della citt\u00e0 di Prato - intoscana","description":"Simoni \u00e8 riconosciuto tra i massimi esperti in Italia della Dottrina sociale della Chiesa, ha fondato la rivista \"Supplemento d'anima\"","robots":{"index":"index","follow":"follow","max-snippet":"max-snippet:-1","max-image-preview":"max-image-preview:large","max-video-preview":"max-video-preview:-1"},"canonical":"https:\/\/www.intoscana.it\/it\/e-scomparso-monsignor-gastone-simoni-vescovo-della-citta-di-prato\/","og_locale":"it_IT","og_type":"article","og_title":"\u00c8 scomparso Monsignor Gastone Simoni, Vescovo della citt\u00e0 di Prato","og_description":"Simoni \u00e8 riconosciuto tra i massimi esperti in Italia della Dottrina sociale della Chiesa, ha fondato la rivista \"Supplemento d'anima\"","og_url":"https:\/\/www.intoscana.it\/it\/e-scomparso-monsignor-gastone-simoni-vescovo-della-citta-di-prato\/","og_site_name":"intoscana","article_publisher":"https:\/\/www.facebook.com\/intoscana.it","article_published_time":"2022-08-29T09:03:19+00:00","article_modified_time":"2022-08-29T10:35:26+00:00","og_image":[{"width":824,"height":574,"url":"https:\/\/www.intoscana.it\/wp-content\/uploads\/simone-gastoni-vescovo-prato.jpeg","type":"image\/jpeg"}],"author":"Redazione","twitter_card":"summary_large_image","twitter_creator":"@intoscana","twitter_site":"@intoscana","twitter_misc":{"Written by":"Redazione","Est. reading time":"3 minuti"},"schema":{"@context":"https:\/\/schema.org","@graph":[{"@type":"WebPage","@id":"https:\/\/www.intoscana.it\/it\/e-scomparso-monsignor-gastone-simoni-vescovo-della-citta-di-prato\/","url":"https:\/\/www.intoscana.it\/it\/e-scomparso-monsignor-gastone-simoni-vescovo-della-citta-di-prato\/","name":"\u00c8 scomparso Monsignor Gastone Simoni, Vescovo della citt\u00e0 di Prato - intoscana","isPartOf":{"@id":"https:\/\/www.intoscana.it\/it\/#website"},"primaryImageOfPage":{"@id":"https:\/\/www.intoscana.it\/it\/e-scomparso-monsignor-gastone-simoni-vescovo-della-citta-di-prato\/#primaryimage"},"image":{"@id":"https:\/\/www.intoscana.it\/it\/e-scomparso-monsignor-gastone-simoni-vescovo-della-citta-di-prato\/#primaryimage"},"thumbnailUrl":"https:\/\/www.intoscana.it\/wp-content\/uploads\/simone-gastoni-vescovo-prato.jpeg","datePublished":"2022-08-29T09:03:19+00:00","dateModified":"2022-08-29T10:35:26+00:00","author":{"@id":"https:\/\/www.intoscana.it\/it\/#\/schema\/person\/9223810753230f20bd670fdd322661f8"},"description":"Simoni \u00e8 riconosciuto tra i massimi esperti in Italia della Dottrina sociale della Chiesa, ha fondato la rivista \"Supplemento d'anima\"","breadcrumb":{"@id":"https:\/\/www.intoscana.it\/it\/e-scomparso-monsignor-gastone-simoni-vescovo-della-citta-di-prato\/#breadcrumb"},"inLanguage":"it-IT","potentialAction":[{"@type":"ReadAction","target":["https:\/\/www.intoscana.it\/it\/e-scomparso-monsignor-gastone-simoni-vescovo-della-citta-di-prato\/"]}]},{"@type":"ImageObject","inLanguage":"it-IT","@id":"https:\/\/www.intoscana.it\/it\/e-scomparso-monsignor-gastone-simoni-vescovo-della-citta-di-prato\/#primaryimage","url":"https:\/\/www.intoscana.it\/wp-content\/uploads\/simone-gastoni-vescovo-prato.jpeg","contentUrl":"https:\/\/www.intoscana.it\/wp-content\/uploads\/simone-gastoni-vescovo-prato.jpeg","width":824,"height":574,"caption":"Gastone Simoni, vescovo emerito di Prato"},{"@type":"BreadcrumbList","@id":"https:\/\/www.intoscana.it\/it\/e-scomparso-monsignor-gastone-simoni-vescovo-della-citta-di-prato\/#breadcrumb","itemListElement":[{"@type":"ListItem","position":1,"name":"Home","item":"https:\/\/www.intoscana.it\/it\/"},{"@type":"ListItem","position":2,"name":"\u00c8 scomparso Monsignor Gastone Simoni, Vescovo della citt\u00e0 di Prato"}]},{"@type":"WebSite","@id":"https:\/\/www.intoscana.it\/it\/#website","url":"https:\/\/www.intoscana.it\/it\/","name":"intoscana","description":"","potentialAction":[{"@type":"SearchAction","target":{"@type":"EntryPoint","urlTemplate":"https:\/\/www.intoscana.it\/it\/?s={search_term_string}"},"query-input":{"@type":"PropertyValueSpecification","valueRequired":true,"valueName":"search_term_string"}}],"inLanguage":"it-IT"},{"@type":"Person","@id":"https:\/\/www.intoscana.it\/it\/#\/schema\/person\/9223810753230f20bd670fdd322661f8","name":"Redazione","url":"https:\/\/www.intoscana.it\/it\/author\/redazione\/"}]}},"_links":{"self":[{"href":"https:\/\/www.intoscana.it\/it\/wp-json\/wp\/v2\/posts\/244501","targetHints":{"allow":["GET"]}}],"collection":[{"href":"https:\/\/www.intoscana.it\/it\/wp-json\/wp\/v2\/posts"}],"about":[{"href":"https:\/\/www.intoscana.it\/it\/wp-json\/wp\/v2\/types\/post"}],"author":[{"embeddable":true,"href":"https:\/\/www.intoscana.it\/it\/wp-json\/wp\/v2\/users\/525"}],"replies":[{"embeddable":true,"href":"https:\/\/www.intoscana.it\/it\/wp-json\/wp\/v2\/comments?post=244501"}],"version-history":[{"count":0,"href":"https:\/\/www.intoscana.it\/it\/wp-json\/wp\/v2\/posts\/244501\/revisions"}],"wp:featuredmedia":[{"embeddable":true,"href":"https:\/\/www.intoscana.it\/it\/wp-json\/wp\/v2\/media\/244535"}],"wp:attachment":[{"href":"https:\/\/www.intoscana.it\/it\/wp-json\/wp\/v2\/media?parent=244501"}],"wp:term":[{"taxonomy":"category","embeddable":true,"href":"https:\/\/www.intoscana.it\/it\/wp-json\/wp\/v2\/categories?post=244501"},{"taxonomy":"post_tag","embeddable":true,"href":"https:\/\/www.intoscana.it\/it\/wp-json\/wp\/v2\/tags?post=244501"}],"curies":[{"name":"wp","href":"https:\/\/api.w.org\/{rel}","templated":true}]}}