{"id":244516,"date":"2022-08-29T11:37:26","date_gmt":"2022-08-29T09:37:26","guid":{"rendered":"https:\/\/www.intoscana.it\/it\/?p=244516"},"modified":"2022-08-29T11:38:54","modified_gmt":"2022-08-29T09:38:54","slug":"afghanistan-firenze-arif-profugo-videomaker","status":"publish","type":"post","link":"https:\/\/www.intoscana.it\/it\/afghanistan-firenze-arif-profugo-videomaker\/","title":{"rendered":"Dall&#8217;Afghanistan a Firenze: Arif, profugo e videomaker, racconta in video il suo paese"},"content":{"rendered":"<p><strong>La fuga dall&#8217;Afghanistan dopo l&#8217;ascesa al potere dei talebani<\/strong>, l&#8217;arrivo in Italia e poi in Toscana, dove cerca di ricostruirsi una nuova vita. \u00c8 la storia Arif Takveen, fotografo e videomaker, che da maggio \u00e8 stato accolto in una struttura di Villa Monticini a Tavarnuzze che fa parte della rete Sai-Sistema Accoglienza Integrazione, gestita dalla <strong>Fondazione Solidariet\u00e0 Caritas Onlus di Firenze.<\/strong><\/p>\n<h3>La fuga dal nuovo regime dei talebani<\/h3>\n<p><strong>Il ricordo peggiore di Arif Takveen sono i due giorni passati nell&#8217;aeroporto di Kabul,<\/strong> un anno fa, in bilico tra il suo Paese e il resto del mondo, il regime e la libert\u00e0, la persecuzione e la salvezza. I talebani avevano da poco preso il potere dell&#8217;Afghanistan. <em>\u201cSono riuscito a varcare la porta dell&#8217;aeroporto, dietro di me una folla di persone invece non ce l&#8217;ha fatta\u201d<\/em> ricorda. Arif \u00e8 riuscito, dopo 48 lunghissime ore, a<strong> salire su un volo ed \u00e8 arrivato in Italia:<\/strong> ha trascorso alcune settimane a Roma, qualche mese nel Centro di Accoglienza Straordinaria di Perugia prima di essere accolto appunto a Firenze.<\/p>\n<p><strong>Qui studia l&#8217;italiano e sogna di portare avanti quelle che sono le sue passioni e in Afghanistan erano anche un lavoro: la fotografia e il cinema.<\/strong> Arif, 32 anni, infatti \u00e8 un fotografo e videomaker, ha collaborato con l&#8217;associazione Bamiyan Culture and Art House, organizzando festival, spettacoli di teatro e documentari, dando voce alle donne afghane e raccontando la condizione femminile nel Paese. Ha lavorato con molti gruppi artistici nazionali e internazionali, e con l&#8217;Afghan Film Directorate, che \u00e8 un dipartimento del governo.<\/p>\n<figure id=\"post-244520 media-244520\" class=\"align-none\"><\/figure>\n<div class=\"titleimg\">\n<figure id=\"post-244524 media-244524\" class=\"align-none\"><img decoding=\"async\" src=\"https:\/\/www.intoscana.it\/wp-content\/uploads\/foto-Arif-3-scaled.jpg\" alt=\"\" \/><\/figure>\n<div class=\"titleimg\">L\u2019Afghanistan negli scatti di Arif Takveen &#8211; \u00a9 Arif Takveen<\/div>\n<\/div>\n<p><strong>Dopo essersi trasferito a Kabul ha collaborato con Aga Khan Foundation Afghanistan portando in scena le leggende tradizionali afghane,<\/strong> un patrimonio culturale tramandato solo oralmente. Ha vinto numerosi premi nel suo Paese e fuori, ma per la sua appartenenza a una minoranza etnica e per la sua attivit\u00e0 e i temi trattati, quando i telabani hanno riconquistato il potere nell&#8217;estate 2021 \u00e8 stato costretto a fuggire, lasciando l\u00ec a malincuore la sua famiglia.<\/p>\n<p><strong><em>\u201cNon era pi\u00f9 l&#8217;Afghanistan che conoscevo\u201d<\/em><\/strong> racconta. <em>\u201cQuando i talebani sono arrivati a Bamiyan ero l\u00ec per attivit\u00e0 teatrali e ho visto con i miei occhi quando hanno sparato ai Buddha. Era impossibile abituarmi a vedere giovani di 16 anni girare armati di fucile e compiere reati in nome della religione, ma che in realt\u00e0 sono con l&#8217;Islam: i talebani conoscono solo la lingua della violenza, non il dialogo\u201d.<\/em><\/p>\n<h3>Una nuova vita in Toscana<\/h3>\n<p>Il suo Afghanistan, quello che si porta nel cuore, quello fatto di donne e uomini e di paesaggi unici, Arif lo ha raccontato sabato sera durante la presentazione di <strong>un reportage fotografico e di due documentari che portano la sua firma<\/strong>: la serata \u201cRaccontando Arif&#8230; percorsi di libert\u00e0 artistica nell\u2019oppressione\u201d si \u00e8 tenuta a Casa Corelli a Firenze, promossa da Fondazione Solidariet\u00e0 Caritas Onlus, Comune di Firenze e Sai.<br \/>\n<strong>Arif vorrebbe continuare a lavorare nel mondo del cinema, della fotografia e del teatro,<\/strong> per questo sta studiando giorno e notte l&#8217;italiano, con determinazione e impegno (quando \u00e8 arrivato a Firenze non conosceva una parola di italiano, ora lo comprende) nella speranza di trovare al pi\u00f9 presto un lavoro che gli permetta di uscire dalla struttura Sai e crearsi una nuova vita e un futuro.<\/p>\n<p>Gli operatori di Fondazione Solidariet\u00e0 Caritas lo stanno aiutando a trovare la sua strada anche in Italia. \u201c<em>L&#8217;obiettivo del Sistema Accoglienza Integrazione<\/em> &#8211; spiega Vincenzo Lucchetti, presidente della Fondazione Solidariet\u00e0 Caritas &#8211; <em><strong>\u00e8 il raggiungimento dell\u2019autonomia individuale dei beneficiari accolti, intesa come una loro effettiva emancipazione dal bisogno di ricevere assistenza.<\/strong> Ogni ospite viene assistito da un&#8217;equipe multidisciplinare, e segue un percorso personalizzato, diventando protagonista attivo del proprio progetto di accoglienza e di inclusione sociale\u201d.<\/em><\/p>\n","protected":false},"excerpt":{"rendered":"<p>Arif Takveen, fuggito dopo l&#8217;ascesa al potere dei talebani, \u00e8 accolto in una struttura Sai gestita da Fondazione Solidariet\u00e0 Caritas<\/p>\n","protected":false},"author":525,"featured_media":244522,"comment_status":"open","ping_status":"open","sticky":false,"template":"","format":"standard","meta":{"_acf_changed":false,"footnotes":""},"categories":[4],"tags":[6142,5049],"class_list":["post-244516","post","type-post","status-publish","format-standard","has-post-thumbnail","hentry","category-storie","tag-afghanistan","tag-caritas"],"acf":[],"yoast_head":"<!-- This site is optimized with the Yoast SEO Premium plugin v24.2 (Yoast SEO v25.6) - https:\/\/yoast.com\/wordpress\/plugins\/seo\/ -->\n<title>Dall&#039;Afghanistan a Firenze: Arif, profugo e videomaker, racconta in video il suo paese - intoscana<\/title>\n<meta name=\"robots\" content=\"index, follow, max-snippet:-1, max-image-preview:large, max-video-preview:-1\" \/>\n<link rel=\"canonical\" href=\"https:\/\/www.intoscana.it\/it\/afghanistan-firenze-arif-profugo-videomaker\/\" \/>\n<meta property=\"og:locale\" content=\"it_IT\" \/>\n<meta property=\"og:type\" content=\"article\" \/>\n<meta property=\"og:title\" content=\"Dall&#039;Afghanistan a Firenze: Arif, profugo e videomaker, racconta in video il suo paese\" \/>\n<meta property=\"og:description\" content=\"Arif Takveen, fuggito dopo l&#039;ascesa al potere dei talebani, \u00e8 accolto in una struttura Sai gestita da Fondazione Solidariet\u00e0 Caritas\" \/>\n<meta property=\"og:url\" content=\"https:\/\/www.intoscana.it\/it\/afghanistan-firenze-arif-profugo-videomaker\/\" \/>\n<meta property=\"og:site_name\" content=\"intoscana\" \/>\n<meta property=\"article:publisher\" content=\"https:\/\/www.facebook.com\/intoscana.it\" \/>\n<meta property=\"article:published_time\" content=\"2022-08-29T09:37:26+00:00\" \/>\n<meta property=\"article:modified_time\" content=\"2022-08-29T09:38:54+00:00\" \/>\n<meta property=\"og:image\" content=\"https:\/\/www.intoscana.it\/wp-content\/uploads\/foto-Arif-1-scaled.jpg\" \/>\n\t<meta property=\"og:image:width\" content=\"2048\" \/>\n\t<meta property=\"og:image:height\" content=\"1365\" \/>\n\t<meta property=\"og:image:type\" content=\"image\/jpeg\" \/>\n<meta name=\"author\" content=\"Redazione\" \/>\n<meta name=\"twitter:card\" content=\"summary_large_image\" \/>\n<meta name=\"twitter:creator\" content=\"@intoscana\" \/>\n<meta name=\"twitter:site\" content=\"@intoscana\" \/>\n<meta name=\"twitter:label1\" content=\"Written by\" \/>\n\t<meta name=\"twitter:data1\" content=\"Redazione\" \/>\n\t<meta name=\"twitter:label2\" content=\"Est. reading time\" \/>\n\t<meta name=\"twitter:data2\" content=\"3 minuti\" \/>\n<script type=\"application\/ld+json\" class=\"yoast-schema-graph\">{\"@context\":\"https:\/\/schema.org\",\"@graph\":[{\"@type\":\"WebPage\",\"@id\":\"https:\/\/www.intoscana.it\/it\/afghanistan-firenze-arif-profugo-videomaker\/\",\"url\":\"https:\/\/www.intoscana.it\/it\/afghanistan-firenze-arif-profugo-videomaker\/\",\"name\":\"Dall'Afghanistan a Firenze: Arif, profugo e videomaker, racconta in video il suo paese - intoscana\",\"isPartOf\":{\"@id\":\"https:\/\/www.intoscana.it\/it\/#website\"},\"primaryImageOfPage\":{\"@id\":\"https:\/\/www.intoscana.it\/it\/afghanistan-firenze-arif-profugo-videomaker\/#primaryimage\"},\"image\":{\"@id\":\"https:\/\/www.intoscana.it\/it\/afghanistan-firenze-arif-profugo-videomaker\/#primaryimage\"},\"thumbnailUrl\":\"https:\/\/www.intoscana.it\/wp-content\/uploads\/foto-Arif-1-scaled.jpg\",\"datePublished\":\"2022-08-29T09:37:26+00:00\",\"dateModified\":\"2022-08-29T09:38:54+00:00\",\"author\":{\"@id\":\"https:\/\/www.intoscana.it\/it\/#\/schema\/person\/9223810753230f20bd670fdd322661f8\"},\"breadcrumb\":{\"@id\":\"https:\/\/www.intoscana.it\/it\/afghanistan-firenze-arif-profugo-videomaker\/#breadcrumb\"},\"inLanguage\":\"it-IT\",\"potentialAction\":[{\"@type\":\"ReadAction\",\"target\":[\"https:\/\/www.intoscana.it\/it\/afghanistan-firenze-arif-profugo-videomaker\/\"]}]},{\"@type\":\"ImageObject\",\"inLanguage\":\"it-IT\",\"@id\":\"https:\/\/www.intoscana.it\/it\/afghanistan-firenze-arif-profugo-videomaker\/#primaryimage\",\"url\":\"https:\/\/www.intoscana.it\/wp-content\/uploads\/foto-Arif-1-scaled.jpg\",\"contentUrl\":\"https:\/\/www.intoscana.it\/wp-content\/uploads\/foto-Arif-1-scaled.jpg\",\"width\":2048,\"height\":1365,\"caption\":\"L'Afghanistan negli scatti di Arif Takveen\"},{\"@type\":\"BreadcrumbList\",\"@id\":\"https:\/\/www.intoscana.it\/it\/afghanistan-firenze-arif-profugo-videomaker\/#breadcrumb\",\"itemListElement\":[{\"@type\":\"ListItem\",\"position\":1,\"name\":\"Home\",\"item\":\"https:\/\/www.intoscana.it\/it\/\"},{\"@type\":\"ListItem\",\"position\":2,\"name\":\"Dall&#8217;Afghanistan a Firenze: Arif, profugo e videomaker, racconta in video il suo paese\"}]},{\"@type\":\"WebSite\",\"@id\":\"https:\/\/www.intoscana.it\/it\/#website\",\"url\":\"https:\/\/www.intoscana.it\/it\/\",\"name\":\"intoscana\",\"description\":\"\",\"potentialAction\":[{\"@type\":\"SearchAction\",\"target\":{\"@type\":\"EntryPoint\",\"urlTemplate\":\"https:\/\/www.intoscana.it\/it\/?s={search_term_string}\"},\"query-input\":{\"@type\":\"PropertyValueSpecification\",\"valueRequired\":true,\"valueName\":\"search_term_string\"}}],\"inLanguage\":\"it-IT\"},{\"@type\":\"Person\",\"@id\":\"https:\/\/www.intoscana.it\/it\/#\/schema\/person\/9223810753230f20bd670fdd322661f8\",\"name\":\"Redazione\",\"url\":\"https:\/\/www.intoscana.it\/it\/author\/redazione\/\"}]}<\/script>\n<!-- \/ Yoast SEO Premium plugin. -->","yoast_head_json":{"title":"Dall'Afghanistan a Firenze: Arif, profugo e videomaker, racconta in video il suo paese - intoscana","robots":{"index":"index","follow":"follow","max-snippet":"max-snippet:-1","max-image-preview":"max-image-preview:large","max-video-preview":"max-video-preview:-1"},"canonical":"https:\/\/www.intoscana.it\/it\/afghanistan-firenze-arif-profugo-videomaker\/","og_locale":"it_IT","og_type":"article","og_title":"Dall'Afghanistan a Firenze: Arif, profugo e videomaker, racconta in video il suo paese","og_description":"Arif Takveen, fuggito dopo l'ascesa al potere dei talebani, \u00e8 accolto in una struttura Sai gestita da Fondazione Solidariet\u00e0 Caritas","og_url":"https:\/\/www.intoscana.it\/it\/afghanistan-firenze-arif-profugo-videomaker\/","og_site_name":"intoscana","article_publisher":"https:\/\/www.facebook.com\/intoscana.it","article_published_time":"2022-08-29T09:37:26+00:00","article_modified_time":"2022-08-29T09:38:54+00:00","og_image":[{"width":2048,"height":1365,"url":"https:\/\/www.intoscana.it\/wp-content\/uploads\/foto-Arif-1-scaled.jpg","type":"image\/jpeg"}],"author":"Redazione","twitter_card":"summary_large_image","twitter_creator":"@intoscana","twitter_site":"@intoscana","twitter_misc":{"Written by":"Redazione","Est. reading time":"3 minuti"},"schema":{"@context":"https:\/\/schema.org","@graph":[{"@type":"WebPage","@id":"https:\/\/www.intoscana.it\/it\/afghanistan-firenze-arif-profugo-videomaker\/","url":"https:\/\/www.intoscana.it\/it\/afghanistan-firenze-arif-profugo-videomaker\/","name":"Dall'Afghanistan a Firenze: Arif, profugo e videomaker, racconta in video il suo paese - intoscana","isPartOf":{"@id":"https:\/\/www.intoscana.it\/it\/#website"},"primaryImageOfPage":{"@id":"https:\/\/www.intoscana.it\/it\/afghanistan-firenze-arif-profugo-videomaker\/#primaryimage"},"image":{"@id":"https:\/\/www.intoscana.it\/it\/afghanistan-firenze-arif-profugo-videomaker\/#primaryimage"},"thumbnailUrl":"https:\/\/www.intoscana.it\/wp-content\/uploads\/foto-Arif-1-scaled.jpg","datePublished":"2022-08-29T09:37:26+00:00","dateModified":"2022-08-29T09:38:54+00:00","author":{"@id":"https:\/\/www.intoscana.it\/it\/#\/schema\/person\/9223810753230f20bd670fdd322661f8"},"breadcrumb":{"@id":"https:\/\/www.intoscana.it\/it\/afghanistan-firenze-arif-profugo-videomaker\/#breadcrumb"},"inLanguage":"it-IT","potentialAction":[{"@type":"ReadAction","target":["https:\/\/www.intoscana.it\/it\/afghanistan-firenze-arif-profugo-videomaker\/"]}]},{"@type":"ImageObject","inLanguage":"it-IT","@id":"https:\/\/www.intoscana.it\/it\/afghanistan-firenze-arif-profugo-videomaker\/#primaryimage","url":"https:\/\/www.intoscana.it\/wp-content\/uploads\/foto-Arif-1-scaled.jpg","contentUrl":"https:\/\/www.intoscana.it\/wp-content\/uploads\/foto-Arif-1-scaled.jpg","width":2048,"height":1365,"caption":"L'Afghanistan negli scatti di Arif Takveen"},{"@type":"BreadcrumbList","@id":"https:\/\/www.intoscana.it\/it\/afghanistan-firenze-arif-profugo-videomaker\/#breadcrumb","itemListElement":[{"@type":"ListItem","position":1,"name":"Home","item":"https:\/\/www.intoscana.it\/it\/"},{"@type":"ListItem","position":2,"name":"Dall&#8217;Afghanistan a Firenze: Arif, profugo e videomaker, racconta in video il suo paese"}]},{"@type":"WebSite","@id":"https:\/\/www.intoscana.it\/it\/#website","url":"https:\/\/www.intoscana.it\/it\/","name":"intoscana","description":"","potentialAction":[{"@type":"SearchAction","target":{"@type":"EntryPoint","urlTemplate":"https:\/\/www.intoscana.it\/it\/?s={search_term_string}"},"query-input":{"@type":"PropertyValueSpecification","valueRequired":true,"valueName":"search_term_string"}}],"inLanguage":"it-IT"},{"@type":"Person","@id":"https:\/\/www.intoscana.it\/it\/#\/schema\/person\/9223810753230f20bd670fdd322661f8","name":"Redazione","url":"https:\/\/www.intoscana.it\/it\/author\/redazione\/"}]}},"_links":{"self":[{"href":"https:\/\/www.intoscana.it\/it\/wp-json\/wp\/v2\/posts\/244516","targetHints":{"allow":["GET"]}}],"collection":[{"href":"https:\/\/www.intoscana.it\/it\/wp-json\/wp\/v2\/posts"}],"about":[{"href":"https:\/\/www.intoscana.it\/it\/wp-json\/wp\/v2\/types\/post"}],"author":[{"embeddable":true,"href":"https:\/\/www.intoscana.it\/it\/wp-json\/wp\/v2\/users\/525"}],"replies":[{"embeddable":true,"href":"https:\/\/www.intoscana.it\/it\/wp-json\/wp\/v2\/comments?post=244516"}],"version-history":[{"count":0,"href":"https:\/\/www.intoscana.it\/it\/wp-json\/wp\/v2\/posts\/244516\/revisions"}],"wp:featuredmedia":[{"embeddable":true,"href":"https:\/\/www.intoscana.it\/it\/wp-json\/wp\/v2\/media\/244522"}],"wp:attachment":[{"href":"https:\/\/www.intoscana.it\/it\/wp-json\/wp\/v2\/media?parent=244516"}],"wp:term":[{"taxonomy":"category","embeddable":true,"href":"https:\/\/www.intoscana.it\/it\/wp-json\/wp\/v2\/categories?post=244516"},{"taxonomy":"post_tag","embeddable":true,"href":"https:\/\/www.intoscana.it\/it\/wp-json\/wp\/v2\/tags?post=244516"}],"curies":[{"name":"wp","href":"https:\/\/api.w.org\/{rel}","templated":true}]}}