{"id":244553,"date":"2022-08-29T15:02:13","date_gmt":"2022-08-29T13:02:13","guid":{"rendered":"https:\/\/www.intoscana.it\/it\/?p=244553"},"modified":"2022-08-29T15:09:59","modified_gmt":"2022-08-29T13:09:59","slug":"torna-la-citta-dei-lettori-14-giornate-di-eventi-con-i-protagonisti-della-letteratura-contemporanea","status":"publish","type":"post","link":"https:\/\/www.intoscana.it\/it\/torna-la-citta-dei-lettori-14-giornate-di-eventi-con-i-protagonisti-della-letteratura-contemporanea\/","title":{"rendered":"Torna &#8220;La citt\u00e0 dei lettori&#8221;: 14 giornate di eventi con i protagonisti della letteratura contemporanea"},"content":{"rendered":"<p>In un&#8217;epoca di <strong>guerre, cambiamento climatico, pandemie e le vicine elezioni politiche<\/strong> forse c&#8217;\u00e8 ancora qualcosa che pu\u00f2 riuscire ad unire le persone:<strong> la cultura.<\/strong><\/p>\n<p><em><strong>&#8220;Leggere ci unisce&#8221;<\/strong><\/em> \u00e8 lo slogan da cui riparte il festival <em><strong>&#8220;La citt\u00e0 dei lettori&#8221;<\/strong><\/em> che dopo la sfavillante edizione primaverile torna in <strong>sei comuni della Toscana<\/strong> con tantissimi eventi e ospiti prestigiosi <strong>dal 1\u00b0 settembre al 29 ottobre.<\/strong><\/p>\n<p><em>\u201c<strong>Firenze, Grosseto, Arezzo, Lucca, Villamagna e Monteriggioni<\/strong> sono state le prime tappe toscane del nostro programma. Sei festival che hanno raccolto consenso, entusiasmo e una straordinaria partecipazione di pubblico\u201d<\/em> \u2013 dice <strong>Gabriele Ametrano, direttore del progetto e presidente dell\u2019Associazione Wimbledon APS<\/strong>. <em>\u201cDal primo settembre torniamo nel territorio della Citt\u00e0 Metropolitana di Firenze con altri sei festival: un lungo percorso culturale e letterario ricco di approfondimenti e riflessioni sul contemporaneo a partire dalle pagine dei libri delle autrici e degli autori invitati. Possiamo dire che La citt\u00e0 dei lettori \u00e8 oggi il primo progetto culturale toscano in cui le collaborazioni tra realt\u00e0 culturali, amministrazioni comunali, istituzioni e sostenitori privati trovano coordinamento e univoca missione nel promuovere la lettura. Leggere cambia tutto e ci unisce: con La citt\u00e0 dei lettori possiamo affermarlo con certezza&#8221;.<\/em><\/p>\n<figure id=\"post-244556 media-244556\" class=\"align-none\"><img decoding=\"async\" src=\"https:\/\/www.intoscana.it\/wp-content\/uploads\/Gaia-Nanni-2.jpg\" alt=\"\" \/><\/figure>\n<div class=\"titleimg\">Gaia Nanni<\/div>\n<h3>La citt\u00e0 dei lettori: tutti gli ospiti<\/h3>\n<p>Una lettura di Elsa Morante interpretata da<strong> Iaia Forte,<\/strong> la lectio di <strong>Paolo Nori<\/strong> su Dostoevskij e la lezione di <strong>Umberto Galimberti<\/strong> dedicata alla gentilezza, la presentazione dell\u2019ultimo romanzo di <strong>Jonathan Bazzi,<\/strong> gli incontri con il vincitore del Premio Strega <strong>Mario Desiati<\/strong> e con il finalista <strong>Claudio Piersanti.<\/strong><\/p>\n<p>Questi sono solo alcuni tra gli eventi di punta delle prossime tappe de <em><strong>La citt\u00e0 dei lettori,<\/strong><\/em> che ha come obiettivo <strong>portare i grandi protagonisti della letteratura<\/strong> anche<strong> nei piccoli centri,\u00a0<\/strong>aderendo al <a href=\"https:\/\/www.intoscana.it\/it\/articolo\/firenze-patto-lettura\/\" target=\"_blank\" rel=\"noopener\"><strong>Patto regionale per la lettura<\/strong><\/a> promosso dalla<strong> Regione Toscana<\/strong> e ai Patti per la lettura delle citt\u00e0 che hanno ricevuto il riconoscimento &#8220;Citt\u00e0 che legge\u201d del <strong>Centro per il libro<\/strong> e la lettura del <strong>Ministero per i beni e le attivit\u00e0 culturali e per il turismo.<\/strong><\/p>\n<p>Tra i nomi, oltre ai gi\u00e0 citati, <strong>Maura Gancitano, Sveva Casati Modignani, Vera Gheno, Simone Innocenti, Simona Baldanzi, Federica De Paolis, Andrea Tarabbia, Silena Santoni, Francesco Musolino, Gaia Nanni, Nicola Gardini, Alessandra Daphne Fisher e Jiska Ristori, Domitilla Pirro, Alessandro Gnocchi, Alfredo Accattino, Carola Carulli, Francesco Chiacchio, Lilith Moscon, Massimiliano Coccia, Maura Chiulli, Federico Taddia, Alessia Gazzola, Paolo Codazzi e Leonardo Gori.<\/strong><\/p>\n<h3>Il programma degli eventi de La citt\u00e0 dei lettori<\/h3>\n<p>Il festival<strong> La citt\u00e0 dei lettori<\/strong> proporr\u00e0 un percorso tra <strong>presentazioni, incontri, anteprime, talk, conferenze, reading<\/strong> e attivit\u00e0 per giovani lettori che si aprir\u00e0 <strong>a Calenzano dal 1 al 3 settembre,<\/strong> per continuare poi <strong>a Bagno a Ripoli dal 9 all\u201911 settembre, a Campi Bisenzio<\/strong> per una prima edizione <strong>dal 15 al 16 settembre<\/strong>, a <strong>Montelupo Fiorentino dal 23 al 24 settembre<\/strong>, e <strong>a Pontassieve dall\u20198 al 9 ottobre.<\/strong><\/p>\n<p>Conclusione ancora con una prima edizione all&#8217;<strong>Impruneta il 28 e il 29 ottobre<\/strong>.<\/p>\n<p>Tanti gli eventi da segnalare: <em><strong>\u201cAzioni Corsare\u201d<\/strong><\/em>, l\u2019<strong>omaggio a Pier Paolo Pasolini<\/strong> firmato dalla compagnia Murmuris nell\u2019anniversario dei 100 anni dalla nascita, con letture da testi del grande scrittore, regista e poeta; <strong>l\u2019appuntamento con EMERGENCY<\/strong> in ricordo di Gino Strada a partire da \u201cUna persona alla volta\u201d (Feltrinelli); <strong>l\u2019intervento di Annalisa Camilli,<\/strong> <strong>reporter su Internazionale,<\/strong> per raccontare chi abita oggi la citt\u00e0 di Kiev; la presentazione del <strong>progetto editoriale \u201cSotto il vulcano\u201d,<\/strong> rivista che, nell\u2019arco di dieci numeri, si propone di mostrare, documentare, raccontare e reimmaginare la realt\u00e0, con<strong> Marino Sinibaldi.<\/strong><\/p>\n<p>Spazio a ragazze e ragazzi con <em><strong>\u201cIo Leggo!\u201d,<\/strong><\/em> progetto per coltivare nei lettori pi\u00f9 giovani la passione per i libri e le storie.<\/p>\n<p>Continuano inoltre gli ormai consolidati appuntamenti coi <em><strong>\u201cPaesaggi letterari\u201d<\/strong><\/em> sostenuti da Unicoop Firenze, itinerari a cura di Serena Jaff e Francesca Ciappi alla scoperta dei luoghi del festival insieme agli autori che li hanno raccontati.<\/p>\n<p>Dopo il successo della passata edizione torna poi <strong>l\u2019appuntamento per lettori mattinieri: <em>\u201cYoga book\u201d<\/em><\/strong><em>,<\/em> un momento meditativo e yogico con <strong>Raffaella Martinelli e Ilaria Castellino.<\/strong><\/p>\n<p>Si rinnova anche la collaborazione con <strong>Premio Strega e Fondazione Maria e Goffredo Bellonci,<\/strong> grazie alla presenza di due tra gli autori finalisti della passata edizione, e con <em><strong>\u201cFlorence Book Party\u201d<\/strong><\/em>, l\u2019evento nell\u2019evento pensato per rendere La citt\u00e0 dei lettori una festa per gli amanti di ogni tipo di libro e di ogni genere letterario, a cura di <strong>Sara Menichetti del blog \u201cIl bello di esser letti\u201d,<\/strong> che porter\u00e0 al festival la scrittrice <strong>Paola Servente.<\/strong><\/p>\n<figure id=\"post-244560 media-244560\" class=\"align-none\"><img decoding=\"async\" src=\"https:\/\/www.intoscana.it\/wp-content\/uploads\/Manifesto.jpeg\" alt=\"\" \/><\/figure>\n<div class=\"titleimg\"><\/div>\n","protected":false},"excerpt":{"rendered":"<p>Dal 1 settembre al 29 ottobre in sei comuni dell&#8217;area metropolitana fiorentina ospiti: Iaia Forte, Umberto Galimberti, Paolo Nori, Mario Desiati, Claudio Piersanti, Jonathan Bazzi, Maura Gancitano, Gaia Nanni<\/p>\n","protected":false},"author":525,"featured_media":244557,"comment_status":"open","ping_status":"open","sticky":false,"template":"","format":"standard","meta":{"_acf_changed":false,"footnotes":""},"categories":[493],"tags":[228,202,3652,263],"class_list":["post-244553","post","type-post","status-publish","format-standard","has-post-thumbnail","hentry","category-cultura","tag-festival","tag-firenze","tag-la-citta-dei-lettori","tag-leggere"],"acf":[],"yoast_head":"<!-- This site is optimized with the Yoast SEO Premium plugin v24.2 (Yoast SEO v25.6) - https:\/\/yoast.com\/wordpress\/plugins\/seo\/ -->\n<title>Torna &quot;La citt\u00e0 dei lettori&quot;: 14 giornate di eventi con i protagonisti della letteratura contemporanea - intoscana<\/title>\n<meta name=\"description\" content=\"Dal 1 settembre al 29 ottobre in sei comuni dell&#039;area metropolitana fiorentina ospiti: Iaia Forte, Galimberti, Nori, Desiati\" \/>\n<meta name=\"robots\" content=\"index, follow, max-snippet:-1, max-image-preview:large, max-video-preview:-1\" \/>\n<link rel=\"canonical\" href=\"https:\/\/www.intoscana.it\/it\/torna-la-citta-dei-lettori-14-giornate-di-eventi-con-i-protagonisti-della-letteratura-contemporanea\/\" \/>\n<meta property=\"og:locale\" content=\"it_IT\" \/>\n<meta property=\"og:type\" content=\"article\" \/>\n<meta property=\"og:title\" content=\"Torna &quot;La citt\u00e0 dei lettori&quot;: 14 giornate di eventi con i protagonisti della letteratura contemporanea\" \/>\n<meta property=\"og:description\" content=\"Dal 1 settembre al 29 ottobre in sei comuni dell&#039;area metropolitana fiorentina ospiti: Iaia Forte, Galimberti, Nori, Desiati\" \/>\n<meta property=\"og:url\" content=\"https:\/\/www.intoscana.it\/it\/torna-la-citta-dei-lettori-14-giornate-di-eventi-con-i-protagonisti-della-letteratura-contemporanea\/\" \/>\n<meta property=\"og:site_name\" content=\"intoscana\" \/>\n<meta property=\"article:publisher\" content=\"https:\/\/www.facebook.com\/intoscana.it\" \/>\n<meta property=\"article:published_time\" content=\"2022-08-29T13:02:13+00:00\" \/>\n<meta property=\"article:modified_time\" content=\"2022-08-29T13:09:59+00:00\" \/>\n<meta property=\"og:image\" content=\"https:\/\/www.intoscana.it\/wp-content\/uploads\/Iaia-Forte-scaled.jpg\" \/>\n\t<meta property=\"og:image:width\" content=\"2048\" \/>\n\t<meta property=\"og:image:height\" content=\"1365\" \/>\n\t<meta property=\"og:image:type\" content=\"image\/jpeg\" \/>\n<meta name=\"author\" content=\"Redazione\" \/>\n<meta name=\"twitter:card\" content=\"summary_large_image\" \/>\n<meta name=\"twitter:creator\" content=\"@intoscana\" \/>\n<meta name=\"twitter:site\" content=\"@intoscana\" \/>\n<meta name=\"twitter:label1\" content=\"Written by\" \/>\n\t<meta name=\"twitter:data1\" content=\"Redazione\" \/>\n\t<meta name=\"twitter:label2\" content=\"Est. reading time\" \/>\n\t<meta name=\"twitter:data2\" content=\"4 minuti\" \/>\n<script type=\"application\/ld+json\" class=\"yoast-schema-graph\">{\"@context\":\"https:\/\/schema.org\",\"@graph\":[{\"@type\":\"WebPage\",\"@id\":\"https:\/\/www.intoscana.it\/it\/torna-la-citta-dei-lettori-14-giornate-di-eventi-con-i-protagonisti-della-letteratura-contemporanea\/\",\"url\":\"https:\/\/www.intoscana.it\/it\/torna-la-citta-dei-lettori-14-giornate-di-eventi-con-i-protagonisti-della-letteratura-contemporanea\/\",\"name\":\"Torna \\\"La citt\u00e0 dei lettori\\\": 14 giornate di eventi con i protagonisti della letteratura contemporanea - intoscana\",\"isPartOf\":{\"@id\":\"https:\/\/www.intoscana.it\/it\/#website\"},\"primaryImageOfPage\":{\"@id\":\"https:\/\/www.intoscana.it\/it\/torna-la-citta-dei-lettori-14-giornate-di-eventi-con-i-protagonisti-della-letteratura-contemporanea\/#primaryimage\"},\"image\":{\"@id\":\"https:\/\/www.intoscana.it\/it\/torna-la-citta-dei-lettori-14-giornate-di-eventi-con-i-protagonisti-della-letteratura-contemporanea\/#primaryimage\"},\"thumbnailUrl\":\"https:\/\/www.intoscana.it\/wp-content\/uploads\/Iaia-Forte-scaled.jpg\",\"datePublished\":\"2022-08-29T13:02:13+00:00\",\"dateModified\":\"2022-08-29T13:09:59+00:00\",\"author\":{\"@id\":\"https:\/\/www.intoscana.it\/it\/#\/schema\/person\/9223810753230f20bd670fdd322661f8\"},\"description\":\"Dal 1 settembre al 29 ottobre in sei comuni dell'area metropolitana fiorentina ospiti: Iaia Forte, Galimberti, Nori, Desiati\",\"breadcrumb\":{\"@id\":\"https:\/\/www.intoscana.it\/it\/torna-la-citta-dei-lettori-14-giornate-di-eventi-con-i-protagonisti-della-letteratura-contemporanea\/#breadcrumb\"},\"inLanguage\":\"it-IT\",\"potentialAction\":[{\"@type\":\"ReadAction\",\"target\":[\"https:\/\/www.intoscana.it\/it\/torna-la-citta-dei-lettori-14-giornate-di-eventi-con-i-protagonisti-della-letteratura-contemporanea\/\"]}]},{\"@type\":\"ImageObject\",\"inLanguage\":\"it-IT\",\"@id\":\"https:\/\/www.intoscana.it\/it\/torna-la-citta-dei-lettori-14-giornate-di-eventi-con-i-protagonisti-della-letteratura-contemporanea\/#primaryimage\",\"url\":\"https:\/\/www.intoscana.it\/wp-content\/uploads\/Iaia-Forte-scaled.jpg\",\"contentUrl\":\"https:\/\/www.intoscana.it\/wp-content\/uploads\/Iaia-Forte-scaled.jpg\",\"width\":2048,\"height\":1365,\"caption\":\"Iaia Forte\"},{\"@type\":\"BreadcrumbList\",\"@id\":\"https:\/\/www.intoscana.it\/it\/torna-la-citta-dei-lettori-14-giornate-di-eventi-con-i-protagonisti-della-letteratura-contemporanea\/#breadcrumb\",\"itemListElement\":[{\"@type\":\"ListItem\",\"position\":1,\"name\":\"Home\",\"item\":\"https:\/\/www.intoscana.it\/it\/\"},{\"@type\":\"ListItem\",\"position\":2,\"name\":\"Torna &#8220;La citt\u00e0 dei lettori&#8221;: 14 giornate di eventi con i protagonisti della letteratura contemporanea\"}]},{\"@type\":\"WebSite\",\"@id\":\"https:\/\/www.intoscana.it\/it\/#website\",\"url\":\"https:\/\/www.intoscana.it\/it\/\",\"name\":\"intoscana\",\"description\":\"\",\"potentialAction\":[{\"@type\":\"SearchAction\",\"target\":{\"@type\":\"EntryPoint\",\"urlTemplate\":\"https:\/\/www.intoscana.it\/it\/?s={search_term_string}\"},\"query-input\":{\"@type\":\"PropertyValueSpecification\",\"valueRequired\":true,\"valueName\":\"search_term_string\"}}],\"inLanguage\":\"it-IT\"},{\"@type\":\"Person\",\"@id\":\"https:\/\/www.intoscana.it\/it\/#\/schema\/person\/9223810753230f20bd670fdd322661f8\",\"name\":\"Redazione\",\"url\":\"https:\/\/www.intoscana.it\/it\/author\/redazione\/\"}]}<\/script>\n<!-- \/ Yoast SEO Premium plugin. -->","yoast_head_json":{"title":"Torna \"La citt\u00e0 dei lettori\": 14 giornate di eventi con i protagonisti della letteratura contemporanea - intoscana","description":"Dal 1 settembre al 29 ottobre in sei comuni dell'area metropolitana fiorentina ospiti: Iaia Forte, Galimberti, Nori, Desiati","robots":{"index":"index","follow":"follow","max-snippet":"max-snippet:-1","max-image-preview":"max-image-preview:large","max-video-preview":"max-video-preview:-1"},"canonical":"https:\/\/www.intoscana.it\/it\/torna-la-citta-dei-lettori-14-giornate-di-eventi-con-i-protagonisti-della-letteratura-contemporanea\/","og_locale":"it_IT","og_type":"article","og_title":"Torna \"La citt\u00e0 dei lettori\": 14 giornate di eventi con i protagonisti della letteratura contemporanea","og_description":"Dal 1 settembre al 29 ottobre in sei comuni dell'area metropolitana fiorentina ospiti: Iaia Forte, Galimberti, Nori, Desiati","og_url":"https:\/\/www.intoscana.it\/it\/torna-la-citta-dei-lettori-14-giornate-di-eventi-con-i-protagonisti-della-letteratura-contemporanea\/","og_site_name":"intoscana","article_publisher":"https:\/\/www.facebook.com\/intoscana.it","article_published_time":"2022-08-29T13:02:13+00:00","article_modified_time":"2022-08-29T13:09:59+00:00","og_image":[{"width":2048,"height":1365,"url":"https:\/\/www.intoscana.it\/wp-content\/uploads\/Iaia-Forte-scaled.jpg","type":"image\/jpeg"}],"author":"Redazione","twitter_card":"summary_large_image","twitter_creator":"@intoscana","twitter_site":"@intoscana","twitter_misc":{"Written by":"Redazione","Est. reading time":"4 minuti"},"schema":{"@context":"https:\/\/schema.org","@graph":[{"@type":"WebPage","@id":"https:\/\/www.intoscana.it\/it\/torna-la-citta-dei-lettori-14-giornate-di-eventi-con-i-protagonisti-della-letteratura-contemporanea\/","url":"https:\/\/www.intoscana.it\/it\/torna-la-citta-dei-lettori-14-giornate-di-eventi-con-i-protagonisti-della-letteratura-contemporanea\/","name":"Torna \"La citt\u00e0 dei lettori\": 14 giornate di eventi con i protagonisti della letteratura contemporanea - intoscana","isPartOf":{"@id":"https:\/\/www.intoscana.it\/it\/#website"},"primaryImageOfPage":{"@id":"https:\/\/www.intoscana.it\/it\/torna-la-citta-dei-lettori-14-giornate-di-eventi-con-i-protagonisti-della-letteratura-contemporanea\/#primaryimage"},"image":{"@id":"https:\/\/www.intoscana.it\/it\/torna-la-citta-dei-lettori-14-giornate-di-eventi-con-i-protagonisti-della-letteratura-contemporanea\/#primaryimage"},"thumbnailUrl":"https:\/\/www.intoscana.it\/wp-content\/uploads\/Iaia-Forte-scaled.jpg","datePublished":"2022-08-29T13:02:13+00:00","dateModified":"2022-08-29T13:09:59+00:00","author":{"@id":"https:\/\/www.intoscana.it\/it\/#\/schema\/person\/9223810753230f20bd670fdd322661f8"},"description":"Dal 1 settembre al 29 ottobre in sei comuni dell'area metropolitana fiorentina ospiti: Iaia Forte, Galimberti, Nori, Desiati","breadcrumb":{"@id":"https:\/\/www.intoscana.it\/it\/torna-la-citta-dei-lettori-14-giornate-di-eventi-con-i-protagonisti-della-letteratura-contemporanea\/#breadcrumb"},"inLanguage":"it-IT","potentialAction":[{"@type":"ReadAction","target":["https:\/\/www.intoscana.it\/it\/torna-la-citta-dei-lettori-14-giornate-di-eventi-con-i-protagonisti-della-letteratura-contemporanea\/"]}]},{"@type":"ImageObject","inLanguage":"it-IT","@id":"https:\/\/www.intoscana.it\/it\/torna-la-citta-dei-lettori-14-giornate-di-eventi-con-i-protagonisti-della-letteratura-contemporanea\/#primaryimage","url":"https:\/\/www.intoscana.it\/wp-content\/uploads\/Iaia-Forte-scaled.jpg","contentUrl":"https:\/\/www.intoscana.it\/wp-content\/uploads\/Iaia-Forte-scaled.jpg","width":2048,"height":1365,"caption":"Iaia Forte"},{"@type":"BreadcrumbList","@id":"https:\/\/www.intoscana.it\/it\/torna-la-citta-dei-lettori-14-giornate-di-eventi-con-i-protagonisti-della-letteratura-contemporanea\/#breadcrumb","itemListElement":[{"@type":"ListItem","position":1,"name":"Home","item":"https:\/\/www.intoscana.it\/it\/"},{"@type":"ListItem","position":2,"name":"Torna &#8220;La citt\u00e0 dei lettori&#8221;: 14 giornate di eventi con i protagonisti della letteratura contemporanea"}]},{"@type":"WebSite","@id":"https:\/\/www.intoscana.it\/it\/#website","url":"https:\/\/www.intoscana.it\/it\/","name":"intoscana","description":"","potentialAction":[{"@type":"SearchAction","target":{"@type":"EntryPoint","urlTemplate":"https:\/\/www.intoscana.it\/it\/?s={search_term_string}"},"query-input":{"@type":"PropertyValueSpecification","valueRequired":true,"valueName":"search_term_string"}}],"inLanguage":"it-IT"},{"@type":"Person","@id":"https:\/\/www.intoscana.it\/it\/#\/schema\/person\/9223810753230f20bd670fdd322661f8","name":"Redazione","url":"https:\/\/www.intoscana.it\/it\/author\/redazione\/"}]}},"_links":{"self":[{"href":"https:\/\/www.intoscana.it\/it\/wp-json\/wp\/v2\/posts\/244553","targetHints":{"allow":["GET"]}}],"collection":[{"href":"https:\/\/www.intoscana.it\/it\/wp-json\/wp\/v2\/posts"}],"about":[{"href":"https:\/\/www.intoscana.it\/it\/wp-json\/wp\/v2\/types\/post"}],"author":[{"embeddable":true,"href":"https:\/\/www.intoscana.it\/it\/wp-json\/wp\/v2\/users\/525"}],"replies":[{"embeddable":true,"href":"https:\/\/www.intoscana.it\/it\/wp-json\/wp\/v2\/comments?post=244553"}],"version-history":[{"count":0,"href":"https:\/\/www.intoscana.it\/it\/wp-json\/wp\/v2\/posts\/244553\/revisions"}],"wp:featuredmedia":[{"embeddable":true,"href":"https:\/\/www.intoscana.it\/it\/wp-json\/wp\/v2\/media\/244557"}],"wp:attachment":[{"href":"https:\/\/www.intoscana.it\/it\/wp-json\/wp\/v2\/media?parent=244553"}],"wp:term":[{"taxonomy":"category","embeddable":true,"href":"https:\/\/www.intoscana.it\/it\/wp-json\/wp\/v2\/categories?post=244553"},{"taxonomy":"post_tag","embeddable":true,"href":"https:\/\/www.intoscana.it\/it\/wp-json\/wp\/v2\/tags?post=244553"}],"curies":[{"name":"wp","href":"https:\/\/api.w.org\/{rel}","templated":true}]}}