{"id":244568,"date":"2022-08-29T16:27:05","date_gmt":"2022-08-29T14:27:05","guid":{"rendered":"https:\/\/www.intoscana.it\/it\/?p=244568"},"modified":"2022-08-29T16:27:23","modified_gmt":"2022-08-29T14:27:23","slug":"cirk-fantastik-2022","status":"publish","type":"post","link":"https:\/\/www.intoscana.it\/it\/cirk-fantastik-2022\/","title":{"rendered":"Cirk Fantastik! si fa in tre: centinaia di eventi divisi tra InStabile, Scandicci e Parco delle Cascine"},"content":{"rendered":"<p><strong>Friedrich Nietzsche<\/strong> ha scritto <strong><em>&#8220;Maturit\u00e0 nell&#8217;uomo significa aver ritrovato la seriet\u00e0 che si metteva nel gioco da bambini&#8221;.<\/em><\/strong><\/p>\n<p>E sar\u00e0 proprio<em><strong> &#8220;El Juego&#8221;<\/strong><\/em> cio\u00e8 <strong>un omaggio alla potenza del gioco<\/strong> il filo conduttore della ricchissima edizione 2022 del festival di circo contemporaneo\u00a0<strong>Cirk Fantastik!<\/strong><\/p>\n<p>Quest&#8217;anno il <strong>Cirk Fantastik!<\/strong> si terr\u00e0 <strong>dal 1\u00b0 al 18 settembre<\/strong> in ben <strong>tre diverse locations<\/strong>: lo spazio<strong> Instabile<\/strong> Culture in Movimento a Firenze, il <strong>Pomario del Castello dell&#8217;Acciaiolo<\/strong>\u00a0a Scandicci e il <strong>Parco delle Cascine<\/strong> a Firenze.<\/p>\n<p>Si esibiranno come sempre <strong>compagnie di variet\u00e0 circensi provenienti da tutto il mondo<\/strong> che metteranno in scena: <strong>equilibrismo, spettacoli comico-acrobatici, theater-box, teatro di figura, danza aerea e teatro fisico, musica dal vivo.<\/strong><\/p>\n<p>Torneranno anche i <strong>laboratori gratuiti di circo per i bambini<\/strong> e il music lab a cura di <strong>Lorenzo Hugolini<\/strong> della <a href=\"https:\/\/www.intoscana.it\/it\/articolo\/imparare-a-suonare-online-e-possibile-nasce-la-pippolo-music-school\/\" target=\"_blank\" rel=\"noopener\"><strong>Pippolo Music School<\/strong> <\/a>per giocare con la musica.<\/p>\n<p>Il viaggio del<strong> Cirk Fantastik!<\/strong> partir\u00e0 il primo settembre dall\u2019<strong>InStabile Culture in Movimento<\/strong>\u00a0con un progetto fantasioso e originale, ossia <strong>Radio Clandestina <\/strong>per invitare il pubblico a raccontare il mondo con l&#8217;arte, il circo e la musica.<\/p>\n<figure id=\"post-244577 media-244577\" class=\"align-none\"><img decoding=\"async\" src=\"https:\/\/www.intoscana.it\/wp-content\/uploads\/CIRK-FANTASTIK-ed-2021_2-foto-di-Monia-Pavoni-scaled.jpg\" alt=\"\" \/><\/figure>\n<div class=\"titleimg\"><em>CIRK FANTASTIK, \u00a0foto di Monia Pavoni<\/em><\/div>\n<h3>Il Cirk Fantastik! al Pomario del Castello dell&#8217;Acciaiolo di Scandicci<\/h3>\n<p>Sar\u00e0 a <strong>Scandicci<\/strong> e per la precisione nel <strong>Pomario del Castello dell&#8217;Acciaiolo<\/strong> la seconda tappa per il <strong>Cirk Fantastik! <\/strong><\/p>\n<p><strong>\u00a0Sabato 3 e domenica 4 settembre<\/strong>\u00a0debuttano <em><strong>\u201cHistorieta de un abrazo\u201d<\/strong> <\/em>e <em><strong>\u201cAntipodi\u201d,<\/strong> <\/em>due spettacoli poetici e pieni di magia, che intrecciano musica dal vivo, giochi di ombre, manipolazione di oggetti e teatro fisico.<\/p>\n<p>La <strong>Compagnia Dromosofista<\/strong> nasce nel 2007 in Italia, dall\u2019incontro tra <strong>Rugiada, Timoteo e Tommaso Grignani<\/strong> con i fratelli <strong>Facundo e Santiago Moreno.<\/strong><\/p>\n<p>La compagnia promuove lo spettacolo popolare contemporaneo come punto di congiunzione tra<strong> ricerca musicale e teatro visuale,\u00a0<\/strong>che, grazie alla fede nell<strong>\u2019incontro e nel confronto tra culture diverse,<\/strong> valorizza le potenzialit\u00e0 della strada come fonte di ispirazione creativa.<\/p>\n<figure id=\"post-244577 media-244577\" class=\"align-none\"><\/figure>\n<div class=\"titleimg\">\n<figure id=\"post-244571 media-244571\" class=\"align-none\"><img decoding=\"async\" src=\"https:\/\/www.intoscana.it\/wp-content\/uploads\/Cirk-Fantastik-2022-Compagnia-Dromosofista.jpeg\" alt=\"\" \/><\/figure>\n<div class=\"titleimg\"><em>Cirk Fantastik 2022 Compagnia Dromosofista<\/em><\/div>\n<\/div>\n<h3>Cirk Fantastik! al Parco delle Cascine di Firenze dall&#8217;8 al 18 settembre<\/h3>\n<p>Infine il <strong>Cirk Fantastik!<\/strong> torner\u00e0 al <strong>parco delle Cascine di Firenze<\/strong> con\u00a0due Chapiteau: <strong>l&#8217;InStabile<\/strong>, alla sua primissima trasferta dopo il proficuo inverno trascorso nell&#8217;omonimo spazio di Firenze Sud, e il <strong>Madera.<\/strong><\/p>\n<p>Tantissimi gli spettacoli in programma, tra questi<em><strong> \u201cPelat\u201d<\/strong><\/em> di e con<strong> Joan Catal\u00e0<\/strong>, previsto per <strong>gioved\u00ec 8 settembre<\/strong>. E&#8217; uno spettacolo circense nato per lo spazio aperto e che gioca con il calore, l\u2019aspettativa, la tensione e la partecipazione spontanea.<br \/>\nLo spettacolo ha vinto numerosi premi, tra cui l<strong>\u2019Award Applause from the public di Barcelona<\/strong> nel 2014, il <strong>Best Show in Festival in Belgio<\/strong> nello stesso anno e il <strong>Best street show in Catalogna<\/strong> nel 2013.<\/p>\n<p><em><strong>\u201cHesperus &#8211; a dead live show!\u201d<\/strong> <\/em>si terr\u00e0 al Circo Madera dall\u20198 all&#8217;11 e 17 settembre: uno spettacolo che proporr\u00e0 musica dal vivo, acrobatica, comicit\u00e0 e non-sense. Sempre di Circo Madera il 16 settembre c&#8217;\u00e8 anche \u201c<em><strong>PsiComic! Il Variet\u00e0 circense ad alto tasso di serotonina&#8221;.<\/strong><\/em><\/p>\n<p>In <em><strong>\u201cTre quarti\u201d<\/strong><\/em> della Compagnia Samovar il <strong>9 e 10 settembre<\/strong> tre artisti, forse tre ex-militari, per cercare di sopravvivere al dopoguerra, spendono le loro abilit\u00e0 di musicisti, acrobati e attori sulle assi scricchiolanti di un vecchio palcoscenico viaggiante, accompagnando l&#8217;affascinante vedette Veronique.<\/p>\n<p>In<em><strong> \u201cThe Old Man\u201d <\/strong><\/em>di e con <strong>Edoardo Mirabella domenica 11 settembre<\/strong> il protagonista <strong>\u00e8 un mimo, un giocoliere ritmico, uno skater, un equilibrista, un ricercato performer<\/strong> di nuovo circo. Spettacolo vincitore del<strong> Premio Trampolino 2022<\/strong> semplice e ricercato al contempo, leggero e significativo, visuale e profondo, per tutti.<\/p>\n<p>Il <strong>14 settembre<\/strong> andr\u00e0 in scena <em><strong>\u201cBoarding Pass Plus\u201d<\/strong> <\/em>\u00a0in cui saranno presentati gli esiti finali delle creazioni dei partecipanti al progetto<strong> \u201cBr\u00e0-vo! Italian Circus on the Move\u201d<\/strong>, realizzato con il sostegno del MIC \u2013 <strong>Direzione Generale Spettacolo, nell\u2019ambito di Boarding Pass Plus 2021 \u2013 2022<\/strong> che per cinque settimane ha permesso\u00a0a cinque giovani compagnie italiane e a cinque giovani operatori di immergersi nella vita culturale e artistica di Bruxelles e di incrociare le loro pratiche con altre realt\u00e0.<\/p>\n<p>Dallo scontro tra due stili, due civilt\u00e0 e la lotta per essere i primi, nasce un unico spettacolo mozzafiato: <em><strong>\u201cGregarious\u201d<\/strong><\/em> di <strong>Soon Circus Company<\/strong> in scena <strong>venerd\u00ec 16 settembre.<\/strong><\/p>\n<p>In <em><strong>\u201cChiringuito Paradise\u201d <\/strong><\/em>della compagnia <strong>Sitting Duck<\/strong> (venerd\u00ec 16, sabato 17, domenica 18 settembre) due bizzarri bar men stanno preparando l&#8217;apertura di un imprecisato bar. \u00c8 tutto pronto, o almeno cos\u00ec sembra. Gli ospiti sono arrivati, lo champagne \u00e8 gi\u00e0 in fresco e la festa pu\u00f2 iniziare, ma non senza qualche imprevisto.<\/p>\n<p>Infine sabato 17 e domenica 18 settembre va in scena<em><strong> \u201cPapagHeno PapagHena\u201d<\/strong> <\/em>\u00a0il nuovo spettacolo della <strong>Compagnia Trio Trioche<\/strong> che, dopo il successo dei precedenti spettacoli, vuole ora proporre un particolare lavoro clown\/musicale che si ispira alla celebre aria dell\u2019opera di Mozart <em><strong>\u201cIl flauto magico\u201d,\u00a0<\/strong><\/em>giocando con la lirica, il bel canto e la nobile arte comica.<\/p>\n<figure id=\"post-100107 media-100107\" class=\"align-none\"><img decoding=\"async\" src=\"https:\/\/www.intoscana.it\/wp-content\/uploads\/forro-mior.jpg\" alt=\"\" \/><\/figure>\n<div class=\"titleimg\"><em>Forr\u00f2 Mior<\/em><\/div>\n<h3>Tutti i concerti<\/h3>\n<p>Non mancher\u00e0 la musica dal vivo al Parco delle Cascine, con il concerto dei <strong>Pink Puffers il 9 settembre<\/strong>: una brass band che si ispira al funk delle brass band americane, alterato per\u00f2 da influenze rock.<\/p>\n<p>Ci sono poi i <strong>Forr\u00f2 Mior<\/strong> che, dopo 4 anni lontano dai palchi, si ritrovano a Firenze per un concerto esplosivo ed emozionante di forr\u00f3 p\u00e9 de serra, la pi\u00f9 diffusa danza popolare del nord-est del Brasile, con contaminazioni afro-latin <strong>domenica 11 settembre.<\/strong><\/p>\n<p>Imperdibili anche le <strong>Cardamom\u00f2 \u00a0il 16 settembre<\/strong> un eclettico quartetto di musicisti che propongono un repertorio ricercato e retr\u00f2 di chansons francesi, pezzi onirici e balli balcanici e i messicani <strong>Los Kamer sabato 17 settembre:<\/strong> una miscela nomade di ritmi e culture che vanno dalla tradizione latino americana e del Messico, paese di origine della band, fino a quella balcanica.<\/p>\n<p>&nbsp;<\/p>\n","protected":false},"excerpt":{"rendered":"<p>Dal 1\u00b0 al 18 settembre compagnie di variet\u00e0 circensi provenienti da tutto il mondo metteranno in scena equilibrismo, spettacoli comico-acrobatici, theater-box, teatro di figura, danza aerea, teatro fisico e musica dal vivo<\/p>\n","protected":false},"author":518,"featured_media":244569,"comment_status":"open","ping_status":"open","sticky":false,"template":"","format":"standard","meta":{"_acf_changed":false,"footnotes":""},"categories":[493],"tags":[228,202,236],"class_list":["post-244568","post","type-post","status-publish","format-standard","has-post-thumbnail","hentry","category-cultura","tag-festival","tag-firenze","tag-teatro"],"acf":[],"yoast_head":"<!-- This site is optimized with the Yoast SEO Premium plugin v24.2 (Yoast SEO v25.6) - https:\/\/yoast.com\/wordpress\/plugins\/seo\/ -->\n<title>Cirk Fantastik! si fa in tre: centinaia di eventi divisi tra InStabile, Scandicci e Parco delle Cascine - intoscana<\/title>\n<meta name=\"description\" content=\"Dal 1\u00b0 al 18 settembre compagnie di variet\u00e0 circensi provenienti da tutto il mondo metteranno in scena equilibrismo, spettacoli, concerti\" \/>\n<meta name=\"robots\" content=\"index, follow, max-snippet:-1, max-image-preview:large, max-video-preview:-1\" \/>\n<link rel=\"canonical\" href=\"https:\/\/www.intoscana.it\/it\/cirk-fantastik-2022\/\" \/>\n<meta property=\"og:locale\" content=\"it_IT\" \/>\n<meta property=\"og:type\" content=\"article\" \/>\n<meta property=\"og:title\" content=\"Cirk Fantastik! si fa in tre: centinaia di eventi divisi tra InStabile, Scandicci e Parco delle Cascine\" \/>\n<meta property=\"og:description\" content=\"Dal 1\u00b0 al 18 settembre compagnie di variet\u00e0 circensi provenienti da tutto il mondo metteranno in scena equilibrismo, spettacoli, concerti\" \/>\n<meta property=\"og:url\" content=\"https:\/\/www.intoscana.it\/it\/cirk-fantastik-2022\/\" \/>\n<meta property=\"og:site_name\" content=\"intoscana\" \/>\n<meta property=\"article:publisher\" content=\"https:\/\/www.facebook.com\/intoscana.it\" \/>\n<meta property=\"article:published_time\" content=\"2022-08-29T14:27:05+00:00\" \/>\n<meta property=\"article:modified_time\" content=\"2022-08-29T14:27:23+00:00\" \/>\n<meta property=\"og:image\" content=\"https:\/\/www.intoscana.it\/wp-content\/uploads\/CIRK-FANTASTIK-2021_foto-di-Monia-Pavoni.jpg\" \/>\n\t<meta property=\"og:image:width\" content=\"1170\" \/>\n\t<meta property=\"og:image:height\" content=\"780\" \/>\n\t<meta property=\"og:image:type\" content=\"image\/jpeg\" \/>\n<meta name=\"author\" content=\"Costanza Baldini\" \/>\n<meta name=\"twitter:card\" content=\"summary_large_image\" \/>\n<meta name=\"twitter:creator\" content=\"@intoscana\" \/>\n<meta name=\"twitter:site\" content=\"@intoscana\" \/>\n<meta name=\"twitter:label1\" content=\"Written by\" \/>\n\t<meta name=\"twitter:data1\" content=\"Costanza Baldini\" \/>\n\t<meta name=\"twitter:label2\" content=\"Est. reading time\" \/>\n\t<meta name=\"twitter:data2\" content=\"5 minuti\" \/>\n<script type=\"application\/ld+json\" class=\"yoast-schema-graph\">{\"@context\":\"https:\/\/schema.org\",\"@graph\":[{\"@type\":\"WebPage\",\"@id\":\"https:\/\/www.intoscana.it\/it\/cirk-fantastik-2022\/\",\"url\":\"https:\/\/www.intoscana.it\/it\/cirk-fantastik-2022\/\",\"name\":\"Cirk Fantastik! si fa in tre: centinaia di eventi divisi tra InStabile, Scandicci e Parco delle Cascine - intoscana\",\"isPartOf\":{\"@id\":\"https:\/\/www.intoscana.it\/it\/#website\"},\"primaryImageOfPage\":{\"@id\":\"https:\/\/www.intoscana.it\/it\/cirk-fantastik-2022\/#primaryimage\"},\"image\":{\"@id\":\"https:\/\/www.intoscana.it\/it\/cirk-fantastik-2022\/#primaryimage\"},\"thumbnailUrl\":\"https:\/\/www.intoscana.it\/wp-content\/uploads\/CIRK-FANTASTIK-2021_foto-di-Monia-Pavoni.jpg\",\"datePublished\":\"2022-08-29T14:27:05+00:00\",\"dateModified\":\"2022-08-29T14:27:23+00:00\",\"author\":{\"@id\":\"https:\/\/www.intoscana.it\/it\/#\/schema\/person\/d469f35f09739bdf00bf5dd3f0647a82\"},\"description\":\"Dal 1\u00b0 al 18 settembre compagnie di variet\u00e0 circensi provenienti da tutto il mondo metteranno in scena equilibrismo, spettacoli, concerti\",\"breadcrumb\":{\"@id\":\"https:\/\/www.intoscana.it\/it\/cirk-fantastik-2022\/#breadcrumb\"},\"inLanguage\":\"it-IT\",\"potentialAction\":[{\"@type\":\"ReadAction\",\"target\":[\"https:\/\/www.intoscana.it\/it\/cirk-fantastik-2022\/\"]}]},{\"@type\":\"ImageObject\",\"inLanguage\":\"it-IT\",\"@id\":\"https:\/\/www.intoscana.it\/it\/cirk-fantastik-2022\/#primaryimage\",\"url\":\"https:\/\/www.intoscana.it\/wp-content\/uploads\/CIRK-FANTASTIK-2021_foto-di-Monia-Pavoni.jpg\",\"contentUrl\":\"https:\/\/www.intoscana.it\/wp-content\/uploads\/CIRK-FANTASTIK-2021_foto-di-Monia-Pavoni.jpg\",\"width\":1170,\"height\":780},{\"@type\":\"BreadcrumbList\",\"@id\":\"https:\/\/www.intoscana.it\/it\/cirk-fantastik-2022\/#breadcrumb\",\"itemListElement\":[{\"@type\":\"ListItem\",\"position\":1,\"name\":\"Home\",\"item\":\"https:\/\/www.intoscana.it\/it\/\"},{\"@type\":\"ListItem\",\"position\":2,\"name\":\"Cirk Fantastik! si fa in tre: centinaia di eventi divisi tra InStabile, Scandicci e Parco delle Cascine\"}]},{\"@type\":\"WebSite\",\"@id\":\"https:\/\/www.intoscana.it\/it\/#website\",\"url\":\"https:\/\/www.intoscana.it\/it\/\",\"name\":\"intoscana\",\"description\":\"\",\"potentialAction\":[{\"@type\":\"SearchAction\",\"target\":{\"@type\":\"EntryPoint\",\"urlTemplate\":\"https:\/\/www.intoscana.it\/it\/?s={search_term_string}\"},\"query-input\":{\"@type\":\"PropertyValueSpecification\",\"valueRequired\":true,\"valueName\":\"search_term_string\"}}],\"inLanguage\":\"it-IT\"},{\"@type\":\"Person\",\"@id\":\"https:\/\/www.intoscana.it\/it\/#\/schema\/person\/d469f35f09739bdf00bf5dd3f0647a82\",\"name\":\"Costanza Baldini\",\"url\":\"https:\/\/www.intoscana.it\/it\/author\/costanza-baldini\/\"}]}<\/script>\n<!-- \/ Yoast SEO Premium plugin. -->","yoast_head_json":{"title":"Cirk Fantastik! si fa in tre: centinaia di eventi divisi tra InStabile, Scandicci e Parco delle Cascine - intoscana","description":"Dal 1\u00b0 al 18 settembre compagnie di variet\u00e0 circensi provenienti da tutto il mondo metteranno in scena equilibrismo, spettacoli, concerti","robots":{"index":"index","follow":"follow","max-snippet":"max-snippet:-1","max-image-preview":"max-image-preview:large","max-video-preview":"max-video-preview:-1"},"canonical":"https:\/\/www.intoscana.it\/it\/cirk-fantastik-2022\/","og_locale":"it_IT","og_type":"article","og_title":"Cirk Fantastik! si fa in tre: centinaia di eventi divisi tra InStabile, Scandicci e Parco delle Cascine","og_description":"Dal 1\u00b0 al 18 settembre compagnie di variet\u00e0 circensi provenienti da tutto il mondo metteranno in scena equilibrismo, spettacoli, concerti","og_url":"https:\/\/www.intoscana.it\/it\/cirk-fantastik-2022\/","og_site_name":"intoscana","article_publisher":"https:\/\/www.facebook.com\/intoscana.it","article_published_time":"2022-08-29T14:27:05+00:00","article_modified_time":"2022-08-29T14:27:23+00:00","og_image":[{"width":1170,"height":780,"url":"https:\/\/www.intoscana.it\/wp-content\/uploads\/CIRK-FANTASTIK-2021_foto-di-Monia-Pavoni.jpg","type":"image\/jpeg"}],"author":"Costanza Baldini","twitter_card":"summary_large_image","twitter_creator":"@intoscana","twitter_site":"@intoscana","twitter_misc":{"Written by":"Costanza Baldini","Est. reading time":"5 minuti"},"schema":{"@context":"https:\/\/schema.org","@graph":[{"@type":"WebPage","@id":"https:\/\/www.intoscana.it\/it\/cirk-fantastik-2022\/","url":"https:\/\/www.intoscana.it\/it\/cirk-fantastik-2022\/","name":"Cirk Fantastik! si fa in tre: centinaia di eventi divisi tra InStabile, Scandicci e Parco delle Cascine - intoscana","isPartOf":{"@id":"https:\/\/www.intoscana.it\/it\/#website"},"primaryImageOfPage":{"@id":"https:\/\/www.intoscana.it\/it\/cirk-fantastik-2022\/#primaryimage"},"image":{"@id":"https:\/\/www.intoscana.it\/it\/cirk-fantastik-2022\/#primaryimage"},"thumbnailUrl":"https:\/\/www.intoscana.it\/wp-content\/uploads\/CIRK-FANTASTIK-2021_foto-di-Monia-Pavoni.jpg","datePublished":"2022-08-29T14:27:05+00:00","dateModified":"2022-08-29T14:27:23+00:00","author":{"@id":"https:\/\/www.intoscana.it\/it\/#\/schema\/person\/d469f35f09739bdf00bf5dd3f0647a82"},"description":"Dal 1\u00b0 al 18 settembre compagnie di variet\u00e0 circensi provenienti da tutto il mondo metteranno in scena equilibrismo, spettacoli, concerti","breadcrumb":{"@id":"https:\/\/www.intoscana.it\/it\/cirk-fantastik-2022\/#breadcrumb"},"inLanguage":"it-IT","potentialAction":[{"@type":"ReadAction","target":["https:\/\/www.intoscana.it\/it\/cirk-fantastik-2022\/"]}]},{"@type":"ImageObject","inLanguage":"it-IT","@id":"https:\/\/www.intoscana.it\/it\/cirk-fantastik-2022\/#primaryimage","url":"https:\/\/www.intoscana.it\/wp-content\/uploads\/CIRK-FANTASTIK-2021_foto-di-Monia-Pavoni.jpg","contentUrl":"https:\/\/www.intoscana.it\/wp-content\/uploads\/CIRK-FANTASTIK-2021_foto-di-Monia-Pavoni.jpg","width":1170,"height":780},{"@type":"BreadcrumbList","@id":"https:\/\/www.intoscana.it\/it\/cirk-fantastik-2022\/#breadcrumb","itemListElement":[{"@type":"ListItem","position":1,"name":"Home","item":"https:\/\/www.intoscana.it\/it\/"},{"@type":"ListItem","position":2,"name":"Cirk Fantastik! si fa in tre: centinaia di eventi divisi tra InStabile, Scandicci e Parco delle Cascine"}]},{"@type":"WebSite","@id":"https:\/\/www.intoscana.it\/it\/#website","url":"https:\/\/www.intoscana.it\/it\/","name":"intoscana","description":"","potentialAction":[{"@type":"SearchAction","target":{"@type":"EntryPoint","urlTemplate":"https:\/\/www.intoscana.it\/it\/?s={search_term_string}"},"query-input":{"@type":"PropertyValueSpecification","valueRequired":true,"valueName":"search_term_string"}}],"inLanguage":"it-IT"},{"@type":"Person","@id":"https:\/\/www.intoscana.it\/it\/#\/schema\/person\/d469f35f09739bdf00bf5dd3f0647a82","name":"Costanza Baldini","url":"https:\/\/www.intoscana.it\/it\/author\/costanza-baldini\/"}]}},"_links":{"self":[{"href":"https:\/\/www.intoscana.it\/it\/wp-json\/wp\/v2\/posts\/244568","targetHints":{"allow":["GET"]}}],"collection":[{"href":"https:\/\/www.intoscana.it\/it\/wp-json\/wp\/v2\/posts"}],"about":[{"href":"https:\/\/www.intoscana.it\/it\/wp-json\/wp\/v2\/types\/post"}],"author":[{"embeddable":true,"href":"https:\/\/www.intoscana.it\/it\/wp-json\/wp\/v2\/users\/518"}],"replies":[{"embeddable":true,"href":"https:\/\/www.intoscana.it\/it\/wp-json\/wp\/v2\/comments?post=244568"}],"version-history":[{"count":0,"href":"https:\/\/www.intoscana.it\/it\/wp-json\/wp\/v2\/posts\/244568\/revisions"}],"wp:featuredmedia":[{"embeddable":true,"href":"https:\/\/www.intoscana.it\/it\/wp-json\/wp\/v2\/media\/244569"}],"wp:attachment":[{"href":"https:\/\/www.intoscana.it\/it\/wp-json\/wp\/v2\/media?parent=244568"}],"wp:term":[{"taxonomy":"category","embeddable":true,"href":"https:\/\/www.intoscana.it\/it\/wp-json\/wp\/v2\/categories?post=244568"},{"taxonomy":"post_tag","embeddable":true,"href":"https:\/\/www.intoscana.it\/it\/wp-json\/wp\/v2\/tags?post=244568"}],"curies":[{"name":"wp","href":"https:\/\/api.w.org\/{rel}","templated":true}]}}