{"id":244965,"date":"2022-08-31T11:56:10","date_gmt":"2022-08-31T09:56:10","guid":{"rendered":"https:\/\/www.intoscana.it\/it\/?p=244965"},"modified":"2022-08-31T11:56:10","modified_gmt":"2022-08-31T09:56:10","slug":"pisa-turbina-intelligente-eolico","status":"publish","type":"post","link":"https:\/\/www.intoscana.it\/it\/pisa-turbina-intelligente-eolico\/","title":{"rendered":"Da Pisa la turbina intelligente per l\u2019eolico: si adatta alla direzione del vento"},"content":{"rendered":"<p>La nuova frontiera dell\u2019<strong>energia eolica<\/strong> arriva dalla Toscana.<strong> La start-up <a href=\"https:\/\/www.geviwind.it\" target=\"_blank\" rel=\"noopener\">Gevi Wind<\/a><\/strong> di Pontedera progetta e costruisce turbine eoliche uniche al mondo: sono infatti <strong>dotate di intelligenza artificiale e in grado cos\u00ec di adattarsi alle diverse condizioni del vento<\/strong> per produrre energia pulita.<\/p>\n<h3>Una start-up nata all\u2019Universit\u00e0 di Pisa<\/h3>\n<p>Gevi nasce dall\u2019incontro tra<strong> tre ingegneri aerospaziali dell\u2019Universit\u00e0 di Pisa,<\/strong> Edoardo Simonelli, Emanuele Luzzati e Soufiane Essakhi, e dalla loro passione per le energie rinnovabili, che li porta a progettare e costruire il prototipo di un nuovo tipo di turbina eolica.<\/p>\n<p><em>\u201cTutti e tre <strong>siamo sempre stati interessati dal tema della sostenibilit\u00e0<\/strong><\/em> \u2013 racconta Edoardo Simonelli &#8211;<em> io e Soufiane abbiamo scritto una tesi sull&#8217;aviazione sostenibile e Emanuele aveva gi\u00e0 studiato in campo anemometrico, avevamo appena partecipato a una gara dell&#8217;Airbus per la costruzione di un razzo ad acqua e abbiamo deciso di metterci in gioco anche con la costruzione della turbina. Poi quasi per caso abbiamo partecipato all&#8217;HK Lab di Eni a Bergamo dove abbiamo vinto il primo premio per l&#8217;idea e da qual momento abbiamo deciso che avremmo portato avanti la start-up.\u201d<\/em><\/p>\n<h3>Un eolico intelligente e meno costoso<\/h3>\n<p>La turbina ad alte prestazioni e altamente tecnologica di Gevi Wind \u00e8 in grado di raccogliere i dati dal vento e, <strong>grazie all\u2019intelligenza artificiale, massimizzare la produzione di energia.<\/strong> Questo permette di ridurre le dimensioni delle turbine e semplificarne l\u2019installazione per poterle utilizzare anche in ambiente urbano. Grazie a un\u2019attenta gestione dei carichi, l\u2019IA permette inoltre di aumentare la vita delle turbine e di utilizzare materiali innovativi per <strong>renderle completamente riciclabili,<\/strong> inserendosi in una logica di economia circolare e sostenibile.<\/p>\n<p><em>\u201cPer il futuro <strong>puntiamo a mettere i nostri generatori nei parchi eolici offshore<\/strong><\/em> \u2013 spiega Simonelli \u2013 <em>poich\u00e9 pensiamo che la nostra tecnologia possa rendere l&#8217;utilizzo dell&#8217;eolico offshore molto pi\u00f9 semplice e conveniente. Questo perch\u00e9 <strong>le nostre turbine sono pi\u00f9 leggere, pi\u00f9 facili da far galleggiare e potrebbero essere montate assieme in piccole &#8220;isole&#8221;,<\/strong> in modo da usare galleggianti molto pi\u00f9 piccoli e superare tutti i limiti che rendono oggi l&#8217;eolico offshore estremamente costoso e impattante.\u201d<\/em><\/p>\n<figure id=\"post-244967 media-244967\" class=\"align-none\">\n<p><figure style=\"width: 951px\" class=\"wp-caption alignnone\"><img loading=\"lazy\" decoding=\"async\" src=\"https:\/\/www.intoscana.it\/wp-content\/uploads\/Foto2-4.jpg\" alt=\"\" width=\"951\" height=\"535\" \/><figcaption class=\"wp-caption-text\">La turbina eolica di Gevi Wind<\/figcaption><\/figure><\/figure>\n<p>L\u2019obiettivo a lungo termine della start-up \u00e8 infatti quello di favorire una<strong> veloce transizione ecologica e l\u2019abbandono dei combustibili fossili,<\/strong> attraverso la promozione di un nuovo modello di generazione distribuita volta a risolvere il problema dell\u2019intermittenza delle fonti rinnovabili.<\/p>\n<p><em>&#8220;Al momento siamo impegnati in un percorso di accelerazione con il <strong>PoliHub, l&#8217;acceleratore del Politecnico di Milano, e con Zero, l&#8217;acceleratore di Cdp<\/strong> (Cassa Depositi e Prestiti) che ammette e finanzia solo startup che si occupino sostenibilit\u00e0. In pi\u00f9 abbiamo progettato e stiamo iniziando a sviluppare il modello della nostra turbina da 1kW che sar\u00e0 pronto in pochi mesi&#8221;<\/em> conclude Simonelli.<\/p>\n","protected":false},"excerpt":{"rendered":"<p>La start-up Gevi Wind, fondata da tre ingegneri laureati all\u2019Universit\u00e0 di Pisa, realizza piccole turbine eoliche dotate di intelligenza artificiale<\/p>\n<p>&nbsp;<\/p>\n","protected":false},"author":502,"featured_media":244972,"comment_status":"open","ping_status":"open","sticky":false,"template":"","format":"standard","meta":{"_acf_changed":false,"footnotes":""},"categories":[475],"tags":[400,195],"class_list":["post-244965","post","type-post","status-publish","format-standard","has-post-thumbnail","hentry","category-innovazione","tag-energie-rinnovabili","tag-startup"],"acf":[],"yoast_head":"<!-- This site is optimized with the Yoast SEO Premium plugin v24.2 (Yoast SEO v25.6) - https:\/\/yoast.com\/wordpress\/plugins\/seo\/ -->\n<title>Da Pisa la turbina intelligente per l\u2019eolico: si adatta alla direzione del vento - intoscana<\/title>\n<meta name=\"description\" content=\"La start-up pisana Gevi Wind ha progettato una turbina per l&#039;eolico che grazie all&#039;intelligenza artificiale si adatta alle condizioni del vento.\" \/>\n<meta name=\"robots\" content=\"index, follow, max-snippet:-1, max-image-preview:large, max-video-preview:-1\" \/>\n<link rel=\"canonical\" href=\"https:\/\/www.intoscana.it\/it\/pisa-turbina-intelligente-eolico\/\" \/>\n<meta property=\"og:locale\" content=\"it_IT\" \/>\n<meta property=\"og:type\" content=\"article\" \/>\n<meta property=\"og:title\" content=\"Da Pisa la turbina intelligente per l\u2019eolico: si adatta alla direzione del vento\" \/>\n<meta property=\"og:description\" content=\"La start-up pisana Gevi Wind ha progettato una turbina per l&#039;eolico che grazie all&#039;intelligenza artificiale si adatta alle condizioni del vento.\" \/>\n<meta property=\"og:url\" content=\"https:\/\/www.intoscana.it\/it\/pisa-turbina-intelligente-eolico\/\" \/>\n<meta property=\"og:site_name\" content=\"intoscana\" \/>\n<meta property=\"article:publisher\" content=\"https:\/\/www.facebook.com\/intoscana.it\" \/>\n<meta property=\"article:published_time\" content=\"2022-08-31T09:56:10+00:00\" \/>\n<meta property=\"og:image\" content=\"https:\/\/www.intoscana.it\/wp-content\/uploads\/Foto1-16.jpg\" \/>\n\t<meta property=\"og:image:width\" content=\"1280\" \/>\n\t<meta property=\"og:image:height\" content=\"960\" \/>\n\t<meta property=\"og:image:type\" content=\"image\/jpeg\" \/>\n<meta name=\"author\" content=\"Ilaria Giannini\" \/>\n<meta name=\"twitter:card\" content=\"summary_large_image\" \/>\n<meta name=\"twitter:creator\" content=\"@i.giannini@fst.it\" \/>\n<meta name=\"twitter:site\" content=\"@intoscana\" \/>\n<meta name=\"twitter:label1\" content=\"Written by\" \/>\n\t<meta name=\"twitter:data1\" content=\"Ilaria Giannini\" \/>\n\t<meta name=\"twitter:label2\" content=\"Est. reading time\" \/>\n\t<meta name=\"twitter:data2\" content=\"2 minuti\" \/>\n<script type=\"application\/ld+json\" class=\"yoast-schema-graph\">{\"@context\":\"https:\/\/schema.org\",\"@graph\":[{\"@type\":\"WebPage\",\"@id\":\"https:\/\/www.intoscana.it\/it\/pisa-turbina-intelligente-eolico\/\",\"url\":\"https:\/\/www.intoscana.it\/it\/pisa-turbina-intelligente-eolico\/\",\"name\":\"Da Pisa la turbina intelligente per l\u2019eolico: si adatta alla direzione del vento - intoscana\",\"isPartOf\":{\"@id\":\"https:\/\/www.intoscana.it\/it\/#website\"},\"primaryImageOfPage\":{\"@id\":\"https:\/\/www.intoscana.it\/it\/pisa-turbina-intelligente-eolico\/#primaryimage\"},\"image\":{\"@id\":\"https:\/\/www.intoscana.it\/it\/pisa-turbina-intelligente-eolico\/#primaryimage\"},\"thumbnailUrl\":\"https:\/\/www.intoscana.it\/wp-content\/uploads\/Foto1-16.jpg\",\"datePublished\":\"2022-08-31T09:56:10+00:00\",\"author\":{\"@id\":\"https:\/\/www.intoscana.it\/it\/#\/schema\/person\/de95e1ed2c1c8c30a6922bbba3a90185\"},\"description\":\"La start-up pisana Gevi Wind ha progettato una turbina per l'eolico che grazie all'intelligenza artificiale si adatta alle condizioni del vento.\",\"breadcrumb\":{\"@id\":\"https:\/\/www.intoscana.it\/it\/pisa-turbina-intelligente-eolico\/#breadcrumb\"},\"inLanguage\":\"it-IT\",\"potentialAction\":[{\"@type\":\"ReadAction\",\"target\":[\"https:\/\/www.intoscana.it\/it\/pisa-turbina-intelligente-eolico\/\"]}]},{\"@type\":\"ImageObject\",\"inLanguage\":\"it-IT\",\"@id\":\"https:\/\/www.intoscana.it\/it\/pisa-turbina-intelligente-eolico\/#primaryimage\",\"url\":\"https:\/\/www.intoscana.it\/wp-content\/uploads\/Foto1-16.jpg\",\"contentUrl\":\"https:\/\/www.intoscana.it\/wp-content\/uploads\/Foto1-16.jpg\",\"width\":1280,\"height\":960,\"caption\":\"La turbina eolica di Gevi Wind\"},{\"@type\":\"BreadcrumbList\",\"@id\":\"https:\/\/www.intoscana.it\/it\/pisa-turbina-intelligente-eolico\/#breadcrumb\",\"itemListElement\":[{\"@type\":\"ListItem\",\"position\":1,\"name\":\"Home\",\"item\":\"https:\/\/www.intoscana.it\/it\/\"},{\"@type\":\"ListItem\",\"position\":2,\"name\":\"Da Pisa la turbina intelligente per l\u2019eolico: si adatta alla direzione del vento\"}]},{\"@type\":\"WebSite\",\"@id\":\"https:\/\/www.intoscana.it\/it\/#website\",\"url\":\"https:\/\/www.intoscana.it\/it\/\",\"name\":\"intoscana\",\"description\":\"\",\"potentialAction\":[{\"@type\":\"SearchAction\",\"target\":{\"@type\":\"EntryPoint\",\"urlTemplate\":\"https:\/\/www.intoscana.it\/it\/?s={search_term_string}\"},\"query-input\":{\"@type\":\"PropertyValueSpecification\",\"valueRequired\":true,\"valueName\":\"search_term_string\"}}],\"inLanguage\":\"it-IT\"},{\"@type\":\"Person\",\"@id\":\"https:\/\/www.intoscana.it\/it\/#\/schema\/person\/de95e1ed2c1c8c30a6922bbba3a90185\",\"name\":\"Ilaria Giannini\",\"sameAs\":[\"https:\/\/x.com\/i.giannini@fst.it\"],\"url\":\"https:\/\/www.intoscana.it\/it\/author\/ilaria-giannini\/\"}]}<\/script>\n<!-- \/ Yoast SEO Premium plugin. -->","yoast_head_json":{"title":"Da Pisa la turbina intelligente per l\u2019eolico: si adatta alla direzione del vento - intoscana","description":"La start-up pisana Gevi Wind ha progettato una turbina per l'eolico che grazie all'intelligenza artificiale si adatta alle condizioni del vento.","robots":{"index":"index","follow":"follow","max-snippet":"max-snippet:-1","max-image-preview":"max-image-preview:large","max-video-preview":"max-video-preview:-1"},"canonical":"https:\/\/www.intoscana.it\/it\/pisa-turbina-intelligente-eolico\/","og_locale":"it_IT","og_type":"article","og_title":"Da Pisa la turbina intelligente per l\u2019eolico: si adatta alla direzione del vento","og_description":"La start-up pisana Gevi Wind ha progettato una turbina per l'eolico che grazie all'intelligenza artificiale si adatta alle condizioni del vento.","og_url":"https:\/\/www.intoscana.it\/it\/pisa-turbina-intelligente-eolico\/","og_site_name":"intoscana","article_publisher":"https:\/\/www.facebook.com\/intoscana.it","article_published_time":"2022-08-31T09:56:10+00:00","og_image":[{"width":1280,"height":960,"url":"https:\/\/www.intoscana.it\/wp-content\/uploads\/Foto1-16.jpg","type":"image\/jpeg"}],"author":"Ilaria Giannini","twitter_card":"summary_large_image","twitter_creator":"@i.giannini@fst.it","twitter_site":"@intoscana","twitter_misc":{"Written by":"Ilaria Giannini","Est. reading time":"2 minuti"},"schema":{"@context":"https:\/\/schema.org","@graph":[{"@type":"WebPage","@id":"https:\/\/www.intoscana.it\/it\/pisa-turbina-intelligente-eolico\/","url":"https:\/\/www.intoscana.it\/it\/pisa-turbina-intelligente-eolico\/","name":"Da Pisa la turbina intelligente per l\u2019eolico: si adatta alla direzione del vento - intoscana","isPartOf":{"@id":"https:\/\/www.intoscana.it\/it\/#website"},"primaryImageOfPage":{"@id":"https:\/\/www.intoscana.it\/it\/pisa-turbina-intelligente-eolico\/#primaryimage"},"image":{"@id":"https:\/\/www.intoscana.it\/it\/pisa-turbina-intelligente-eolico\/#primaryimage"},"thumbnailUrl":"https:\/\/www.intoscana.it\/wp-content\/uploads\/Foto1-16.jpg","datePublished":"2022-08-31T09:56:10+00:00","author":{"@id":"https:\/\/www.intoscana.it\/it\/#\/schema\/person\/de95e1ed2c1c8c30a6922bbba3a90185"},"description":"La start-up pisana Gevi Wind ha progettato una turbina per l'eolico che grazie all'intelligenza artificiale si adatta alle condizioni del vento.","breadcrumb":{"@id":"https:\/\/www.intoscana.it\/it\/pisa-turbina-intelligente-eolico\/#breadcrumb"},"inLanguage":"it-IT","potentialAction":[{"@type":"ReadAction","target":["https:\/\/www.intoscana.it\/it\/pisa-turbina-intelligente-eolico\/"]}]},{"@type":"ImageObject","inLanguage":"it-IT","@id":"https:\/\/www.intoscana.it\/it\/pisa-turbina-intelligente-eolico\/#primaryimage","url":"https:\/\/www.intoscana.it\/wp-content\/uploads\/Foto1-16.jpg","contentUrl":"https:\/\/www.intoscana.it\/wp-content\/uploads\/Foto1-16.jpg","width":1280,"height":960,"caption":"La turbina eolica di Gevi Wind"},{"@type":"BreadcrumbList","@id":"https:\/\/www.intoscana.it\/it\/pisa-turbina-intelligente-eolico\/#breadcrumb","itemListElement":[{"@type":"ListItem","position":1,"name":"Home","item":"https:\/\/www.intoscana.it\/it\/"},{"@type":"ListItem","position":2,"name":"Da Pisa la turbina intelligente per l\u2019eolico: si adatta alla direzione del vento"}]},{"@type":"WebSite","@id":"https:\/\/www.intoscana.it\/it\/#website","url":"https:\/\/www.intoscana.it\/it\/","name":"intoscana","description":"","potentialAction":[{"@type":"SearchAction","target":{"@type":"EntryPoint","urlTemplate":"https:\/\/www.intoscana.it\/it\/?s={search_term_string}"},"query-input":{"@type":"PropertyValueSpecification","valueRequired":true,"valueName":"search_term_string"}}],"inLanguage":"it-IT"},{"@type":"Person","@id":"https:\/\/www.intoscana.it\/it\/#\/schema\/person\/de95e1ed2c1c8c30a6922bbba3a90185","name":"Ilaria Giannini","sameAs":["https:\/\/x.com\/i.giannini@fst.it"],"url":"https:\/\/www.intoscana.it\/it\/author\/ilaria-giannini\/"}]}},"_links":{"self":[{"href":"https:\/\/www.intoscana.it\/it\/wp-json\/wp\/v2\/posts\/244965","targetHints":{"allow":["GET"]}}],"collection":[{"href":"https:\/\/www.intoscana.it\/it\/wp-json\/wp\/v2\/posts"}],"about":[{"href":"https:\/\/www.intoscana.it\/it\/wp-json\/wp\/v2\/types\/post"}],"author":[{"embeddable":true,"href":"https:\/\/www.intoscana.it\/it\/wp-json\/wp\/v2\/users\/502"}],"replies":[{"embeddable":true,"href":"https:\/\/www.intoscana.it\/it\/wp-json\/wp\/v2\/comments?post=244965"}],"version-history":[{"count":0,"href":"https:\/\/www.intoscana.it\/it\/wp-json\/wp\/v2\/posts\/244965\/revisions"}],"wp:featuredmedia":[{"embeddable":true,"href":"https:\/\/www.intoscana.it\/it\/wp-json\/wp\/v2\/media\/244972"}],"wp:attachment":[{"href":"https:\/\/www.intoscana.it\/it\/wp-json\/wp\/v2\/media?parent=244965"}],"wp:term":[{"taxonomy":"category","embeddable":true,"href":"https:\/\/www.intoscana.it\/it\/wp-json\/wp\/v2\/categories?post=244965"},{"taxonomy":"post_tag","embeddable":true,"href":"https:\/\/www.intoscana.it\/it\/wp-json\/wp\/v2\/tags?post=244965"}],"curies":[{"name":"wp","href":"https:\/\/api.w.org\/{rel}","templated":true}]}}