{"id":245188,"date":"2022-09-01T12:18:51","date_gmt":"2022-09-01T10:18:51","guid":{"rendered":"https:\/\/www.intoscana.it\/it\/?p=245188"},"modified":"2022-09-01T12:18:51","modified_gmt":"2022-09-01T10:18:51","slug":"il-chianti-saluta-lestate-con-il-festival-stelle-nei-borghi-a-barberino-tavarnelle","status":"publish","type":"post","link":"https:\/\/www.intoscana.it\/it\/il-chianti-saluta-lestate-con-il-festival-stelle-nei-borghi-a-barberino-tavarnelle\/","title":{"rendered":"Il Chianti saluta l&#8217;estate con il festival &#8220;Stelle nei borghi&#8221; a Barberino Tavarnelle"},"content":{"rendered":"<p>E\u2019 <strong>polvere di Stelle<\/strong> quella che si accende e illumina<strong> i borghi del Chianti<\/strong> in quest\u2019ultimo scampolo d&#8217;estate.<\/p>\n<p><strong>Stelle che suonano, danzano, cantano<\/strong> e si fanno protagoniste, promuovono eco culturali miscelando danza e canto, per lo pi\u00f9 al femminile, creando terre d\u2019arte, luoghi incantati dove le espressioni artistiche si moltiplicano e i colori dello spettacolo si diversificano.<\/p>\n<p><strong>L\u2019estate musicale di Barberino Tavarnelle<\/strong> sale ancora una volta sul palcoscenico naturale dei borghi, volando tra le colline, da un\u2019agor\u00e0 all\u2019altra.<\/p>\n<p>In <strong>piazza Barberini<\/strong> (Barberino Val d\u2019Elsa) e in <strong>piazza Matteotti<\/strong> (Tavarnelle Val di Pesa) si alza il sipario della prima edizione del festival <strong>\u201cStelle nei borghi\u201d,<\/strong> una rassegna che esplora i territori delle sonorit\u00e0 popolari e non solo, calata nei suggestivi scenari del castello medievale di Barberino Val d\u2019Elsa e del cuore storico di Tavarnelle Val di Pesa.<\/p>\n<p>L\u2019iniziativa, promossa dal Comune di <strong>Barberino Tavarnelle,<\/strong> in collaborazione con Nuovo Balletto di Toscana, che apre tutte le serate, propone <strong>tre appuntamenti<\/strong> in programma <strong>dal 1\u00b0 al 9 settembre 2022.<\/strong><\/p>\n<figure id=\"post-189268 media-189268\" class=\"align-none\"><img decoding=\"async\" src=\"https:\/\/www.intoscana.it\/wp-content\/uploads\/aiazzi-maroccolo_1920.jpg\" alt=\"\" \/><\/figure>\n<div class=\"titleimg\"><em>Aiazzi e Maroccolo<\/em><\/div>\n<p><strong>Gioved\u00ec 1 settembre,<\/strong> unica data italiana, piazza Barberini ospita alle ore 21 <strong>Gianni Maroccolo e Antonio Aiazzi<\/strong> in concerto con Beppe Brotto \/ esraj e la partecipazione straordinaria di <strong>Francesco Magnelli.<\/strong><\/p>\n<p>Il Balletto di Toscana aprir\u00e0 l\u2019evento con la performance <em><strong>\u201cT\u00e8chne\u201d<\/strong> <\/em>con Enrica Cornaccia, Beatrice Ranieri e Marta Terranova.<\/p>\n<p><strong>Luned\u00ec 5 settembre<\/strong> alle ore 21 piazza Barberini accender\u00e0 i riflettori sull\u2019esecuzione integrale del mitico live <strong>\u201cBanana Republic\u201d di Dalla-De Gregori,<\/strong> interpretato da <strong>Riccardo Mori Quintet.<\/strong><\/p>\n<p>Ancora, in apertura, una performance del<strong> Balletto di Toscana<\/strong> con Rita Carrara, Francesca Chiesa e Rebecca Intermite.<\/p>\n<figure id=\"post-245193 media-245193\" class=\"align-none\"><img decoding=\"async\" src=\"https:\/\/www.intoscana.it\/wp-content\/uploads\/Ginevra-Di-Marco-canta-Mercedes-Sosa-1.jpg\" alt=\"\" \/><\/figure>\n<div class=\"titleimg\">Ginevra Di Marco<\/div>\n<p>Ultimo appuntamento \u00e8 quello che si terr\u00e0 <strong>venerd\u00ec 9 settembre<\/strong> alle ore 21 in piazza Matteotti a Tavarnelle Val di Pesa. Unica data italiana, \u201cStazioni Lunari\u201d porta nel Chianti un terzetto d\u2019eccezione:\u00a0<strong>Nada, Ginevra di Marco e Angela Baraldi.<\/strong><\/p>\n<p><strong>Tre grandi cantautrici,<\/strong> protagoniste di una prima assoluta, arricchita dalla presenza del <strong>quartetto d\u2019archi \u201cElla\u201d,<\/strong> capitanata dalla violinista Angelo Tomei.<\/p>\n<p>Il repertorio della serata propone i grandi successi delle tre cantanti e l\u2019interpretazione, tra gli altri dei brani pi\u00f9 significativi di<strong> Endrigo, Modugno e Tenco<\/strong>.<\/p>\n<p>La serata conclusiva del Festival sar\u00e0 introdotta dal <strong>Balletto di Toscana<\/strong> con Sofia Bonetti, Rita Carrara, Francesca Chiesa, Enrica Cornacchia, Rebecca Intermite, Beatrice Ranieri, Marta Terranova che si esibiranno nel balletto <em><strong>\u201cEndiatri\u201d<\/strong> <\/em>a cura di Beatrice Poggini e Niccol\u00f2 Poggini.<\/p>\n<p><strong>Tutti gli eventi sono a ingresso libero. Info cultura@barberinotavarnelle.it tel. 055 8052369.<\/strong><\/p>\n<figure id=\"post-245192 media-245192\" class=\"align-none\"><img decoding=\"async\" src=\"https:\/\/www.intoscana.it\/wp-content\/uploads\/foto-bdt.jpeg\" alt=\"\" \/><\/figure>\n<div class=\"titleimg\"><\/div>\n","protected":false},"excerpt":{"rendered":"<p>Dal 1\u00b0 al 9 settembre tre serate di musica e danza a cura del Balletto della Toscana, tra gli ospiti: Gianni Maroccolo e Antonio Aiazzi, Nada, Ginevra Di Marco, Angela Baraldi e il Riccardo Mori Quintet<\/p>\n","protected":false},"author":525,"featured_media":209251,"comment_status":"open","ping_status":"open","sticky":false,"template":"","format":"standard","meta":{"_acf_changed":false,"footnotes":""},"categories":[14],"tags":[366,216],"class_list":["post-245188","post","type-post","status-publish","format-standard","has-post-thumbnail","hentry","category-musica","tag-chianti","tag-concerti"],"acf":[],"yoast_head":"<!-- This site is optimized with the Yoast SEO Premium plugin v24.2 (Yoast SEO v25.6) - https:\/\/yoast.com\/wordpress\/plugins\/seo\/ -->\n<title>Il Chianti saluta l&#039;estate con il festival &quot;Stelle nei borghi&quot; a Barberino Tavarnelle - intoscana<\/title>\n<meta name=\"description\" content=\"Dal 1\u00b0 al 9 settembre tre serate di musica e danza a cura del Balletto della Toscana, tra gli ospiti: Maroccolo, Aiazzi, Nada\" \/>\n<meta name=\"robots\" content=\"index, follow, max-snippet:-1, max-image-preview:large, max-video-preview:-1\" \/>\n<link rel=\"canonical\" href=\"https:\/\/www.intoscana.it\/it\/il-chianti-saluta-lestate-con-il-festival-stelle-nei-borghi-a-barberino-tavarnelle\/\" \/>\n<meta property=\"og:locale\" content=\"it_IT\" \/>\n<meta property=\"og:type\" content=\"article\" \/>\n<meta property=\"og:title\" content=\"Il Chianti saluta l&#039;estate con il festival &quot;Stelle nei borghi&quot; a Barberino Tavarnelle\" \/>\n<meta property=\"og:description\" content=\"Dal 1\u00b0 al 9 settembre tre serate di musica e danza a cura del Balletto della Toscana, tra gli ospiti: Maroccolo, Aiazzi, Nada\" \/>\n<meta property=\"og:url\" content=\"https:\/\/www.intoscana.it\/it\/il-chianti-saluta-lestate-con-il-festival-stelle-nei-borghi-a-barberino-tavarnelle\/\" \/>\n<meta property=\"og:site_name\" content=\"intoscana\" \/>\n<meta property=\"article:publisher\" content=\"https:\/\/www.facebook.com\/intoscana.it\" \/>\n<meta property=\"article:published_time\" content=\"2022-09-01T10:18:51+00:00\" \/>\n<meta property=\"og:image\" content=\"https:\/\/www.intoscana.it\/wp-content\/uploads\/NADA-pic-credits-Claudia-Pajewski-7507-1-1-scaled.jpg\" \/>\n\t<meta property=\"og:image:width\" content=\"2048\" \/>\n\t<meta property=\"og:image:height\" content=\"1478\" \/>\n\t<meta property=\"og:image:type\" content=\"image\/jpeg\" \/>\n<meta name=\"author\" content=\"Redazione\" \/>\n<meta name=\"twitter:card\" content=\"summary_large_image\" \/>\n<meta name=\"twitter:creator\" content=\"@intoscana\" \/>\n<meta name=\"twitter:site\" content=\"@intoscana\" \/>\n<meta name=\"twitter:label1\" content=\"Written by\" \/>\n\t<meta name=\"twitter:data1\" content=\"Redazione\" \/>\n\t<meta name=\"twitter:label2\" content=\"Est. reading time\" \/>\n\t<meta name=\"twitter:data2\" content=\"2 minuti\" \/>\n<script type=\"application\/ld+json\" class=\"yoast-schema-graph\">{\"@context\":\"https:\/\/schema.org\",\"@graph\":[{\"@type\":\"WebPage\",\"@id\":\"https:\/\/www.intoscana.it\/it\/il-chianti-saluta-lestate-con-il-festival-stelle-nei-borghi-a-barberino-tavarnelle\/\",\"url\":\"https:\/\/www.intoscana.it\/it\/il-chianti-saluta-lestate-con-il-festival-stelle-nei-borghi-a-barberino-tavarnelle\/\",\"name\":\"Il Chianti saluta l'estate con il festival \\\"Stelle nei borghi\\\" a Barberino Tavarnelle - intoscana\",\"isPartOf\":{\"@id\":\"https:\/\/www.intoscana.it\/it\/#website\"},\"primaryImageOfPage\":{\"@id\":\"https:\/\/www.intoscana.it\/it\/il-chianti-saluta-lestate-con-il-festival-stelle-nei-borghi-a-barberino-tavarnelle\/#primaryimage\"},\"image\":{\"@id\":\"https:\/\/www.intoscana.it\/it\/il-chianti-saluta-lestate-con-il-festival-stelle-nei-borghi-a-barberino-tavarnelle\/#primaryimage\"},\"thumbnailUrl\":\"https:\/\/www.intoscana.it\/wp-content\/uploads\/NADA-pic-credits-Claudia-Pajewski-7507-1-1-scaled.jpg\",\"datePublished\":\"2022-09-01T10:18:51+00:00\",\"author\":{\"@id\":\"https:\/\/www.intoscana.it\/it\/#\/schema\/person\/9223810753230f20bd670fdd322661f8\"},\"description\":\"Dal 1\u00b0 al 9 settembre tre serate di musica e danza a cura del Balletto della Toscana, tra gli ospiti: Maroccolo, Aiazzi, Nada\",\"breadcrumb\":{\"@id\":\"https:\/\/www.intoscana.it\/it\/il-chianti-saluta-lestate-con-il-festival-stelle-nei-borghi-a-barberino-tavarnelle\/#breadcrumb\"},\"inLanguage\":\"it-IT\",\"potentialAction\":[{\"@type\":\"ReadAction\",\"target\":[\"https:\/\/www.intoscana.it\/it\/il-chianti-saluta-lestate-con-il-festival-stelle-nei-borghi-a-barberino-tavarnelle\/\"]}]},{\"@type\":\"ImageObject\",\"inLanguage\":\"it-IT\",\"@id\":\"https:\/\/www.intoscana.it\/it\/il-chianti-saluta-lestate-con-il-festival-stelle-nei-borghi-a-barberino-tavarnelle\/#primaryimage\",\"url\":\"https:\/\/www.intoscana.it\/wp-content\/uploads\/NADA-pic-credits-Claudia-Pajewski-7507-1-1-scaled.jpg\",\"contentUrl\":\"https:\/\/www.intoscana.it\/wp-content\/uploads\/NADA-pic-credits-Claudia-Pajewski-7507-1-1-scaled.jpg\",\"width\":2048,\"height\":1478,\"caption\":\"Nada, 2018, credits Claudia Pajewski\"},{\"@type\":\"BreadcrumbList\",\"@id\":\"https:\/\/www.intoscana.it\/it\/il-chianti-saluta-lestate-con-il-festival-stelle-nei-borghi-a-barberino-tavarnelle\/#breadcrumb\",\"itemListElement\":[{\"@type\":\"ListItem\",\"position\":1,\"name\":\"Home\",\"item\":\"https:\/\/www.intoscana.it\/it\/\"},{\"@type\":\"ListItem\",\"position\":2,\"name\":\"Il Chianti saluta l&#8217;estate con il festival &#8220;Stelle nei borghi&#8221; a Barberino Tavarnelle\"}]},{\"@type\":\"WebSite\",\"@id\":\"https:\/\/www.intoscana.it\/it\/#website\",\"url\":\"https:\/\/www.intoscana.it\/it\/\",\"name\":\"intoscana\",\"description\":\"\",\"potentialAction\":[{\"@type\":\"SearchAction\",\"target\":{\"@type\":\"EntryPoint\",\"urlTemplate\":\"https:\/\/www.intoscana.it\/it\/?s={search_term_string}\"},\"query-input\":{\"@type\":\"PropertyValueSpecification\",\"valueRequired\":true,\"valueName\":\"search_term_string\"}}],\"inLanguage\":\"it-IT\"},{\"@type\":\"Person\",\"@id\":\"https:\/\/www.intoscana.it\/it\/#\/schema\/person\/9223810753230f20bd670fdd322661f8\",\"name\":\"Redazione\",\"url\":\"https:\/\/www.intoscana.it\/it\/author\/redazione\/\"}]}<\/script>\n<!-- \/ Yoast SEO Premium plugin. -->","yoast_head_json":{"title":"Il Chianti saluta l'estate con il festival \"Stelle nei borghi\" a Barberino Tavarnelle - intoscana","description":"Dal 1\u00b0 al 9 settembre tre serate di musica e danza a cura del Balletto della Toscana, tra gli ospiti: Maroccolo, Aiazzi, Nada","robots":{"index":"index","follow":"follow","max-snippet":"max-snippet:-1","max-image-preview":"max-image-preview:large","max-video-preview":"max-video-preview:-1"},"canonical":"https:\/\/www.intoscana.it\/it\/il-chianti-saluta-lestate-con-il-festival-stelle-nei-borghi-a-barberino-tavarnelle\/","og_locale":"it_IT","og_type":"article","og_title":"Il Chianti saluta l'estate con il festival \"Stelle nei borghi\" a Barberino Tavarnelle","og_description":"Dal 1\u00b0 al 9 settembre tre serate di musica e danza a cura del Balletto della Toscana, tra gli ospiti: Maroccolo, Aiazzi, Nada","og_url":"https:\/\/www.intoscana.it\/it\/il-chianti-saluta-lestate-con-il-festival-stelle-nei-borghi-a-barberino-tavarnelle\/","og_site_name":"intoscana","article_publisher":"https:\/\/www.facebook.com\/intoscana.it","article_published_time":"2022-09-01T10:18:51+00:00","og_image":[{"width":2048,"height":1478,"url":"https:\/\/www.intoscana.it\/wp-content\/uploads\/NADA-pic-credits-Claudia-Pajewski-7507-1-1-scaled.jpg","type":"image\/jpeg"}],"author":"Redazione","twitter_card":"summary_large_image","twitter_creator":"@intoscana","twitter_site":"@intoscana","twitter_misc":{"Written by":"Redazione","Est. reading time":"2 minuti"},"schema":{"@context":"https:\/\/schema.org","@graph":[{"@type":"WebPage","@id":"https:\/\/www.intoscana.it\/it\/il-chianti-saluta-lestate-con-il-festival-stelle-nei-borghi-a-barberino-tavarnelle\/","url":"https:\/\/www.intoscana.it\/it\/il-chianti-saluta-lestate-con-il-festival-stelle-nei-borghi-a-barberino-tavarnelle\/","name":"Il Chianti saluta l'estate con il festival \"Stelle nei borghi\" a Barberino Tavarnelle - intoscana","isPartOf":{"@id":"https:\/\/www.intoscana.it\/it\/#website"},"primaryImageOfPage":{"@id":"https:\/\/www.intoscana.it\/it\/il-chianti-saluta-lestate-con-il-festival-stelle-nei-borghi-a-barberino-tavarnelle\/#primaryimage"},"image":{"@id":"https:\/\/www.intoscana.it\/it\/il-chianti-saluta-lestate-con-il-festival-stelle-nei-borghi-a-barberino-tavarnelle\/#primaryimage"},"thumbnailUrl":"https:\/\/www.intoscana.it\/wp-content\/uploads\/NADA-pic-credits-Claudia-Pajewski-7507-1-1-scaled.jpg","datePublished":"2022-09-01T10:18:51+00:00","author":{"@id":"https:\/\/www.intoscana.it\/it\/#\/schema\/person\/9223810753230f20bd670fdd322661f8"},"description":"Dal 1\u00b0 al 9 settembre tre serate di musica e danza a cura del Balletto della Toscana, tra gli ospiti: Maroccolo, Aiazzi, Nada","breadcrumb":{"@id":"https:\/\/www.intoscana.it\/it\/il-chianti-saluta-lestate-con-il-festival-stelle-nei-borghi-a-barberino-tavarnelle\/#breadcrumb"},"inLanguage":"it-IT","potentialAction":[{"@type":"ReadAction","target":["https:\/\/www.intoscana.it\/it\/il-chianti-saluta-lestate-con-il-festival-stelle-nei-borghi-a-barberino-tavarnelle\/"]}]},{"@type":"ImageObject","inLanguage":"it-IT","@id":"https:\/\/www.intoscana.it\/it\/il-chianti-saluta-lestate-con-il-festival-stelle-nei-borghi-a-barberino-tavarnelle\/#primaryimage","url":"https:\/\/www.intoscana.it\/wp-content\/uploads\/NADA-pic-credits-Claudia-Pajewski-7507-1-1-scaled.jpg","contentUrl":"https:\/\/www.intoscana.it\/wp-content\/uploads\/NADA-pic-credits-Claudia-Pajewski-7507-1-1-scaled.jpg","width":2048,"height":1478,"caption":"Nada, 2018, credits Claudia Pajewski"},{"@type":"BreadcrumbList","@id":"https:\/\/www.intoscana.it\/it\/il-chianti-saluta-lestate-con-il-festival-stelle-nei-borghi-a-barberino-tavarnelle\/#breadcrumb","itemListElement":[{"@type":"ListItem","position":1,"name":"Home","item":"https:\/\/www.intoscana.it\/it\/"},{"@type":"ListItem","position":2,"name":"Il Chianti saluta l&#8217;estate con il festival &#8220;Stelle nei borghi&#8221; a Barberino Tavarnelle"}]},{"@type":"WebSite","@id":"https:\/\/www.intoscana.it\/it\/#website","url":"https:\/\/www.intoscana.it\/it\/","name":"intoscana","description":"","potentialAction":[{"@type":"SearchAction","target":{"@type":"EntryPoint","urlTemplate":"https:\/\/www.intoscana.it\/it\/?s={search_term_string}"},"query-input":{"@type":"PropertyValueSpecification","valueRequired":true,"valueName":"search_term_string"}}],"inLanguage":"it-IT"},{"@type":"Person","@id":"https:\/\/www.intoscana.it\/it\/#\/schema\/person\/9223810753230f20bd670fdd322661f8","name":"Redazione","url":"https:\/\/www.intoscana.it\/it\/author\/redazione\/"}]}},"_links":{"self":[{"href":"https:\/\/www.intoscana.it\/it\/wp-json\/wp\/v2\/posts\/245188","targetHints":{"allow":["GET"]}}],"collection":[{"href":"https:\/\/www.intoscana.it\/it\/wp-json\/wp\/v2\/posts"}],"about":[{"href":"https:\/\/www.intoscana.it\/it\/wp-json\/wp\/v2\/types\/post"}],"author":[{"embeddable":true,"href":"https:\/\/www.intoscana.it\/it\/wp-json\/wp\/v2\/users\/525"}],"replies":[{"embeddable":true,"href":"https:\/\/www.intoscana.it\/it\/wp-json\/wp\/v2\/comments?post=245188"}],"version-history":[{"count":0,"href":"https:\/\/www.intoscana.it\/it\/wp-json\/wp\/v2\/posts\/245188\/revisions"}],"wp:featuredmedia":[{"embeddable":true,"href":"https:\/\/www.intoscana.it\/it\/wp-json\/wp\/v2\/media\/209251"}],"wp:attachment":[{"href":"https:\/\/www.intoscana.it\/it\/wp-json\/wp\/v2\/media?parent=245188"}],"wp:term":[{"taxonomy":"category","embeddable":true,"href":"https:\/\/www.intoscana.it\/it\/wp-json\/wp\/v2\/categories?post=245188"},{"taxonomy":"post_tag","embeddable":true,"href":"https:\/\/www.intoscana.it\/it\/wp-json\/wp\/v2\/tags?post=245188"}],"curies":[{"name":"wp","href":"https:\/\/api.w.org\/{rel}","templated":true}]}}