{"id":245230,"date":"2022-09-01T15:25:33","date_gmt":"2022-09-01T13:25:33","guid":{"rendered":"https:\/\/www.intoscana.it\/it\/?p=245230"},"modified":"2022-09-01T15:25:33","modified_gmt":"2022-09-01T13:25:33","slug":"a-san-miniato-e-fucecchio-arriva-gaia-il-festival-delle-arti-per-la-sostenibilita","status":"publish","type":"post","link":"https:\/\/www.intoscana.it\/it\/a-san-miniato-e-fucecchio-arriva-gaia-il-festival-delle-arti-per-la-sostenibilita\/","title":{"rendered":"A San Miniato e Fucecchio arriva &#8220;GAIA&#8221; il festival delle arti per la sostenibilit\u00e0"},"content":{"rendered":"<p><strong>Dal 22 settembre all\u20191 ottobre<\/strong> 2022 a<strong> San Miniato e a Fucecchio<\/strong> parte la prima edizione di<strong> GAIA festival delle arti per la cultura della sostenibilit\u00e0,<\/strong> organizzato dal <strong>Teatrino dei Fondi,<\/strong> con il sostegno delle amministrazioni comunali, della <strong>Regione Toscana, del Ministero della Cultura, della Citt\u00e0 Metropolitana, della Fondazione CR Firenze.<\/strong><\/p>\n<p>Filo conduttore della manifestazione \u00e8<strong> la sostenibilit\u00e0 affrontata come modello culturale, economico e sociale<\/strong>.<\/p>\n<p>Il festival multidisciplinare delle arti mette in campo un programma di appuntamenti di <strong>teatro, cinema<\/strong>, <strong>poesia<\/strong> e <strong>laboratori<\/strong> con l\u2019obiettivo di creare occasioni e spunti per confrontarsi sulle<strong> tematiche di fondamentali del prossimo futuro.<\/strong><\/p>\n<p>Il <strong>direttore artistico Enrico Falaschi<\/strong> ha dichiarato: <em>\u201cCredendo fortemente alla necessit\u00e0, non pi\u00f9 derogabile, di mettere al centro delle nostre vite le tematiche della sostenibilit\u00e0 e del climate change, i cui effetti negativi sono ogni giorno pi\u00f9 evidenti, riteniamo che il teatro, il cinema, le arti non possano esimersi dalla responsabilit\u00e0 di farsi a loro volta promotori di quel processo di ripensamento e di cambiamento necessario della societ\u00e0, un cambiamento che, inevitabilmente, deve essere anche culturale.\u201d<\/em><\/p>\n<figure id=\"post-245233 media-245233\" class=\"align-none\"><img decoding=\"async\" src=\"https:\/\/www.intoscana.it\/wp-content\/uploads\/Allegato-senza-titolo-02260.jpg\" alt=\"\" \/><\/figure>\n<h3>Il programma degli eventi<\/h3>\n<p><strong>Gioved\u00ec 22 settembre<\/strong> ore 20:30 all\u2019Auditorium San Martino a San Miniato il<strong> Teatro delle Ariette\/Luigi Dadina-Teatro della Alne,<\/strong> presentano <em><strong>Pane e Petrolio<\/strong> <\/em>\u00a0<em><strong>dedicato a Pier Paolo Pasolini<\/strong><\/em>, di Paola Berselli, Luigi Dadina e Stefano Pasquini con Paola Berselli, Luigi Dadina, Maurizio Ferraresi e Stefano Pasquini uno spettacolo che pone al centro un mondo oggi apparentemente scomparso, uno spazio intimo e condiviso con gli spettatori.<\/p>\n<p><strong>Venerd\u00ec 23 settembre<\/strong> alle 21:00 all\u2019Auditorium San Miniato \u00e8 la volta di<strong><em> Dati sensibili: New Constructive Ethics<\/em><\/strong>di Ivan Vyrypaev, traduzione, regia e interpretazione di <strong>Teodoro Bonci del Bene<\/strong>. Qui Ivan Vyrypaev immagina che un\u2019organizzazione di scala mondiale conduca un\u2019indagine sociologica, interrogandosi sulle possibilit\u00e0 di una nuova etica.<\/p>\n<p><strong>Venerd\u00ec 23 settembre<\/strong> alle 22:30 al Circolo Cheli <strong>La Ribalta Teatro<\/strong> va in scena con il nuovo lavoro<em><strong> Il Pelo nell\u2019Uovo,<\/strong><\/em> uno spettacolo di Alberto Ierardi, Giorgio Vierda e Luca Oldani, con Alberto Ierardi e Giorgio Vierda, che tratta, con ironia e comicit\u00e0, della produzione del cibo, tema cardine dello sviluppo sostenibile e mette in luce le umane contraddizioni relative alla questione alimentare.<\/p>\n<p><strong>Sabato 24 settembre<\/strong> dalle ore 17:00 a San Miniato si pu\u00f2 intraprendere un\u2019immersione poetica nella natura, con l\u2019iniziativa dal titolo <em><strong>Come gli alberi<\/strong><\/em>, da un\u2019idea di Ilaria Gozzini. \u00c8 un percorso in cammino nella natura, con osservazione e consapevolezza, respiro e ascolto, e inserti narrativo-poetici. Scendendo dal centro di San Miniato verso l\u2019antica via dei Carbonai, i partecipanti potranno scoprire i paesaggi verdi intorno al paese. <p><span class=\"citazione\"><em>riteniamo che il teatro, il cinema, le arti non possano esimersi dalla responsabilit\u00e0 di farsi a loro volta promotori di quel processo di ripensamento e di cambiamento necessario della societ\u00e0, un cambiamento che, inevitabilmente, deve essere anche culturale<\/em><\/span><\/p><\/p>\n<p><strong>Sabato 24 settembre<\/strong> alle ore 21:00 all\u2019Auditorium San Martino a San Miniato \u00e8 in prima nazionale <em><strong>Norilsk<\/strong><\/em>, scritto da <strong>Enrico Falaschi e Giorgio Vierda,<\/strong> con Giorgio Vierda, per la regia Enrico Falaschi. Partendo dalla storia dello Spartak Mosca e dalla saga dei fratelli Starostin, che fondarono la squadra pi\u00f9 amata dagli operai russi e convinsero Stalin a organizzare una partita di calcio sulla Piazza Rossa, lo spettacolo, si intreccia con le vicende politiche del U.R.S.S. e del gulag di Norillag, nella Siberia del nord, dal quale \u00e8 nata la citt\u00e0 chiusa di Norilsk, dove l&#8217;estrazione e la lavorazione di carbone, nickel e di altri minerali ha provocato e provoca un impatto ambientale di proporzioni mondiali ancora oggi irrisolto.<\/p>\n<p><strong>Sabato 24 settembre<\/strong> alle ore 22:30 al Circolo Cheli il <strong>Collettivo BALADAM B-SIDE<\/strong> presenta<em><strong> Surrealismo Capitalista<\/strong> <\/em>e mette in scena un compendio di derive della societ\u00e0 odierna, utilizzando il Capitale come correlativo oggettivo di una condizione umana sempre pi\u00f9 superficiale e rarefatta. Da luned\u00ec 26 settembre il festival si sposta a Fucecchio, al Teatro Pacini.<\/p>\n<p><strong>Luned\u00ec 26 e marted\u00ec 27 settembre<\/strong> dalle ore 16:30 alle 23:00 hanno luogo i laboratori teatrali dal titolo La Sostenibile leggerezza dell\u2019essere, a cura di Claudio Benvenuti e Sergio Bulleri. I bambini e i ragazzi di varie fasce di et\u00e0 (4-6 anni, 7-11 anni, 12-18 anni e under 25 anni) affronteranno in un percorso teatrale gratuito le diverse tematiche del festival: sostenibilit\u00e0 ambientale, economica e sociale.<\/p>\n<p><strong>Mercoled\u00ec 28 settembre<\/strong> alle 21:30 c\u2019\u00e8 una serata dedicata alla proiezione del film documentario<em><strong> Una scomoda verit\u00e0. Una minaccia Globale,<\/strong><\/em> diretto da <strong>Davis Guggenheim,<\/strong> che affronta il problema delriscaldamento globale e dell\u2019informazione legata ai cambiamenti climatici e ha come protagonista \u00e8 l\u2019ex vicepresidente degli Stati Uniti d\u2019America, Al Gore.<\/p>\n<p><strong>Gioved\u00ec 29 settembre<\/strong> alle 21:30 la <strong>Ribalta Teatro<\/strong> sale sul palcoscenico con <em><strong>il Settimo Continente<\/strong><\/em>, di e con Alberto Ierardi, Giorgio Vierda e Luca Oldani, uno spettacolo che affronta, con momenti di ilarit\u00e0, la tematica ambientale: la plastica e le sue conseguenze relative all\u2019accumulo e allo smaltimento.<\/p>\n<p><strong>Venerd\u00ec 30 settembre<\/strong> alle ore 21:30 proseguendo con gli appuntamenti dedicati al cinema, verr\u00e0 proiettato <em><strong>I Am Greta,<\/strong><\/em> film diretto da<strong> Nathan Grossman,<\/strong> che ritrae la giovane attivista <strong>Greta Thunberg<\/strong> nella sua sfera pubblica e privata.<\/p>\n<p><strong>Sabato 1 ottobre<\/strong> alle 21:30 chiude il festival la compagnia <strong>Controcanto Collettivo<\/strong>, che ha recentemente ottenuto il vincitrice il <strong>Premio Hystrio Iceberg,<\/strong> con lo spettacolo <em><strong>Salto di Specie<\/strong><\/em> ideazione e regia di <strong>Clara Sancricca<\/strong>, con Federico Cianciaruso, Riccardo Finocchio, Martina Giovannetti, Andrea Mammarella, Emanuele Piloner e Clara Sancricca. \u00c8 un\u2019indagine sul tema dell\u2019empatia tra esseri viventi e sui meccanismi che ne favoriscono o ne arrestano il flusso.<\/p>\n<figure id=\"post-245232 media-245232\" class=\"align-none\"><img decoding=\"async\" src=\"https:\/\/www.intoscana.it\/wp-content\/uploads\/La-Ribalta-Teatro-IL-PELO-NELLUOVO-4.jpg\" alt=\"\" \/><\/figure>\n<div class=\"titleimg\"><\/div>\n","protected":false},"excerpt":{"rendered":"<p>Dal 22 settembre all\u20191 ottobre si terr\u00e0 la prima edizione del festival che mette in campo un programma di appuntamenti di teatro, cinema, poesia e laboratori con l\u2019obiettivo di creare occasioni e spunti per confrontarsi sulle tematiche fondamentali per il prossimo futuro<\/p>\n","protected":false},"author":525,"featured_media":245231,"comment_status":"open","ping_status":"open","sticky":false,"template":"","format":"standard","meta":{"_acf_changed":false,"footnotes":""},"categories":[493],"tags":[151,371,236],"class_list":["post-245230","post","type-post","status-publish","format-standard","has-post-thumbnail","hentry","category-cultura","tag-regione-toscana","tag-sostenibilita","tag-teatro"],"acf":[],"yoast_head":"<!-- This site is optimized with the Yoast SEO Premium plugin v24.2 (Yoast SEO v25.6) - https:\/\/yoast.com\/wordpress\/plugins\/seo\/ -->\n<title>A San Miniato e Fucecchio arriva &quot;GAIA&quot; il festival delle arti per la sostenibilit\u00e0 - intoscana<\/title>\n<meta name=\"description\" content=\"Dal 22 settembre all\u20191 ottobre si terr\u00e0 la prima edizione del festival che mette in campo un programma di appuntamenti di teatro e cinema\" \/>\n<meta name=\"robots\" content=\"index, follow, max-snippet:-1, max-image-preview:large, max-video-preview:-1\" \/>\n<link rel=\"canonical\" href=\"https:\/\/www.intoscana.it\/it\/a-san-miniato-e-fucecchio-arriva-gaia-il-festival-delle-arti-per-la-sostenibilita\/\" \/>\n<meta property=\"og:locale\" content=\"it_IT\" \/>\n<meta property=\"og:type\" content=\"article\" \/>\n<meta property=\"og:title\" content=\"A San Miniato e Fucecchio arriva &quot;GAIA&quot; il festival delle arti per la sostenibilit\u00e0\" \/>\n<meta property=\"og:description\" content=\"Dal 22 settembre all\u20191 ottobre si terr\u00e0 la prima edizione del festival che mette in campo un programma di appuntamenti di teatro e cinema\" \/>\n<meta property=\"og:url\" content=\"https:\/\/www.intoscana.it\/it\/a-san-miniato-e-fucecchio-arriva-gaia-il-festival-delle-arti-per-la-sostenibilita\/\" \/>\n<meta property=\"og:site_name\" content=\"intoscana\" \/>\n<meta property=\"article:publisher\" content=\"https:\/\/www.facebook.com\/intoscana.it\" \/>\n<meta property=\"article:published_time\" content=\"2022-09-01T13:25:33+00:00\" \/>\n<meta property=\"og:image\" content=\"https:\/\/www.intoscana.it\/wp-content\/uploads\/Controcanto-Collettivo-SALTO-DI-SPECIE-ph-Simone-Galli-1.jpg\" \/>\n\t<meta property=\"og:image:width\" content=\"800\" \/>\n\t<meta property=\"og:image:height\" content=\"533\" \/>\n\t<meta property=\"og:image:type\" content=\"image\/jpeg\" \/>\n<meta name=\"author\" content=\"Redazione\" \/>\n<meta name=\"twitter:card\" content=\"summary_large_image\" \/>\n<meta name=\"twitter:creator\" content=\"@intoscana\" \/>\n<meta name=\"twitter:site\" content=\"@intoscana\" \/>\n<meta name=\"twitter:label1\" content=\"Written by\" \/>\n\t<meta name=\"twitter:data1\" content=\"Redazione\" \/>\n\t<meta name=\"twitter:label2\" content=\"Est. reading time\" \/>\n\t<meta name=\"twitter:data2\" content=\"4 minuti\" \/>\n<script type=\"application\/ld+json\" class=\"yoast-schema-graph\">{\"@context\":\"https:\/\/schema.org\",\"@graph\":[{\"@type\":\"WebPage\",\"@id\":\"https:\/\/www.intoscana.it\/it\/a-san-miniato-e-fucecchio-arriva-gaia-il-festival-delle-arti-per-la-sostenibilita\/\",\"url\":\"https:\/\/www.intoscana.it\/it\/a-san-miniato-e-fucecchio-arriva-gaia-il-festival-delle-arti-per-la-sostenibilita\/\",\"name\":\"A San Miniato e Fucecchio arriva \\\"GAIA\\\" il festival delle arti per la sostenibilit\u00e0 - intoscana\",\"isPartOf\":{\"@id\":\"https:\/\/www.intoscana.it\/it\/#website\"},\"primaryImageOfPage\":{\"@id\":\"https:\/\/www.intoscana.it\/it\/a-san-miniato-e-fucecchio-arriva-gaia-il-festival-delle-arti-per-la-sostenibilita\/#primaryimage\"},\"image\":{\"@id\":\"https:\/\/www.intoscana.it\/it\/a-san-miniato-e-fucecchio-arriva-gaia-il-festival-delle-arti-per-la-sostenibilita\/#primaryimage\"},\"thumbnailUrl\":\"https:\/\/www.intoscana.it\/wp-content\/uploads\/Controcanto-Collettivo-SALTO-DI-SPECIE-ph-Simone-Galli-1.jpg\",\"datePublished\":\"2022-09-01T13:25:33+00:00\",\"author\":{\"@id\":\"https:\/\/www.intoscana.it\/it\/#\/schema\/person\/9223810753230f20bd670fdd322661f8\"},\"description\":\"Dal 22 settembre all\u20191 ottobre si terr\u00e0 la prima edizione del festival che mette in campo un programma di appuntamenti di teatro e cinema\",\"breadcrumb\":{\"@id\":\"https:\/\/www.intoscana.it\/it\/a-san-miniato-e-fucecchio-arriva-gaia-il-festival-delle-arti-per-la-sostenibilita\/#breadcrumb\"},\"inLanguage\":\"it-IT\",\"potentialAction\":[{\"@type\":\"ReadAction\",\"target\":[\"https:\/\/www.intoscana.it\/it\/a-san-miniato-e-fucecchio-arriva-gaia-il-festival-delle-arti-per-la-sostenibilita\/\"]}]},{\"@type\":\"ImageObject\",\"inLanguage\":\"it-IT\",\"@id\":\"https:\/\/www.intoscana.it\/it\/a-san-miniato-e-fucecchio-arriva-gaia-il-festival-delle-arti-per-la-sostenibilita\/#primaryimage\",\"url\":\"https:\/\/www.intoscana.it\/wp-content\/uploads\/Controcanto-Collettivo-SALTO-DI-SPECIE-ph-Simone-Galli-1.jpg\",\"contentUrl\":\"https:\/\/www.intoscana.it\/wp-content\/uploads\/Controcanto-Collettivo-SALTO-DI-SPECIE-ph-Simone-Galli-1.jpg\",\"width\":800,\"height\":533},{\"@type\":\"BreadcrumbList\",\"@id\":\"https:\/\/www.intoscana.it\/it\/a-san-miniato-e-fucecchio-arriva-gaia-il-festival-delle-arti-per-la-sostenibilita\/#breadcrumb\",\"itemListElement\":[{\"@type\":\"ListItem\",\"position\":1,\"name\":\"Home\",\"item\":\"https:\/\/www.intoscana.it\/it\/\"},{\"@type\":\"ListItem\",\"position\":2,\"name\":\"A San Miniato e Fucecchio arriva &#8220;GAIA&#8221; il festival delle arti per la sostenibilit\u00e0\"}]},{\"@type\":\"WebSite\",\"@id\":\"https:\/\/www.intoscana.it\/it\/#website\",\"url\":\"https:\/\/www.intoscana.it\/it\/\",\"name\":\"intoscana\",\"description\":\"\",\"potentialAction\":[{\"@type\":\"SearchAction\",\"target\":{\"@type\":\"EntryPoint\",\"urlTemplate\":\"https:\/\/www.intoscana.it\/it\/?s={search_term_string}\"},\"query-input\":{\"@type\":\"PropertyValueSpecification\",\"valueRequired\":true,\"valueName\":\"search_term_string\"}}],\"inLanguage\":\"it-IT\"},{\"@type\":\"Person\",\"@id\":\"https:\/\/www.intoscana.it\/it\/#\/schema\/person\/9223810753230f20bd670fdd322661f8\",\"name\":\"Redazione\",\"url\":\"https:\/\/www.intoscana.it\/it\/author\/redazione\/\"}]}<\/script>\n<!-- \/ Yoast SEO Premium plugin. -->","yoast_head_json":{"title":"A San Miniato e Fucecchio arriva \"GAIA\" il festival delle arti per la sostenibilit\u00e0 - intoscana","description":"Dal 22 settembre all\u20191 ottobre si terr\u00e0 la prima edizione del festival che mette in campo un programma di appuntamenti di teatro e cinema","robots":{"index":"index","follow":"follow","max-snippet":"max-snippet:-1","max-image-preview":"max-image-preview:large","max-video-preview":"max-video-preview:-1"},"canonical":"https:\/\/www.intoscana.it\/it\/a-san-miniato-e-fucecchio-arriva-gaia-il-festival-delle-arti-per-la-sostenibilita\/","og_locale":"it_IT","og_type":"article","og_title":"A San Miniato e Fucecchio arriva \"GAIA\" il festival delle arti per la sostenibilit\u00e0","og_description":"Dal 22 settembre all\u20191 ottobre si terr\u00e0 la prima edizione del festival che mette in campo un programma di appuntamenti di teatro e cinema","og_url":"https:\/\/www.intoscana.it\/it\/a-san-miniato-e-fucecchio-arriva-gaia-il-festival-delle-arti-per-la-sostenibilita\/","og_site_name":"intoscana","article_publisher":"https:\/\/www.facebook.com\/intoscana.it","article_published_time":"2022-09-01T13:25:33+00:00","og_image":[{"width":800,"height":533,"url":"https:\/\/www.intoscana.it\/wp-content\/uploads\/Controcanto-Collettivo-SALTO-DI-SPECIE-ph-Simone-Galli-1.jpg","type":"image\/jpeg"}],"author":"Redazione","twitter_card":"summary_large_image","twitter_creator":"@intoscana","twitter_site":"@intoscana","twitter_misc":{"Written by":"Redazione","Est. reading time":"4 minuti"},"schema":{"@context":"https:\/\/schema.org","@graph":[{"@type":"WebPage","@id":"https:\/\/www.intoscana.it\/it\/a-san-miniato-e-fucecchio-arriva-gaia-il-festival-delle-arti-per-la-sostenibilita\/","url":"https:\/\/www.intoscana.it\/it\/a-san-miniato-e-fucecchio-arriva-gaia-il-festival-delle-arti-per-la-sostenibilita\/","name":"A San Miniato e Fucecchio arriva \"GAIA\" il festival delle arti per la sostenibilit\u00e0 - intoscana","isPartOf":{"@id":"https:\/\/www.intoscana.it\/it\/#website"},"primaryImageOfPage":{"@id":"https:\/\/www.intoscana.it\/it\/a-san-miniato-e-fucecchio-arriva-gaia-il-festival-delle-arti-per-la-sostenibilita\/#primaryimage"},"image":{"@id":"https:\/\/www.intoscana.it\/it\/a-san-miniato-e-fucecchio-arriva-gaia-il-festival-delle-arti-per-la-sostenibilita\/#primaryimage"},"thumbnailUrl":"https:\/\/www.intoscana.it\/wp-content\/uploads\/Controcanto-Collettivo-SALTO-DI-SPECIE-ph-Simone-Galli-1.jpg","datePublished":"2022-09-01T13:25:33+00:00","author":{"@id":"https:\/\/www.intoscana.it\/it\/#\/schema\/person\/9223810753230f20bd670fdd322661f8"},"description":"Dal 22 settembre all\u20191 ottobre si terr\u00e0 la prima edizione del festival che mette in campo un programma di appuntamenti di teatro e cinema","breadcrumb":{"@id":"https:\/\/www.intoscana.it\/it\/a-san-miniato-e-fucecchio-arriva-gaia-il-festival-delle-arti-per-la-sostenibilita\/#breadcrumb"},"inLanguage":"it-IT","potentialAction":[{"@type":"ReadAction","target":["https:\/\/www.intoscana.it\/it\/a-san-miniato-e-fucecchio-arriva-gaia-il-festival-delle-arti-per-la-sostenibilita\/"]}]},{"@type":"ImageObject","inLanguage":"it-IT","@id":"https:\/\/www.intoscana.it\/it\/a-san-miniato-e-fucecchio-arriva-gaia-il-festival-delle-arti-per-la-sostenibilita\/#primaryimage","url":"https:\/\/www.intoscana.it\/wp-content\/uploads\/Controcanto-Collettivo-SALTO-DI-SPECIE-ph-Simone-Galli-1.jpg","contentUrl":"https:\/\/www.intoscana.it\/wp-content\/uploads\/Controcanto-Collettivo-SALTO-DI-SPECIE-ph-Simone-Galli-1.jpg","width":800,"height":533},{"@type":"BreadcrumbList","@id":"https:\/\/www.intoscana.it\/it\/a-san-miniato-e-fucecchio-arriva-gaia-il-festival-delle-arti-per-la-sostenibilita\/#breadcrumb","itemListElement":[{"@type":"ListItem","position":1,"name":"Home","item":"https:\/\/www.intoscana.it\/it\/"},{"@type":"ListItem","position":2,"name":"A San Miniato e Fucecchio arriva &#8220;GAIA&#8221; il festival delle arti per la sostenibilit\u00e0"}]},{"@type":"WebSite","@id":"https:\/\/www.intoscana.it\/it\/#website","url":"https:\/\/www.intoscana.it\/it\/","name":"intoscana","description":"","potentialAction":[{"@type":"SearchAction","target":{"@type":"EntryPoint","urlTemplate":"https:\/\/www.intoscana.it\/it\/?s={search_term_string}"},"query-input":{"@type":"PropertyValueSpecification","valueRequired":true,"valueName":"search_term_string"}}],"inLanguage":"it-IT"},{"@type":"Person","@id":"https:\/\/www.intoscana.it\/it\/#\/schema\/person\/9223810753230f20bd670fdd322661f8","name":"Redazione","url":"https:\/\/www.intoscana.it\/it\/author\/redazione\/"}]}},"_links":{"self":[{"href":"https:\/\/www.intoscana.it\/it\/wp-json\/wp\/v2\/posts\/245230","targetHints":{"allow":["GET"]}}],"collection":[{"href":"https:\/\/www.intoscana.it\/it\/wp-json\/wp\/v2\/posts"}],"about":[{"href":"https:\/\/www.intoscana.it\/it\/wp-json\/wp\/v2\/types\/post"}],"author":[{"embeddable":true,"href":"https:\/\/www.intoscana.it\/it\/wp-json\/wp\/v2\/users\/525"}],"replies":[{"embeddable":true,"href":"https:\/\/www.intoscana.it\/it\/wp-json\/wp\/v2\/comments?post=245230"}],"version-history":[{"count":0,"href":"https:\/\/www.intoscana.it\/it\/wp-json\/wp\/v2\/posts\/245230\/revisions"}],"wp:featuredmedia":[{"embeddable":true,"href":"https:\/\/www.intoscana.it\/it\/wp-json\/wp\/v2\/media\/245231"}],"wp:attachment":[{"href":"https:\/\/www.intoscana.it\/it\/wp-json\/wp\/v2\/media?parent=245230"}],"wp:term":[{"taxonomy":"category","embeddable":true,"href":"https:\/\/www.intoscana.it\/it\/wp-json\/wp\/v2\/categories?post=245230"},{"taxonomy":"post_tag","embeddable":true,"href":"https:\/\/www.intoscana.it\/it\/wp-json\/wp\/v2\/tags?post=245230"}],"curies":[{"name":"wp","href":"https:\/\/api.w.org\/{rel}","templated":true}]}}