{"id":245840,"date":"2022-09-06T09:41:12","date_gmt":"2022-09-06T07:41:12","guid":{"rendered":"https:\/\/www.intoscana.it\/it\/?p=245840"},"modified":"2022-09-07T10:59:31","modified_gmt":"2022-09-07T08:59:31","slug":"covid-19-in-toscana-sono-1-218-i-nuovi-casi-eta-media-53-anni-nove-decessi","status":"publish","type":"post","link":"https:\/\/www.intoscana.it\/it\/covid-19-in-toscana-sono-1-218-i-nuovi-casi-eta-media-53-anni-nove-decessi\/","title":{"rendered":"Covid-19: in Toscana sono 1.218 i nuovi casi. Et\u00e0 media 53 anni. Nove decessi"},"content":{"rendered":"<p>In Toscana sono 1.381.088 i casi di positivit\u00e0 al Coronavirus,<strong> 1.218 in pi\u00f9 rispetto a ieri<\/strong> (158 confermati con tampone molecolare e 1.060 da test rapido antigenico). I nuovi casi sono lo 0,1% in pi\u00f9 rispetto al totale del giorno precedente. I guariti crescono dello 0,1% e raggiungono quota 1.290.367 (93,4% dei casi totali).<\/p>\n<p>Oggi sono stati eseguiti<strong> 1.163 tamponi molecolari e 9.477 tamponi antigenici rapidi,<\/strong> di questi l&#8217;11,4% \u00e8 risultato positivo. Sono invece 2.022 i soggetti testati oggi (con tampone antigenico e\/o molecolare, escludendo i tamponi di controllo), di cui il 60,2% \u00e8 risultato positivo.<\/p>\n<p><strong>Gli attualmente positivi sono oggi 80.046<\/strong>, -0,2% rispetto a ieri. I ricoverati sono 236 (10 in pi\u00f9 rispetto a ieri), di cui 6 in terapia intensiva (1 in meno). Oggi si registrano 9 nuovi decessi: 6 uomini e 3 donne con un&#8217;et\u00e0 media di 90,1 anni.<\/p>\n<p><strong>L&#8217;et\u00e0 media dei 1.218 nuovi positivi odierni \u00e8 di 53 anni circa<\/strong> (11% ha meno di 20 anni, 15% tra 20 e 39 anni, 33% tra 40 e 59 anni, 31% tra 60 e 79 anni, 10% ha 80 anni o pi\u00f9).<\/p>\n<h3>I casi di positivit\u00e0 sul territorio<\/h3>\n<p>Di seguito i casi di positivit\u00e0 sul territorio con la variazione rispetto a ieri (158 confermati con tampone molecolare e 1.060 da test rapido antigenico). Sono 377.139 i casi complessivi ad oggi a Firenze (197 in pi\u00f9 rispetto a ieri), 92.615 a Prato (61 in pi\u00f9), 108.803 a Pistoia (100 in pi\u00f9), 69.376 a Massa (95 in pi\u00f9), 147.505 a Lucca (142 in pi\u00f9), 160.271 a Pisa (183 in pi\u00f9), 124.955 a Livorno (130 in pi\u00f9), 124.927 ad Arezzo (96 in pi\u00f9), 99.026 a Siena (104 in pi\u00f9), 75.916 a Grosseto (110 in pi\u00f9). Sono 555 i casi positivi notificati in Toscana, ma residenti in altre regioni.<\/p>\n<p><strong>Sono 368 i casi riscontrati oggi nell&#8217;Asl Centro<\/strong>, 540 nella Nord Ovest, 310 nella Sud est.<\/p>\n<p>La Toscana si trova al <strong>10\u00b0 posto in Italia come numerosit\u00e0 di casi<\/strong> (comprensivi di residenti e non residenti), con circa 37.399 casi per 100.000 abitanti (media italiana circa 37.046 x100.000, dato di ieri). Le province di notifica con il tasso pi\u00f9 alto sono Lucca con 38.417 casi x100.000 abitanti, Pisa con 38.344, Livorno con 37.981, la pi\u00f9 bassa Grosseto con 34.848.<\/p>\n<p>Complessivamente,<strong> 79.810 persone sono in isolamento a casa,<\/strong> poich\u00e9 presentano sintomi lievi che non richiedono cure ospedaliere, o risultano prive di sintomi (190 in meno rispetto a ieri, meno 0,2%).<\/p>\n<p><strong>Le persone ricoverate nei posti letto<\/strong> dedicati ai pazienti COVID oggi <strong>sono complessivamente 236<\/strong> (10 in pi\u00f9 rispetto a ieri, pi\u00f9 4,4%), 6 in terapia intensiva (1 in meno rispetto a ieri, meno 14,3%).<\/p>\n<p><strong>Le persone complessivamente guarite sono 1.290.367<\/strong> (1.389 in pi\u00f9 rispetto a ieri, pi\u00f9 0,1%): 0 persone clinicamente guarite (stabili rispetto a ieri), divenute cio\u00e8 asintomatiche dopo aver presentato manifestazioni cliniche associate all&#8217;infezione e 1.290.367 (1.389 in pi\u00f9 rispetto a ieri, pi\u00f9 0,1%) dichiarate guarite a tutti gli effetti, le cosiddette guarigioni virali, con tampone negativo.<\/p>\n<h3>I decessi<\/h3>\n<p><strong>Oggi si registrano 9 nuovi decessi:<\/strong> 6 uomini e 3 donne con un&#8217;et\u00e0 media di 90,1 anni.<\/p>\n<p>Relativamente alla provincia di residenza, le persone decedute sono: 4 a Firenze, 2 a Prato, 1 a Arezzo, 2 a Siena.<\/p>\n<p><strong>Sono 10.675 i deceduti dall&#8217;inizio dell&#8217;epidemia<\/strong> cosi ripartiti: 3.348 a Firenze, 875 a Prato, 962 a Pistoia, 681 a Massa Carrara, 1.007 a Lucca, 1.208 a Pisa, 809 a Livorno, 675 ad Arezzo, 558 a Siena, 399 a Grosseto, 153 persone sono decedute sul suolo toscano ma erano residenti fuori regione.<\/p>\n<p>Il tasso grezzo di mortalit\u00e0 toscano (numero di deceduti\/popolazione residente) per Covid-19 \u00e8 di 289,1 x100.000 residenti contro il 296,9 x100.000 della media italiana (9\u00b0 regione). Per quanto riguarda le province, il tasso di mortalit\u00e0 pi\u00f9 alto si riscontra a Massa Carrara (358,7 x100.000), Firenze (335,3 x100.000) e Pistoia (331,4 x100.000), il pi\u00f9 basso a Grosseto (183,2 x100.000).<\/p>\n","protected":false},"excerpt":{"rendered":"<p>I ricoverati sono 236 (10 in pi\u00f9 rispetto a ieri), di cui 6 in terapia intensiva (1 in meno)<\/p>\n","protected":false},"author":525,"featured_media":181172,"comment_status":"open","ping_status":"open","sticky":false,"template":"","format":"standard","meta":{"_acf_changed":false,"footnotes":""},"categories":[494],"tags":[4868,418],"class_list":["post-245840","post","type-post","status-publish","format-standard","has-post-thumbnail","hentry","category-attualita","tag-bollettino-covid-toscana","tag-covid-19"],"acf":[],"yoast_head":"<!-- This site is optimized with the Yoast SEO Premium plugin v24.2 (Yoast SEO v25.6) - https:\/\/yoast.com\/wordpress\/plugins\/seo\/ -->\n<title>Covid-19: in Toscana sono 1.218 i nuovi casi. Et\u00e0 media 53 anni. Nove decessi - intoscana<\/title>\n<meta name=\"description\" content=\"I ricoverati sono 236 (10 in pi\u00f9 rispetto a ieri), di cui 6 in terapia intensiva (1 in meno)\" \/>\n<meta name=\"robots\" content=\"index, follow, max-snippet:-1, max-image-preview:large, max-video-preview:-1\" \/>\n<link rel=\"canonical\" href=\"https:\/\/www.intoscana.it\/it\/covid-19-in-toscana-sono-1-218-i-nuovi-casi-eta-media-53-anni-nove-decessi\/\" \/>\n<meta property=\"og:locale\" content=\"it_IT\" \/>\n<meta property=\"og:type\" content=\"article\" \/>\n<meta property=\"og:title\" content=\"Covid-19: in Toscana sono 1.218 i nuovi casi. Et\u00e0 media 53 anni. Nove decessi\" \/>\n<meta property=\"og:description\" content=\"I ricoverati sono 236 (10 in pi\u00f9 rispetto a ieri), di cui 6 in terapia intensiva (1 in meno)\" \/>\n<meta property=\"og:url\" content=\"https:\/\/www.intoscana.it\/it\/covid-19-in-toscana-sono-1-218-i-nuovi-casi-eta-media-53-anni-nove-decessi\/\" \/>\n<meta property=\"og:site_name\" content=\"intoscana\" \/>\n<meta property=\"article:publisher\" content=\"https:\/\/www.facebook.com\/intoscana.it\" \/>\n<meta property=\"article:published_time\" content=\"2022-09-06T07:41:12+00:00\" \/>\n<meta property=\"article:modified_time\" content=\"2022-09-07T08:59:31+00:00\" \/>\n<meta property=\"og:image\" content=\"https:\/\/www.intoscana.it\/wp-content\/uploads\/Ragazza-con-mascherina-Zach-Vessels-Unsplash.jpg\" \/>\n\t<meta property=\"og:image:width\" content=\"1920\" \/>\n\t<meta property=\"og:image:height\" content=\"1080\" \/>\n\t<meta property=\"og:image:type\" content=\"image\/jpeg\" \/>\n<meta name=\"author\" content=\"Redazione\" \/>\n<meta name=\"twitter:card\" content=\"summary_large_image\" \/>\n<meta name=\"twitter:creator\" content=\"@intoscana\" \/>\n<meta name=\"twitter:site\" content=\"@intoscana\" \/>\n<meta name=\"twitter:label1\" content=\"Written by\" \/>\n\t<meta name=\"twitter:data1\" content=\"Redazione\" \/>\n\t<meta name=\"twitter:label2\" content=\"Est. reading time\" \/>\n\t<meta name=\"twitter:data2\" content=\"3 minuti\" \/>\n<script type=\"application\/ld+json\" class=\"yoast-schema-graph\">{\"@context\":\"https:\/\/schema.org\",\"@graph\":[{\"@type\":\"WebPage\",\"@id\":\"https:\/\/www.intoscana.it\/it\/covid-19-in-toscana-sono-1-218-i-nuovi-casi-eta-media-53-anni-nove-decessi\/\",\"url\":\"https:\/\/www.intoscana.it\/it\/covid-19-in-toscana-sono-1-218-i-nuovi-casi-eta-media-53-anni-nove-decessi\/\",\"name\":\"Covid-19: in Toscana sono 1.218 i nuovi casi. Et\u00e0 media 53 anni. Nove decessi - intoscana\",\"isPartOf\":{\"@id\":\"https:\/\/www.intoscana.it\/it\/#website\"},\"primaryImageOfPage\":{\"@id\":\"https:\/\/www.intoscana.it\/it\/covid-19-in-toscana-sono-1-218-i-nuovi-casi-eta-media-53-anni-nove-decessi\/#primaryimage\"},\"image\":{\"@id\":\"https:\/\/www.intoscana.it\/it\/covid-19-in-toscana-sono-1-218-i-nuovi-casi-eta-media-53-anni-nove-decessi\/#primaryimage\"},\"thumbnailUrl\":\"https:\/\/www.intoscana.it\/wp-content\/uploads\/Ragazza-con-mascherina-Zach-Vessels-Unsplash.jpg\",\"datePublished\":\"2022-09-06T07:41:12+00:00\",\"dateModified\":\"2022-09-07T08:59:31+00:00\",\"author\":{\"@id\":\"https:\/\/www.intoscana.it\/it\/#\/schema\/person\/9223810753230f20bd670fdd322661f8\"},\"description\":\"I ricoverati sono 236 (10 in pi\u00f9 rispetto a ieri), di cui 6 in terapia intensiva (1 in meno)\",\"breadcrumb\":{\"@id\":\"https:\/\/www.intoscana.it\/it\/covid-19-in-toscana-sono-1-218-i-nuovi-casi-eta-media-53-anni-nove-decessi\/#breadcrumb\"},\"inLanguage\":\"it-IT\",\"potentialAction\":[{\"@type\":\"ReadAction\",\"target\":[\"https:\/\/www.intoscana.it\/it\/covid-19-in-toscana-sono-1-218-i-nuovi-casi-eta-media-53-anni-nove-decessi\/\"]}]},{\"@type\":\"ImageObject\",\"inLanguage\":\"it-IT\",\"@id\":\"https:\/\/www.intoscana.it\/it\/covid-19-in-toscana-sono-1-218-i-nuovi-casi-eta-media-53-anni-nove-decessi\/#primaryimage\",\"url\":\"https:\/\/www.intoscana.it\/wp-content\/uploads\/Ragazza-con-mascherina-Zach-Vessels-Unsplash.jpg\",\"contentUrl\":\"https:\/\/www.intoscana.it\/wp-content\/uploads\/Ragazza-con-mascherina-Zach-Vessels-Unsplash.jpg\",\"width\":1920,\"height\":1080},{\"@type\":\"BreadcrumbList\",\"@id\":\"https:\/\/www.intoscana.it\/it\/covid-19-in-toscana-sono-1-218-i-nuovi-casi-eta-media-53-anni-nove-decessi\/#breadcrumb\",\"itemListElement\":[{\"@type\":\"ListItem\",\"position\":1,\"name\":\"Home\",\"item\":\"https:\/\/www.intoscana.it\/it\/\"},{\"@type\":\"ListItem\",\"position\":2,\"name\":\"Covid-19: in Toscana sono 1.218 i nuovi casi. Et\u00e0 media 53 anni. Nove decessi\"}]},{\"@type\":\"WebSite\",\"@id\":\"https:\/\/www.intoscana.it\/it\/#website\",\"url\":\"https:\/\/www.intoscana.it\/it\/\",\"name\":\"intoscana\",\"description\":\"\",\"potentialAction\":[{\"@type\":\"SearchAction\",\"target\":{\"@type\":\"EntryPoint\",\"urlTemplate\":\"https:\/\/www.intoscana.it\/it\/?s={search_term_string}\"},\"query-input\":{\"@type\":\"PropertyValueSpecification\",\"valueRequired\":true,\"valueName\":\"search_term_string\"}}],\"inLanguage\":\"it-IT\"},{\"@type\":\"Person\",\"@id\":\"https:\/\/www.intoscana.it\/it\/#\/schema\/person\/9223810753230f20bd670fdd322661f8\",\"name\":\"Redazione\",\"url\":\"https:\/\/www.intoscana.it\/it\/author\/redazione\/\"}]}<\/script>\n<!-- \/ Yoast SEO Premium plugin. -->","yoast_head_json":{"title":"Covid-19: in Toscana sono 1.218 i nuovi casi. Et\u00e0 media 53 anni. Nove decessi - intoscana","description":"I ricoverati sono 236 (10 in pi\u00f9 rispetto a ieri), di cui 6 in terapia intensiva (1 in meno)","robots":{"index":"index","follow":"follow","max-snippet":"max-snippet:-1","max-image-preview":"max-image-preview:large","max-video-preview":"max-video-preview:-1"},"canonical":"https:\/\/www.intoscana.it\/it\/covid-19-in-toscana-sono-1-218-i-nuovi-casi-eta-media-53-anni-nove-decessi\/","og_locale":"it_IT","og_type":"article","og_title":"Covid-19: in Toscana sono 1.218 i nuovi casi. Et\u00e0 media 53 anni. Nove decessi","og_description":"I ricoverati sono 236 (10 in pi\u00f9 rispetto a ieri), di cui 6 in terapia intensiva (1 in meno)","og_url":"https:\/\/www.intoscana.it\/it\/covid-19-in-toscana-sono-1-218-i-nuovi-casi-eta-media-53-anni-nove-decessi\/","og_site_name":"intoscana","article_publisher":"https:\/\/www.facebook.com\/intoscana.it","article_published_time":"2022-09-06T07:41:12+00:00","article_modified_time":"2022-09-07T08:59:31+00:00","og_image":[{"width":1920,"height":1080,"url":"https:\/\/www.intoscana.it\/wp-content\/uploads\/Ragazza-con-mascherina-Zach-Vessels-Unsplash.jpg","type":"image\/jpeg"}],"author":"Redazione","twitter_card":"summary_large_image","twitter_creator":"@intoscana","twitter_site":"@intoscana","twitter_misc":{"Written by":"Redazione","Est. reading time":"3 minuti"},"schema":{"@context":"https:\/\/schema.org","@graph":[{"@type":"WebPage","@id":"https:\/\/www.intoscana.it\/it\/covid-19-in-toscana-sono-1-218-i-nuovi-casi-eta-media-53-anni-nove-decessi\/","url":"https:\/\/www.intoscana.it\/it\/covid-19-in-toscana-sono-1-218-i-nuovi-casi-eta-media-53-anni-nove-decessi\/","name":"Covid-19: in Toscana sono 1.218 i nuovi casi. Et\u00e0 media 53 anni. Nove decessi - intoscana","isPartOf":{"@id":"https:\/\/www.intoscana.it\/it\/#website"},"primaryImageOfPage":{"@id":"https:\/\/www.intoscana.it\/it\/covid-19-in-toscana-sono-1-218-i-nuovi-casi-eta-media-53-anni-nove-decessi\/#primaryimage"},"image":{"@id":"https:\/\/www.intoscana.it\/it\/covid-19-in-toscana-sono-1-218-i-nuovi-casi-eta-media-53-anni-nove-decessi\/#primaryimage"},"thumbnailUrl":"https:\/\/www.intoscana.it\/wp-content\/uploads\/Ragazza-con-mascherina-Zach-Vessels-Unsplash.jpg","datePublished":"2022-09-06T07:41:12+00:00","dateModified":"2022-09-07T08:59:31+00:00","author":{"@id":"https:\/\/www.intoscana.it\/it\/#\/schema\/person\/9223810753230f20bd670fdd322661f8"},"description":"I ricoverati sono 236 (10 in pi\u00f9 rispetto a ieri), di cui 6 in terapia intensiva (1 in meno)","breadcrumb":{"@id":"https:\/\/www.intoscana.it\/it\/covid-19-in-toscana-sono-1-218-i-nuovi-casi-eta-media-53-anni-nove-decessi\/#breadcrumb"},"inLanguage":"it-IT","potentialAction":[{"@type":"ReadAction","target":["https:\/\/www.intoscana.it\/it\/covid-19-in-toscana-sono-1-218-i-nuovi-casi-eta-media-53-anni-nove-decessi\/"]}]},{"@type":"ImageObject","inLanguage":"it-IT","@id":"https:\/\/www.intoscana.it\/it\/covid-19-in-toscana-sono-1-218-i-nuovi-casi-eta-media-53-anni-nove-decessi\/#primaryimage","url":"https:\/\/www.intoscana.it\/wp-content\/uploads\/Ragazza-con-mascherina-Zach-Vessels-Unsplash.jpg","contentUrl":"https:\/\/www.intoscana.it\/wp-content\/uploads\/Ragazza-con-mascherina-Zach-Vessels-Unsplash.jpg","width":1920,"height":1080},{"@type":"BreadcrumbList","@id":"https:\/\/www.intoscana.it\/it\/covid-19-in-toscana-sono-1-218-i-nuovi-casi-eta-media-53-anni-nove-decessi\/#breadcrumb","itemListElement":[{"@type":"ListItem","position":1,"name":"Home","item":"https:\/\/www.intoscana.it\/it\/"},{"@type":"ListItem","position":2,"name":"Covid-19: in Toscana sono 1.218 i nuovi casi. Et\u00e0 media 53 anni. Nove decessi"}]},{"@type":"WebSite","@id":"https:\/\/www.intoscana.it\/it\/#website","url":"https:\/\/www.intoscana.it\/it\/","name":"intoscana","description":"","potentialAction":[{"@type":"SearchAction","target":{"@type":"EntryPoint","urlTemplate":"https:\/\/www.intoscana.it\/it\/?s={search_term_string}"},"query-input":{"@type":"PropertyValueSpecification","valueRequired":true,"valueName":"search_term_string"}}],"inLanguage":"it-IT"},{"@type":"Person","@id":"https:\/\/www.intoscana.it\/it\/#\/schema\/person\/9223810753230f20bd670fdd322661f8","name":"Redazione","url":"https:\/\/www.intoscana.it\/it\/author\/redazione\/"}]}},"_links":{"self":[{"href":"https:\/\/www.intoscana.it\/it\/wp-json\/wp\/v2\/posts\/245840","targetHints":{"allow":["GET"]}}],"collection":[{"href":"https:\/\/www.intoscana.it\/it\/wp-json\/wp\/v2\/posts"}],"about":[{"href":"https:\/\/www.intoscana.it\/it\/wp-json\/wp\/v2\/types\/post"}],"author":[{"embeddable":true,"href":"https:\/\/www.intoscana.it\/it\/wp-json\/wp\/v2\/users\/525"}],"replies":[{"embeddable":true,"href":"https:\/\/www.intoscana.it\/it\/wp-json\/wp\/v2\/comments?post=245840"}],"version-history":[{"count":0,"href":"https:\/\/www.intoscana.it\/it\/wp-json\/wp\/v2\/posts\/245840\/revisions"}],"wp:featuredmedia":[{"embeddable":true,"href":"https:\/\/www.intoscana.it\/it\/wp-json\/wp\/v2\/media\/181172"}],"wp:attachment":[{"href":"https:\/\/www.intoscana.it\/it\/wp-json\/wp\/v2\/media?parent=245840"}],"wp:term":[{"taxonomy":"category","embeddable":true,"href":"https:\/\/www.intoscana.it\/it\/wp-json\/wp\/v2\/categories?post=245840"},{"taxonomy":"post_tag","embeddable":true,"href":"https:\/\/www.intoscana.it\/it\/wp-json\/wp\/v2\/tags?post=245840"}],"curies":[{"name":"wp","href":"https:\/\/api.w.org\/{rel}","templated":true}]}}