{"id":245850,"date":"2022-09-06T12:26:56","date_gmt":"2022-09-06T10:26:56","guid":{"rendered":"https:\/\/www.intoscana.it\/it\/?p=245850"},"modified":"2022-09-06T13:23:14","modified_gmt":"2022-09-06T11:23:14","slug":"marco-mengoni-concerto-firenze","status":"publish","type":"post","link":"https:\/\/www.intoscana.it\/it\/marco-mengoni-concerto-firenze\/","title":{"rendered":"Il 18 ottobre Marco Mengoni in concerto a Firenze con il nuovo album &#8220;Materia (Pelle)&#8221;"},"content":{"rendered":"<p>Si chiama <em><strong>&#8220;Materia (Pelle)&#8221;<\/strong><\/em> il nuovo album di <strong>Marco Mengoni,<\/strong> che uscir\u00e0 il <strong>7 ottobre\u00a0<\/strong>per <strong>Epic Records Italy \/ Sony Music Italy.<\/strong><\/p>\n<p>L&#8217;album \u00e8 il proseguimento del<strong> progetto musicale Materia,<\/strong> un percorso in tre dischi iniziato con <strong>Materia (Terra) <\/strong>(gi\u00e0doppio disco di platino) per mostrare le <strong>tre anime differenti<\/strong>, ma complementari, che uniscono <strong>le origini musicali di Mengoni,<\/strong> le sue ricerche sonore e la sua attenzione verso la contemporaneit\u00e0.<\/p>\n<p>Tre album che, in<strong> tre mondi sonori differenti,<\/strong> rappresentano e raccontano la sua unicit\u00e0 musicale, attraverso il racconto di ci\u00f2 che per lui \u00e8 importante.<\/p>\n<p>Dopo il successo degli show negli stadi di Milano e Roma,<strong> il cantautore torner\u00e0 a ottobre nei palazzetti d&#8217;Italia<\/strong> con il tour <strong>Mengoni Live 2022<\/strong> e hanno gi\u00e0 registrato il <strong>sold out<\/strong> le due date a Mantova, le prime tre serate a Milano, i live a Torino, Bologna, Pesaro e la prima tappa romana.<\/p>\n<p>Il tour porter\u00e0 <strong>Marco Mengoni in concerto anche in Toscana<\/strong> e per la precisione <strong>a Firenze il 18 ottobre.<\/strong><\/p>\n<p><strong>&#8220;Marco Negli Stadi&#8221;<\/strong> \u00e8 stato uno spettacolo unico nel suo genere e con<strong> &#8220;Mengoni Live 2022&#8221;<\/strong> Marco riparte con<strong> un viaggio musicale<\/strong> che racconta questi primi due capitoli di Materia e <strong>ripercorre 13 anni di carriera,<\/strong> in cui ha conquistato 64 dischi di platino, totalizzato oltre 1,6 miliardi di stream audio\/video, e ha ricevuto il <strong>Golden Button di YouTube<\/strong>, il massimo riconoscimento per aver superato <strong>oltre 1 milione di iscritti al suo canale.<\/strong><\/p>\n<p><iframe loading=\"lazy\" title=\"YouTube video player\" src=\"https:\/\/www.youtube.com\/embed\/or8XEH0e-fU\" width=\"800\" height=\"500\" frameborder=\"0\" allowfullscreen=\"allowfullscreen\"><span data-mce-type=\"bookmark\" style=\"display: inline-block; width: 0px; overflow: hidden; line-height: 0;\" class=\"mce_SELRES_start\">\ufeff<\/span><\/iframe><\/p>\n","protected":false},"excerpt":{"rendered":"<p>Con &#8220;Mengoni Live 2022&#8221; Marco riparte per un viaggio musicale che racconter\u00e0 i primi due capitoli del progetto Materia e ripercorrer\u00e0 13 anni di carriera, in cui ha conquistato 64 dischi di platino e totalizzato oltre 1,6 miliardi di stream audio\/video<\/p>\n","protected":false},"author":525,"featured_media":82566,"comment_status":"open","ping_status":"open","sticky":false,"template":"","format":"standard","meta":{"_acf_changed":false,"footnotes":""},"categories":[14],"tags":[216],"class_list":["post-245850","post","type-post","status-publish","format-standard","has-post-thumbnail","hentry","category-musica","tag-concerti"],"acf":[],"yoast_head":"<!-- This site is optimized with the Yoast SEO Premium plugin v24.2 (Yoast SEO v25.6) - https:\/\/yoast.com\/wordpress\/plugins\/seo\/ -->\n<title>Il 18 ottobre Marco Mengoni in concerto a Firenze con il nuovo album &quot;Materia (Pelle)&quot; - intoscana<\/title>\n<meta name=\"description\" content=\"Con &quot;Mengoni Live 2022&quot; Marco riparte per un viaggio musicale che racconter\u00e0 il progetto Materia e ripercorrer\u00e0 13 anni di carriera\" \/>\n<meta name=\"robots\" content=\"index, follow, max-snippet:-1, max-image-preview:large, max-video-preview:-1\" \/>\n<link rel=\"canonical\" href=\"https:\/\/www.intoscana.it\/it\/marco-mengoni-concerto-firenze\/\" \/>\n<meta property=\"og:locale\" content=\"it_IT\" \/>\n<meta property=\"og:type\" content=\"article\" \/>\n<meta property=\"og:title\" content=\"Il 18 ottobre Marco Mengoni in concerto a Firenze con il nuovo album &quot;Materia (Pelle)&quot;\" \/>\n<meta property=\"og:description\" content=\"Con &quot;Mengoni Live 2022&quot; Marco riparte per un viaggio musicale che racconter\u00e0 il progetto Materia e ripercorrer\u00e0 13 anni di carriera\" \/>\n<meta property=\"og:url\" content=\"https:\/\/www.intoscana.it\/it\/marco-mengoni-concerto-firenze\/\" \/>\n<meta property=\"og:site_name\" content=\"intoscana\" \/>\n<meta property=\"article:publisher\" content=\"https:\/\/www.facebook.com\/intoscana.it\" \/>\n<meta property=\"article:published_time\" content=\"2022-09-06T10:26:56+00:00\" \/>\n<meta property=\"article:modified_time\" content=\"2022-09-06T11:23:14+00:00\" \/>\n<meta property=\"og:image\" content=\"https:\/\/www.intoscana.it\/wp-content\/uploads\/3e17857181aacb29092614e080529d62.jpg\" \/>\n\t<meta property=\"og:image:width\" content=\"1000\" \/>\n\t<meta property=\"og:image:height\" content=\"749\" \/>\n\t<meta property=\"og:image:type\" content=\"image\/jpeg\" \/>\n<meta name=\"author\" content=\"Redazione\" \/>\n<meta name=\"twitter:card\" content=\"summary_large_image\" \/>\n<meta name=\"twitter:creator\" content=\"@intoscana\" \/>\n<meta name=\"twitter:site\" content=\"@intoscana\" \/>\n<meta name=\"twitter:label1\" content=\"Written by\" \/>\n\t<meta name=\"twitter:data1\" content=\"Redazione\" \/>\n\t<meta name=\"twitter:label2\" content=\"Est. reading time\" \/>\n\t<meta name=\"twitter:data2\" content=\"1 minuto\" \/>\n<script type=\"application\/ld+json\" class=\"yoast-schema-graph\">{\"@context\":\"https:\/\/schema.org\",\"@graph\":[{\"@type\":\"WebPage\",\"@id\":\"https:\/\/www.intoscana.it\/it\/marco-mengoni-concerto-firenze\/\",\"url\":\"https:\/\/www.intoscana.it\/it\/marco-mengoni-concerto-firenze\/\",\"name\":\"Il 18 ottobre Marco Mengoni in concerto a Firenze con il nuovo album \\\"Materia (Pelle)\\\" - intoscana\",\"isPartOf\":{\"@id\":\"https:\/\/www.intoscana.it\/it\/#website\"},\"primaryImageOfPage\":{\"@id\":\"https:\/\/www.intoscana.it\/it\/marco-mengoni-concerto-firenze\/#primaryimage\"},\"image\":{\"@id\":\"https:\/\/www.intoscana.it\/it\/marco-mengoni-concerto-firenze\/#primaryimage\"},\"thumbnailUrl\":\"https:\/\/www.intoscana.it\/wp-content\/uploads\/3e17857181aacb29092614e080529d62.jpg\",\"datePublished\":\"2022-09-06T10:26:56+00:00\",\"dateModified\":\"2022-09-06T11:23:14+00:00\",\"author\":{\"@id\":\"https:\/\/www.intoscana.it\/it\/#\/schema\/person\/9223810753230f20bd670fdd322661f8\"},\"description\":\"Con \\\"Mengoni Live 2022\\\" Marco riparte per un viaggio musicale che racconter\u00e0 il progetto Materia e ripercorrer\u00e0 13 anni di carriera\",\"breadcrumb\":{\"@id\":\"https:\/\/www.intoscana.it\/it\/marco-mengoni-concerto-firenze\/#breadcrumb\"},\"inLanguage\":\"it-IT\",\"potentialAction\":[{\"@type\":\"ReadAction\",\"target\":[\"https:\/\/www.intoscana.it\/it\/marco-mengoni-concerto-firenze\/\"]}]},{\"@type\":\"ImageObject\",\"inLanguage\":\"it-IT\",\"@id\":\"https:\/\/www.intoscana.it\/it\/marco-mengoni-concerto-firenze\/#primaryimage\",\"url\":\"https:\/\/www.intoscana.it\/wp-content\/uploads\/3e17857181aacb29092614e080529d62.jpg\",\"contentUrl\":\"https:\/\/www.intoscana.it\/wp-content\/uploads\/3e17857181aacb29092614e080529d62.jpg\",\"width\":1000,\"height\":749,\"caption\":\"TOur nei palasport per Marco Mengoni, a Firenze doppia data nel mese di maggio.\"},{\"@type\":\"BreadcrumbList\",\"@id\":\"https:\/\/www.intoscana.it\/it\/marco-mengoni-concerto-firenze\/#breadcrumb\",\"itemListElement\":[{\"@type\":\"ListItem\",\"position\":1,\"name\":\"Home\",\"item\":\"https:\/\/www.intoscana.it\/it\/\"},{\"@type\":\"ListItem\",\"position\":2,\"name\":\"Il 18 ottobre Marco Mengoni in concerto a Firenze con il nuovo album &#8220;Materia (Pelle)&#8221;\"}]},{\"@type\":\"WebSite\",\"@id\":\"https:\/\/www.intoscana.it\/it\/#website\",\"url\":\"https:\/\/www.intoscana.it\/it\/\",\"name\":\"intoscana\",\"description\":\"\",\"potentialAction\":[{\"@type\":\"SearchAction\",\"target\":{\"@type\":\"EntryPoint\",\"urlTemplate\":\"https:\/\/www.intoscana.it\/it\/?s={search_term_string}\"},\"query-input\":{\"@type\":\"PropertyValueSpecification\",\"valueRequired\":true,\"valueName\":\"search_term_string\"}}],\"inLanguage\":\"it-IT\"},{\"@type\":\"Person\",\"@id\":\"https:\/\/www.intoscana.it\/it\/#\/schema\/person\/9223810753230f20bd670fdd322661f8\",\"name\":\"Redazione\",\"url\":\"https:\/\/www.intoscana.it\/it\/author\/redazione\/\"}]}<\/script>\n<!-- \/ Yoast SEO Premium plugin. -->","yoast_head_json":{"title":"Il 18 ottobre Marco Mengoni in concerto a Firenze con il nuovo album \"Materia (Pelle)\" - intoscana","description":"Con \"Mengoni Live 2022\" Marco riparte per un viaggio musicale che racconter\u00e0 il progetto Materia e ripercorrer\u00e0 13 anni di carriera","robots":{"index":"index","follow":"follow","max-snippet":"max-snippet:-1","max-image-preview":"max-image-preview:large","max-video-preview":"max-video-preview:-1"},"canonical":"https:\/\/www.intoscana.it\/it\/marco-mengoni-concerto-firenze\/","og_locale":"it_IT","og_type":"article","og_title":"Il 18 ottobre Marco Mengoni in concerto a Firenze con il nuovo album \"Materia (Pelle)\"","og_description":"Con \"Mengoni Live 2022\" Marco riparte per un viaggio musicale che racconter\u00e0 il progetto Materia e ripercorrer\u00e0 13 anni di carriera","og_url":"https:\/\/www.intoscana.it\/it\/marco-mengoni-concerto-firenze\/","og_site_name":"intoscana","article_publisher":"https:\/\/www.facebook.com\/intoscana.it","article_published_time":"2022-09-06T10:26:56+00:00","article_modified_time":"2022-09-06T11:23:14+00:00","og_image":[{"width":1000,"height":749,"url":"https:\/\/www.intoscana.it\/wp-content\/uploads\/3e17857181aacb29092614e080529d62.jpg","type":"image\/jpeg"}],"author":"Redazione","twitter_card":"summary_large_image","twitter_creator":"@intoscana","twitter_site":"@intoscana","twitter_misc":{"Written by":"Redazione","Est. reading time":"1 minuto"},"schema":{"@context":"https:\/\/schema.org","@graph":[{"@type":"WebPage","@id":"https:\/\/www.intoscana.it\/it\/marco-mengoni-concerto-firenze\/","url":"https:\/\/www.intoscana.it\/it\/marco-mengoni-concerto-firenze\/","name":"Il 18 ottobre Marco Mengoni in concerto a Firenze con il nuovo album \"Materia (Pelle)\" - intoscana","isPartOf":{"@id":"https:\/\/www.intoscana.it\/it\/#website"},"primaryImageOfPage":{"@id":"https:\/\/www.intoscana.it\/it\/marco-mengoni-concerto-firenze\/#primaryimage"},"image":{"@id":"https:\/\/www.intoscana.it\/it\/marco-mengoni-concerto-firenze\/#primaryimage"},"thumbnailUrl":"https:\/\/www.intoscana.it\/wp-content\/uploads\/3e17857181aacb29092614e080529d62.jpg","datePublished":"2022-09-06T10:26:56+00:00","dateModified":"2022-09-06T11:23:14+00:00","author":{"@id":"https:\/\/www.intoscana.it\/it\/#\/schema\/person\/9223810753230f20bd670fdd322661f8"},"description":"Con \"Mengoni Live 2022\" Marco riparte per un viaggio musicale che racconter\u00e0 il progetto Materia e ripercorrer\u00e0 13 anni di carriera","breadcrumb":{"@id":"https:\/\/www.intoscana.it\/it\/marco-mengoni-concerto-firenze\/#breadcrumb"},"inLanguage":"it-IT","potentialAction":[{"@type":"ReadAction","target":["https:\/\/www.intoscana.it\/it\/marco-mengoni-concerto-firenze\/"]}]},{"@type":"ImageObject","inLanguage":"it-IT","@id":"https:\/\/www.intoscana.it\/it\/marco-mengoni-concerto-firenze\/#primaryimage","url":"https:\/\/www.intoscana.it\/wp-content\/uploads\/3e17857181aacb29092614e080529d62.jpg","contentUrl":"https:\/\/www.intoscana.it\/wp-content\/uploads\/3e17857181aacb29092614e080529d62.jpg","width":1000,"height":749,"caption":"TOur nei palasport per Marco Mengoni, a Firenze doppia data nel mese di maggio."},{"@type":"BreadcrumbList","@id":"https:\/\/www.intoscana.it\/it\/marco-mengoni-concerto-firenze\/#breadcrumb","itemListElement":[{"@type":"ListItem","position":1,"name":"Home","item":"https:\/\/www.intoscana.it\/it\/"},{"@type":"ListItem","position":2,"name":"Il 18 ottobre Marco Mengoni in concerto a Firenze con il nuovo album &#8220;Materia (Pelle)&#8221;"}]},{"@type":"WebSite","@id":"https:\/\/www.intoscana.it\/it\/#website","url":"https:\/\/www.intoscana.it\/it\/","name":"intoscana","description":"","potentialAction":[{"@type":"SearchAction","target":{"@type":"EntryPoint","urlTemplate":"https:\/\/www.intoscana.it\/it\/?s={search_term_string}"},"query-input":{"@type":"PropertyValueSpecification","valueRequired":true,"valueName":"search_term_string"}}],"inLanguage":"it-IT"},{"@type":"Person","@id":"https:\/\/www.intoscana.it\/it\/#\/schema\/person\/9223810753230f20bd670fdd322661f8","name":"Redazione","url":"https:\/\/www.intoscana.it\/it\/author\/redazione\/"}]}},"_links":{"self":[{"href":"https:\/\/www.intoscana.it\/it\/wp-json\/wp\/v2\/posts\/245850","targetHints":{"allow":["GET"]}}],"collection":[{"href":"https:\/\/www.intoscana.it\/it\/wp-json\/wp\/v2\/posts"}],"about":[{"href":"https:\/\/www.intoscana.it\/it\/wp-json\/wp\/v2\/types\/post"}],"author":[{"embeddable":true,"href":"https:\/\/www.intoscana.it\/it\/wp-json\/wp\/v2\/users\/525"}],"replies":[{"embeddable":true,"href":"https:\/\/www.intoscana.it\/it\/wp-json\/wp\/v2\/comments?post=245850"}],"version-history":[{"count":0,"href":"https:\/\/www.intoscana.it\/it\/wp-json\/wp\/v2\/posts\/245850\/revisions"}],"wp:featuredmedia":[{"embeddable":true,"href":"https:\/\/www.intoscana.it\/it\/wp-json\/wp\/v2\/media\/82566"}],"wp:attachment":[{"href":"https:\/\/www.intoscana.it\/it\/wp-json\/wp\/v2\/media?parent=245850"}],"wp:term":[{"taxonomy":"category","embeddable":true,"href":"https:\/\/www.intoscana.it\/it\/wp-json\/wp\/v2\/categories?post=245850"},{"taxonomy":"post_tag","embeddable":true,"href":"https:\/\/www.intoscana.it\/it\/wp-json\/wp\/v2\/tags?post=245850"}],"curies":[{"name":"wp","href":"https:\/\/api.w.org\/{rel}","templated":true}]}}