{"id":246345,"date":"2022-09-08T08:48:59","date_gmt":"2022-09-08T06:48:59","guid":{"rendered":"https:\/\/www.intoscana.it\/it\/?p=246345"},"modified":"2022-09-08T10:51:28","modified_gmt":"2022-09-08T08:51:28","slug":"contemporanea-festival-prato-teatro-metastasio-2022","status":"publish","type":"post","link":"https:\/\/www.intoscana.it\/it\/contemporanea-festival-prato-teatro-metastasio-2022\/","title":{"rendered":"Contemporanea Festival a Prato: 31 spettacoli e 18 compagnie con artisti da tutto il mondo"},"content":{"rendered":"<p><strong>Dal 16 al 25 settembre<\/strong><em><strong> CONTEMPORANEA FESTIVAL_22<\/strong><\/em> inaugura le attivit\u00e0 della nuova stagione del<strong> Teatro Metastasio di Prato.<\/strong><\/p>\n<p>Per la sua 20esima edizione saranno in calendario<strong> 18 compagnie e 31 spettacoli<\/strong> con artisti non solo nazionali ma anche internazionali.<\/p>\n<p><em>&#8220;Con gli eventi degli ultimi anni,<\/em> &#8211; <strong>ha dichiarato il direttore artistico Edoardo Donatini &#8211;<\/strong> <em>la nostra percezione del corpo \u00e8 profondamente mutata, polverizzata nella comunicazione globale; <strong>il corpo \u00e8 divenuto il centro della riflessione, quasi non necessario, svuotato, senza gravit\u00e0, come in &#8216;Assenza di peso&#8217;<\/strong>. \u00c8 questo il tema che quest\u2019anno stimola la visione di CONTEMPORANEA, in continuit\u00e0 con i processi creativi e con la storia. \u00c8 questo il tema che irradia il programma attraverso l\u2019ospitalit\u00e0 di compagnie nazionali e internazionali che propongono spettacoli, performance e produzioni site specific di teatro, musica e danza, oltre a momenti di riflessione culturale fatti di incontri, presentazioni di libri e riviste e una residenza rivolta a curatori teatrali.&#8221;<\/em><\/p>\n<figure id=\"post-246324 media-246324\" class=\"align-none\"><img decoding=\"async\" src=\"https:\/\/www.intoscana.it\/wp-content\/uploads\/AMassoni-Rideau-2022-scaled.jpg\" alt=\"\" \/><\/figure>\n<h3>Il programma degli spettacoli<\/h3>\n<p>Nel programma, per prime spiccano due collaborazioni produttive: quella con l\u2019<strong>italocanadese Daniele Bartolini<\/strong> che con <em><strong>Stil Novo<\/strong> <\/em>prosegue un percorso iniziato a La Biennale di Venezia e propone un&#8217;esperienza interattiva per uno spettatore alla volta per indagare l\u2019attuale trasformazione del mondo occidentale attraverso il Katajjaq, un rituale dell&#8217;Artico canadese cantato da due donne Inuit, (dal 16 al 18 e dal 22 al 24 settembre).<\/p>\n<p>Il regista e <strong>drammaturgo argentino Fernando Rubio<\/strong> metter\u00e0 in scena il suo progetto<em><strong> Io non muoio pi\u00f9,<\/strong><\/em> che riflette attorno alla violenza di genere con una performance installata al centro di Piazza della Carceri a Prato, dopo essersi nutrito della partecipazione diretta della cittadinanza, chiamata da mesi a lasciare la propria testimonianza anonima rispetto a episodi di violenza (in collaborazione con Centro Antiviolenza La Nara, oltre a CGIL, Circoli Arci, Centro salute donna e Biblioteca Lazzerini) (dal 23 al 25 settembre).<\/p>\n<p>Tra le presenze straniere, risaltano quelle della coreografa e regista franco-austriaca <strong>Gis\u00e8le Vienne<\/strong> che trae da<em><strong> L\u2019Etang,<\/strong> <\/em>uno dei primi lavori dello scrittore Robert Walser, una partitura vocale a dieci voci recitata da due attrici per indagare le convenzioni del teatro e della famiglia ricostruendo la storia di un ragazzino che inscena il suicidio nel tentativo disperato di ricevere l\u2019amore materno (16 e 17 settembre); della coreografa svizzera <strong>Yasmine Hugonnet<\/strong> che con <em><strong>Seven winters<\/strong> <\/em>fa esplorare a sette ballerini l\u2019interazione tra il simile e il diverso e invita a una poetica di reciprocit\u00e0 tra simili, ma anche con il vuoto, l&#8217;invisibile e la &#8220;pelle dello spazio&#8221; (22 settembre); del collettivo spagnolo <strong>El Conde De Torrefiel<\/strong> con <em><strong>La plaza,<\/strong> <\/em>uno spettacolo pensato come un\u2019agor\u00e0 urbana che racconta il presente facendo leva sulla memoria collettiva del passato, un viaggio tra minuzie quotidiane ed eventi epocali che espande la nostra percezione dello spazio e del tempo (24 settembre).<\/p>\n<p>Arrivano poi anche la performance del <strong>coreografo-performer bulgaro Ivo Dimchev,<\/strong> artista queer irriverente e camaleontico, che con <em><strong>Selfie concert<\/strong> <\/em>sviluppa un nuovo approccio alla partecipazione con l\u2019idea di un concerto inclusivo, in cui il pubblico scatta selfie insieme a lui mentre canta (18 settembre), e un lavoro della coreografa belga <strong>Mette Ingvartsen<\/strong> che con <em><strong>The dancing public<\/strong> <\/em>indaga le esplosioni di massa della danza, facendo in modo che il pubblico venga circondato e a sua volta avvolga l\u2019azione performativa (25 settembre).<\/p>\n<p>C\u2019\u00e8 poi <strong>un progetto speciale al Centro Pecci\u00a0per l&#8217;Arte Contemporanea<\/strong> tutto dedicato alla coreografia nazionale e internazionale, dove la performance <em><strong>Lingua<\/strong><\/em> di <strong>Chiara Ameglio<\/strong> esalta il legame implicito fra corpi coinvolti di pubblico e interpreti, avvolti da una \u201clingua\u201d che li unisce (17 settembre).<\/p>\n<p>Con &#8216;<em><strong>Seismic Dancer&#8217;<\/strong> <\/em><strong>Doris Uhlich,<\/strong> in collaborazione con il DJ Boris Kopeinig, esplora i limiti della produzione di energia e sperimenta il corpo come epicentro dell&#8217;azione e del cambiamento (17 settembre).<\/p>\n<p>Con<strong><em> &#8216;L\u2019ombelico dei limbi&#8217;<\/em> Stefania Tansini<\/strong> riflette sulla follia intesa come ambigua e non univoca relazione tra le cose (18 settembre), con l\u2019assolo <em>&#8216;<\/em><strong><em>Rideau&#8217;<\/em> Anna Massoni<\/strong> dispiega una serie di frammenti e schemi pensati come una rete che unisce spazio, luce e musica (18 settembre),<\/p>\n<p>Infine, con la sua creazione <em><strong>&#8216;Some other place<\/strong><\/em>&#8216;, <strong>Sara Sguotti<\/strong> conduce un viaggio dentro la densit\u00e0 della materia in un altrove percettivo e immaginativo mettendo in relazione performer, spazio e immaginazione (18 settembre).<\/p>\n<figure id=\"post-246331 media-246331\" class=\"align-none\"><img decoding=\"async\" src=\"https:\/\/www.intoscana.it\/wp-content\/uploads\/seismic-dancer_3-\u00a9emma-szabo.jpg\" alt=\"\" \/><\/figure>\n<div class=\"titleimg\"><em>seismic dancer \u00a9emma szabo<\/em><\/div>\n<p>L\u2019attenzione verso la coreografia italiana trova poi spazio anche con la compagnia<strong> Opera Bianco di Vincenzo Schino e Marta Bichisao,<\/strong> che chiamano in causa la figura del clown e le sue molte sfaccettature con <em><strong>Jump!<\/strong> <\/em>(23 settembre); e con il nuovo progetto di <strong>Nicola Galli,<em> Il mondo altrove,<\/em><\/strong> che si ispira alla nozione di giardino di Gilles Cl\u00e9ment e agli studi etnografici di Claude L\u00e9vi-Strauss per trattare del paesaggio e del rapporto tra uomo e natura (24 settembre).<\/p>\n<p>Ci sar\u00e0 poi una performance di <strong>Francesca Grilli<\/strong> che con <em><strong>Sparks<\/strong> <\/em>fa leggere ai bambini il futuro sul palmo delle mani degli adulti come gesto di speranza e rottura con il passato (17 e 18 settembre); il lavoro Confessioni di sei personaggi del duo <strong>Caroline Baglioni e Michelangelo Bellani<\/strong> ispirato ai <em><strong>Sei personaggi in cerca d\u2019autore<\/strong> <\/em>di <strong>Pirandello<\/strong>, con due attrici che raccontano storie della loro vita mescolate alle vite di quei sei personaggi per riflettere sulla forza dell\u2019immaginazione e sulle sue regole (22 settembre);<\/p>\n<p>Andr\u00e0 poi in scena uno spettacolo di teatro di figura del <strong>Teatro Elettrodomestico &#8216;<em>Rattenspiel&#8217;,<\/em><\/strong> che riprende un testo di Andrea Bendini, drammaturgo incompreso, regista alcolizzato e crudele burattinaio, per ambientare una recita di ratti per ratti in un mondo punk e post-apocalittico in cui gli uomini e i loro traballanti ideali sono solo un vago ricordo, (dal 22 al 24 settembre); un lavoro di <strong>Rita Frongia<\/strong> \u00a0attorno alla<strong> figura ribelle di Lilith<\/strong>, prima compagna di Adamo che rifiuta la sottomissione sessuale e viene trasformata per volont\u00e0 divina in un demone notturno e assetato di sangue che divora i neonati (dal 23 al 25 settembre).<\/p>\n<div class=\"titleimg\">\n<figure id=\"post-246295 media-246295\" class=\"align-none\"><img decoding=\"async\" src=\"https:\/\/www.intoscana.it\/wp-content\/uploads\/Contemporanea-Festival.jpg\" alt=\"\" \/><\/figure>\n<\/div>\n","protected":false},"excerpt":{"rendered":"<p>Dal 16 al 25 settembre il Teatro Metastasio inaugura la stagione 2022-2023 con un festival che unisce teatro, performance e arte contemporanea<\/p>\n","protected":false},"author":525,"featured_media":246329,"comment_status":"open","ping_status":"open","sticky":false,"template":"","format":"standard","meta":{"_acf_changed":false,"footnotes":""},"categories":[493],"tags":[227,259,236],"class_list":["post-246345","post","type-post","status-publish","format-standard","has-post-thumbnail","hentry","category-cultura","tag-arte-contemporanea","tag-prato","tag-teatro"],"acf":[],"yoast_head":"<!-- This site is optimized with the Yoast SEO Premium plugin v24.2 (Yoast SEO v25.6) - https:\/\/yoast.com\/wordpress\/plugins\/seo\/ -->\n<title>Contemporanea Festival a Prato: 31 spettacoli e 18 compagnie con artisti da tutto il mondo - intoscana<\/title>\n<meta name=\"description\" content=\"Dal 16 al 25 settembre il Teatro Metastasio inaugura la stagione 2022-2023 con un festival che unisce teatro, performance e arte contemporanea\" \/>\n<meta name=\"robots\" content=\"index, follow, max-snippet:-1, max-image-preview:large, max-video-preview:-1\" \/>\n<link rel=\"canonical\" href=\"https:\/\/www.intoscana.it\/it\/contemporanea-festival-prato-teatro-metastasio-2022\/\" \/>\n<meta property=\"og:locale\" content=\"it_IT\" \/>\n<meta property=\"og:type\" content=\"article\" \/>\n<meta property=\"og:title\" content=\"Contemporanea Festival a Prato: 31 spettacoli e 18 compagnie con artisti da tutto il mondo\" \/>\n<meta property=\"og:description\" content=\"Dal 16 al 25 settembre il Teatro Metastasio inaugura la stagione 2022-2023 con un festival che unisce teatro, performance e arte contemporanea\" \/>\n<meta property=\"og:url\" content=\"https:\/\/www.intoscana.it\/it\/contemporanea-festival-prato-teatro-metastasio-2022\/\" \/>\n<meta property=\"og:site_name\" content=\"intoscana\" \/>\n<meta property=\"article:publisher\" content=\"https:\/\/www.facebook.com\/intoscana.it\" \/>\n<meta property=\"article:published_time\" content=\"2022-09-08T06:48:59+00:00\" \/>\n<meta property=\"article:modified_time\" content=\"2022-09-08T08:51:28+00:00\" \/>\n<meta property=\"og:image\" content=\"https:\/\/www.intoscana.it\/wp-content\/uploads\/lilith_contemporane____-.jpg\" \/>\n\t<meta property=\"og:image:width\" content=\"1898\" \/>\n\t<meta property=\"og:image:height\" content=\"1104\" \/>\n\t<meta property=\"og:image:type\" content=\"image\/jpeg\" \/>\n<meta name=\"author\" content=\"Redazione\" \/>\n<meta name=\"twitter:card\" content=\"summary_large_image\" \/>\n<meta name=\"twitter:creator\" content=\"@intoscana\" \/>\n<meta name=\"twitter:site\" content=\"@intoscana\" \/>\n<meta name=\"twitter:label1\" content=\"Written by\" \/>\n\t<meta name=\"twitter:data1\" content=\"Redazione\" \/>\n\t<meta name=\"twitter:label2\" content=\"Est. reading time\" \/>\n\t<meta name=\"twitter:data2\" content=\"5 minuti\" \/>\n<script type=\"application\/ld+json\" class=\"yoast-schema-graph\">{\"@context\":\"https:\/\/schema.org\",\"@graph\":[{\"@type\":\"WebPage\",\"@id\":\"https:\/\/www.intoscana.it\/it\/contemporanea-festival-prato-teatro-metastasio-2022\/\",\"url\":\"https:\/\/www.intoscana.it\/it\/contemporanea-festival-prato-teatro-metastasio-2022\/\",\"name\":\"Contemporanea Festival a Prato: 31 spettacoli e 18 compagnie con artisti da tutto il mondo - intoscana\",\"isPartOf\":{\"@id\":\"https:\/\/www.intoscana.it\/it\/#website\"},\"primaryImageOfPage\":{\"@id\":\"https:\/\/www.intoscana.it\/it\/contemporanea-festival-prato-teatro-metastasio-2022\/#primaryimage\"},\"image\":{\"@id\":\"https:\/\/www.intoscana.it\/it\/contemporanea-festival-prato-teatro-metastasio-2022\/#primaryimage\"},\"thumbnailUrl\":\"https:\/\/www.intoscana.it\/wp-content\/uploads\/lilith_contemporane____-.jpg\",\"datePublished\":\"2022-09-08T06:48:59+00:00\",\"dateModified\":\"2022-09-08T08:51:28+00:00\",\"author\":{\"@id\":\"https:\/\/www.intoscana.it\/it\/#\/schema\/person\/9223810753230f20bd670fdd322661f8\"},\"description\":\"Dal 16 al 25 settembre il Teatro Metastasio inaugura la stagione 2022-2023 con un festival che unisce teatro, performance e arte contemporanea\",\"breadcrumb\":{\"@id\":\"https:\/\/www.intoscana.it\/it\/contemporanea-festival-prato-teatro-metastasio-2022\/#breadcrumb\"},\"inLanguage\":\"it-IT\",\"potentialAction\":[{\"@type\":\"ReadAction\",\"target\":[\"https:\/\/www.intoscana.it\/it\/contemporanea-festival-prato-teatro-metastasio-2022\/\"]}]},{\"@type\":\"ImageObject\",\"inLanguage\":\"it-IT\",\"@id\":\"https:\/\/www.intoscana.it\/it\/contemporanea-festival-prato-teatro-metastasio-2022\/#primaryimage\",\"url\":\"https:\/\/www.intoscana.it\/wp-content\/uploads\/lilith_contemporane____-.jpg\",\"contentUrl\":\"https:\/\/www.intoscana.it\/wp-content\/uploads\/lilith_contemporane____-.jpg\",\"width\":1898,\"height\":1104},{\"@type\":\"BreadcrumbList\",\"@id\":\"https:\/\/www.intoscana.it\/it\/contemporanea-festival-prato-teatro-metastasio-2022\/#breadcrumb\",\"itemListElement\":[{\"@type\":\"ListItem\",\"position\":1,\"name\":\"Home\",\"item\":\"https:\/\/www.intoscana.it\/it\/\"},{\"@type\":\"ListItem\",\"position\":2,\"name\":\"Contemporanea Festival a Prato: 31 spettacoli e 18 compagnie con artisti da tutto il mondo\"}]},{\"@type\":\"WebSite\",\"@id\":\"https:\/\/www.intoscana.it\/it\/#website\",\"url\":\"https:\/\/www.intoscana.it\/it\/\",\"name\":\"intoscana\",\"description\":\"\",\"potentialAction\":[{\"@type\":\"SearchAction\",\"target\":{\"@type\":\"EntryPoint\",\"urlTemplate\":\"https:\/\/www.intoscana.it\/it\/?s={search_term_string}\"},\"query-input\":{\"@type\":\"PropertyValueSpecification\",\"valueRequired\":true,\"valueName\":\"search_term_string\"}}],\"inLanguage\":\"it-IT\"},{\"@type\":\"Person\",\"@id\":\"https:\/\/www.intoscana.it\/it\/#\/schema\/person\/9223810753230f20bd670fdd322661f8\",\"name\":\"Redazione\",\"url\":\"https:\/\/www.intoscana.it\/it\/author\/redazione\/\"}]}<\/script>\n<!-- \/ Yoast SEO Premium plugin. -->","yoast_head_json":{"title":"Contemporanea Festival a Prato: 31 spettacoli e 18 compagnie con artisti da tutto il mondo - intoscana","description":"Dal 16 al 25 settembre il Teatro Metastasio inaugura la stagione 2022-2023 con un festival che unisce teatro, performance e arte contemporanea","robots":{"index":"index","follow":"follow","max-snippet":"max-snippet:-1","max-image-preview":"max-image-preview:large","max-video-preview":"max-video-preview:-1"},"canonical":"https:\/\/www.intoscana.it\/it\/contemporanea-festival-prato-teatro-metastasio-2022\/","og_locale":"it_IT","og_type":"article","og_title":"Contemporanea Festival a Prato: 31 spettacoli e 18 compagnie con artisti da tutto il mondo","og_description":"Dal 16 al 25 settembre il Teatro Metastasio inaugura la stagione 2022-2023 con un festival che unisce teatro, performance e arte contemporanea","og_url":"https:\/\/www.intoscana.it\/it\/contemporanea-festival-prato-teatro-metastasio-2022\/","og_site_name":"intoscana","article_publisher":"https:\/\/www.facebook.com\/intoscana.it","article_published_time":"2022-09-08T06:48:59+00:00","article_modified_time":"2022-09-08T08:51:28+00:00","og_image":[{"width":1898,"height":1104,"url":"https:\/\/www.intoscana.it\/wp-content\/uploads\/lilith_contemporane____-.jpg","type":"image\/jpeg"}],"author":"Redazione","twitter_card":"summary_large_image","twitter_creator":"@intoscana","twitter_site":"@intoscana","twitter_misc":{"Written by":"Redazione","Est. reading time":"5 minuti"},"schema":{"@context":"https:\/\/schema.org","@graph":[{"@type":"WebPage","@id":"https:\/\/www.intoscana.it\/it\/contemporanea-festival-prato-teatro-metastasio-2022\/","url":"https:\/\/www.intoscana.it\/it\/contemporanea-festival-prato-teatro-metastasio-2022\/","name":"Contemporanea Festival a Prato: 31 spettacoli e 18 compagnie con artisti da tutto il mondo - intoscana","isPartOf":{"@id":"https:\/\/www.intoscana.it\/it\/#website"},"primaryImageOfPage":{"@id":"https:\/\/www.intoscana.it\/it\/contemporanea-festival-prato-teatro-metastasio-2022\/#primaryimage"},"image":{"@id":"https:\/\/www.intoscana.it\/it\/contemporanea-festival-prato-teatro-metastasio-2022\/#primaryimage"},"thumbnailUrl":"https:\/\/www.intoscana.it\/wp-content\/uploads\/lilith_contemporane____-.jpg","datePublished":"2022-09-08T06:48:59+00:00","dateModified":"2022-09-08T08:51:28+00:00","author":{"@id":"https:\/\/www.intoscana.it\/it\/#\/schema\/person\/9223810753230f20bd670fdd322661f8"},"description":"Dal 16 al 25 settembre il Teatro Metastasio inaugura la stagione 2022-2023 con un festival che unisce teatro, performance e arte contemporanea","breadcrumb":{"@id":"https:\/\/www.intoscana.it\/it\/contemporanea-festival-prato-teatro-metastasio-2022\/#breadcrumb"},"inLanguage":"it-IT","potentialAction":[{"@type":"ReadAction","target":["https:\/\/www.intoscana.it\/it\/contemporanea-festival-prato-teatro-metastasio-2022\/"]}]},{"@type":"ImageObject","inLanguage":"it-IT","@id":"https:\/\/www.intoscana.it\/it\/contemporanea-festival-prato-teatro-metastasio-2022\/#primaryimage","url":"https:\/\/www.intoscana.it\/wp-content\/uploads\/lilith_contemporane____-.jpg","contentUrl":"https:\/\/www.intoscana.it\/wp-content\/uploads\/lilith_contemporane____-.jpg","width":1898,"height":1104},{"@type":"BreadcrumbList","@id":"https:\/\/www.intoscana.it\/it\/contemporanea-festival-prato-teatro-metastasio-2022\/#breadcrumb","itemListElement":[{"@type":"ListItem","position":1,"name":"Home","item":"https:\/\/www.intoscana.it\/it\/"},{"@type":"ListItem","position":2,"name":"Contemporanea Festival a Prato: 31 spettacoli e 18 compagnie con artisti da tutto il mondo"}]},{"@type":"WebSite","@id":"https:\/\/www.intoscana.it\/it\/#website","url":"https:\/\/www.intoscana.it\/it\/","name":"intoscana","description":"","potentialAction":[{"@type":"SearchAction","target":{"@type":"EntryPoint","urlTemplate":"https:\/\/www.intoscana.it\/it\/?s={search_term_string}"},"query-input":{"@type":"PropertyValueSpecification","valueRequired":true,"valueName":"search_term_string"}}],"inLanguage":"it-IT"},{"@type":"Person","@id":"https:\/\/www.intoscana.it\/it\/#\/schema\/person\/9223810753230f20bd670fdd322661f8","name":"Redazione","url":"https:\/\/www.intoscana.it\/it\/author\/redazione\/"}]}},"_links":{"self":[{"href":"https:\/\/www.intoscana.it\/it\/wp-json\/wp\/v2\/posts\/246345","targetHints":{"allow":["GET"]}}],"collection":[{"href":"https:\/\/www.intoscana.it\/it\/wp-json\/wp\/v2\/posts"}],"about":[{"href":"https:\/\/www.intoscana.it\/it\/wp-json\/wp\/v2\/types\/post"}],"author":[{"embeddable":true,"href":"https:\/\/www.intoscana.it\/it\/wp-json\/wp\/v2\/users\/525"}],"replies":[{"embeddable":true,"href":"https:\/\/www.intoscana.it\/it\/wp-json\/wp\/v2\/comments?post=246345"}],"version-history":[{"count":0,"href":"https:\/\/www.intoscana.it\/it\/wp-json\/wp\/v2\/posts\/246345\/revisions"}],"wp:featuredmedia":[{"embeddable":true,"href":"https:\/\/www.intoscana.it\/it\/wp-json\/wp\/v2\/media\/246329"}],"wp:attachment":[{"href":"https:\/\/www.intoscana.it\/it\/wp-json\/wp\/v2\/media?parent=246345"}],"wp:term":[{"taxonomy":"category","embeddable":true,"href":"https:\/\/www.intoscana.it\/it\/wp-json\/wp\/v2\/categories?post=246345"},{"taxonomy":"post_tag","embeddable":true,"href":"https:\/\/www.intoscana.it\/it\/wp-json\/wp\/v2\/tags?post=246345"}],"curies":[{"name":"wp","href":"https:\/\/api.w.org\/{rel}","templated":true}]}}