{"id":246528,"date":"2022-09-08T13:28:57","date_gmt":"2022-09-08T11:28:57","guid":{"rendered":"https:\/\/www.intoscana.it\/it\/?p=246528"},"modified":"2022-09-08T15:34:00","modified_gmt":"2022-09-08T13:34:00","slug":"stefania-sandrelli-protagonista-a-venezia-79","status":"publish","type":"post","link":"https:\/\/www.intoscana.it\/it\/stefania-sandrelli-protagonista-a-venezia-79\/","title":{"rendered":"Stefania Sandrelli protagonista al Festival di Venezia 79"},"content":{"rendered":"<h3>Il Sindacato nazionale giornalisti cinematografici conferisce il Premio Pietro Bianchi a Stefania Sandrelli<\/h3>\n<p>Continua a stupire e a far innamorare il pubblico l&#8217;attrice viareggina <strong>Stefania Sandrelli,<\/strong> una delle pi\u00f9 grandi interpreti italiane, che ha festeggiato il suoi sessant\u2019anni di carriera nel cinema italiano (iniziata nel 1961 con il film <em>Il Federale,<\/em> di Luciano Salce) musa di Pietro Germi, Antonio Pietrangeli, Bernardo Bertolucci, Ettore Scola, solo per citare i principali registi con i quali ha lavorato. In una forma smagliante e in un etereo abito bianco, Stefania Sandrelli \u00e8 stata protagonista, anche quest\u2019anno del Festival di Venezia, dove \u00e8 stata ospite pi\u00f9 volte e dove ha ricevuto nel 2005 il Leone d\u2019Oro alla carriera.<\/p>\n<p><strong>Mercoled\u00ec 7 settembre <\/strong>le \u00e8 stato conferito il <strong>Premio Pietro Bianchi,<\/strong> attribuito ogni anno, da 45 edizioni, dal <strong>Sindacato Nazionale Giornalisti Cinematografici Italiani &#8211; <\/strong>presieduto da Laura Delli Colli, presente alla premiazione insieme al direttore del festival, Alberto Barbera &#8211; l\u2019organismo della federazione della stampa che raccoglie le principali firme del cinema in Italia e che attribuisce anche il prestigioso premio I Nastri d\u2019Argento. Sono sette i Nastri che hanno premiato il lavoro della Sandrelli, insieme ad un Nastro speciale alla carriera.<\/p>\n<p>Nato nel 1977 in collaborazione con la Biennale, il riconoscimento &#8220;Premio Pietro Bianchi&#8221; viene assegnato dai Giornalisti Cinematografici Italiani\u00a0 d\u2019intesa con la Mostra del Cinema; a riceverlo sono stati i pi\u00f9 rappresentativi esponenti del pi\u00f9 grande cinema italiano: da Mario Soldati &#8211; il primo ad essere stato premiato &#8211; \u00a0a Zavattini, Blasetti, Castellani, Zampa, Lattuada, Monicelli, Comencini, De Santis, Rosi, Risi, Scola, Paolo e Vittorio Taviani, Magni, Lizzani, Bertolucci, Antonioni. E poi ancora comunicatori, direttori della fotografia, tecnici e altri nomi noti del cinema, tra i quali pochissimi attori, come\u00a0 Sophia Loren e Alberto Sordi, Claudia Cardinale e Virna Lisi, Carlo Verdone, Michele Placido, Dominique Sanda &#8211; premiata lo scorso anno &#8211; fino all\u2019attuale edizione, dedicata a colei che nel cinema italiano \u00e8 stata \u201csedotta e abbandonata\u201d, amata, ammirata, desiderata, acclamata per il suo talento e la sua ironia, tutta toscana.<\/p>\n<h3>Al festival di Venezia, Stefania Sandrelli presenta il film &#8220;Acqua e anice&#8221;, opera prima di Corrado Ceron<\/h3>\n<p>Al festival di Venezia 79 <strong>Stefania Sandrelli<\/strong> \u00e8 intervenuta inoltre per presentare, gioved\u00ec 8 settembre, in un evento speciale a <strong>Le Giornate degli Autori<\/strong>, il film, che la vede protagonista, <em><strong>Acqua e anice.<\/strong><\/em> Nonostante la sua esperienza e il suo essere all\u2019apice della cinematografia nazionale, Stefania Sandrelli ha accettato di nuovo una sfida: partecipare ad un\u2019<strong>opera prima, di Corrado Ceron<\/strong>, scritta insieme a Federico Fava, con la collaborazione di Valentina Zanella.<\/p>\n<p>Il film, pur essendo un \u201croad movie da balera\u201d, va a toccare un argomento molto delicato e attuale: il diritto all\u2019eutanasia, a scegliere quando e in che modo porre termine alla propria esistenza. Lo spunto narrativo \u00e8 molto divertente e insolito: Olimpia (Stefania Sandrelli) \u00e8 una ormai anziana leggenda del liscio, che ha battuto locali e le feste con la sua band \u201cI capricci di Olimpia\u201d, che a settant\u2019anni suonati decide di rimettere in strada il furgone: non si tratta dell\u2019ennesima tourn\u00e9e, ma di \u00a0un viaggio per andare a trovare le persone che l\u2019hanno amata, nei luoghi che l\u2019hanno resa una star e in qualche modo rimettere a posto i conti in sospeso con il passato. Ad accompagnarla Maria, una giovane donna (la bravissima Silvia D\u2019Amico) timida e impacciata che, sebbene non giovanissima, ancora non sa come approcciarsi con l\u2019amore.<\/p>\n<p>Alla domanda se sentisse suo l\u2019argomento, Stefania Sandrelli ha risposto di aver partecipato al film con convinzione: \u201c<em>Sono quarant\u2019anni che in Italia aspettiamo una legge che consenta finalmente l\u2019eutanasia, cosa che tra l\u2019altro, viene gi\u00e0 nei fatti praticata, come ho constatato da una esperienza personale. Si parla tanto di qualit\u00e0 della vita, ma bisognerebbe parlare anche di qualit\u00e0 della morte\u201d.<\/em><\/p>\n<h3>L&#8217;attrice toscana, pluripremiata, affronta nel film il tema dell&#8217;eutanasia<\/h3>\n<p>Non \u00e8 la prima volta che Stefania Sandrelli interpreta una donna che si avvia all\u2019ultimo viaggio: ne <em><strong>La prima cosa bella<\/strong><\/em>, di Virz\u00ec, memorabile la sua interpretazione di una donna vitale e ribelle fino all\u2019ultimo, che d\u00e0 addio ai suoi figli, al marito (appena sposato) e a tutti i suoi parenti, sempre con il sorriso sulle labbra e uno sguardo d\u2019amore per tutti.<\/p>\n<p>Ha sentito questo personaggio simile ha quello interpretato per Virz\u00ec \u2013 le \u00e8 stato chiesto -. \u201c<em>In qualche modo s\u00ec\u2026 che volete, non \u00e8 la prima volta che interpreto una donna che si avvicina alla morte\u2026 l\u2019et\u00e0 \u00e8 quella che \u00e8 (ride n.d.r.). Ma il personaggio che ho interpretato per Virz\u00ec era pi\u00f9 materno, lo sentivo pi\u00f9 vicino a me. In questo nuovo film invece, mi sono dovuta calare in una ex star delle balere, cosa che ovviamente non sono. Per\u00f2 \u00e8 una donna che mi somiglia, piena di vita, di vestiti e parrucche, forte e libera\u201d<\/em>.<\/p>\n<p>&#8220;<em>Il film \u00e8 un viaggio di addio e un percorso di iniziazione, inno alla vita e alla libert\u00e0 di scelta&#8221;<\/em>\u2013 ha dichiarato il regista del film, che sar\u00e0 nelle sale italiane a fine settembre -. \u201c<em>Acqua e anice alterna ironia e commozione cogliendo gli aspetti pi\u00f9 profondi e divertenti di queste due donne in viaggio, cercando un equilibrio tra il tono dissacratorio e scanzonato della commedia e quello pi\u00f9 malinconico del dramma. La cinepresa \u00e8 incollata a Olimpia, ridiamo e piangiamo con lei, vediamo le sue allucinazioni, confondiamo passato e presente, proprio come lei. Il film \u00e8 il mio omaggio a una donna che ha avuto il coraggio di fare una scelta radicale, andandosene via col suo stile inconfondibile\u201d<\/em><\/p>\n","protected":false},"excerpt":{"rendered":"<p>L&#8217;attrice viareggina, tra le principali interpreti del cinema italiano, ha ricevuto il &#8220;Premio Pietro Bianchi&#8221; del sindacato nazionale giornalisti cinematografici italiani e ha presentato il suo nuovo film, &#8220;Acqua e anice&#8221;, sul tema dell&#8217;eutanasia. &#8220;Si parla tanto di qualit\u00e0 della vita, ma bisognerebbe anche parlare della qualit\u00e0 della morte&#8221;, ha dichiarato alla stampa Stefania Sandrelli<\/p>\n","protected":false},"author":492,"featured_media":246533,"comment_status":"open","ping_status":"open","sticky":false,"template":"","format":"standard","meta":{"_acf_changed":false,"footnotes":""},"categories":[493],"tags":[188,6159],"class_list":["post-246528","post","type-post","status-publish","format-standard","has-post-thumbnail","hentry","category-cultura","tag-cinema","tag-festival-di-venezia"],"acf":[],"yoast_head":"<!-- This site is optimized with the Yoast SEO Premium plugin v24.2 (Yoast SEO v25.6) - https:\/\/yoast.com\/wordpress\/plugins\/seo\/ -->\n<title>Stefania Sandrelli protagonista al Festival di Venezia 79 - intoscana<\/title>\n<meta name=\"description\" content=\"Stefania Sandrelli protagonista a Venezia 79: il 7 settembre il Premio Bianchi e l&#039;8 settembre la presentazione di &quot;Acqua e anice&quot;\" \/>\n<meta name=\"robots\" content=\"index, follow, max-snippet:-1, max-image-preview:large, max-video-preview:-1\" \/>\n<link rel=\"canonical\" href=\"https:\/\/www.intoscana.it\/it\/stefania-sandrelli-protagonista-a-venezia-79\/\" \/>\n<meta property=\"og:locale\" content=\"it_IT\" \/>\n<meta property=\"og:type\" content=\"article\" \/>\n<meta property=\"og:title\" content=\"Stefania Sandrelli protagonista al Festival di Venezia 79\" \/>\n<meta property=\"og:description\" content=\"Stefania Sandrelli protagonista a Venezia 79: il 7 settembre il Premio Bianchi e l&#039;8 settembre la presentazione di &quot;Acqua e anice&quot;\" \/>\n<meta property=\"og:url\" content=\"https:\/\/www.intoscana.it\/it\/stefania-sandrelli-protagonista-a-venezia-79\/\" \/>\n<meta property=\"og:site_name\" content=\"intoscana\" \/>\n<meta property=\"article:publisher\" content=\"https:\/\/www.facebook.com\/intoscana.it\" \/>\n<meta property=\"article:published_time\" content=\"2022-09-08T11:28:57+00:00\" \/>\n<meta property=\"article:modified_time\" content=\"2022-09-08T13:34:00+00:00\" \/>\n<meta property=\"og:image\" content=\"https:\/\/www.intoscana.it\/wp-content\/uploads\/IMG-8270-scaled.jpg\" \/>\n\t<meta property=\"og:image:width\" content=\"2048\" \/>\n\t<meta property=\"og:image:height\" content=\"1536\" \/>\n\t<meta property=\"og:image:type\" content=\"image\/jpeg\" \/>\n<meta name=\"author\" content=\"Elisabetta Vagaggini\" \/>\n<meta name=\"twitter:card\" content=\"summary_large_image\" \/>\n<meta name=\"twitter:creator\" content=\"@intoscana\" \/>\n<meta name=\"twitter:site\" content=\"@intoscana\" \/>\n<meta name=\"twitter:label1\" content=\"Written by\" \/>\n\t<meta name=\"twitter:data1\" content=\"Elisabetta Vagaggini\" \/>\n\t<meta name=\"twitter:label2\" content=\"Est. reading time\" \/>\n\t<meta name=\"twitter:data2\" content=\"5 minuti\" \/>\n<script type=\"application\/ld+json\" class=\"yoast-schema-graph\">{\"@context\":\"https:\/\/schema.org\",\"@graph\":[{\"@type\":\"WebPage\",\"@id\":\"https:\/\/www.intoscana.it\/it\/stefania-sandrelli-protagonista-a-venezia-79\/\",\"url\":\"https:\/\/www.intoscana.it\/it\/stefania-sandrelli-protagonista-a-venezia-79\/\",\"name\":\"Stefania Sandrelli protagonista al Festival di Venezia 79 - intoscana\",\"isPartOf\":{\"@id\":\"https:\/\/www.intoscana.it\/it\/#website\"},\"primaryImageOfPage\":{\"@id\":\"https:\/\/www.intoscana.it\/it\/stefania-sandrelli-protagonista-a-venezia-79\/#primaryimage\"},\"image\":{\"@id\":\"https:\/\/www.intoscana.it\/it\/stefania-sandrelli-protagonista-a-venezia-79\/#primaryimage\"},\"thumbnailUrl\":\"https:\/\/www.intoscana.it\/wp-content\/uploads\/IMG-8270-scaled.jpg\",\"datePublished\":\"2022-09-08T11:28:57+00:00\",\"dateModified\":\"2022-09-08T13:34:00+00:00\",\"author\":{\"@id\":\"https:\/\/www.intoscana.it\/it\/#\/schema\/person\/20956e1a83baf96027b69e776f754e43\"},\"description\":\"Stefania Sandrelli protagonista a Venezia 79: il 7 settembre il Premio Bianchi e l'8 settembre la presentazione di \\\"Acqua e anice\\\"\",\"breadcrumb\":{\"@id\":\"https:\/\/www.intoscana.it\/it\/stefania-sandrelli-protagonista-a-venezia-79\/#breadcrumb\"},\"inLanguage\":\"it-IT\",\"potentialAction\":[{\"@type\":\"ReadAction\",\"target\":[\"https:\/\/www.intoscana.it\/it\/stefania-sandrelli-protagonista-a-venezia-79\/\"]}]},{\"@type\":\"ImageObject\",\"inLanguage\":\"it-IT\",\"@id\":\"https:\/\/www.intoscana.it\/it\/stefania-sandrelli-protagonista-a-venezia-79\/#primaryimage\",\"url\":\"https:\/\/www.intoscana.it\/wp-content\/uploads\/IMG-8270-scaled.jpg\",\"contentUrl\":\"https:\/\/www.intoscana.it\/wp-content\/uploads\/IMG-8270-scaled.jpg\",\"width\":2048,\"height\":1536,\"caption\":\"Stefania Sandrelli, Premio Pietro Bianchi\"},{\"@type\":\"BreadcrumbList\",\"@id\":\"https:\/\/www.intoscana.it\/it\/stefania-sandrelli-protagonista-a-venezia-79\/#breadcrumb\",\"itemListElement\":[{\"@type\":\"ListItem\",\"position\":1,\"name\":\"Home\",\"item\":\"https:\/\/www.intoscana.it\/it\/\"},{\"@type\":\"ListItem\",\"position\":2,\"name\":\"Stefania Sandrelli protagonista al Festival di Venezia 79\"}]},{\"@type\":\"WebSite\",\"@id\":\"https:\/\/www.intoscana.it\/it\/#website\",\"url\":\"https:\/\/www.intoscana.it\/it\/\",\"name\":\"intoscana\",\"description\":\"\",\"potentialAction\":[{\"@type\":\"SearchAction\",\"target\":{\"@type\":\"EntryPoint\",\"urlTemplate\":\"https:\/\/www.intoscana.it\/it\/?s={search_term_string}\"},\"query-input\":{\"@type\":\"PropertyValueSpecification\",\"valueRequired\":true,\"valueName\":\"search_term_string\"}}],\"inLanguage\":\"it-IT\"},{\"@type\":\"Person\",\"@id\":\"https:\/\/www.intoscana.it\/it\/#\/schema\/person\/20956e1a83baf96027b69e776f754e43\",\"name\":\"Elisabetta Vagaggini\",\"url\":\"https:\/\/www.intoscana.it\/it\/author\/elisabetta-vagaggini\/\"}]}<\/script>\n<!-- \/ Yoast SEO Premium plugin. -->","yoast_head_json":{"title":"Stefania Sandrelli protagonista al Festival di Venezia 79 - intoscana","description":"Stefania Sandrelli protagonista a Venezia 79: il 7 settembre il Premio Bianchi e l'8 settembre la presentazione di \"Acqua e anice\"","robots":{"index":"index","follow":"follow","max-snippet":"max-snippet:-1","max-image-preview":"max-image-preview:large","max-video-preview":"max-video-preview:-1"},"canonical":"https:\/\/www.intoscana.it\/it\/stefania-sandrelli-protagonista-a-venezia-79\/","og_locale":"it_IT","og_type":"article","og_title":"Stefania Sandrelli protagonista al Festival di Venezia 79","og_description":"Stefania Sandrelli protagonista a Venezia 79: il 7 settembre il Premio Bianchi e l'8 settembre la presentazione di \"Acqua e anice\"","og_url":"https:\/\/www.intoscana.it\/it\/stefania-sandrelli-protagonista-a-venezia-79\/","og_site_name":"intoscana","article_publisher":"https:\/\/www.facebook.com\/intoscana.it","article_published_time":"2022-09-08T11:28:57+00:00","article_modified_time":"2022-09-08T13:34:00+00:00","og_image":[{"width":2048,"height":1536,"url":"https:\/\/www.intoscana.it\/wp-content\/uploads\/IMG-8270-scaled.jpg","type":"image\/jpeg"}],"author":"Elisabetta Vagaggini","twitter_card":"summary_large_image","twitter_creator":"@intoscana","twitter_site":"@intoscana","twitter_misc":{"Written by":"Elisabetta Vagaggini","Est. reading time":"5 minuti"},"schema":{"@context":"https:\/\/schema.org","@graph":[{"@type":"WebPage","@id":"https:\/\/www.intoscana.it\/it\/stefania-sandrelli-protagonista-a-venezia-79\/","url":"https:\/\/www.intoscana.it\/it\/stefania-sandrelli-protagonista-a-venezia-79\/","name":"Stefania Sandrelli protagonista al Festival di Venezia 79 - intoscana","isPartOf":{"@id":"https:\/\/www.intoscana.it\/it\/#website"},"primaryImageOfPage":{"@id":"https:\/\/www.intoscana.it\/it\/stefania-sandrelli-protagonista-a-venezia-79\/#primaryimage"},"image":{"@id":"https:\/\/www.intoscana.it\/it\/stefania-sandrelli-protagonista-a-venezia-79\/#primaryimage"},"thumbnailUrl":"https:\/\/www.intoscana.it\/wp-content\/uploads\/IMG-8270-scaled.jpg","datePublished":"2022-09-08T11:28:57+00:00","dateModified":"2022-09-08T13:34:00+00:00","author":{"@id":"https:\/\/www.intoscana.it\/it\/#\/schema\/person\/20956e1a83baf96027b69e776f754e43"},"description":"Stefania Sandrelli protagonista a Venezia 79: il 7 settembre il Premio Bianchi e l'8 settembre la presentazione di \"Acqua e anice\"","breadcrumb":{"@id":"https:\/\/www.intoscana.it\/it\/stefania-sandrelli-protagonista-a-venezia-79\/#breadcrumb"},"inLanguage":"it-IT","potentialAction":[{"@type":"ReadAction","target":["https:\/\/www.intoscana.it\/it\/stefania-sandrelli-protagonista-a-venezia-79\/"]}]},{"@type":"ImageObject","inLanguage":"it-IT","@id":"https:\/\/www.intoscana.it\/it\/stefania-sandrelli-protagonista-a-venezia-79\/#primaryimage","url":"https:\/\/www.intoscana.it\/wp-content\/uploads\/IMG-8270-scaled.jpg","contentUrl":"https:\/\/www.intoscana.it\/wp-content\/uploads\/IMG-8270-scaled.jpg","width":2048,"height":1536,"caption":"Stefania Sandrelli, Premio Pietro Bianchi"},{"@type":"BreadcrumbList","@id":"https:\/\/www.intoscana.it\/it\/stefania-sandrelli-protagonista-a-venezia-79\/#breadcrumb","itemListElement":[{"@type":"ListItem","position":1,"name":"Home","item":"https:\/\/www.intoscana.it\/it\/"},{"@type":"ListItem","position":2,"name":"Stefania Sandrelli protagonista al Festival di Venezia 79"}]},{"@type":"WebSite","@id":"https:\/\/www.intoscana.it\/it\/#website","url":"https:\/\/www.intoscana.it\/it\/","name":"intoscana","description":"","potentialAction":[{"@type":"SearchAction","target":{"@type":"EntryPoint","urlTemplate":"https:\/\/www.intoscana.it\/it\/?s={search_term_string}"},"query-input":{"@type":"PropertyValueSpecification","valueRequired":true,"valueName":"search_term_string"}}],"inLanguage":"it-IT"},{"@type":"Person","@id":"https:\/\/www.intoscana.it\/it\/#\/schema\/person\/20956e1a83baf96027b69e776f754e43","name":"Elisabetta Vagaggini","url":"https:\/\/www.intoscana.it\/it\/author\/elisabetta-vagaggini\/"}]}},"_links":{"self":[{"href":"https:\/\/www.intoscana.it\/it\/wp-json\/wp\/v2\/posts\/246528","targetHints":{"allow":["GET"]}}],"collection":[{"href":"https:\/\/www.intoscana.it\/it\/wp-json\/wp\/v2\/posts"}],"about":[{"href":"https:\/\/www.intoscana.it\/it\/wp-json\/wp\/v2\/types\/post"}],"author":[{"embeddable":true,"href":"https:\/\/www.intoscana.it\/it\/wp-json\/wp\/v2\/users\/492"}],"replies":[{"embeddable":true,"href":"https:\/\/www.intoscana.it\/it\/wp-json\/wp\/v2\/comments?post=246528"}],"version-history":[{"count":0,"href":"https:\/\/www.intoscana.it\/it\/wp-json\/wp\/v2\/posts\/246528\/revisions"}],"wp:featuredmedia":[{"embeddable":true,"href":"https:\/\/www.intoscana.it\/it\/wp-json\/wp\/v2\/media\/246533"}],"wp:attachment":[{"href":"https:\/\/www.intoscana.it\/it\/wp-json\/wp\/v2\/media?parent=246528"}],"wp:term":[{"taxonomy":"category","embeddable":true,"href":"https:\/\/www.intoscana.it\/it\/wp-json\/wp\/v2\/categories?post=246528"},{"taxonomy":"post_tag","embeddable":true,"href":"https:\/\/www.intoscana.it\/it\/wp-json\/wp\/v2\/tags?post=246528"}],"curies":[{"name":"wp","href":"https:\/\/api.w.org\/{rel}","templated":true}]}}