{"id":246640,"date":"2022-09-09T12:16:21","date_gmt":"2022-09-09T10:16:21","guid":{"rendered":"https:\/\/www.intoscana.it\/it\/?p=246640"},"modified":"2022-09-09T12:56:09","modified_gmt":"2022-09-09T10:56:09","slug":"elisabetta-ii-a-firenze-il-ricordo-di-quei-giorni-di-maggio-in-riva-allarno","status":"publish","type":"post","link":"https:\/\/www.intoscana.it\/it\/elisabetta-ii-a-firenze-il-ricordo-di-quei-giorni-di-maggio-in-riva-allarno\/","title":{"rendered":"Elisabetta II a Firenze, il ricordo di quei giorni di maggio in riva all&#8217;Arno"},"content":{"rendered":"<p>Elisabetta II visit\u00f2 <strong>solo due volte Firenze<\/strong>: la prima volta nel <strong>maggio del 1951<\/strong> era ancora una principessa e solo pochi mesi dopo, alla morte del padre Giorgio VI, sarebbe divenuta regina. La seconda visita, questa volta con i crismi dell&#8217;ufficialit\u00e0, sempre a <strong>maggio ma del 1961<\/strong>: esattamente dieci anni dopo.<\/p>\n<p>Quando all&#8217;inizio degli anni Cinquanta visit\u00f2 per la prima volta <strong>la culla del Rinascimento<\/strong> Elisabetta, giunta in Toscana con il consorte, soggiorn\u00f2 a <strong>Villa Il Pratellino<\/strong> a San Domenico lungo la strada per Fiesole. Ad ospitarla la cugina: la principessa <strong>Elena di Romania<\/strong> che si trovava a Firenze.<\/p>\n<p>Durante il soggiorno fiorentino <strong>Elisabetta e il marito Filippo<\/strong> girarono per la citt\u00e0 come <strong>due normali turisti<\/strong>: spostandosi in auto e visitando i maggiori musei. Praticamente nell&#8217;anonimato.<\/p>\n<p>Nella sua seconda visita, stavolta ufficiale, Elisabetta sbarc\u00f2 all&#8217;<strong>aeroporto di Peretola<\/strong> e scortata in citt\u00e0 con <strong>il corteo reale<\/strong>. Ad accoglierla l&#8217;allora sindaco <strong>Giorgio La Pira<\/strong>. Le immagini dell&#8217;epoca ci rimandano l&#8217;immagine della regina, <strong>vestita di bianco<\/strong> e con l&#8217;inseparabile borsetta, insieme al <strong>principe Filippo.<\/strong><\/p>\n<p>La coppia reale \u00e8 su una pedana allestita <strong>sotto la loggia dei Lanzi<\/strong>, tra il Perseo di Benvenuto Cellini e il Ratto delle Sabine di Giambologna. Alle sue spalle il <strong>gonfalone con il giglio<\/strong> di Firenze e gli <strong>Arazzi Medicei<\/strong>, secondo il cerimoniale previsto in questi casi.<\/p>\n<p>Nel suo discorso <strong>La Pira<\/strong> ribad\u00ec il forte legame che da sempre unisce <strong>la Toscana all&#8217;Inghilterra<\/strong> testimoniata dalla presenza in citt\u00e0 di una comunit\u00e0 molto nutrita. Al tempo stesso <strong>invoc\u00f2 la pace<\/strong>, richiesta che ieri come oggi resta sempre di estrema attualit\u00e0.<\/p>\n<figure id=\"post-246644 media-246644\" class=\"align-none\"><img decoding=\"async\" src=\"https:\/\/www.intoscana.it\/wp-content\/uploads\/305273777_616940789795743_1051943707318442736_n.jpg\" alt=\"\" \/><\/figure>\n<div class=\"titleimg\">La firma della regina Elisabetta sul libro degli ospiti illustri di Palazzo Vecchio &#8211; \u00a9 FB Dario Nardella<\/div>\n<p>La monarca inglese venne <strong>accolta con entusiasmo<\/strong> dalla popolazione fiorentina e salutata dal suono delle chiarine del corteo storico della Repubblica di Firenze. Un&#8217;accoglienza in pompa magna, degna davvero di una regina. Di quella visita resta <strong>la firma della regina<\/strong> apposta sul <strong>libro degli ospiti di Palazzo Vecchio<\/strong>: un&#8217;immagine che il sindaco di Firenze ha condiviso anche sulla sua pagina Facebook.<\/p>\n<p>Il rapporto tra la famiglia reale inglese e la Toscana \u00e8 stato sempre profondo. Basti pensare alle ripetute visite di <strong>Carlo d&#8217;Inghilterra<\/strong>, anche per l&#8217;amicizia che lo lega in particolare alla <strong>famiglia Frescobaldi<\/strong>. Si pensi al viaggio del 1985 a Firenze insieme alla <strong>principessa del Galles Diana<\/strong> con tanto di Grand Tour. Il principe, oggi re <strong>Carlo III<\/strong> torn\u00f2 nel marzo del 2017, sempre in riva all&#8217;Arno, questa volta in compagnia della seconda moglie Camilla.<\/p>\n<p>Oltre alla visita di chiese e musei, Carlo incontr\u00f2 numerosi produttori, anche di vino. E ancora una volta ad accogliere l&#8217;esponente della famiglia reale inglese c&#8217;erano <strong>i Frescobaldi<\/strong>, da oltre 7 secoli legati alle vicende di <strong>casa Windsor<\/strong>.<\/p>\n<p>Da non dimenticare infine le numerose visite a fine Ottocento della <strong>regina Vittoria<\/strong> di cui ancora si conserva il ricordo alla <strong>Fattoria di Maiano<\/strong>.<\/p>\n<p>&nbsp;<\/p>\n","protected":false},"excerpt":{"rendered":"<p>La sovrana inglese in visita per ben due volte in citt\u00e0: nel 1961 accolta dal sindaco Giorgio La Pira con tutti gli onori in piazza della Signoria<\/p>\n","protected":false},"author":554,"featured_media":246645,"comment_status":"open","ping_status":"open","sticky":false,"template":"","format":"standard","meta":{"_acf_changed":false,"footnotes":""},"categories":[4],"tags":[6534],"class_list":["post-246640","post","type-post","status-publish","format-standard","has-post-thumbnail","hentry","category-storie","tag-regno-unito"],"acf":[],"yoast_head":"<!-- This site is optimized with the Yoast SEO Premium plugin v24.2 (Yoast SEO v25.6) - https:\/\/yoast.com\/wordpress\/plugins\/seo\/ -->\n<title>Elisabetta II a Firenze, quei giorni di maggio in riva all&#039;Arno - intoscana<\/title>\n<meta name=\"description\" content=\"La sovrana inglese in visita per ben due volte in citt\u00e0: nel 1961 accolta dal sindaco Giorgio La Pira in piazza della Signoria\" \/>\n<meta name=\"robots\" content=\"index, follow, max-snippet:-1, max-image-preview:large, max-video-preview:-1\" \/>\n<link rel=\"canonical\" href=\"https:\/\/www.intoscana.it\/it\/elisabetta-ii-a-firenze-il-ricordo-di-quei-giorni-di-maggio-in-riva-allarno\/\" \/>\n<meta property=\"og:locale\" content=\"it_IT\" \/>\n<meta property=\"og:type\" content=\"article\" \/>\n<meta property=\"og:title\" content=\"Elisabetta II a Firenze, il ricordo di quei giorni di maggio in riva all&#039;Arno\" \/>\n<meta property=\"og:description\" content=\"La sovrana inglese in visita per ben due volte in citt\u00e0: nel 1961 accolta dal sindaco Giorgio La Pira in piazza della Signoria\" \/>\n<meta property=\"og:url\" content=\"https:\/\/www.intoscana.it\/it\/elisabetta-ii-a-firenze-il-ricordo-di-quei-giorni-di-maggio-in-riva-allarno\/\" \/>\n<meta property=\"og:site_name\" content=\"intoscana\" \/>\n<meta property=\"article:publisher\" content=\"https:\/\/www.facebook.com\/intoscana.it\" \/>\n<meta property=\"article:published_time\" content=\"2022-09-09T10:16:21+00:00\" \/>\n<meta property=\"article:modified_time\" content=\"2022-09-09T10:56:09+00:00\" \/>\n<meta property=\"og:image\" content=\"https:\/\/www.intoscana.it\/wp-content\/uploads\/306041187_616940566462432_9171795684763360931_n.jpg\" \/>\n\t<meta property=\"og:image:width\" content=\"960\" \/>\n\t<meta property=\"og:image:height\" content=\"658\" \/>\n\t<meta property=\"og:image:type\" content=\"image\/jpeg\" \/>\n<meta name=\"author\" content=\"Raffaella Galamini\" \/>\n<meta name=\"twitter:card\" content=\"summary_large_image\" \/>\n<meta name=\"twitter:creator\" content=\"@orio\" \/>\n<meta name=\"twitter:site\" content=\"@intoscana\" \/>\n<meta name=\"twitter:label1\" content=\"Written by\" \/>\n\t<meta name=\"twitter:data1\" content=\"Raffaella Galamini\" \/>\n\t<meta name=\"twitter:label2\" content=\"Est. reading time\" \/>\n\t<meta name=\"twitter:data2\" content=\"2 minuti\" \/>\n<script type=\"application\/ld+json\" class=\"yoast-schema-graph\">{\"@context\":\"https:\/\/schema.org\",\"@graph\":[{\"@type\":\"WebPage\",\"@id\":\"https:\/\/www.intoscana.it\/it\/elisabetta-ii-a-firenze-il-ricordo-di-quei-giorni-di-maggio-in-riva-allarno\/\",\"url\":\"https:\/\/www.intoscana.it\/it\/elisabetta-ii-a-firenze-il-ricordo-di-quei-giorni-di-maggio-in-riva-allarno\/\",\"name\":\"Elisabetta II a Firenze, quei giorni di maggio in riva all'Arno - intoscana\",\"isPartOf\":{\"@id\":\"https:\/\/www.intoscana.it\/it\/#website\"},\"primaryImageOfPage\":{\"@id\":\"https:\/\/www.intoscana.it\/it\/elisabetta-ii-a-firenze-il-ricordo-di-quei-giorni-di-maggio-in-riva-allarno\/#primaryimage\"},\"image\":{\"@id\":\"https:\/\/www.intoscana.it\/it\/elisabetta-ii-a-firenze-il-ricordo-di-quei-giorni-di-maggio-in-riva-allarno\/#primaryimage\"},\"thumbnailUrl\":\"https:\/\/www.intoscana.it\/wp-content\/uploads\/306041187_616940566462432_9171795684763360931_n.jpg\",\"datePublished\":\"2022-09-09T10:16:21+00:00\",\"dateModified\":\"2022-09-09T10:56:09+00:00\",\"author\":{\"@id\":\"https:\/\/www.intoscana.it\/it\/#\/schema\/person\/9eb9daa846a49fe51af39a73d9d1986b\"},\"description\":\"La sovrana inglese in visita per ben due volte in citt\u00e0: nel 1961 accolta dal sindaco Giorgio La Pira in piazza della Signoria\",\"breadcrumb\":{\"@id\":\"https:\/\/www.intoscana.it\/it\/elisabetta-ii-a-firenze-il-ricordo-di-quei-giorni-di-maggio-in-riva-allarno\/#breadcrumb\"},\"inLanguage\":\"it-IT\",\"potentialAction\":[{\"@type\":\"ReadAction\",\"target\":[\"https:\/\/www.intoscana.it\/it\/elisabetta-ii-a-firenze-il-ricordo-di-quei-giorni-di-maggio-in-riva-allarno\/\"]}]},{\"@type\":\"ImageObject\",\"inLanguage\":\"it-IT\",\"@id\":\"https:\/\/www.intoscana.it\/it\/elisabetta-ii-a-firenze-il-ricordo-di-quei-giorni-di-maggio-in-riva-allarno\/#primaryimage\",\"url\":\"https:\/\/www.intoscana.it\/wp-content\/uploads\/306041187_616940566462432_9171795684763360931_n.jpg\",\"contentUrl\":\"https:\/\/www.intoscana.it\/wp-content\/uploads\/306041187_616940566462432_9171795684763360931_n.jpg\",\"width\":960,\"height\":658,\"caption\":\"La visita della regina Elisabetta a Firenze nel maggio del 1961\"},{\"@type\":\"BreadcrumbList\",\"@id\":\"https:\/\/www.intoscana.it\/it\/elisabetta-ii-a-firenze-il-ricordo-di-quei-giorni-di-maggio-in-riva-allarno\/#breadcrumb\",\"itemListElement\":[{\"@type\":\"ListItem\",\"position\":1,\"name\":\"Home\",\"item\":\"https:\/\/www.intoscana.it\/it\/\"},{\"@type\":\"ListItem\",\"position\":2,\"name\":\"Elisabetta II a Firenze, il ricordo di quei giorni di maggio in riva all&#8217;Arno\"}]},{\"@type\":\"WebSite\",\"@id\":\"https:\/\/www.intoscana.it\/it\/#website\",\"url\":\"https:\/\/www.intoscana.it\/it\/\",\"name\":\"intoscana\",\"description\":\"\",\"potentialAction\":[{\"@type\":\"SearchAction\",\"target\":{\"@type\":\"EntryPoint\",\"urlTemplate\":\"https:\/\/www.intoscana.it\/it\/?s={search_term_string}\"},\"query-input\":{\"@type\":\"PropertyValueSpecification\",\"valueRequired\":true,\"valueName\":\"search_term_string\"}}],\"inLanguage\":\"it-IT\"},{\"@type\":\"Person\",\"@id\":\"https:\/\/www.intoscana.it\/it\/#\/schema\/person\/9eb9daa846a49fe51af39a73d9d1986b\",\"name\":\"Raffaella Galamini\",\"sameAs\":[\"https:\/\/x.com\/orio\"],\"url\":\"https:\/\/www.intoscana.it\/it\/author\/r-galamini\/\"}]}<\/script>\n<!-- \/ Yoast SEO Premium plugin. -->","yoast_head_json":{"title":"Elisabetta II a Firenze, quei giorni di maggio in riva all'Arno - intoscana","description":"La sovrana inglese in visita per ben due volte in citt\u00e0: nel 1961 accolta dal sindaco Giorgio La Pira in piazza della Signoria","robots":{"index":"index","follow":"follow","max-snippet":"max-snippet:-1","max-image-preview":"max-image-preview:large","max-video-preview":"max-video-preview:-1"},"canonical":"https:\/\/www.intoscana.it\/it\/elisabetta-ii-a-firenze-il-ricordo-di-quei-giorni-di-maggio-in-riva-allarno\/","og_locale":"it_IT","og_type":"article","og_title":"Elisabetta II a Firenze, il ricordo di quei giorni di maggio in riva all'Arno","og_description":"La sovrana inglese in visita per ben due volte in citt\u00e0: nel 1961 accolta dal sindaco Giorgio La Pira in piazza della Signoria","og_url":"https:\/\/www.intoscana.it\/it\/elisabetta-ii-a-firenze-il-ricordo-di-quei-giorni-di-maggio-in-riva-allarno\/","og_site_name":"intoscana","article_publisher":"https:\/\/www.facebook.com\/intoscana.it","article_published_time":"2022-09-09T10:16:21+00:00","article_modified_time":"2022-09-09T10:56:09+00:00","og_image":[{"width":960,"height":658,"url":"https:\/\/www.intoscana.it\/wp-content\/uploads\/306041187_616940566462432_9171795684763360931_n.jpg","type":"image\/jpeg"}],"author":"Raffaella Galamini","twitter_card":"summary_large_image","twitter_creator":"@orio","twitter_site":"@intoscana","twitter_misc":{"Written by":"Raffaella Galamini","Est. reading time":"2 minuti"},"schema":{"@context":"https:\/\/schema.org","@graph":[{"@type":"WebPage","@id":"https:\/\/www.intoscana.it\/it\/elisabetta-ii-a-firenze-il-ricordo-di-quei-giorni-di-maggio-in-riva-allarno\/","url":"https:\/\/www.intoscana.it\/it\/elisabetta-ii-a-firenze-il-ricordo-di-quei-giorni-di-maggio-in-riva-allarno\/","name":"Elisabetta II a Firenze, quei giorni di maggio in riva all'Arno - intoscana","isPartOf":{"@id":"https:\/\/www.intoscana.it\/it\/#website"},"primaryImageOfPage":{"@id":"https:\/\/www.intoscana.it\/it\/elisabetta-ii-a-firenze-il-ricordo-di-quei-giorni-di-maggio-in-riva-allarno\/#primaryimage"},"image":{"@id":"https:\/\/www.intoscana.it\/it\/elisabetta-ii-a-firenze-il-ricordo-di-quei-giorni-di-maggio-in-riva-allarno\/#primaryimage"},"thumbnailUrl":"https:\/\/www.intoscana.it\/wp-content\/uploads\/306041187_616940566462432_9171795684763360931_n.jpg","datePublished":"2022-09-09T10:16:21+00:00","dateModified":"2022-09-09T10:56:09+00:00","author":{"@id":"https:\/\/www.intoscana.it\/it\/#\/schema\/person\/9eb9daa846a49fe51af39a73d9d1986b"},"description":"La sovrana inglese in visita per ben due volte in citt\u00e0: nel 1961 accolta dal sindaco Giorgio La Pira in piazza della Signoria","breadcrumb":{"@id":"https:\/\/www.intoscana.it\/it\/elisabetta-ii-a-firenze-il-ricordo-di-quei-giorni-di-maggio-in-riva-allarno\/#breadcrumb"},"inLanguage":"it-IT","potentialAction":[{"@type":"ReadAction","target":["https:\/\/www.intoscana.it\/it\/elisabetta-ii-a-firenze-il-ricordo-di-quei-giorni-di-maggio-in-riva-allarno\/"]}]},{"@type":"ImageObject","inLanguage":"it-IT","@id":"https:\/\/www.intoscana.it\/it\/elisabetta-ii-a-firenze-il-ricordo-di-quei-giorni-di-maggio-in-riva-allarno\/#primaryimage","url":"https:\/\/www.intoscana.it\/wp-content\/uploads\/306041187_616940566462432_9171795684763360931_n.jpg","contentUrl":"https:\/\/www.intoscana.it\/wp-content\/uploads\/306041187_616940566462432_9171795684763360931_n.jpg","width":960,"height":658,"caption":"La visita della regina Elisabetta a Firenze nel maggio del 1961"},{"@type":"BreadcrumbList","@id":"https:\/\/www.intoscana.it\/it\/elisabetta-ii-a-firenze-il-ricordo-di-quei-giorni-di-maggio-in-riva-allarno\/#breadcrumb","itemListElement":[{"@type":"ListItem","position":1,"name":"Home","item":"https:\/\/www.intoscana.it\/it\/"},{"@type":"ListItem","position":2,"name":"Elisabetta II a Firenze, il ricordo di quei giorni di maggio in riva all&#8217;Arno"}]},{"@type":"WebSite","@id":"https:\/\/www.intoscana.it\/it\/#website","url":"https:\/\/www.intoscana.it\/it\/","name":"intoscana","description":"","potentialAction":[{"@type":"SearchAction","target":{"@type":"EntryPoint","urlTemplate":"https:\/\/www.intoscana.it\/it\/?s={search_term_string}"},"query-input":{"@type":"PropertyValueSpecification","valueRequired":true,"valueName":"search_term_string"}}],"inLanguage":"it-IT"},{"@type":"Person","@id":"https:\/\/www.intoscana.it\/it\/#\/schema\/person\/9eb9daa846a49fe51af39a73d9d1986b","name":"Raffaella Galamini","sameAs":["https:\/\/x.com\/orio"],"url":"https:\/\/www.intoscana.it\/it\/author\/r-galamini\/"}]}},"_links":{"self":[{"href":"https:\/\/www.intoscana.it\/it\/wp-json\/wp\/v2\/posts\/246640","targetHints":{"allow":["GET"]}}],"collection":[{"href":"https:\/\/www.intoscana.it\/it\/wp-json\/wp\/v2\/posts"}],"about":[{"href":"https:\/\/www.intoscana.it\/it\/wp-json\/wp\/v2\/types\/post"}],"author":[{"embeddable":true,"href":"https:\/\/www.intoscana.it\/it\/wp-json\/wp\/v2\/users\/554"}],"replies":[{"embeddable":true,"href":"https:\/\/www.intoscana.it\/it\/wp-json\/wp\/v2\/comments?post=246640"}],"version-history":[{"count":0,"href":"https:\/\/www.intoscana.it\/it\/wp-json\/wp\/v2\/posts\/246640\/revisions"}],"wp:featuredmedia":[{"embeddable":true,"href":"https:\/\/www.intoscana.it\/it\/wp-json\/wp\/v2\/media\/246645"}],"wp:attachment":[{"href":"https:\/\/www.intoscana.it\/it\/wp-json\/wp\/v2\/media?parent=246640"}],"wp:term":[{"taxonomy":"category","embeddable":true,"href":"https:\/\/www.intoscana.it\/it\/wp-json\/wp\/v2\/categories?post=246640"},{"taxonomy":"post_tag","embeddable":true,"href":"https:\/\/www.intoscana.it\/it\/wp-json\/wp\/v2\/tags?post=246640"}],"curies":[{"name":"wp","href":"https:\/\/api.w.org\/{rel}","templated":true}]}}