{"id":246664,"date":"2022-09-09T13:00:53","date_gmt":"2022-09-09T11:00:53","guid":{"rendered":"https:\/\/www.intoscana.it\/it\/?p=246664"},"modified":"2022-09-09T15:58:45","modified_gmt":"2022-09-09T13:58:45","slug":"la-comunita-inglese-piange-la-regina-oggi-manca-una-parte-di-noi","status":"publish","type":"post","link":"https:\/\/www.intoscana.it\/it\/la-comunita-inglese-piange-la-regina-oggi-manca-una-parte-di-noi\/","title":{"rendered":"La comunit\u00e0 inglese piange la Regina: &#8220;Oggi manca una parte di noi&#8221;"},"content":{"rendered":"<p>Smarriti, come chi ha perso un punto di riferimento. La morte della <strong>Regina Elisabetta<\/strong> ha lasciato gli inglesi sgomenti e tristi, nonostante fosse non certo inaspettata. <mark>&#8220;E non importa se sei per la monarchia o no, lei era parte della nostra identit\u00e0 british&#8221;, dice <strong>Helen Farrell<\/strong>,<\/mark> inglese di Manchester, molto attiva nella comunit\u00e0 inglese a Firenze ed editor in chief del giornale <strong>The Florentine<\/strong>.<\/p>\n<p>Come per tutti, <strong>Elisabetta II<\/strong> \u00e8 stata simbolo del Novecento, la testimone di corsi e ricorsi storici che l&#8217;hanno sempre vista pacata, ma determinata protagonista. E anche per gli inglesi che vivono lontano dal Regno, la perdita non \u00e8 stata meno forte. <mark>&#8220;E&#8217; un momento strano per noi, aveva 96 anni ed era ben chiaro che il momento era vicino&#8221;, commenta Farrell. &#8220;Fa parte dell&#8217;identit\u00e0 britannica, oggi ci manca una parte di noi&#8221;.<\/mark><\/p>\n<p>&#8220;\u00c8 molto triste per tutti gli inglesi&#8221;, commenta anche il direttore del <a href=\"https:\/\/www.britishinstitute.it\/it\" target=\"_blank\" rel=\"noopener\">British Institute, <\/a><strong>Simon Gammell<\/strong>. &#8220;Prima della mia nascita era gi\u00e0 sul trono, ed \u00e8 cos\u00ec per tanti miei connazionali. <mark>\u00c8 molto strano non averla pi\u00f9 e credo che sia giusta la definizione che alcuni le hanno dato: la nonna del Regno&#8221;.<\/mark><\/p>\n<h3><em>Il ricordo della comunit\u00e0 inglese<\/em><\/h3>\n<p>Il giorno dopo la morte della Regina, l&#8217;appuntamento per tutta la comunit\u00e0 inglese \u00e8 stato <mark>nella chiesa di Saint James a Firenze, per un requiem. Altro incontro anche nella chiesa anglicana fiorentina di <strong>St.Mark<\/strong> in via Maggio.<\/mark><\/p>\n<p>Per raccogliere pensieri e condoglianze il <strong>British Institute<\/strong> ha aperto le sue sedi a tutti, mettendo a disposizione un libro di condoglianze nella sua biblioteca di lungarno Guicciardini n.9 (aperta dal lunedi\u0300 al venerdi\u0300 dalle 14:30 alle 18:30) e nella nuova sede del centro linguistico di viale Mazzini 10 (aperto dal lunedi\u0300 al venerdi\u0300 dalle 09 alle 19). <mark>I libri verranno inviati poi a <strong>Re Carlo III<\/strong>, &#8220;che \u00e8 anche il patrono dell&#8217;Istituto &#8211; ricorda il direttore Garrell &#8211; ed \u00e8 stato tre volte da noi&#8221;. Un legame con la famiglia reale fortissimo: qui, per tre mesi, ha frequentato corsi di Italiano anche Kate Middleton prima del suo matrimonio con William.<\/mark><\/p>\n<p>Per ricordare la straordinaria vita della Regina, sempre il British Institute, mercoledi\u0300 14 settembre alle ore 18 proietter\u00e0 un documentario di 50 minuti (in inglese) &#8220;Queen Elizabeth II: a Life of Service&#8221;\u00a0 nella biblioteca di lungarno Guicciardini. <mark>&#8220;Alla fine faremo un brindisi alla sua memoria e tutti sono invitati a partecipare: l&#8217;ingresso \u00e8 libero&#8221;, conclude il direttore.<\/mark><\/p>\n<h3><em>Quel legame con i Frescobaldi, tra vino e amicizia<\/em><\/h3>\n<p>&#8220;<em>Ha regnato con uno stile unico, dimostrandosi sempre all&#8217;altezza della sua incredibile posizione. Anche per la nostra famiglia \u00e8 un grande dolore, ci mancher\u00e0 molto<\/em>&#8220;, ha detto all&#8217;Adnkronos la marchesa fiorentina <strong>Bona Frescobaldi<\/strong>. La sua famiglia ha rapporti con la casa reale da oltre 700 anni come fornitori di vino.<\/p>\n<p>Nel 2017, il Principe Carlo\u00a0 &#8211; adesso <strong>Re Carlo III<\/strong> &#8211; e la consorte Camilla, in visita in Toscana furono loro ospiti e prima ancora, nel 2011, al royal wedding tra il principe William e Kate Middleton portando come dono di nozze pregiate bottiglie di Brunello di Montalcino Riserva di CastelGiocondo.<\/p>\n<h3><em>Anche Sting piange Elisabetta<\/em><\/h3>\n<p>Tra gli illustri &#8220;<em>sudditi di Sua Maest\u00e0<\/em>&#8221; che hanno scelto la Toscana come terra d&#8217;adozione, <strong>Sting<\/strong> \u00e8 uno dei pi\u00f9 famosi.\u00a0 E come tanti, ha scelto di lasciare il suo cordoglio sui social: poche righe di condoglianze, per unirsi al dolore del suo paese. Si firma CBE- Commander of the British Empire, titolo che l&#8217;ex Police ha ricevuto direttamente dalla regina Elisabetta II d&#8217;Inghilterra.<\/p>\n<blockquote class=\"instagram-media\" style=\"background: #FFF; border: 0; border-radius: 3px; box-shadow: 0 0 1px 0 rgba(0,0,0,0.5),0 1px 10px 0 rgba(0,0,0,0.15); margin: 1px; max-width: 540px; min-width: 326px; padding: 0; width: calc(100% - 2px);\" data-instgrm-captioned=\"\" data-instgrm-permalink=\"https:\/\/www.instagram.com\/p\/CiQ6pm7Pu6w\/?utm_source=ig_embed&amp;utm_campaign=loading\" data-instgrm-version=\"14\">\n<div style=\"padding: 16px;\">\n<p>&nbsp;<\/p>\n<div style=\"display: flex; flex-direction: row; align-items: center;\">\n<div style=\"background-color: #f4f4f4; border-radius: 50%; flex-grow: 0; height: 40px; margin-right: 14px; width: 40px;\"><\/div>\n<div style=\"display: flex; flex-direction: column; flex-grow: 1; justify-content: center;\">\n<div style=\"background-color: #f4f4f4; border-radius: 4px; flex-grow: 0; height: 14px; margin-bottom: 6px; width: 100px;\"><\/div>\n<div style=\"background-color: #f4f4f4; border-radius: 4px; flex-grow: 0; height: 14px; width: 60px;\"><\/div>\n<\/div>\n<\/div>\n<div style=\"padding: 19% 0;\"><\/div>\n<div style=\"display: block; height: 50px; margin: 0 auto 12px; width: 50px;\"><\/div>\n<div style=\"padding-top: 8px;\">\n<div style=\"color: #3897f0; font-family: Arial,sans-serif; font-size: 14px; font-style: normal; font-weight: 550; line-height: 18px;\">Visualizza questo post su Instagram<\/div>\n<\/div>\n<div style=\"padding: 12.5% 0;\"><\/div>\n<div style=\"display: flex; flex-direction: row; margin-bottom: 14px; align-items: center;\">\n<div>\n<div style=\"background-color: #f4f4f4; border-radius: 50%; height: 12.5px; width: 12.5px; transform: translateX(0px) translateY(7px);\"><\/div>\n<div style=\"background-color: #f4f4f4; height: 12.5px; transform: rotate(-45deg) translateX(3px) translateY(1px); width: 12.5px; flex-grow: 0; margin-right: 14px; margin-left: 2px;\"><\/div>\n<div style=\"background-color: #f4f4f4; border-radius: 50%; height: 12.5px; width: 12.5px; transform: translateX(9px) translateY(-18px);\"><\/div>\n<\/div>\n<div style=\"margin-left: 8px;\">\n<div style=\"background-color: #f4f4f4; border-radius: 50%; flex-grow: 0; height: 20px; width: 20px;\"><\/div>\n<div style=\"width: 0; height: 0; border-top: 2px solid transparent; border-left: 6px solid #f4f4f4; border-bottom: 2px solid transparent; transform: translateX(16px) translateY(-4px) rotate(30deg);\"><\/div>\n<\/div>\n<div style=\"margin-left: auto;\">\n<div style=\"width: 0px; border-top: 8px solid #F4F4F4; border-right: 8px solid transparent; transform: translateY(16px);\"><\/div>\n<div style=\"background-color: #f4f4f4; flex-grow: 0; height: 12px; width: 16px; transform: translateY(-4px);\"><\/div>\n<div style=\"width: 0; height: 0; border-top: 8px solid #F4F4F4; border-left: 8px solid transparent; transform: translateY(-4px) translateX(8px);\"><\/div>\n<\/div>\n<\/div>\n<div style=\"display: flex; flex-direction: column; flex-grow: 1; justify-content: center; margin-bottom: 24px;\">\n<div style=\"background-color: #f4f4f4; border-radius: 4px; flex-grow: 0; height: 14px; margin-bottom: 6px; width: 224px;\"><\/div>\n<div style=\"background-color: #f4f4f4; border-radius: 4px; flex-grow: 0; height: 14px; width: 144px;\"><\/div>\n<\/div>\n<p>&nbsp;<\/p>\n<p style=\"color: #c9c8cd; font-family: Arial,sans-serif; font-size: 14px; line-height: 17px; margin-bottom: 0; margin-top: 8px; overflow: hidden; padding: 8px 0 7px; text-align: center; text-overflow: ellipsis; white-space: nowrap;\"><a style=\"color: #c9c8cd; font-family: Arial,sans-serif; font-size: 14px; font-style: normal; font-weight: normal; line-height: 17px; text-decoration: none;\" href=\"https:\/\/www.instagram.com\/p\/CiQ6pm7Pu6w\/?utm_source=ig_embed&amp;utm_campaign=loading\" target=\"_blank\" rel=\"noopener\">Un post condiviso da STING (@theofficialsting)<\/a><\/p>\n<\/div>\n<\/blockquote>\n<p><script async src=\"\/\/www.instagram.com\/embed.js\"><\/script><\/p>\n<p>&nbsp;<\/p>\n<p>&nbsp;<\/p>\n","protected":false},"excerpt":{"rendered":"<p>Tristezza per la perdita della sovrana pi\u00f9 longeva: &#8220;Non importa se sei pro o contro la monarchia, lei fa parte della nostra identit\u00e0&#8221;. Requiem nella chiesa anglicana di Firenze. Libri di condoglianze al British Institute e poi brindisi in memoria di Elisabetta II<\/p>\n","protected":false},"author":545,"featured_media":83453,"comment_status":"open","ping_status":"open","sticky":false,"template":"","format":"standard","meta":{"_acf_changed":false,"footnotes":""},"categories":[494],"tags":[6534],"class_list":["post-246664","post","type-post","status-publish","format-standard","has-post-thumbnail","hentry","category-attualita","tag-regno-unito"],"acf":[],"yoast_head":"<!-- This site is optimized with the Yoast SEO Premium plugin v24.2 (Yoast SEO v25.6) - https:\/\/yoast.com\/wordpress\/plugins\/seo\/ -->\n<title>La comunit\u00e0 inglese piange la Regina: &quot;Oggi manca una parte di noi&quot; - intoscana<\/title>\n<meta name=\"description\" content=\"Tristezza per la perdita della sovrana pi\u00f9 longeva: &quot;Non importa se sei pro o contro la monarchia, lei fa parte della nostra identit\u00e0&quot;. Requiem nella chiesa anglicana di Firenze. Libri di condoglianze al British Institute e poi brindisi in memoria di Elisabetta II\" \/>\n<meta name=\"robots\" content=\"index, follow, max-snippet:-1, max-image-preview:large, max-video-preview:-1\" \/>\n<link rel=\"canonical\" href=\"https:\/\/www.intoscana.it\/it\/la-comunita-inglese-piange-la-regina-oggi-manca-una-parte-di-noi\/\" \/>\n<meta property=\"og:locale\" content=\"it_IT\" \/>\n<meta property=\"og:type\" content=\"article\" \/>\n<meta property=\"og:title\" content=\"La comunit\u00e0 inglese piange la Regina: &quot;Oggi manca una parte di noi&quot;\" \/>\n<meta property=\"og:description\" content=\"Tristezza per la perdita della sovrana pi\u00f9 longeva: &quot;Non importa se sei pro o contro la monarchia, lei fa parte della nostra identit\u00e0&quot;. Requiem nella chiesa anglicana di Firenze. Libri di condoglianze al British Institute e poi brindisi in memoria di Elisabetta II\" \/>\n<meta property=\"og:url\" content=\"https:\/\/www.intoscana.it\/it\/la-comunita-inglese-piange-la-regina-oggi-manca-una-parte-di-noi\/\" \/>\n<meta property=\"og:site_name\" content=\"intoscana\" \/>\n<meta property=\"article:publisher\" content=\"https:\/\/www.facebook.com\/intoscana.it\" \/>\n<meta property=\"article:published_time\" content=\"2022-09-09T11:00:53+00:00\" \/>\n<meta property=\"article:modified_time\" content=\"2022-09-09T13:58:45+00:00\" \/>\n<meta property=\"og:image\" content=\"https:\/\/www.intoscana.it\/wp-content\/uploads\/Bandiera-inglese-2.jpg\" \/>\n\t<meta property=\"og:image:width\" content=\"901\" \/>\n\t<meta property=\"og:image:height\" content=\"603\" \/>\n\t<meta property=\"og:image:type\" content=\"image\/jpeg\" \/>\n<meta name=\"author\" content=\"Clara D&#039;Acunto\" \/>\n<meta name=\"twitter:card\" content=\"summary_large_image\" \/>\n<meta name=\"twitter:creator\" content=\"@intoscana\" \/>\n<meta name=\"twitter:site\" content=\"@intoscana\" \/>\n<meta name=\"twitter:label1\" content=\"Written by\" \/>\n\t<meta name=\"twitter:data1\" content=\"Clara D&#039;Acunto\" \/>\n\t<meta name=\"twitter:label2\" content=\"Est. reading time\" \/>\n\t<meta name=\"twitter:data2\" content=\"3 minuti\" \/>\n<script type=\"application\/ld+json\" class=\"yoast-schema-graph\">{\"@context\":\"https:\/\/schema.org\",\"@graph\":[{\"@type\":\"WebPage\",\"@id\":\"https:\/\/www.intoscana.it\/it\/la-comunita-inglese-piange-la-regina-oggi-manca-una-parte-di-noi\/\",\"url\":\"https:\/\/www.intoscana.it\/it\/la-comunita-inglese-piange-la-regina-oggi-manca-una-parte-di-noi\/\",\"name\":\"La comunit\u00e0 inglese piange la Regina: \\\"Oggi manca una parte di noi\\\" - intoscana\",\"isPartOf\":{\"@id\":\"https:\/\/www.intoscana.it\/it\/#website\"},\"primaryImageOfPage\":{\"@id\":\"https:\/\/www.intoscana.it\/it\/la-comunita-inglese-piange-la-regina-oggi-manca-una-parte-di-noi\/#primaryimage\"},\"image\":{\"@id\":\"https:\/\/www.intoscana.it\/it\/la-comunita-inglese-piange-la-regina-oggi-manca-una-parte-di-noi\/#primaryimage\"},\"thumbnailUrl\":\"https:\/\/www.intoscana.it\/wp-content\/uploads\/Bandiera-inglese-2.jpg\",\"datePublished\":\"2022-09-09T11:00:53+00:00\",\"dateModified\":\"2022-09-09T13:58:45+00:00\",\"author\":{\"@id\":\"https:\/\/www.intoscana.it\/it\/#\/schema\/person\/137419af9ef5d385bde52864a841e6ce\"},\"description\":\"Tristezza per la perdita della sovrana pi\u00f9 longeva: \\\"Non importa se sei pro o contro la monarchia, lei fa parte della nostra identit\u00e0\\\". Requiem nella chiesa anglicana di Firenze. Libri di condoglianze al British Institute e poi brindisi in memoria di Elisabetta II\",\"breadcrumb\":{\"@id\":\"https:\/\/www.intoscana.it\/it\/la-comunita-inglese-piange-la-regina-oggi-manca-una-parte-di-noi\/#breadcrumb\"},\"inLanguage\":\"it-IT\",\"potentialAction\":[{\"@type\":\"ReadAction\",\"target\":[\"https:\/\/www.intoscana.it\/it\/la-comunita-inglese-piange-la-regina-oggi-manca-una-parte-di-noi\/\"]}]},{\"@type\":\"ImageObject\",\"inLanguage\":\"it-IT\",\"@id\":\"https:\/\/www.intoscana.it\/it\/la-comunita-inglese-piange-la-regina-oggi-manca-una-parte-di-noi\/#primaryimage\",\"url\":\"https:\/\/www.intoscana.it\/wp-content\/uploads\/Bandiera-inglese-2.jpg\",\"contentUrl\":\"https:\/\/www.intoscana.it\/wp-content\/uploads\/Bandiera-inglese-2.jpg\",\"width\":901,\"height\":603},{\"@type\":\"BreadcrumbList\",\"@id\":\"https:\/\/www.intoscana.it\/it\/la-comunita-inglese-piange-la-regina-oggi-manca-una-parte-di-noi\/#breadcrumb\",\"itemListElement\":[{\"@type\":\"ListItem\",\"position\":1,\"name\":\"Home\",\"item\":\"https:\/\/www.intoscana.it\/it\/\"},{\"@type\":\"ListItem\",\"position\":2,\"name\":\"La comunit\u00e0 inglese piange la Regina: &#8220;Oggi manca una parte di noi&#8221;\"}]},{\"@type\":\"WebSite\",\"@id\":\"https:\/\/www.intoscana.it\/it\/#website\",\"url\":\"https:\/\/www.intoscana.it\/it\/\",\"name\":\"intoscana\",\"description\":\"\",\"potentialAction\":[{\"@type\":\"SearchAction\",\"target\":{\"@type\":\"EntryPoint\",\"urlTemplate\":\"https:\/\/www.intoscana.it\/it\/?s={search_term_string}\"},\"query-input\":{\"@type\":\"PropertyValueSpecification\",\"valueRequired\":true,\"valueName\":\"search_term_string\"}}],\"inLanguage\":\"it-IT\"},{\"@type\":\"Person\",\"@id\":\"https:\/\/www.intoscana.it\/it\/#\/schema\/person\/137419af9ef5d385bde52864a841e6ce\",\"name\":\"Clara D'Acunto\",\"url\":\"https:\/\/www.intoscana.it\/it\/author\/clara-d_acunto\/\"}]}<\/script>\n<!-- \/ Yoast SEO Premium plugin. -->","yoast_head_json":{"title":"La comunit\u00e0 inglese piange la Regina: \"Oggi manca una parte di noi\" - intoscana","description":"Tristezza per la perdita della sovrana pi\u00f9 longeva: \"Non importa se sei pro o contro la monarchia, lei fa parte della nostra identit\u00e0\". Requiem nella chiesa anglicana di Firenze. Libri di condoglianze al British Institute e poi brindisi in memoria di Elisabetta II","robots":{"index":"index","follow":"follow","max-snippet":"max-snippet:-1","max-image-preview":"max-image-preview:large","max-video-preview":"max-video-preview:-1"},"canonical":"https:\/\/www.intoscana.it\/it\/la-comunita-inglese-piange-la-regina-oggi-manca-una-parte-di-noi\/","og_locale":"it_IT","og_type":"article","og_title":"La comunit\u00e0 inglese piange la Regina: \"Oggi manca una parte di noi\"","og_description":"Tristezza per la perdita della sovrana pi\u00f9 longeva: \"Non importa se sei pro o contro la monarchia, lei fa parte della nostra identit\u00e0\". Requiem nella chiesa anglicana di Firenze. Libri di condoglianze al British Institute e poi brindisi in memoria di Elisabetta II","og_url":"https:\/\/www.intoscana.it\/it\/la-comunita-inglese-piange-la-regina-oggi-manca-una-parte-di-noi\/","og_site_name":"intoscana","article_publisher":"https:\/\/www.facebook.com\/intoscana.it","article_published_time":"2022-09-09T11:00:53+00:00","article_modified_time":"2022-09-09T13:58:45+00:00","og_image":[{"width":901,"height":603,"url":"https:\/\/www.intoscana.it\/wp-content\/uploads\/Bandiera-inglese-2.jpg","type":"image\/jpeg"}],"author":"Clara D'Acunto","twitter_card":"summary_large_image","twitter_creator":"@intoscana","twitter_site":"@intoscana","twitter_misc":{"Written by":"Clara D'Acunto","Est. reading time":"3 minuti"},"schema":{"@context":"https:\/\/schema.org","@graph":[{"@type":"WebPage","@id":"https:\/\/www.intoscana.it\/it\/la-comunita-inglese-piange-la-regina-oggi-manca-una-parte-di-noi\/","url":"https:\/\/www.intoscana.it\/it\/la-comunita-inglese-piange-la-regina-oggi-manca-una-parte-di-noi\/","name":"La comunit\u00e0 inglese piange la Regina: \"Oggi manca una parte di noi\" - intoscana","isPartOf":{"@id":"https:\/\/www.intoscana.it\/it\/#website"},"primaryImageOfPage":{"@id":"https:\/\/www.intoscana.it\/it\/la-comunita-inglese-piange-la-regina-oggi-manca-una-parte-di-noi\/#primaryimage"},"image":{"@id":"https:\/\/www.intoscana.it\/it\/la-comunita-inglese-piange-la-regina-oggi-manca-una-parte-di-noi\/#primaryimage"},"thumbnailUrl":"https:\/\/www.intoscana.it\/wp-content\/uploads\/Bandiera-inglese-2.jpg","datePublished":"2022-09-09T11:00:53+00:00","dateModified":"2022-09-09T13:58:45+00:00","author":{"@id":"https:\/\/www.intoscana.it\/it\/#\/schema\/person\/137419af9ef5d385bde52864a841e6ce"},"description":"Tristezza per la perdita della sovrana pi\u00f9 longeva: \"Non importa se sei pro o contro la monarchia, lei fa parte della nostra identit\u00e0\". Requiem nella chiesa anglicana di Firenze. Libri di condoglianze al British Institute e poi brindisi in memoria di Elisabetta II","breadcrumb":{"@id":"https:\/\/www.intoscana.it\/it\/la-comunita-inglese-piange-la-regina-oggi-manca-una-parte-di-noi\/#breadcrumb"},"inLanguage":"it-IT","potentialAction":[{"@type":"ReadAction","target":["https:\/\/www.intoscana.it\/it\/la-comunita-inglese-piange-la-regina-oggi-manca-una-parte-di-noi\/"]}]},{"@type":"ImageObject","inLanguage":"it-IT","@id":"https:\/\/www.intoscana.it\/it\/la-comunita-inglese-piange-la-regina-oggi-manca-una-parte-di-noi\/#primaryimage","url":"https:\/\/www.intoscana.it\/wp-content\/uploads\/Bandiera-inglese-2.jpg","contentUrl":"https:\/\/www.intoscana.it\/wp-content\/uploads\/Bandiera-inglese-2.jpg","width":901,"height":603},{"@type":"BreadcrumbList","@id":"https:\/\/www.intoscana.it\/it\/la-comunita-inglese-piange-la-regina-oggi-manca-una-parte-di-noi\/#breadcrumb","itemListElement":[{"@type":"ListItem","position":1,"name":"Home","item":"https:\/\/www.intoscana.it\/it\/"},{"@type":"ListItem","position":2,"name":"La comunit\u00e0 inglese piange la Regina: &#8220;Oggi manca una parte di noi&#8221;"}]},{"@type":"WebSite","@id":"https:\/\/www.intoscana.it\/it\/#website","url":"https:\/\/www.intoscana.it\/it\/","name":"intoscana","description":"","potentialAction":[{"@type":"SearchAction","target":{"@type":"EntryPoint","urlTemplate":"https:\/\/www.intoscana.it\/it\/?s={search_term_string}"},"query-input":{"@type":"PropertyValueSpecification","valueRequired":true,"valueName":"search_term_string"}}],"inLanguage":"it-IT"},{"@type":"Person","@id":"https:\/\/www.intoscana.it\/it\/#\/schema\/person\/137419af9ef5d385bde52864a841e6ce","name":"Clara D'Acunto","url":"https:\/\/www.intoscana.it\/it\/author\/clara-d_acunto\/"}]}},"_links":{"self":[{"href":"https:\/\/www.intoscana.it\/it\/wp-json\/wp\/v2\/posts\/246664","targetHints":{"allow":["GET"]}}],"collection":[{"href":"https:\/\/www.intoscana.it\/it\/wp-json\/wp\/v2\/posts"}],"about":[{"href":"https:\/\/www.intoscana.it\/it\/wp-json\/wp\/v2\/types\/post"}],"author":[{"embeddable":true,"href":"https:\/\/www.intoscana.it\/it\/wp-json\/wp\/v2\/users\/545"}],"replies":[{"embeddable":true,"href":"https:\/\/www.intoscana.it\/it\/wp-json\/wp\/v2\/comments?post=246664"}],"version-history":[{"count":0,"href":"https:\/\/www.intoscana.it\/it\/wp-json\/wp\/v2\/posts\/246664\/revisions"}],"wp:featuredmedia":[{"embeddable":true,"href":"https:\/\/www.intoscana.it\/it\/wp-json\/wp\/v2\/media\/83453"}],"wp:attachment":[{"href":"https:\/\/www.intoscana.it\/it\/wp-json\/wp\/v2\/media?parent=246664"}],"wp:term":[{"taxonomy":"category","embeddable":true,"href":"https:\/\/www.intoscana.it\/it\/wp-json\/wp\/v2\/categories?post=246664"},{"taxonomy":"post_tag","embeddable":true,"href":"https:\/\/www.intoscana.it\/it\/wp-json\/wp\/v2\/tags?post=246664"}],"curies":[{"name":"wp","href":"https:\/\/api.w.org\/{rel}","templated":true}]}}