{"id":246691,"date":"2022-09-09T12:29:18","date_gmt":"2022-09-09T10:29:18","guid":{"rendered":"https:\/\/www.intoscana.it\/it\/?p=246691"},"modified":"2022-09-12T11:44:45","modified_gmt":"2022-09-12T09:44:45","slug":"covid-753-nuovi-casi","status":"publish","type":"post","link":"https:\/\/www.intoscana.it\/it\/covid-753-nuovi-casi\/","title":{"rendered":"Covid, 753 nuovi casi. In calo i ricoveri"},"content":{"rendered":"<p><mark>In Toscana sono 1.383.576 i casi di positivit\u00e0 al Coronavirus <\/mark>, <strong>753<\/strong> in pi\u00f9 rispetto a ieri: 120 confermati con tampone molecolare e 633 da test rapido antigenico.<\/p>\n<h3>I nuovi casi<\/h3>\n<p><mark>I nuovi casi sono lo 0,1% in pi\u00f9 rispetto al totale del giorno precedente <\/mark>. I guariti crescono dello 0,1% e raggiungono quota 1.293.477 (93,5% dei casi totali). Oggi sono stati eseguiti 715 tamponi molecolari e 6.010 tamponi antigenici rapidi, di questi l&#8217;11,2% \u00e8 risultato positivo. Sono invece 1.224 i soggetti testati oggi (con tampone antigenico e\/o molecolare, escludendo i tamponi di controllo), di cui il 61,5% \u00e8 risultato positivo. Gli attualmente positivi sono oggi 79.407, <strong>-0,4% rispetto a ieri<\/strong>.<\/p>\n<p>L&#8217;et\u00e0 media dei 753 nuovi positivi odierni \u00e8 di <strong>43 anni circa<\/strong> (10% ha meno di 20 anni, 18% tra 20 e 39 anni, 26% tra 40 e 59 anni, 34% tra 60 e 79 anni, 10% ha 80 anni o pi\u00f9).<\/p>\n<h3>La distribuzione sul territorio<\/h3>\n<p>Di seguito i casi di positivit\u00e0 sul territorio con la variazione rispetto a ieri (120 confermati con tampone molecolare e 633 da test rapido antigenico). Sono 377.619 i casi complessivi ad oggi a Firenze (126 in pi\u00f9 rispetto a ieri), 92.744 a Prato (39 in pi\u00f9), 108.998 a Pistoia (67 in pi\u00f9), 69.562 a Massa (53 in pi\u00f9), 147.751 a Lucca (86 in pi\u00f9), 160.560 a Pisa (92 in pi\u00f9), 125.226 a Livorno (78 in pi\u00f9), 125.189 ad Arezzo (79 in pi\u00f9), 99.229 a Siena (56 in pi\u00f9), 76.143 a Grosseto (77 in pi\u00f9). Sono 555 i casi positivi notificati in Toscana, ma residenti in altre regioni.<\/p>\n<p>Sono 245 i casi riscontrati oggi nell&#8217;Asl Centro, 296 nella Nord Ovest, 212 nella Sud est.<\/p>\n<p>La Toscana si trova <strong>al 10\u00b0<\/strong> posto in Italia come numerosit\u00e0 di casi (comprensivi di residenti e non residenti), con circa 37.466 casi per 100.000 abitanti (media italiana circa 37.147 x100.000, dato di ieri). Le province di notifica con il tasso pi\u00f9 alto sono Lucca con 38.481 casi x100.000 abitanti, Pisa con 38.413, Livorno con 38.063, la pi\u00f9 bassa Grosseto con 34.953.<\/p>\n<p>Il dettaglio in Toscana<\/p>\n<p>Complessivamente, 79.210 persone sono in <strong>isolamento<\/strong> a casa, poich\u00e9 presentano sintomi lievi che non richiedono cure ospedaliere, o risultano prive di sintomi (297 in meno rispetto a ieri, meno 0,4%).<\/p>\n<p>Le persone <strong>ricoverate<\/strong> nei posti letto dedicati ai pazienti Covid oggi sono complessivamente 197 (6 in meno rispetto a ieri, meno 3%), 4 in terapia intensiva (1 in meno rispetto a ieri, meno 20%).<\/p>\n<p>Le persone complessivamente <strong>guarite<\/strong> sono 1.293.477 (1.052 in pi\u00f9 rispetto a ieri, pi\u00f9 0,1%): 0 persone clinicamente guarite (stabili rispetto a ieri), divenute cio\u00e8 asintomatiche dopo aver presentato manifestazioni cliniche associate all&#8217;infezione e 1.293.477 (1.052 in pi\u00f9 rispetto a ieri, pi\u00f9 0,1%) dichiarate guarite a tutti gli effetti, le cosiddette guarigioni virali, con tampone negativo.<\/p>\n<h3>Mortalit\u00e0<\/h3>\n<p>Oggi si registrano <strong>4 nuovi decessi:<\/strong> 2 uomini e 2 donne con un&#8217;et\u00e0 media di 91,5 anni.<\/p>\n<p>Relativamente alla provincia di residenza, le 4 persone decedute sono: 1 a Pistoia, 1 a Pisa, 1 a Arezzo, 1 a Grosseto.<\/p>\n<p>Sono 10.692 i deceduti dall&#8217;inizio dell&#8217;epidemia cosi ripartiti: 3.351 a Firenze, 875 a Prato, 963 a Pistoia, 681 a Massa Carrara, 1.007 a Lucca, 1.210 a Pisa, 810 a Livorno, 680 ad Arezzo, 562 a Siena, 400 a Grosseto, 153 persone sono decedute sul suolo toscano ma erano residenti fuori regione.<\/p>\n<p>Il tasso grezzo di mortalit\u00e0 toscano (numero di deceduti\/popolazione residente) per Covid-19 \u00e8 di 289,5 x100.000 residenti contro il 297,3 x100.000 della media italiana (9\u00b0 regione). Per quanto riguarda le province, il tasso di mortalit\u00e0 pi\u00f9 alto si riscontra a Massa Carrara (358,7 x100.000), Firenze (335,6 x100.000) e Pistoia (331,8 x100.000), il pi\u00f9 basso a Grosseto (183,6 x100.000).<\/p>\n","protected":false},"excerpt":{"rendered":"<p>Scendono i ricoveri ordinari e le terapie intensive. Oggi si registrano 4 nuovi decessi: 2 uomini e 2 donne con un&#8217;et\u00e0 media di 91,5 anni.<\/p>\n","protected":false},"author":525,"featured_media":160889,"comment_status":"open","ping_status":"open","sticky":false,"template":"","format":"standard","meta":{"_acf_changed":false,"footnotes":""},"categories":[494],"tags":[4868,4809,5149,349],"class_list":["post-246691","post","type-post","status-publish","format-standard","has-post-thumbnail","hentry","category-attualita","tag-bollettino-covid-toscana","tag-covid","tag-pandemia","tag-sanita"],"acf":[],"yoast_head":"<!-- This site is optimized with the Yoast SEO Premium plugin v24.2 (Yoast SEO v25.6) - https:\/\/yoast.com\/wordpress\/plugins\/seo\/ -->\n<title>Covid, 753 nuovi casi. In calo i ricoveri - intoscana<\/title>\n<meta name=\"description\" content=\"Scendono i ricoveri ordinari e le terapie intensive. Oggi si registrano 4 nuovi decessi: 2 uomini e 2 donne con un&#039;et\u00e0 media di 91,5 anni\" \/>\n<meta name=\"robots\" content=\"index, follow, max-snippet:-1, max-image-preview:large, max-video-preview:-1\" \/>\n<link rel=\"canonical\" href=\"https:\/\/www.intoscana.it\/it\/covid-753-nuovi-casi\/\" \/>\n<meta property=\"og:locale\" content=\"it_IT\" \/>\n<meta property=\"og:type\" content=\"article\" \/>\n<meta property=\"og:title\" content=\"Covid, 753 nuovi casi. In calo i ricoveri\" \/>\n<meta property=\"og:description\" content=\"Scendono i ricoveri ordinari e le terapie intensive. Oggi si registrano 4 nuovi decessi: 2 uomini e 2 donne con un&#039;et\u00e0 media di 91,5 anni\" \/>\n<meta property=\"og:url\" content=\"https:\/\/www.intoscana.it\/it\/covid-753-nuovi-casi\/\" \/>\n<meta property=\"og:site_name\" content=\"intoscana\" \/>\n<meta property=\"article:publisher\" content=\"https:\/\/www.facebook.com\/intoscana.it\" \/>\n<meta property=\"article:published_time\" content=\"2022-09-09T10:29:18+00:00\" \/>\n<meta property=\"article:modified_time\" content=\"2022-09-12T09:44:45+00:00\" \/>\n<meta property=\"og:image\" content=\"https:\/\/www.intoscana.it\/wp-content\/uploads\/Mascherine-Roy-Lim-Unsplash.jpg\" \/>\n\t<meta property=\"og:image:width\" content=\"1920\" \/>\n\t<meta property=\"og:image:height\" content=\"1440\" \/>\n\t<meta property=\"og:image:type\" content=\"image\/jpeg\" \/>\n<meta name=\"author\" content=\"Redazione\" \/>\n<meta name=\"twitter:card\" content=\"summary_large_image\" \/>\n<meta name=\"twitter:creator\" content=\"@intoscana\" \/>\n<meta name=\"twitter:site\" content=\"@intoscana\" \/>\n<meta name=\"twitter:label1\" content=\"Written by\" \/>\n\t<meta name=\"twitter:data1\" content=\"Redazione\" \/>\n\t<meta name=\"twitter:label2\" content=\"Est. reading time\" \/>\n\t<meta name=\"twitter:data2\" content=\"3 minuti\" \/>\n<script type=\"application\/ld+json\" class=\"yoast-schema-graph\">{\"@context\":\"https:\/\/schema.org\",\"@graph\":[{\"@type\":\"WebPage\",\"@id\":\"https:\/\/www.intoscana.it\/it\/covid-753-nuovi-casi\/\",\"url\":\"https:\/\/www.intoscana.it\/it\/covid-753-nuovi-casi\/\",\"name\":\"Covid, 753 nuovi casi. In calo i ricoveri - intoscana\",\"isPartOf\":{\"@id\":\"https:\/\/www.intoscana.it\/it\/#website\"},\"primaryImageOfPage\":{\"@id\":\"https:\/\/www.intoscana.it\/it\/covid-753-nuovi-casi\/#primaryimage\"},\"image\":{\"@id\":\"https:\/\/www.intoscana.it\/it\/covid-753-nuovi-casi\/#primaryimage\"},\"thumbnailUrl\":\"https:\/\/www.intoscana.it\/wp-content\/uploads\/Mascherine-Roy-Lim-Unsplash.jpg\",\"datePublished\":\"2022-09-09T10:29:18+00:00\",\"dateModified\":\"2022-09-12T09:44:45+00:00\",\"author\":{\"@id\":\"https:\/\/www.intoscana.it\/it\/#\/schema\/person\/9223810753230f20bd670fdd322661f8\"},\"description\":\"Scendono i ricoveri ordinari e le terapie intensive. Oggi si registrano 4 nuovi decessi: 2 uomini e 2 donne con un'et\u00e0 media di 91,5 anni\",\"breadcrumb\":{\"@id\":\"https:\/\/www.intoscana.it\/it\/covid-753-nuovi-casi\/#breadcrumb\"},\"inLanguage\":\"it-IT\",\"potentialAction\":[{\"@type\":\"ReadAction\",\"target\":[\"https:\/\/www.intoscana.it\/it\/covid-753-nuovi-casi\/\"]}]},{\"@type\":\"ImageObject\",\"inLanguage\":\"it-IT\",\"@id\":\"https:\/\/www.intoscana.it\/it\/covid-753-nuovi-casi\/#primaryimage\",\"url\":\"https:\/\/www.intoscana.it\/wp-content\/uploads\/Mascherine-Roy-Lim-Unsplash.jpg\",\"contentUrl\":\"https:\/\/www.intoscana.it\/wp-content\/uploads\/Mascherine-Roy-Lim-Unsplash.jpg\",\"width\":1920,\"height\":1440,\"caption\":\"Mascherine\"},{\"@type\":\"BreadcrumbList\",\"@id\":\"https:\/\/www.intoscana.it\/it\/covid-753-nuovi-casi\/#breadcrumb\",\"itemListElement\":[{\"@type\":\"ListItem\",\"position\":1,\"name\":\"Home\",\"item\":\"https:\/\/www.intoscana.it\/it\/\"},{\"@type\":\"ListItem\",\"position\":2,\"name\":\"Covid, 753 nuovi casi. In calo i ricoveri\"}]},{\"@type\":\"WebSite\",\"@id\":\"https:\/\/www.intoscana.it\/it\/#website\",\"url\":\"https:\/\/www.intoscana.it\/it\/\",\"name\":\"intoscana\",\"description\":\"\",\"potentialAction\":[{\"@type\":\"SearchAction\",\"target\":{\"@type\":\"EntryPoint\",\"urlTemplate\":\"https:\/\/www.intoscana.it\/it\/?s={search_term_string}\"},\"query-input\":{\"@type\":\"PropertyValueSpecification\",\"valueRequired\":true,\"valueName\":\"search_term_string\"}}],\"inLanguage\":\"it-IT\"},{\"@type\":\"Person\",\"@id\":\"https:\/\/www.intoscana.it\/it\/#\/schema\/person\/9223810753230f20bd670fdd322661f8\",\"name\":\"Redazione\",\"url\":\"https:\/\/www.intoscana.it\/it\/author\/redazione\/\"}]}<\/script>\n<!-- \/ Yoast SEO Premium plugin. -->","yoast_head_json":{"title":"Covid, 753 nuovi casi. In calo i ricoveri - intoscana","description":"Scendono i ricoveri ordinari e le terapie intensive. Oggi si registrano 4 nuovi decessi: 2 uomini e 2 donne con un'et\u00e0 media di 91,5 anni","robots":{"index":"index","follow":"follow","max-snippet":"max-snippet:-1","max-image-preview":"max-image-preview:large","max-video-preview":"max-video-preview:-1"},"canonical":"https:\/\/www.intoscana.it\/it\/covid-753-nuovi-casi\/","og_locale":"it_IT","og_type":"article","og_title":"Covid, 753 nuovi casi. In calo i ricoveri","og_description":"Scendono i ricoveri ordinari e le terapie intensive. Oggi si registrano 4 nuovi decessi: 2 uomini e 2 donne con un'et\u00e0 media di 91,5 anni","og_url":"https:\/\/www.intoscana.it\/it\/covid-753-nuovi-casi\/","og_site_name":"intoscana","article_publisher":"https:\/\/www.facebook.com\/intoscana.it","article_published_time":"2022-09-09T10:29:18+00:00","article_modified_time":"2022-09-12T09:44:45+00:00","og_image":[{"width":1920,"height":1440,"url":"https:\/\/www.intoscana.it\/wp-content\/uploads\/Mascherine-Roy-Lim-Unsplash.jpg","type":"image\/jpeg"}],"author":"Redazione","twitter_card":"summary_large_image","twitter_creator":"@intoscana","twitter_site":"@intoscana","twitter_misc":{"Written by":"Redazione","Est. reading time":"3 minuti"},"schema":{"@context":"https:\/\/schema.org","@graph":[{"@type":"WebPage","@id":"https:\/\/www.intoscana.it\/it\/covid-753-nuovi-casi\/","url":"https:\/\/www.intoscana.it\/it\/covid-753-nuovi-casi\/","name":"Covid, 753 nuovi casi. In calo i ricoveri - intoscana","isPartOf":{"@id":"https:\/\/www.intoscana.it\/it\/#website"},"primaryImageOfPage":{"@id":"https:\/\/www.intoscana.it\/it\/covid-753-nuovi-casi\/#primaryimage"},"image":{"@id":"https:\/\/www.intoscana.it\/it\/covid-753-nuovi-casi\/#primaryimage"},"thumbnailUrl":"https:\/\/www.intoscana.it\/wp-content\/uploads\/Mascherine-Roy-Lim-Unsplash.jpg","datePublished":"2022-09-09T10:29:18+00:00","dateModified":"2022-09-12T09:44:45+00:00","author":{"@id":"https:\/\/www.intoscana.it\/it\/#\/schema\/person\/9223810753230f20bd670fdd322661f8"},"description":"Scendono i ricoveri ordinari e le terapie intensive. Oggi si registrano 4 nuovi decessi: 2 uomini e 2 donne con un'et\u00e0 media di 91,5 anni","breadcrumb":{"@id":"https:\/\/www.intoscana.it\/it\/covid-753-nuovi-casi\/#breadcrumb"},"inLanguage":"it-IT","potentialAction":[{"@type":"ReadAction","target":["https:\/\/www.intoscana.it\/it\/covid-753-nuovi-casi\/"]}]},{"@type":"ImageObject","inLanguage":"it-IT","@id":"https:\/\/www.intoscana.it\/it\/covid-753-nuovi-casi\/#primaryimage","url":"https:\/\/www.intoscana.it\/wp-content\/uploads\/Mascherine-Roy-Lim-Unsplash.jpg","contentUrl":"https:\/\/www.intoscana.it\/wp-content\/uploads\/Mascherine-Roy-Lim-Unsplash.jpg","width":1920,"height":1440,"caption":"Mascherine"},{"@type":"BreadcrumbList","@id":"https:\/\/www.intoscana.it\/it\/covid-753-nuovi-casi\/#breadcrumb","itemListElement":[{"@type":"ListItem","position":1,"name":"Home","item":"https:\/\/www.intoscana.it\/it\/"},{"@type":"ListItem","position":2,"name":"Covid, 753 nuovi casi. In calo i ricoveri"}]},{"@type":"WebSite","@id":"https:\/\/www.intoscana.it\/it\/#website","url":"https:\/\/www.intoscana.it\/it\/","name":"intoscana","description":"","potentialAction":[{"@type":"SearchAction","target":{"@type":"EntryPoint","urlTemplate":"https:\/\/www.intoscana.it\/it\/?s={search_term_string}"},"query-input":{"@type":"PropertyValueSpecification","valueRequired":true,"valueName":"search_term_string"}}],"inLanguage":"it-IT"},{"@type":"Person","@id":"https:\/\/www.intoscana.it\/it\/#\/schema\/person\/9223810753230f20bd670fdd322661f8","name":"Redazione","url":"https:\/\/www.intoscana.it\/it\/author\/redazione\/"}]}},"_links":{"self":[{"href":"https:\/\/www.intoscana.it\/it\/wp-json\/wp\/v2\/posts\/246691","targetHints":{"allow":["GET"]}}],"collection":[{"href":"https:\/\/www.intoscana.it\/it\/wp-json\/wp\/v2\/posts"}],"about":[{"href":"https:\/\/www.intoscana.it\/it\/wp-json\/wp\/v2\/types\/post"}],"author":[{"embeddable":true,"href":"https:\/\/www.intoscana.it\/it\/wp-json\/wp\/v2\/users\/525"}],"replies":[{"embeddable":true,"href":"https:\/\/www.intoscana.it\/it\/wp-json\/wp\/v2\/comments?post=246691"}],"version-history":[{"count":0,"href":"https:\/\/www.intoscana.it\/it\/wp-json\/wp\/v2\/posts\/246691\/revisions"}],"wp:featuredmedia":[{"embeddable":true,"href":"https:\/\/www.intoscana.it\/it\/wp-json\/wp\/v2\/media\/160889"}],"wp:attachment":[{"href":"https:\/\/www.intoscana.it\/it\/wp-json\/wp\/v2\/media?parent=246691"}],"wp:term":[{"taxonomy":"category","embeddable":true,"href":"https:\/\/www.intoscana.it\/it\/wp-json\/wp\/v2\/categories?post=246691"},{"taxonomy":"post_tag","embeddable":true,"href":"https:\/\/www.intoscana.it\/it\/wp-json\/wp\/v2\/tags?post=246691"}],"curies":[{"name":"wp","href":"https:\/\/api.w.org\/{rel}","templated":true}]}}