{"id":246793,"date":"2022-09-10T10:30:25","date_gmt":"2022-09-10T08:30:25","guid":{"rendered":"https:\/\/www.intoscana.it\/it\/?p=246793"},"modified":"2022-09-12T09:47:46","modified_gmt":"2022-09-12T07:47:46","slug":"covid-19-785-nuovi-casi-e-1-decesso-in-toscana","status":"publish","type":"post","link":"https:\/\/www.intoscana.it\/it\/covid-19-785-nuovi-casi-e-1-decesso-in-toscana\/","title":{"rendered":"Covid-19: 785 nuovi casi e 1 decesso in Toscana"},"content":{"rendered":"<p><strong>Sono 785 i nuovi casi di Covid-19 oggi in Toscana, 134 confermati con tampone molecolare e 651 da test rapido antigenico,<\/strong> pari allo 0,1% in pi\u00f9 rispetto al totale del giorno precedente. I guariti crescono dello 0,1% e raggiungono quota 1.294.245 (93,5% dei casi totali).<\/p>\n<p><strong> Oggi sono stati eseguiti 841 tamponi molecolari e 5.653 tamponi antigenici rapidi,<\/strong> di questi il 12,1% \u00e8 risultato positivo. Sono invece 1.333 i soggetti testati oggi (con tampone antigenico e\/o molecolare, escludendo i tamponi di controllo), di cui il 58,9% \u00e8 risultato positivo. Gli attualmente positivi sono oggi 79.423, +0,02% rispetto a ieri. I ricoverati sono 193 (4 in meno rispetto a ieri), di cui 6 in terapia intensiva (2 in pi\u00f9). <strong>Oggi si registra 1 nuovo decesso: una donna di 91 anni.<\/strong><\/p>\n<p>Questi i dati &#8211; accertati alle ore 12 di oggi sulla base delle richieste della Protezione Civile Nazionale &#8211; relativi all&#8217;andamento dell&#8217;epidemia in regione.<\/p>\n<h3>L&#8217;et\u00e0 media dei nuovi casi \u00e8 54 anni<\/h3>\n<p>L&#8217;et\u00e0 media dei 785 nuovi positivi odierni \u00e8 di 54 anni circa (9% ha meno di 20 anni, 13% tra 20 e 39 anni, 30% tra 40 e 59 anni, 35% tra 60 e 79 anni, 13% ha 80 anni o pi\u00f9).<\/p>\n<p>Di seguito i casi di positivit\u00e0 sul territorio con la variazione rispetto a ieri (134 confermati con tampone molecolare e 651 da test rapido antigenico). Sono 377.773 i casi complessivi ad oggi a Firenze (154 in pi\u00f9 rispetto a ieri), 92.773 a Prato (29 in pi\u00f9), 109.058 a Pistoia (60 in pi\u00f9), 69.637 a Massa (75 in pi\u00f9), 147.821 a Lucca (70 in pi\u00f9), 160.645 a Pisa (85 in pi\u00f9), 125.311 a Livorno (85 in pi\u00f9), 125.287 ad Arezzo (98 in pi\u00f9), 99.292 a Siena (63 in pi\u00f9), 76.209 a Grosseto (66 in pi\u00f9). Sono 555 i casi positivi notificati in Toscana, ma residenti in altre regioni.<\/p>\n<p><strong>Sono 248 i casi riscontrati oggi nell&#8217;Asl Centro, 310 nella Nord Ovest, 227 nella Sud est.<\/strong><\/p>\n<p>La Toscana si trova al 10\u00b0 posto in Italia come numerosit\u00e0 di casi (comprensivi di residenti e non residenti), con circa 37.487 casi per 100.000 abitanti (media italiana circa 37.173 x100.000, dato di ieri). Le province di notifica con il tasso pi\u00f9 alto sono Lucca con 38.499 casi x100.000 abitanti, Pisa con 38.433, Livorno con 38.089, la pi\u00f9 bassa Prato con 34.973<\/p>\n<h3>Oltre 79mila persone in isolamento, 193 i ricoverati<\/h3>\n<p>Complessivamente, <strong>79.230 persone sono in isolamento a casa,<\/strong> poich\u00e9 presentano sintomi lievi che non richiedono cure ospedaliere, o risultano prive di sintomi (20 in pi\u00f9 rispetto a ieri, pi\u00f9 0,03%).<br \/>\nLe persone ricoverate nei posti letto dedicati ai pazienti COVID oggi sono complessivamente 193 (4 in meno rispetto a ieri, meno 2%), 6 in terapia intensiva (2 in pi\u00f9 rispetto a ieri, pi\u00f9 50%).<\/p>\n<p><strong>Le persone complessivamente guarite sono 1.294.245 (768 in pi\u00f9 rispetto a ieri, pi\u00f9 0,1%):<\/strong> 0 persone clinicamente guarite (stabili rispetto a ieri), divenute cio\u00e8 asintomatiche dopo aver presentato manifestazioni cliniche associate all&#8217;infezione e 1.294.245 (768 in pi\u00f9 rispetto a ieri, pi\u00f9 0,1%) dichiarate guarite a tutti gli effetti, le cosiddette guarigioni virali, con tampone negativo.<\/p>\n<h3>Un nuovo decesso: una donna di 91 anni<\/h3>\n<p><strong>Oggi si registra 1 nuovo decesso: una donna di 91 anni. <\/strong>Relativamente alla provincia di residenza, la persona deceduta \u00e8 a Pisa.<\/p>\n<p><strong>Sono 10.693 i deceduti dall&#8217;inizio dell&#8217;epidemia cosi ripartiti<\/strong>: 3.351 a Firenze, 875 a Prato, 963 a Pistoia, 681 a Massa Carrara, 1.007 a Lucca, 1.211 a Pisa, 810 a Livorno, 680 ad Arezzo, 562 a Siena, 400 a Grosseto, 153 persone sono decedute sul suolo toscano ma erano residenti fuori regione.<\/p>\n<p>Il tasso grezzo di mortalit\u00e0 toscano (numero di deceduti\/popolazione residente) per Covid-19 \u00e8 di 289,6 x100.000 residenti contro il 297,4 x100.000 della media italiana (9\u00b0 regione). Per quanto riguarda le province, il tasso di mortalit\u00e0 pi\u00f9 alto si riscontra a Massa Carrara (358,7 x100.000), Firenze (335,6 x100.000) e Pistoia (331,8 x100.000), il pi\u00f9 basso a Grosseto (183,6 x100.000).<\/p>\n<div class=\"rt-btn-wrapper rt-btn-wrapper--right-align\">\n<div class=\"a2a_kit a2a_kit_size_32 a2a_default_style\" data-a2a-title=\"Coronavirus, 785 casi, et\u00e0 media di 54 anni. Un nuovo decesso\"><\/div>\n<\/div>\n","protected":false},"excerpt":{"rendered":"<p>I ricoverati sono 193 (4 in meno rispetto a ieri), di cui 6 in terapia intensiva (2 in pi\u00f9)<\/p>\n","protected":false},"author":525,"featured_media":186934,"comment_status":"open","ping_status":"open","sticky":false,"template":"","format":"standard","meta":{"_acf_changed":false,"footnotes":""},"categories":[494],"tags":[4868,418],"class_list":["post-246793","post","type-post","status-publish","format-standard","has-post-thumbnail","hentry","category-attualita","tag-bollettino-covid-toscana","tag-covid-19"],"acf":[],"yoast_head":"<!-- This site is optimized with the Yoast SEO Premium plugin v24.2 (Yoast SEO v25.6) - https:\/\/yoast.com\/wordpress\/plugins\/seo\/ -->\n<title>Covid-19: 785 nuovi casi e 1 decesso in Toscana - intoscana<\/title>\n<meta name=\"robots\" content=\"index, follow, max-snippet:-1, max-image-preview:large, max-video-preview:-1\" \/>\n<link rel=\"canonical\" href=\"https:\/\/www.intoscana.it\/it\/covid-19-785-nuovi-casi-e-1-decesso-in-toscana\/\" \/>\n<meta property=\"og:locale\" content=\"it_IT\" \/>\n<meta property=\"og:type\" content=\"article\" \/>\n<meta property=\"og:title\" content=\"Covid-19: 785 nuovi casi e 1 decesso in Toscana\" \/>\n<meta property=\"og:description\" content=\"I ricoverati sono 193 (4 in meno rispetto a ieri), di cui 6 in terapia intensiva (2 in pi\u00f9)\" \/>\n<meta property=\"og:url\" content=\"https:\/\/www.intoscana.it\/it\/covid-19-785-nuovi-casi-e-1-decesso-in-toscana\/\" \/>\n<meta property=\"og:site_name\" content=\"intoscana\" \/>\n<meta property=\"article:publisher\" content=\"https:\/\/www.facebook.com\/intoscana.it\" \/>\n<meta property=\"article:published_time\" content=\"2022-09-10T08:30:25+00:00\" \/>\n<meta property=\"article:modified_time\" content=\"2022-09-12T07:47:46+00:00\" \/>\n<meta property=\"og:image\" content=\"https:\/\/www.intoscana.it\/wp-content\/uploads\/covid-20-agosto-toscana.001-e1649680158312.jpeg\" \/>\n\t<meta property=\"og:image:width\" content=\"984\" \/>\n\t<meta property=\"og:image:height\" content=\"537\" \/>\n\t<meta property=\"og:image:type\" content=\"image\/jpeg\" \/>\n<meta name=\"author\" content=\"Redazione\" \/>\n<meta name=\"twitter:card\" content=\"summary_large_image\" \/>\n<meta name=\"twitter:creator\" content=\"@intoscana\" \/>\n<meta name=\"twitter:site\" content=\"@intoscana\" \/>\n<meta name=\"twitter:label1\" content=\"Written by\" \/>\n\t<meta name=\"twitter:data1\" content=\"Redazione\" \/>\n\t<meta name=\"twitter:label2\" content=\"Est. reading time\" \/>\n\t<meta name=\"twitter:data2\" content=\"3 minuti\" \/>\n<script type=\"application\/ld+json\" class=\"yoast-schema-graph\">{\"@context\":\"https:\/\/schema.org\",\"@graph\":[{\"@type\":\"WebPage\",\"@id\":\"https:\/\/www.intoscana.it\/it\/covid-19-785-nuovi-casi-e-1-decesso-in-toscana\/\",\"url\":\"https:\/\/www.intoscana.it\/it\/covid-19-785-nuovi-casi-e-1-decesso-in-toscana\/\",\"name\":\"Covid-19: 785 nuovi casi e 1 decesso in Toscana - intoscana\",\"isPartOf\":{\"@id\":\"https:\/\/www.intoscana.it\/it\/#website\"},\"primaryImageOfPage\":{\"@id\":\"https:\/\/www.intoscana.it\/it\/covid-19-785-nuovi-casi-e-1-decesso-in-toscana\/#primaryimage\"},\"image\":{\"@id\":\"https:\/\/www.intoscana.it\/it\/covid-19-785-nuovi-casi-e-1-decesso-in-toscana\/#primaryimage\"},\"thumbnailUrl\":\"https:\/\/www.intoscana.it\/wp-content\/uploads\/covid-20-agosto-toscana.001-e1649680158312.jpeg\",\"datePublished\":\"2022-09-10T08:30:25+00:00\",\"dateModified\":\"2022-09-12T07:47:46+00:00\",\"author\":{\"@id\":\"https:\/\/www.intoscana.it\/it\/#\/schema\/person\/9223810753230f20bd670fdd322661f8\"},\"breadcrumb\":{\"@id\":\"https:\/\/www.intoscana.it\/it\/covid-19-785-nuovi-casi-e-1-decesso-in-toscana\/#breadcrumb\"},\"inLanguage\":\"it-IT\",\"potentialAction\":[{\"@type\":\"ReadAction\",\"target\":[\"https:\/\/www.intoscana.it\/it\/covid-19-785-nuovi-casi-e-1-decesso-in-toscana\/\"]}]},{\"@type\":\"ImageObject\",\"inLanguage\":\"it-IT\",\"@id\":\"https:\/\/www.intoscana.it\/it\/covid-19-785-nuovi-casi-e-1-decesso-in-toscana\/#primaryimage\",\"url\":\"https:\/\/www.intoscana.it\/wp-content\/uploads\/covid-20-agosto-toscana.001-e1649680158312.jpeg\",\"contentUrl\":\"https:\/\/www.intoscana.it\/wp-content\/uploads\/covid-20-agosto-toscana.001-e1649680158312.jpeg\",\"width\":984,\"height\":537,\"caption\":\"Covid-19\"},{\"@type\":\"BreadcrumbList\",\"@id\":\"https:\/\/www.intoscana.it\/it\/covid-19-785-nuovi-casi-e-1-decesso-in-toscana\/#breadcrumb\",\"itemListElement\":[{\"@type\":\"ListItem\",\"position\":1,\"name\":\"Home\",\"item\":\"https:\/\/www.intoscana.it\/it\/\"},{\"@type\":\"ListItem\",\"position\":2,\"name\":\"Covid-19: 785 nuovi casi e 1 decesso in Toscana\"}]},{\"@type\":\"WebSite\",\"@id\":\"https:\/\/www.intoscana.it\/it\/#website\",\"url\":\"https:\/\/www.intoscana.it\/it\/\",\"name\":\"intoscana\",\"description\":\"\",\"potentialAction\":[{\"@type\":\"SearchAction\",\"target\":{\"@type\":\"EntryPoint\",\"urlTemplate\":\"https:\/\/www.intoscana.it\/it\/?s={search_term_string}\"},\"query-input\":{\"@type\":\"PropertyValueSpecification\",\"valueRequired\":true,\"valueName\":\"search_term_string\"}}],\"inLanguage\":\"it-IT\"},{\"@type\":\"Person\",\"@id\":\"https:\/\/www.intoscana.it\/it\/#\/schema\/person\/9223810753230f20bd670fdd322661f8\",\"name\":\"Redazione\",\"url\":\"https:\/\/www.intoscana.it\/it\/author\/redazione\/\"}]}<\/script>\n<!-- \/ Yoast SEO Premium plugin. -->","yoast_head_json":{"title":"Covid-19: 785 nuovi casi e 1 decesso in Toscana - intoscana","robots":{"index":"index","follow":"follow","max-snippet":"max-snippet:-1","max-image-preview":"max-image-preview:large","max-video-preview":"max-video-preview:-1"},"canonical":"https:\/\/www.intoscana.it\/it\/covid-19-785-nuovi-casi-e-1-decesso-in-toscana\/","og_locale":"it_IT","og_type":"article","og_title":"Covid-19: 785 nuovi casi e 1 decesso in Toscana","og_description":"I ricoverati sono 193 (4 in meno rispetto a ieri), di cui 6 in terapia intensiva (2 in pi\u00f9)","og_url":"https:\/\/www.intoscana.it\/it\/covid-19-785-nuovi-casi-e-1-decesso-in-toscana\/","og_site_name":"intoscana","article_publisher":"https:\/\/www.facebook.com\/intoscana.it","article_published_time":"2022-09-10T08:30:25+00:00","article_modified_time":"2022-09-12T07:47:46+00:00","og_image":[{"width":984,"height":537,"url":"https:\/\/www.intoscana.it\/wp-content\/uploads\/covid-20-agosto-toscana.001-e1649680158312.jpeg","type":"image\/jpeg"}],"author":"Redazione","twitter_card":"summary_large_image","twitter_creator":"@intoscana","twitter_site":"@intoscana","twitter_misc":{"Written by":"Redazione","Est. reading time":"3 minuti"},"schema":{"@context":"https:\/\/schema.org","@graph":[{"@type":"WebPage","@id":"https:\/\/www.intoscana.it\/it\/covid-19-785-nuovi-casi-e-1-decesso-in-toscana\/","url":"https:\/\/www.intoscana.it\/it\/covid-19-785-nuovi-casi-e-1-decesso-in-toscana\/","name":"Covid-19: 785 nuovi casi e 1 decesso in Toscana - intoscana","isPartOf":{"@id":"https:\/\/www.intoscana.it\/it\/#website"},"primaryImageOfPage":{"@id":"https:\/\/www.intoscana.it\/it\/covid-19-785-nuovi-casi-e-1-decesso-in-toscana\/#primaryimage"},"image":{"@id":"https:\/\/www.intoscana.it\/it\/covid-19-785-nuovi-casi-e-1-decesso-in-toscana\/#primaryimage"},"thumbnailUrl":"https:\/\/www.intoscana.it\/wp-content\/uploads\/covid-20-agosto-toscana.001-e1649680158312.jpeg","datePublished":"2022-09-10T08:30:25+00:00","dateModified":"2022-09-12T07:47:46+00:00","author":{"@id":"https:\/\/www.intoscana.it\/it\/#\/schema\/person\/9223810753230f20bd670fdd322661f8"},"breadcrumb":{"@id":"https:\/\/www.intoscana.it\/it\/covid-19-785-nuovi-casi-e-1-decesso-in-toscana\/#breadcrumb"},"inLanguage":"it-IT","potentialAction":[{"@type":"ReadAction","target":["https:\/\/www.intoscana.it\/it\/covid-19-785-nuovi-casi-e-1-decesso-in-toscana\/"]}]},{"@type":"ImageObject","inLanguage":"it-IT","@id":"https:\/\/www.intoscana.it\/it\/covid-19-785-nuovi-casi-e-1-decesso-in-toscana\/#primaryimage","url":"https:\/\/www.intoscana.it\/wp-content\/uploads\/covid-20-agosto-toscana.001-e1649680158312.jpeg","contentUrl":"https:\/\/www.intoscana.it\/wp-content\/uploads\/covid-20-agosto-toscana.001-e1649680158312.jpeg","width":984,"height":537,"caption":"Covid-19"},{"@type":"BreadcrumbList","@id":"https:\/\/www.intoscana.it\/it\/covid-19-785-nuovi-casi-e-1-decesso-in-toscana\/#breadcrumb","itemListElement":[{"@type":"ListItem","position":1,"name":"Home","item":"https:\/\/www.intoscana.it\/it\/"},{"@type":"ListItem","position":2,"name":"Covid-19: 785 nuovi casi e 1 decesso in Toscana"}]},{"@type":"WebSite","@id":"https:\/\/www.intoscana.it\/it\/#website","url":"https:\/\/www.intoscana.it\/it\/","name":"intoscana","description":"","potentialAction":[{"@type":"SearchAction","target":{"@type":"EntryPoint","urlTemplate":"https:\/\/www.intoscana.it\/it\/?s={search_term_string}"},"query-input":{"@type":"PropertyValueSpecification","valueRequired":true,"valueName":"search_term_string"}}],"inLanguage":"it-IT"},{"@type":"Person","@id":"https:\/\/www.intoscana.it\/it\/#\/schema\/person\/9223810753230f20bd670fdd322661f8","name":"Redazione","url":"https:\/\/www.intoscana.it\/it\/author\/redazione\/"}]}},"_links":{"self":[{"href":"https:\/\/www.intoscana.it\/it\/wp-json\/wp\/v2\/posts\/246793","targetHints":{"allow":["GET"]}}],"collection":[{"href":"https:\/\/www.intoscana.it\/it\/wp-json\/wp\/v2\/posts"}],"about":[{"href":"https:\/\/www.intoscana.it\/it\/wp-json\/wp\/v2\/types\/post"}],"author":[{"embeddable":true,"href":"https:\/\/www.intoscana.it\/it\/wp-json\/wp\/v2\/users\/525"}],"replies":[{"embeddable":true,"href":"https:\/\/www.intoscana.it\/it\/wp-json\/wp\/v2\/comments?post=246793"}],"version-history":[{"count":0,"href":"https:\/\/www.intoscana.it\/it\/wp-json\/wp\/v2\/posts\/246793\/revisions"}],"wp:featuredmedia":[{"embeddable":true,"href":"https:\/\/www.intoscana.it\/it\/wp-json\/wp\/v2\/media\/186934"}],"wp:attachment":[{"href":"https:\/\/www.intoscana.it\/it\/wp-json\/wp\/v2\/media?parent=246793"}],"wp:term":[{"taxonomy":"category","embeddable":true,"href":"https:\/\/www.intoscana.it\/it\/wp-json\/wp\/v2\/categories?post=246793"},{"taxonomy":"post_tag","embeddable":true,"href":"https:\/\/www.intoscana.it\/it\/wp-json\/wp\/v2\/tags?post=246793"}],"curies":[{"name":"wp","href":"https:\/\/api.w.org\/{rel}","templated":true}]}}