{"id":246864,"date":"2022-09-12T09:51:03","date_gmt":"2022-09-12T07:51:03","guid":{"rendered":"https:\/\/www.intoscana.it\/it\/?p=246864"},"modified":"2022-09-12T09:51:03","modified_gmt":"2022-09-12T07:51:03","slug":"covid-19-in-toscana-240-casi-eta-media-di-48-anni-due-nuovi-decessi","status":"publish","type":"post","link":"https:\/\/www.intoscana.it\/it\/covid-19-in-toscana-240-casi-eta-media-di-48-anni-due-nuovi-decessi\/","title":{"rendered":"Covid-19: in Toscana 240 casi, et\u00e0 media di 48 anni. Due nuovi decessi"},"content":{"rendered":"<p>In Toscana sono 1.385.226 i casi di positivit\u00e0 al Coronavirus, <strong>240 in pi\u00f9 rispetto a ieri<\/strong> (66 confermati con tampone molecolare e 174 da test rapido antigenico). I nuovi casi sono lo 0,02% in pi\u00f9 rispetto al totale del giorno precedente. I guariti crescono dello 0,1% e raggiungono quota 1.295.734 (93,5% dei casi totali).<\/p>\n<p>Oggi sono stati eseguiti <strong>274 tamponi molecolari e 1.978 tamponi antigenici rapidi,<\/strong> di questi il 10,7% \u00e8 risultato positivo. Sono invece 429 i soggetti testati oggi (con tampone antigenico e\/o molecolare, escludendo i tamponi di controllo), di cui il 55,9% \u00e8 risultato positivo.<\/p>\n<p><strong>Gli attualmente positivi sono oggi 78.795,<\/strong> -0,7% rispetto a ieri. I ricoverati sono 181 (4 in meno rispetto a ieri), di cui 7 in terapia intensiva (1 in meno). Oggi si registrano 2 nuovi decessi: un uomo e una donna con un&#8217;et\u00e0 media di 76 anni.<\/p>\n<p>L&#8217;et\u00e0 media dei 240 nuovi positivi odierni \u00e8 di <strong>48 anni circa<\/strong> (14% ha meno di 20 anni, 20% tra 20 e 39 anni, 34% tra 40 e 59 anni, 25% tra 60 e 79 anni, 7% ha 80 anni o pi\u00f9).<\/p>\n<h3>I casi di positivit\u00e0 sul territorio<\/h3>\n<p>Di seguito i casi di positivit\u00e0 sul territorio con la variazione rispetto a ieri (66 confermati con tampone molecolare e 174 da test rapido antigenico). Sono 377.942 i casi complessivi ad oggi a Firenze (55 in pi\u00f9 rispetto a ieri), 92.817 a Prato (20 in pi\u00f9), 109.132 a Pistoia (11 in pi\u00f9), 69.704 a Massa (20 in pi\u00f9), 147.902 a Lucca (13 in pi\u00f9), 160.730 a Pisa (7 in pi\u00f9), 125.397 a Livorno (27 in pi\u00f9), 125.394 ad Arezzo (44 in pi\u00f9), 99.359 a Siena (20 in pi\u00f9), 76.294 a Grosseto (23 in pi\u00f9). Sono 555 i casi positivi notificati in Toscana, ma residenti in altre regioni.<\/p>\n<p><strong>Sono 86 i casi riscontrati oggi nell&#8217;Asl Centro,<\/strong> 67 nella Nord Ovest, 87 nella Sud est.<\/p>\n<p><strong>La Toscana si trova al 10\u00b0 posto<\/strong> in Italia come numerosit\u00e0 di casi (comprensivi di residenti e non residenti), con circa 37.511 casi per 100.000 abitanti (media italiana circa 37.221 x100.000, dato di ieri). Le province di notifica con il tasso pi\u00f9 alto sono Lucca con 38.520 casi x100.000 abitanti, Pisa con 38.454, Livorno con 38.115, la pi\u00f9 bassa Prato con 34.990.<\/p>\n<p>Complessivamente,<strong> 78.614 persone sono in isolamento a casa<\/strong>, poich\u00e9 presentano sintomi lievi che non richiedono cure ospedaliere, o risultano prive di sintomi (568 in meno rispetto a ieri, meno 0,7%).<\/p>\n<p>Le persone ricoverate nei <strong>posti letto dedicati ai pazienti COVID oggi sono complessivamente 181<\/strong> (4 in meno rispetto a ieri, meno 2,2%), 7 in terapia intensiva (1 in meno rispetto a ieri, meno 12,5%).<\/p>\n<p><strong>Le persone complessivamente guarite sono 1.295.734<\/strong> (810 in pi\u00f9 rispetto a ieri, pi\u00f9 0,1%): 0 persone clinicamente guarite (stabili rispetto a ieri), divenute cio\u00e8 asintomatiche dopo aver presentato manifestazioni cliniche associate all&#8217;infezione e 1.295.734 (810 in pi\u00f9 rispetto a ieri, pi\u00f9 0,1%) dichiarate guarite a tutti gli effetti, le cosiddette guarigioni virali, con tampone negativo.<\/p>\n<h3>I decessi<\/h3>\n<p><strong>Oggi si registrano 2 nuovi decessi:<\/strong> un uomo e una donna con un&#8217;et\u00e0 media di 76 anni.<\/p>\n<p>Relativamente alla provincia di residenza, le persone decedute sono: <strong>1 a Livorno, 1 fuori Toscana.<\/strong><\/p>\n<p>Sono 10.697 i deceduti dall&#8217;inizio dell&#8217;epidemia cosi ripartiti: 3.351 a Firenze, 875 a Prato, 963 a Pistoia, 683 a Massa Carrara, 1.007 a Lucca, 1.211 a Pisa, 811 a Livorno, 680 ad Arezzo, 562 a Siena, 400 a Grosseto, 154 persone sono decedute sul suolo toscano ma erano residenti fuori regione.<\/p>\n<p>Il tasso grezzo di mortalit\u00e0 toscano (numero di deceduti\/popolazione residente) per Covid-19 \u00e8 di 289,7 x100.000 residenti contro il 297,5 x100.000 della media italiana (9\u00b0 regione). Per quanto riguarda le province, il tasso di mortalit\u00e0 pi\u00f9 alto si riscontra a Massa Carrara (359,8 x100.000), Firenze (335,6 x100.000) e Pistoia (331,8 x100.000), il pi\u00f9 basso a Grosseto (183,6 x100.000).<\/p>\n","protected":false},"excerpt":{"rendered":"<p>Oggi sono stati eseguiti 274 tamponi molecolari e 1.978 tamponi antigenici rapidi, di questi il 10,7% \u00e8 risultato positivo, gli attualmente positivi sono oggi 78.79<\/p>\n","protected":false},"author":525,"featured_media":178780,"comment_status":"open","ping_status":"open","sticky":false,"template":"","format":"standard","meta":{"_acf_changed":false,"footnotes":""},"categories":[494],"tags":[4868,418],"class_list":["post-246864","post","type-post","status-publish","format-standard","has-post-thumbnail","hentry","category-attualita","tag-bollettino-covid-toscana","tag-covid-19"],"acf":[],"yoast_head":"<!-- This site is optimized with the Yoast SEO Premium plugin v24.2 (Yoast SEO v25.6) - https:\/\/yoast.com\/wordpress\/plugins\/seo\/ -->\n<title>Covid-19: in Toscana 240 casi, et\u00e0 media di 48 anni. Due nuovi decessi - intoscana<\/title>\n<meta name=\"description\" content=\"Oggi sono stati eseguiti 274 tamponi molecolari e 1.978 tamponi antigenici rapidi, di questi il 10,7% \u00e8 risultato positivo\" \/>\n<meta name=\"robots\" content=\"index, follow, max-snippet:-1, max-image-preview:large, max-video-preview:-1\" \/>\n<link rel=\"canonical\" href=\"https:\/\/www.intoscana.it\/it\/covid-19-in-toscana-240-casi-eta-media-di-48-anni-due-nuovi-decessi\/\" \/>\n<meta property=\"og:locale\" content=\"it_IT\" \/>\n<meta property=\"og:type\" content=\"article\" \/>\n<meta property=\"og:title\" content=\"Covid-19: in Toscana 240 casi, et\u00e0 media di 48 anni. Due nuovi decessi\" \/>\n<meta property=\"og:description\" content=\"Oggi sono stati eseguiti 274 tamponi molecolari e 1.978 tamponi antigenici rapidi, di questi il 10,7% \u00e8 risultato positivo\" \/>\n<meta property=\"og:url\" content=\"https:\/\/www.intoscana.it\/it\/covid-19-in-toscana-240-casi-eta-media-di-48-anni-due-nuovi-decessi\/\" \/>\n<meta property=\"og:site_name\" content=\"intoscana\" \/>\n<meta property=\"article:publisher\" content=\"https:\/\/www.facebook.com\/intoscana.it\" \/>\n<meta property=\"article:published_time\" content=\"2022-09-12T07:51:03+00:00\" \/>\n<meta property=\"og:image\" content=\"https:\/\/www.intoscana.it\/wp-content\/uploads\/Infermiera-con-la-mascherina-v-a-n-3-ss-a-Pixabay.jpg\" \/>\n\t<meta property=\"og:image:width\" content=\"1280\" \/>\n\t<meta property=\"og:image:height\" content=\"853\" \/>\n\t<meta property=\"og:image:type\" content=\"image\/jpeg\" \/>\n<meta name=\"author\" content=\"Redazione\" \/>\n<meta name=\"twitter:card\" content=\"summary_large_image\" \/>\n<meta name=\"twitter:creator\" content=\"@intoscana\" \/>\n<meta name=\"twitter:site\" content=\"@intoscana\" \/>\n<meta name=\"twitter:label1\" content=\"Written by\" \/>\n\t<meta name=\"twitter:data1\" content=\"Redazione\" \/>\n\t<meta name=\"twitter:label2\" content=\"Est. reading time\" \/>\n\t<meta name=\"twitter:data2\" content=\"3 minuti\" \/>\n<script type=\"application\/ld+json\" class=\"yoast-schema-graph\">{\"@context\":\"https:\/\/schema.org\",\"@graph\":[{\"@type\":\"WebPage\",\"@id\":\"https:\/\/www.intoscana.it\/it\/covid-19-in-toscana-240-casi-eta-media-di-48-anni-due-nuovi-decessi\/\",\"url\":\"https:\/\/www.intoscana.it\/it\/covid-19-in-toscana-240-casi-eta-media-di-48-anni-due-nuovi-decessi\/\",\"name\":\"Covid-19: in Toscana 240 casi, et\u00e0 media di 48 anni. Due nuovi decessi - intoscana\",\"isPartOf\":{\"@id\":\"https:\/\/www.intoscana.it\/it\/#website\"},\"primaryImageOfPage\":{\"@id\":\"https:\/\/www.intoscana.it\/it\/covid-19-in-toscana-240-casi-eta-media-di-48-anni-due-nuovi-decessi\/#primaryimage\"},\"image\":{\"@id\":\"https:\/\/www.intoscana.it\/it\/covid-19-in-toscana-240-casi-eta-media-di-48-anni-due-nuovi-decessi\/#primaryimage\"},\"thumbnailUrl\":\"https:\/\/www.intoscana.it\/wp-content\/uploads\/Infermiera-con-la-mascherina-v-a-n-3-ss-a-Pixabay.jpg\",\"datePublished\":\"2022-09-12T07:51:03+00:00\",\"author\":{\"@id\":\"https:\/\/www.intoscana.it\/it\/#\/schema\/person\/9223810753230f20bd670fdd322661f8\"},\"description\":\"Oggi sono stati eseguiti 274 tamponi molecolari e 1.978 tamponi antigenici rapidi, di questi il 10,7% \u00e8 risultato positivo\",\"breadcrumb\":{\"@id\":\"https:\/\/www.intoscana.it\/it\/covid-19-in-toscana-240-casi-eta-media-di-48-anni-due-nuovi-decessi\/#breadcrumb\"},\"inLanguage\":\"it-IT\",\"potentialAction\":[{\"@type\":\"ReadAction\",\"target\":[\"https:\/\/www.intoscana.it\/it\/covid-19-in-toscana-240-casi-eta-media-di-48-anni-due-nuovi-decessi\/\"]}]},{\"@type\":\"ImageObject\",\"inLanguage\":\"it-IT\",\"@id\":\"https:\/\/www.intoscana.it\/it\/covid-19-in-toscana-240-casi-eta-media-di-48-anni-due-nuovi-decessi\/#primaryimage\",\"url\":\"https:\/\/www.intoscana.it\/wp-content\/uploads\/Infermiera-con-la-mascherina-v-a-n-3-ss-a-Pixabay.jpg\",\"contentUrl\":\"https:\/\/www.intoscana.it\/wp-content\/uploads\/Infermiera-con-la-mascherina-v-a-n-3-ss-a-Pixabay.jpg\",\"width\":1280,\"height\":853,\"caption\":\"Infermiera con la mascherina\"},{\"@type\":\"BreadcrumbList\",\"@id\":\"https:\/\/www.intoscana.it\/it\/covid-19-in-toscana-240-casi-eta-media-di-48-anni-due-nuovi-decessi\/#breadcrumb\",\"itemListElement\":[{\"@type\":\"ListItem\",\"position\":1,\"name\":\"Home\",\"item\":\"https:\/\/www.intoscana.it\/it\/\"},{\"@type\":\"ListItem\",\"position\":2,\"name\":\"Covid-19: in Toscana 240 casi, et\u00e0 media di 48 anni. Due nuovi decessi\"}]},{\"@type\":\"WebSite\",\"@id\":\"https:\/\/www.intoscana.it\/it\/#website\",\"url\":\"https:\/\/www.intoscana.it\/it\/\",\"name\":\"intoscana\",\"description\":\"\",\"potentialAction\":[{\"@type\":\"SearchAction\",\"target\":{\"@type\":\"EntryPoint\",\"urlTemplate\":\"https:\/\/www.intoscana.it\/it\/?s={search_term_string}\"},\"query-input\":{\"@type\":\"PropertyValueSpecification\",\"valueRequired\":true,\"valueName\":\"search_term_string\"}}],\"inLanguage\":\"it-IT\"},{\"@type\":\"Person\",\"@id\":\"https:\/\/www.intoscana.it\/it\/#\/schema\/person\/9223810753230f20bd670fdd322661f8\",\"name\":\"Redazione\",\"url\":\"https:\/\/www.intoscana.it\/it\/author\/redazione\/\"}]}<\/script>\n<!-- \/ Yoast SEO Premium plugin. -->","yoast_head_json":{"title":"Covid-19: in Toscana 240 casi, et\u00e0 media di 48 anni. Due nuovi decessi - intoscana","description":"Oggi sono stati eseguiti 274 tamponi molecolari e 1.978 tamponi antigenici rapidi, di questi il 10,7% \u00e8 risultato positivo","robots":{"index":"index","follow":"follow","max-snippet":"max-snippet:-1","max-image-preview":"max-image-preview:large","max-video-preview":"max-video-preview:-1"},"canonical":"https:\/\/www.intoscana.it\/it\/covid-19-in-toscana-240-casi-eta-media-di-48-anni-due-nuovi-decessi\/","og_locale":"it_IT","og_type":"article","og_title":"Covid-19: in Toscana 240 casi, et\u00e0 media di 48 anni. Due nuovi decessi","og_description":"Oggi sono stati eseguiti 274 tamponi molecolari e 1.978 tamponi antigenici rapidi, di questi il 10,7% \u00e8 risultato positivo","og_url":"https:\/\/www.intoscana.it\/it\/covid-19-in-toscana-240-casi-eta-media-di-48-anni-due-nuovi-decessi\/","og_site_name":"intoscana","article_publisher":"https:\/\/www.facebook.com\/intoscana.it","article_published_time":"2022-09-12T07:51:03+00:00","og_image":[{"width":1280,"height":853,"url":"https:\/\/www.intoscana.it\/wp-content\/uploads\/Infermiera-con-la-mascherina-v-a-n-3-ss-a-Pixabay.jpg","type":"image\/jpeg"}],"author":"Redazione","twitter_card":"summary_large_image","twitter_creator":"@intoscana","twitter_site":"@intoscana","twitter_misc":{"Written by":"Redazione","Est. reading time":"3 minuti"},"schema":{"@context":"https:\/\/schema.org","@graph":[{"@type":"WebPage","@id":"https:\/\/www.intoscana.it\/it\/covid-19-in-toscana-240-casi-eta-media-di-48-anni-due-nuovi-decessi\/","url":"https:\/\/www.intoscana.it\/it\/covid-19-in-toscana-240-casi-eta-media-di-48-anni-due-nuovi-decessi\/","name":"Covid-19: in Toscana 240 casi, et\u00e0 media di 48 anni. Due nuovi decessi - intoscana","isPartOf":{"@id":"https:\/\/www.intoscana.it\/it\/#website"},"primaryImageOfPage":{"@id":"https:\/\/www.intoscana.it\/it\/covid-19-in-toscana-240-casi-eta-media-di-48-anni-due-nuovi-decessi\/#primaryimage"},"image":{"@id":"https:\/\/www.intoscana.it\/it\/covid-19-in-toscana-240-casi-eta-media-di-48-anni-due-nuovi-decessi\/#primaryimage"},"thumbnailUrl":"https:\/\/www.intoscana.it\/wp-content\/uploads\/Infermiera-con-la-mascherina-v-a-n-3-ss-a-Pixabay.jpg","datePublished":"2022-09-12T07:51:03+00:00","author":{"@id":"https:\/\/www.intoscana.it\/it\/#\/schema\/person\/9223810753230f20bd670fdd322661f8"},"description":"Oggi sono stati eseguiti 274 tamponi molecolari e 1.978 tamponi antigenici rapidi, di questi il 10,7% \u00e8 risultato positivo","breadcrumb":{"@id":"https:\/\/www.intoscana.it\/it\/covid-19-in-toscana-240-casi-eta-media-di-48-anni-due-nuovi-decessi\/#breadcrumb"},"inLanguage":"it-IT","potentialAction":[{"@type":"ReadAction","target":["https:\/\/www.intoscana.it\/it\/covid-19-in-toscana-240-casi-eta-media-di-48-anni-due-nuovi-decessi\/"]}]},{"@type":"ImageObject","inLanguage":"it-IT","@id":"https:\/\/www.intoscana.it\/it\/covid-19-in-toscana-240-casi-eta-media-di-48-anni-due-nuovi-decessi\/#primaryimage","url":"https:\/\/www.intoscana.it\/wp-content\/uploads\/Infermiera-con-la-mascherina-v-a-n-3-ss-a-Pixabay.jpg","contentUrl":"https:\/\/www.intoscana.it\/wp-content\/uploads\/Infermiera-con-la-mascherina-v-a-n-3-ss-a-Pixabay.jpg","width":1280,"height":853,"caption":"Infermiera con la mascherina"},{"@type":"BreadcrumbList","@id":"https:\/\/www.intoscana.it\/it\/covid-19-in-toscana-240-casi-eta-media-di-48-anni-due-nuovi-decessi\/#breadcrumb","itemListElement":[{"@type":"ListItem","position":1,"name":"Home","item":"https:\/\/www.intoscana.it\/it\/"},{"@type":"ListItem","position":2,"name":"Covid-19: in Toscana 240 casi, et\u00e0 media di 48 anni. Due nuovi decessi"}]},{"@type":"WebSite","@id":"https:\/\/www.intoscana.it\/it\/#website","url":"https:\/\/www.intoscana.it\/it\/","name":"intoscana","description":"","potentialAction":[{"@type":"SearchAction","target":{"@type":"EntryPoint","urlTemplate":"https:\/\/www.intoscana.it\/it\/?s={search_term_string}"},"query-input":{"@type":"PropertyValueSpecification","valueRequired":true,"valueName":"search_term_string"}}],"inLanguage":"it-IT"},{"@type":"Person","@id":"https:\/\/www.intoscana.it\/it\/#\/schema\/person\/9223810753230f20bd670fdd322661f8","name":"Redazione","url":"https:\/\/www.intoscana.it\/it\/author\/redazione\/"}]}},"_links":{"self":[{"href":"https:\/\/www.intoscana.it\/it\/wp-json\/wp\/v2\/posts\/246864","targetHints":{"allow":["GET"]}}],"collection":[{"href":"https:\/\/www.intoscana.it\/it\/wp-json\/wp\/v2\/posts"}],"about":[{"href":"https:\/\/www.intoscana.it\/it\/wp-json\/wp\/v2\/types\/post"}],"author":[{"embeddable":true,"href":"https:\/\/www.intoscana.it\/it\/wp-json\/wp\/v2\/users\/525"}],"replies":[{"embeddable":true,"href":"https:\/\/www.intoscana.it\/it\/wp-json\/wp\/v2\/comments?post=246864"}],"version-history":[{"count":0,"href":"https:\/\/www.intoscana.it\/it\/wp-json\/wp\/v2\/posts\/246864\/revisions"}],"wp:featuredmedia":[{"embeddable":true,"href":"https:\/\/www.intoscana.it\/it\/wp-json\/wp\/v2\/media\/178780"}],"wp:attachment":[{"href":"https:\/\/www.intoscana.it\/it\/wp-json\/wp\/v2\/media?parent=246864"}],"wp:term":[{"taxonomy":"category","embeddable":true,"href":"https:\/\/www.intoscana.it\/it\/wp-json\/wp\/v2\/categories?post=246864"},{"taxonomy":"post_tag","embeddable":true,"href":"https:\/\/www.intoscana.it\/it\/wp-json\/wp\/v2\/tags?post=246864"}],"curies":[{"name":"wp","href":"https:\/\/api.w.org\/{rel}","templated":true}]}}