{"id":247038,"date":"2022-09-12T16:42:36","date_gmt":"2022-09-12T14:42:36","guid":{"rendered":"https:\/\/www.intoscana.it\/it\/?p=247038"},"modified":"2022-09-12T17:35:56","modified_gmt":"2022-09-12T15:35:56","slug":"bright-night-a-firenze-la-ricerca-diventa-pop-con-piero-pelu-e-larissa-iapichino","status":"publish","type":"post","link":"https:\/\/www.intoscana.it\/it\/bright-night-a-firenze-la-ricerca-diventa-pop-con-piero-pelu-e-larissa-iapichino\/","title":{"rendered":"Bright Night, a Firenze la ricerca diventa pop con Piero Pel\u00f9 e Larissa Iapichino"},"content":{"rendered":"<p>La <a href=\"https:\/\/www.intoscana.it\/it\/articolo\/bright-notte-ricercatori\/\" target=\"_blank\" rel=\"noopener\">Notte dei ricercatori<\/a> di <strong>Firenze<\/strong> si concentrer\u00e0 in piazza Santissima Annunziata con dimostrazioni, talk, incontri e attivit\u00e0 per ragazze e ragazzi. <mark>Venerd\u00ec 30 settembre, a partire dalle 17 e fino alla mezzanotte, nell&#8217;area espositiva,\u00a0 ricercatrici e ricercatori dell\u2019Universit\u00e0 di Firenze e degli enti di ricerca partner racconteranno i propri progetti e proporranno dimostrazioni e incontri, soprattutto pensati per i ragazzi.<\/mark><\/p>\n<h3><em>Gli eventi a Firenze e Prato<\/em><\/h3>\n<p>Il pomeriggio si aprir\u00e0 con \u201cMostra e dimostra\u201d, qui in pochi minuti i ricercatori racconteranno in pochi minuti e soprattutto in maniera semplice e comprensibile a tutti i loro progetti. La sera, spazio agli ospiti: <mark>la musica con <strong>Piero Pel\u00f9<\/strong> e lo sport con <strong>Larissa Iapichino<\/strong>. Loro due di confronteranno su \u201cLe sfide della ricerca\u201d, intrecciando un dialogo su vari temi, dalla passione per il lavoro della conoscenza, l\u2019eccellenza della ricerca, la sostenibilit\u00e0, alll\u2019inclusione e i diritti. Modera il giornalista e conduttore di Rai Radio2 <strong>Massimo Cirri<\/strong>.<\/mark> La serata si conclude con il monologo di <strong>Gabriella Greison<\/strong>, nota divulgatrice scientifica, su \u201cSei donne che hanno cambiato il mondo\u201d.<br \/>\nPer l&#8217;occasione, nel pomeriggio del 30 settembre il Museo degli Innocenti sar\u00e0 aperto gratuitamente e organizzer\u00e0 mini visite ad alcuni capolavori della collezione.<\/p>\n<p>A <strong>Prato<\/strong>, a partire dalle 15 del 30 settembre,\u00a0 sono in programma visite ai laboratori attivi presso il polo universitario pratese dell\u2019Ateneo di Firenze. Ci sar\u00e0 un workshop, visite guidate della sede del PIN (di cui ricorrono i 30 anni dalla fondazione), della galleria del vento, esperienze di realt\u00e0 virtuale presso il PercLab di Architettura.<\/p>\n<h3><em>Una settimana nel segno della ricerca<\/em><\/h3>\n<p>Ma gli appuntamenti non saranno solo per un notte. Si comincer\u00e0 domenica 25 settembre fino a sabato primo ottobre. Un ciclo di serate presso il <strong>Cinema La Compagnia<\/strong> di Firenze (via Cavour 50 r) abbiner\u00e0 la visione di alcuni documentari a conversazioni con ricercatrici e ricercatori: si parler\u00e0 di botanica, antropologia, questioni di genere, diritti umani, adolescenti. <mark>Un evento speciale \u00e8 dedicato ad uno dei \u201ccompleanni\u201d scientifici pi\u00f9 significativi: i dieci anni dalla scoperta del Bosone di Higgs.<\/mark><br \/>\nL&#8217;Inaf Osservatorio Astrofisico di <strong>Arcetri<\/strong> aprir\u00e0 al pubblico i propri laboratori tecnologici, con visite guidate (su prenotazione) per capire come vengono progettati componenti e strumenti per i telescopi di nuova generazione.<\/p>\n<p>Il CNR\u2013Area di Ricerca di Firenze organizza l\u2019evento \u201c180 secondi di Scienza\u201d: una carrellata di brevi talk di 3 minuti in cui i ricercatori si cimenteranno nel racconto della scienza con diversi temi e prospettive.<br \/>\nInfine si potr\u00e0 ammirare <mark>Firenze da insoliti punti di vista con le \u201cPasseggiate matematiche\u201d e con una \u201cPasseggiata astronomica\u201d, alla scoperta del cielo nascosto in citt\u00e0.<\/mark><\/p>\n<p>Sabato primo ottobre sar\u00e0 interamente dedicato ai <strong>musei<\/strong>: l\u2019Orto Botanico, il Museo di Geologia e Paleontologia, Villa La Quiete, l\u2019Osservatorio Ximeniano, il Museo Galileo e la Fondazione Scienza e Tecnica organizzano visite guidate e attivit\u00e0 pensate per l\u2019occasione.<\/p>\n<p>Le <a href=\"https:\/\/www.bright-night.it\/\" target=\"_blank\" rel=\"noopener\">attivit\u00e0<\/a> sono a ingresso gratuito, in alcuni casi pu\u00f2 essere necessaria la prenotazione.<\/p>\n","protected":false},"excerpt":{"rendered":"<p>Il 30 settembre in programma incontri, dimostrazioni e ospiti vip. A Prato visite guidate nei laboratori. Eventi per tutta la settimana con passeggiate a tema nei luoghi storici simbolo della ricerca e nei musei<\/p>\n","protected":false},"author":525,"featured_media":247039,"comment_status":"open","ping_status":"open","sticky":false,"template":"","format":"standard","meta":{"_acf_changed":false,"footnotes":""},"categories":[475],"tags":[4950,213,353],"class_list":["post-247038","post","type-post","status-publish","format-standard","has-post-thumbnail","hentry","category-innovazione","tag-notte-dei-ricercatori","tag-ricerca","tag-universita-di-firenze"],"acf":[],"yoast_head":"<!-- This site is optimized with the Yoast SEO Premium plugin v24.2 (Yoast SEO v25.6) - https:\/\/yoast.com\/wordpress\/plugins\/seo\/ -->\n<title>Bright Night, a Firenze la ricerca diventa pop con Piero Pel\u00f9 e Larissa Iapichino - intoscana<\/title>\n<meta name=\"description\" content=\"Il 30 settembre in programma incontri, dimostrazioni e ospiti vip. A Prato visite guidate nei laboratori. Eventi per tutta la settimana con passeggiate a tema nei luoghi storici simbolo della ricerca e nei musei\" \/>\n<meta name=\"robots\" content=\"index, follow, max-snippet:-1, max-image-preview:large, max-video-preview:-1\" \/>\n<link rel=\"canonical\" href=\"https:\/\/www.intoscana.it\/it\/bright-night-a-firenze-la-ricerca-diventa-pop-con-piero-pelu-e-larissa-iapichino\/\" \/>\n<meta property=\"og:locale\" content=\"it_IT\" \/>\n<meta property=\"og:type\" content=\"article\" \/>\n<meta property=\"og:title\" content=\"Bright Night, a Firenze la ricerca diventa pop con Piero Pel\u00f9 e Larissa Iapichino\" \/>\n<meta property=\"og:description\" content=\"Il 30 settembre in programma incontri, dimostrazioni e ospiti vip. A Prato visite guidate nei laboratori. Eventi per tutta la settimana con passeggiate a tema nei luoghi storici simbolo della ricerca e nei musei\" \/>\n<meta property=\"og:url\" content=\"https:\/\/www.intoscana.it\/it\/bright-night-a-firenze-la-ricerca-diventa-pop-con-piero-pelu-e-larissa-iapichino\/\" \/>\n<meta property=\"og:site_name\" content=\"intoscana\" \/>\n<meta property=\"article:publisher\" content=\"https:\/\/www.facebook.com\/intoscana.it\" \/>\n<meta property=\"article:published_time\" content=\"2022-09-12T14:42:36+00:00\" \/>\n<meta property=\"article:modified_time\" content=\"2022-09-12T15:35:56+00:00\" \/>\n<meta property=\"og:image\" content=\"https:\/\/www.intoscana.it\/wp-content\/uploads\/Firenze_Bright_Night_immagine_archivio.jpg\" \/>\n\t<meta property=\"og:image:width\" content=\"500\" \/>\n\t<meta property=\"og:image:height\" content=\"333\" \/>\n\t<meta property=\"og:image:type\" content=\"image\/jpeg\" \/>\n<meta name=\"author\" content=\"Redazione\" \/>\n<meta name=\"twitter:card\" content=\"summary_large_image\" \/>\n<meta name=\"twitter:creator\" content=\"@intoscana\" \/>\n<meta name=\"twitter:site\" content=\"@intoscana\" \/>\n<meta name=\"twitter:label1\" content=\"Written by\" \/>\n\t<meta name=\"twitter:data1\" content=\"Redazione\" \/>\n\t<meta name=\"twitter:label2\" content=\"Est. reading time\" \/>\n\t<meta name=\"twitter:data2\" content=\"2 minuti\" \/>\n<script type=\"application\/ld+json\" class=\"yoast-schema-graph\">{\"@context\":\"https:\/\/schema.org\",\"@graph\":[{\"@type\":\"WebPage\",\"@id\":\"https:\/\/www.intoscana.it\/it\/bright-night-a-firenze-la-ricerca-diventa-pop-con-piero-pelu-e-larissa-iapichino\/\",\"url\":\"https:\/\/www.intoscana.it\/it\/bright-night-a-firenze-la-ricerca-diventa-pop-con-piero-pelu-e-larissa-iapichino\/\",\"name\":\"Bright Night, a Firenze la ricerca diventa pop con Piero Pel\u00f9 e Larissa Iapichino - intoscana\",\"isPartOf\":{\"@id\":\"https:\/\/www.intoscana.it\/it\/#website\"},\"primaryImageOfPage\":{\"@id\":\"https:\/\/www.intoscana.it\/it\/bright-night-a-firenze-la-ricerca-diventa-pop-con-piero-pelu-e-larissa-iapichino\/#primaryimage\"},\"image\":{\"@id\":\"https:\/\/www.intoscana.it\/it\/bright-night-a-firenze-la-ricerca-diventa-pop-con-piero-pelu-e-larissa-iapichino\/#primaryimage\"},\"thumbnailUrl\":\"https:\/\/www.intoscana.it\/wp-content\/uploads\/Firenze_Bright_Night_immagine_archivio.jpg\",\"datePublished\":\"2022-09-12T14:42:36+00:00\",\"dateModified\":\"2022-09-12T15:35:56+00:00\",\"author\":{\"@id\":\"https:\/\/www.intoscana.it\/it\/#\/schema\/person\/9223810753230f20bd670fdd322661f8\"},\"description\":\"Il 30 settembre in programma incontri, dimostrazioni e ospiti vip. A Prato visite guidate nei laboratori. Eventi per tutta la settimana con passeggiate a tema nei luoghi storici simbolo della ricerca e nei musei\",\"breadcrumb\":{\"@id\":\"https:\/\/www.intoscana.it\/it\/bright-night-a-firenze-la-ricerca-diventa-pop-con-piero-pelu-e-larissa-iapichino\/#breadcrumb\"},\"inLanguage\":\"it-IT\",\"potentialAction\":[{\"@type\":\"ReadAction\",\"target\":[\"https:\/\/www.intoscana.it\/it\/bright-night-a-firenze-la-ricerca-diventa-pop-con-piero-pelu-e-larissa-iapichino\/\"]}]},{\"@type\":\"ImageObject\",\"inLanguage\":\"it-IT\",\"@id\":\"https:\/\/www.intoscana.it\/it\/bright-night-a-firenze-la-ricerca-diventa-pop-con-piero-pelu-e-larissa-iapichino\/#primaryimage\",\"url\":\"https:\/\/www.intoscana.it\/wp-content\/uploads\/Firenze_Bright_Night_immagine_archivio.jpg\",\"contentUrl\":\"https:\/\/www.intoscana.it\/wp-content\/uploads\/Firenze_Bright_Night_immagine_archivio.jpg\",\"width\":500,\"height\":333,\"caption\":\"Bright Night, la Notte dei ricercatori in Toscana\"},{\"@type\":\"BreadcrumbList\",\"@id\":\"https:\/\/www.intoscana.it\/it\/bright-night-a-firenze-la-ricerca-diventa-pop-con-piero-pelu-e-larissa-iapichino\/#breadcrumb\",\"itemListElement\":[{\"@type\":\"ListItem\",\"position\":1,\"name\":\"Home\",\"item\":\"https:\/\/www.intoscana.it\/it\/\"},{\"@type\":\"ListItem\",\"position\":2,\"name\":\"Bright Night, a Firenze la ricerca diventa pop con Piero Pel\u00f9 e Larissa Iapichino\"}]},{\"@type\":\"WebSite\",\"@id\":\"https:\/\/www.intoscana.it\/it\/#website\",\"url\":\"https:\/\/www.intoscana.it\/it\/\",\"name\":\"intoscana\",\"description\":\"\",\"potentialAction\":[{\"@type\":\"SearchAction\",\"target\":{\"@type\":\"EntryPoint\",\"urlTemplate\":\"https:\/\/www.intoscana.it\/it\/?s={search_term_string}\"},\"query-input\":{\"@type\":\"PropertyValueSpecification\",\"valueRequired\":true,\"valueName\":\"search_term_string\"}}],\"inLanguage\":\"it-IT\"},{\"@type\":\"Person\",\"@id\":\"https:\/\/www.intoscana.it\/it\/#\/schema\/person\/9223810753230f20bd670fdd322661f8\",\"name\":\"Redazione\",\"url\":\"https:\/\/www.intoscana.it\/it\/author\/redazione\/\"}]}<\/script>\n<!-- \/ Yoast SEO Premium plugin. -->","yoast_head_json":{"title":"Bright Night, a Firenze la ricerca diventa pop con Piero Pel\u00f9 e Larissa Iapichino - intoscana","description":"Il 30 settembre in programma incontri, dimostrazioni e ospiti vip. A Prato visite guidate nei laboratori. Eventi per tutta la settimana con passeggiate a tema nei luoghi storici simbolo della ricerca e nei musei","robots":{"index":"index","follow":"follow","max-snippet":"max-snippet:-1","max-image-preview":"max-image-preview:large","max-video-preview":"max-video-preview:-1"},"canonical":"https:\/\/www.intoscana.it\/it\/bright-night-a-firenze-la-ricerca-diventa-pop-con-piero-pelu-e-larissa-iapichino\/","og_locale":"it_IT","og_type":"article","og_title":"Bright Night, a Firenze la ricerca diventa pop con Piero Pel\u00f9 e Larissa Iapichino","og_description":"Il 30 settembre in programma incontri, dimostrazioni e ospiti vip. A Prato visite guidate nei laboratori. Eventi per tutta la settimana con passeggiate a tema nei luoghi storici simbolo della ricerca e nei musei","og_url":"https:\/\/www.intoscana.it\/it\/bright-night-a-firenze-la-ricerca-diventa-pop-con-piero-pelu-e-larissa-iapichino\/","og_site_name":"intoscana","article_publisher":"https:\/\/www.facebook.com\/intoscana.it","article_published_time":"2022-09-12T14:42:36+00:00","article_modified_time":"2022-09-12T15:35:56+00:00","og_image":[{"width":500,"height":333,"url":"https:\/\/www.intoscana.it\/wp-content\/uploads\/Firenze_Bright_Night_immagine_archivio.jpg","type":"image\/jpeg"}],"author":"Redazione","twitter_card":"summary_large_image","twitter_creator":"@intoscana","twitter_site":"@intoscana","twitter_misc":{"Written by":"Redazione","Est. reading time":"2 minuti"},"schema":{"@context":"https:\/\/schema.org","@graph":[{"@type":"WebPage","@id":"https:\/\/www.intoscana.it\/it\/bright-night-a-firenze-la-ricerca-diventa-pop-con-piero-pelu-e-larissa-iapichino\/","url":"https:\/\/www.intoscana.it\/it\/bright-night-a-firenze-la-ricerca-diventa-pop-con-piero-pelu-e-larissa-iapichino\/","name":"Bright Night, a Firenze la ricerca diventa pop con Piero Pel\u00f9 e Larissa Iapichino - intoscana","isPartOf":{"@id":"https:\/\/www.intoscana.it\/it\/#website"},"primaryImageOfPage":{"@id":"https:\/\/www.intoscana.it\/it\/bright-night-a-firenze-la-ricerca-diventa-pop-con-piero-pelu-e-larissa-iapichino\/#primaryimage"},"image":{"@id":"https:\/\/www.intoscana.it\/it\/bright-night-a-firenze-la-ricerca-diventa-pop-con-piero-pelu-e-larissa-iapichino\/#primaryimage"},"thumbnailUrl":"https:\/\/www.intoscana.it\/wp-content\/uploads\/Firenze_Bright_Night_immagine_archivio.jpg","datePublished":"2022-09-12T14:42:36+00:00","dateModified":"2022-09-12T15:35:56+00:00","author":{"@id":"https:\/\/www.intoscana.it\/it\/#\/schema\/person\/9223810753230f20bd670fdd322661f8"},"description":"Il 30 settembre in programma incontri, dimostrazioni e ospiti vip. A Prato visite guidate nei laboratori. Eventi per tutta la settimana con passeggiate a tema nei luoghi storici simbolo della ricerca e nei musei","breadcrumb":{"@id":"https:\/\/www.intoscana.it\/it\/bright-night-a-firenze-la-ricerca-diventa-pop-con-piero-pelu-e-larissa-iapichino\/#breadcrumb"},"inLanguage":"it-IT","potentialAction":[{"@type":"ReadAction","target":["https:\/\/www.intoscana.it\/it\/bright-night-a-firenze-la-ricerca-diventa-pop-con-piero-pelu-e-larissa-iapichino\/"]}]},{"@type":"ImageObject","inLanguage":"it-IT","@id":"https:\/\/www.intoscana.it\/it\/bright-night-a-firenze-la-ricerca-diventa-pop-con-piero-pelu-e-larissa-iapichino\/#primaryimage","url":"https:\/\/www.intoscana.it\/wp-content\/uploads\/Firenze_Bright_Night_immagine_archivio.jpg","contentUrl":"https:\/\/www.intoscana.it\/wp-content\/uploads\/Firenze_Bright_Night_immagine_archivio.jpg","width":500,"height":333,"caption":"Bright Night, la Notte dei ricercatori in Toscana"},{"@type":"BreadcrumbList","@id":"https:\/\/www.intoscana.it\/it\/bright-night-a-firenze-la-ricerca-diventa-pop-con-piero-pelu-e-larissa-iapichino\/#breadcrumb","itemListElement":[{"@type":"ListItem","position":1,"name":"Home","item":"https:\/\/www.intoscana.it\/it\/"},{"@type":"ListItem","position":2,"name":"Bright Night, a Firenze la ricerca diventa pop con Piero Pel\u00f9 e Larissa Iapichino"}]},{"@type":"WebSite","@id":"https:\/\/www.intoscana.it\/it\/#website","url":"https:\/\/www.intoscana.it\/it\/","name":"intoscana","description":"","potentialAction":[{"@type":"SearchAction","target":{"@type":"EntryPoint","urlTemplate":"https:\/\/www.intoscana.it\/it\/?s={search_term_string}"},"query-input":{"@type":"PropertyValueSpecification","valueRequired":true,"valueName":"search_term_string"}}],"inLanguage":"it-IT"},{"@type":"Person","@id":"https:\/\/www.intoscana.it\/it\/#\/schema\/person\/9223810753230f20bd670fdd322661f8","name":"Redazione","url":"https:\/\/www.intoscana.it\/it\/author\/redazione\/"}]}},"_links":{"self":[{"href":"https:\/\/www.intoscana.it\/it\/wp-json\/wp\/v2\/posts\/247038","targetHints":{"allow":["GET"]}}],"collection":[{"href":"https:\/\/www.intoscana.it\/it\/wp-json\/wp\/v2\/posts"}],"about":[{"href":"https:\/\/www.intoscana.it\/it\/wp-json\/wp\/v2\/types\/post"}],"author":[{"embeddable":true,"href":"https:\/\/www.intoscana.it\/it\/wp-json\/wp\/v2\/users\/525"}],"replies":[{"embeddable":true,"href":"https:\/\/www.intoscana.it\/it\/wp-json\/wp\/v2\/comments?post=247038"}],"version-history":[{"count":0,"href":"https:\/\/www.intoscana.it\/it\/wp-json\/wp\/v2\/posts\/247038\/revisions"}],"wp:featuredmedia":[{"embeddable":true,"href":"https:\/\/www.intoscana.it\/it\/wp-json\/wp\/v2\/media\/247039"}],"wp:attachment":[{"href":"https:\/\/www.intoscana.it\/it\/wp-json\/wp\/v2\/media?parent=247038"}],"wp:term":[{"taxonomy":"category","embeddable":true,"href":"https:\/\/www.intoscana.it\/it\/wp-json\/wp\/v2\/categories?post=247038"},{"taxonomy":"post_tag","embeddable":true,"href":"https:\/\/www.intoscana.it\/it\/wp-json\/wp\/v2\/tags?post=247038"}],"curies":[{"name":"wp","href":"https:\/\/api.w.org\/{rel}","templated":true}]}}