{"id":247055,"date":"2022-09-12T16:00:03","date_gmt":"2022-09-12T14:00:03","guid":{"rendered":"https:\/\/www.intoscana.it\/it\/?p=247055"},"modified":"2022-09-12T17:13:26","modified_gmt":"2022-09-12T15:13:26","slug":"bright-a-lucca-ricerca-in-piazza-dallintelligenza-artificiale-alla-cybersicurezza","status":"publish","type":"post","link":"https:\/\/www.intoscana.it\/it\/bright-a-lucca-ricerca-in-piazza-dallintelligenza-artificiale-alla-cybersicurezza\/","title":{"rendered":"Bright-Night a Lucca: ricerca in piazza, dall&#8217;intelligenza artificiale alla cybersicurezza"},"content":{"rendered":"<p><strong>La ricerca scende in piazza anche a Lucca per Bright Night,<\/strong> la <a href=\"https:\/\/www.intoscana.it\/it\/articolo\/bright-notte-ricercatori\/\" target=\"_blank\" rel=\"noopener\">Notte europea dei ricercatori<\/a> che torna venerd\u00ec 30 settembre con tanti eventi organizzati dalla <strong>Scuola IMT <\/strong>per l&#8217;ottavo anno consecutivo. <strong>Dalla cybersicurezza alle neuroscienze passando per l\u2019arte, la scienza del gioco, <\/strong>l\u2019intelligenza artificiale, l\u2019economia, la filosofia, l\u2019informatica e l\u2019ingegneria, tutti i campi della ricerca sviluppati dalla Scuola IMT saranno esplorati, spiegati e mostrati al pubblico in un clima festoso e amichevole in cui non mancher\u00e0 la musica, grazie a concerti e street band.<\/p>\n<p><i>\u201cLa ricerca \u00e8 il motore del progresso ed \u00e8 fondamentale condividerne i risultati con il grande pubblico anche per farne capire l\u2019importanza &#8211; <\/i>sottolinea il rettore della Scuola IMT, <b>Rocco De Nicola<\/b> <i>&#8211; per questo, cos\u00ec come per le scorse edizioni, quest\u2019anno abbiamo un programma di eventi rivolto a tutte le et\u00e0 (a partire dai sei anni) che affronta tematiche diverse, ma tutte attuali e con un grande impatto sulla vita quotidiana dei cittadini, che non saranno solo spettatori, ma potranno partecipare in maniera attiva a molte delle iniziative organizzate.\u201d<\/i><\/p>\n<h3>16 appuntamenti con i ricercatori<\/h3>\n<p><a href=\"https:\/\/www.bright-night.it\/enti-di-ricerca\/scuola-imt-alti-studi-lucca\/\" target=\"_blank\" rel=\"noopener\">Un programma fitto<\/a> che conta ben sedici appuntamenti diversi (tutti ad accesso libero, ma alcuni su prenotazione) tra l<strong>aboratori, presentazioni di libri, stand della ricerca, esperimenti, spettacoli, attivit\u00e0 didattiche, visite guidate ai laboratori,<\/strong> giochi scientifici e conferenze dedicate alle scuole per dare a cittadini e cittadine di ogni et\u00e0 la possibilit\u00e0 di conoscere la scienza e la ricerca dai diretti protagonisti. Novit\u00e0 di quest\u2019anno lo \u201c<b>Speakers\u2019 corner &#8211; risposte in breve a grandi domande<\/b>\u201d, un incontro moderato dalla giornalista scientifica Silvia Bencivelli in cui ricercatrici e ricercatori della Scuola IMT si cimenteranno nel rispondere \u201cscientificamente\u201d, ma semplicemente a quesiti assai impegnativi che riguardano il nostro mondo e il nostro modo di vivere.<\/p>\n<p>Venerd\u00ec 30 settembre Bright a Lucca inizia alle ore 10 con un evento dedicato alle <b>scuole superiori <\/b>nell\u2019ambito del ciclo \u201cTe lo spiego con un disegno! &#8211; <b>Lezioni animate <\/b>per tempi (post)pandemici, un vero e proprio viaggio del sapere dall\u2019antichit\u00e0 al medioevo.<\/p>\n<p>Nel pomeriggio, all\u2019interno dei chiostri di San Francesco si apriranno gli <b>\u201cstand della ricerca\u201d, dove si potr\u00e0 <\/b>andare a caccia del falso su internet, imparare a <b>creare un \u201cmeme<\/b>\u201d e capire un po\u2019 di pi\u00f9 di come funziona questa moderna forma di comunicazione, tuffarsi alla scoperta dell\u2019affascinante <b>mondo delle reti<\/b> e di ci\u00f2 che, grazie a schemi di punti e linee, accomuna sudoku, aeroporti, la rete neurale del cervello, le epidemie e addirittura le nostre amicizie.<\/p>\n<p>Sempre agli stand sar\u00e0 possibile capire come <b>identificare le <\/b><b>emozioni nel corpo<\/b> grazie ai movimenti che facciamo ogni volta che una sensazione ci attraversa e scoprire come le <b>neuroscienze<\/b> possono aiutarci a migliorare il benessere lavorativo, comprendere cosa ci muove verso una data scelta e ancora: partecipare a laboratori di <b>robotica<\/b> e stampa 3d, conoscere le tecniche usate sulla scena di un crimine e quelle usate per rendere indecifrabili i messaggi, proprio come facevano i nazisti con la macchina <b>Enigma, <\/b>entrare dentro al funzionamento di un cervello umano, e confrontarlo con l\u2019intelligenza artificiale, ma anche far visita ai <b>laboratori di meccanica,<\/b> dove verr\u00e0 illustrato quando e perch\u00e9 le cose si rompono.<\/p>\n<h3>Cinema e spazio ai pi\u00f9 piccoli<\/h3>\n<p>E poi spazio all\u2019arte con \u201c<b>9 drawings for projection\u201d di William Kentridge, <\/b>proiezione cinematografica di nove brevi film d&#8217;animazione realizzati dall\u2019artista sudafricano di fama internazionale, tra il 1989 e il 2003, sulla turbolenta storia del Sudafrica e dell\u2019apartheid.<\/p>\n<p>La scienza incontra il gioco nei tanti appuntamenti per i pi\u00f9 <b>giovani<\/b> e per i<b> bambini <\/b>con i laboratori interattivi curati dai dottorandi della scuola: si va dalle <b>escape room<\/b> a squadre a tema cybersicurezza ai <b>giochi <\/b>sviluppati dal Game Science Research Center della Scuola IMT, alla possibilit\u00e0 di programmare il noto gioco <b>Flappy Bird<\/b> senza la necessit\u00e0 di maneggiare codici. Tutto questo mentre nelle vie e piazze della citt\u00e0 risuoneranno le note della \u201cNew Generation Street Band\u201d. La giornata si chiuder\u00e0 infine con il <b>concerto<\/b> dei \u201cGold Five\u201d in piazza San Francesco.<\/p>\n<p>&nbsp;<\/p>\n","protected":false},"excerpt":{"rendered":"<p>Tantissime le iniziative organizzate dalla Scuola IMT per la Notte europea dei ricercatori il 30 settembre, con tanti laboratori per grandi e piccini<\/p>\n","protected":false},"author":525,"featured_media":247058,"comment_status":"open","ping_status":"open","sticky":false,"template":"","format":"standard","meta":{"_acf_changed":false,"footnotes":""},"categories":[475],"tags":[4950,4514],"class_list":["post-247055","post","type-post","status-publish","format-standard","has-post-thumbnail","hentry","category-innovazione","tag-notte-dei-ricercatori","tag-scuola-imt-alti-studi-di-lucca"],"acf":[],"yoast_head":"<!-- This site is optimized with the Yoast SEO Premium plugin v24.2 (Yoast SEO v25.6) - https:\/\/yoast.com\/wordpress\/plugins\/seo\/ -->\n<title>Bright-Night a Lucca: ricerca in piazza, dall&#039;intelligenza artificiale alla cybersicurezza - intoscana<\/title>\n<meta name=\"description\" content=\"Il 30 settembre Bright, la Notte dei ricercatori torna anche a Lucca con 16 eventi, dai talk ai laboratori, organizzati dalla Scuola IMT.\" \/>\n<meta name=\"robots\" content=\"index, follow, max-snippet:-1, max-image-preview:large, max-video-preview:-1\" \/>\n<link rel=\"canonical\" href=\"https:\/\/www.intoscana.it\/it\/bright-a-lucca-ricerca-in-piazza-dallintelligenza-artificiale-alla-cybersicurezza\/\" \/>\n<meta property=\"og:locale\" content=\"it_IT\" \/>\n<meta property=\"og:type\" content=\"article\" \/>\n<meta property=\"og:title\" content=\"Bright-Night a Lucca: ricerca in piazza, dall&#039;intelligenza artificiale alla cybersicurezza\" \/>\n<meta property=\"og:description\" content=\"Il 30 settembre Bright, la Notte dei ricercatori torna anche a Lucca con 16 eventi, dai talk ai laboratori, organizzati dalla Scuola IMT.\" \/>\n<meta property=\"og:url\" content=\"https:\/\/www.intoscana.it\/it\/bright-a-lucca-ricerca-in-piazza-dallintelligenza-artificiale-alla-cybersicurezza\/\" \/>\n<meta property=\"og:site_name\" content=\"intoscana\" \/>\n<meta property=\"article:publisher\" content=\"https:\/\/www.facebook.com\/intoscana.it\" \/>\n<meta property=\"article:published_time\" content=\"2022-09-12T14:00:03+00:00\" \/>\n<meta property=\"article:modified_time\" content=\"2022-09-12T15:13:26+00:00\" \/>\n<meta property=\"og:image\" content=\"https:\/\/www.intoscana.it\/wp-content\/uploads\/LUCCA_IMT-Bright-1038-scaled.jpg\" \/>\n\t<meta property=\"og:image:width\" content=\"2048\" \/>\n\t<meta property=\"og:image:height\" content=\"1365\" \/>\n\t<meta property=\"og:image:type\" content=\"image\/jpeg\" \/>\n<meta name=\"author\" content=\"Redazione\" \/>\n<meta name=\"twitter:card\" content=\"summary_large_image\" \/>\n<meta name=\"twitter:creator\" content=\"@intoscana\" \/>\n<meta name=\"twitter:site\" content=\"@intoscana\" \/>\n<meta name=\"twitter:label1\" content=\"Written by\" \/>\n\t<meta name=\"twitter:data1\" content=\"Redazione\" \/>\n\t<meta name=\"twitter:label2\" content=\"Est. reading time\" \/>\n\t<meta name=\"twitter:data2\" content=\"3 minuti\" \/>\n<script type=\"application\/ld+json\" class=\"yoast-schema-graph\">{\"@context\":\"https:\/\/schema.org\",\"@graph\":[{\"@type\":\"WebPage\",\"@id\":\"https:\/\/www.intoscana.it\/it\/bright-a-lucca-ricerca-in-piazza-dallintelligenza-artificiale-alla-cybersicurezza\/\",\"url\":\"https:\/\/www.intoscana.it\/it\/bright-a-lucca-ricerca-in-piazza-dallintelligenza-artificiale-alla-cybersicurezza\/\",\"name\":\"Bright-Night a Lucca: ricerca in piazza, dall'intelligenza artificiale alla cybersicurezza - intoscana\",\"isPartOf\":{\"@id\":\"https:\/\/www.intoscana.it\/it\/#website\"},\"primaryImageOfPage\":{\"@id\":\"https:\/\/www.intoscana.it\/it\/bright-a-lucca-ricerca-in-piazza-dallintelligenza-artificiale-alla-cybersicurezza\/#primaryimage\"},\"image\":{\"@id\":\"https:\/\/www.intoscana.it\/it\/bright-a-lucca-ricerca-in-piazza-dallintelligenza-artificiale-alla-cybersicurezza\/#primaryimage\"},\"thumbnailUrl\":\"https:\/\/www.intoscana.it\/wp-content\/uploads\/LUCCA_IMT-Bright-1038-scaled.jpg\",\"datePublished\":\"2022-09-12T14:00:03+00:00\",\"dateModified\":\"2022-09-12T15:13:26+00:00\",\"author\":{\"@id\":\"https:\/\/www.intoscana.it\/it\/#\/schema\/person\/9223810753230f20bd670fdd322661f8\"},\"description\":\"Il 30 settembre Bright, la Notte dei ricercatori torna anche a Lucca con 16 eventi, dai talk ai laboratori, organizzati dalla Scuola IMT.\",\"breadcrumb\":{\"@id\":\"https:\/\/www.intoscana.it\/it\/bright-a-lucca-ricerca-in-piazza-dallintelligenza-artificiale-alla-cybersicurezza\/#breadcrumb\"},\"inLanguage\":\"it-IT\",\"potentialAction\":[{\"@type\":\"ReadAction\",\"target\":[\"https:\/\/www.intoscana.it\/it\/bright-a-lucca-ricerca-in-piazza-dallintelligenza-artificiale-alla-cybersicurezza\/\"]}]},{\"@type\":\"ImageObject\",\"inLanguage\":\"it-IT\",\"@id\":\"https:\/\/www.intoscana.it\/it\/bright-a-lucca-ricerca-in-piazza-dallintelligenza-artificiale-alla-cybersicurezza\/#primaryimage\",\"url\":\"https:\/\/www.intoscana.it\/wp-content\/uploads\/LUCCA_IMT-Bright-1038-scaled.jpg\",\"contentUrl\":\"https:\/\/www.intoscana.it\/wp-content\/uploads\/LUCCA_IMT-Bright-1038-scaled.jpg\",\"width\":2048,\"height\":1365,\"caption\":\"Bright, la Notte dei ricercatori a Lucca\"},{\"@type\":\"BreadcrumbList\",\"@id\":\"https:\/\/www.intoscana.it\/it\/bright-a-lucca-ricerca-in-piazza-dallintelligenza-artificiale-alla-cybersicurezza\/#breadcrumb\",\"itemListElement\":[{\"@type\":\"ListItem\",\"position\":1,\"name\":\"Home\",\"item\":\"https:\/\/www.intoscana.it\/it\/\"},{\"@type\":\"ListItem\",\"position\":2,\"name\":\"Bright-Night a Lucca: ricerca in piazza, dall&#8217;intelligenza artificiale alla cybersicurezza\"}]},{\"@type\":\"WebSite\",\"@id\":\"https:\/\/www.intoscana.it\/it\/#website\",\"url\":\"https:\/\/www.intoscana.it\/it\/\",\"name\":\"intoscana\",\"description\":\"\",\"potentialAction\":[{\"@type\":\"SearchAction\",\"target\":{\"@type\":\"EntryPoint\",\"urlTemplate\":\"https:\/\/www.intoscana.it\/it\/?s={search_term_string}\"},\"query-input\":{\"@type\":\"PropertyValueSpecification\",\"valueRequired\":true,\"valueName\":\"search_term_string\"}}],\"inLanguage\":\"it-IT\"},{\"@type\":\"Person\",\"@id\":\"https:\/\/www.intoscana.it\/it\/#\/schema\/person\/9223810753230f20bd670fdd322661f8\",\"name\":\"Redazione\",\"url\":\"https:\/\/www.intoscana.it\/it\/author\/redazione\/\"}]}<\/script>\n<!-- \/ Yoast SEO Premium plugin. -->","yoast_head_json":{"title":"Bright-Night a Lucca: ricerca in piazza, dall'intelligenza artificiale alla cybersicurezza - intoscana","description":"Il 30 settembre Bright, la Notte dei ricercatori torna anche a Lucca con 16 eventi, dai talk ai laboratori, organizzati dalla Scuola IMT.","robots":{"index":"index","follow":"follow","max-snippet":"max-snippet:-1","max-image-preview":"max-image-preview:large","max-video-preview":"max-video-preview:-1"},"canonical":"https:\/\/www.intoscana.it\/it\/bright-a-lucca-ricerca-in-piazza-dallintelligenza-artificiale-alla-cybersicurezza\/","og_locale":"it_IT","og_type":"article","og_title":"Bright-Night a Lucca: ricerca in piazza, dall'intelligenza artificiale alla cybersicurezza","og_description":"Il 30 settembre Bright, la Notte dei ricercatori torna anche a Lucca con 16 eventi, dai talk ai laboratori, organizzati dalla Scuola IMT.","og_url":"https:\/\/www.intoscana.it\/it\/bright-a-lucca-ricerca-in-piazza-dallintelligenza-artificiale-alla-cybersicurezza\/","og_site_name":"intoscana","article_publisher":"https:\/\/www.facebook.com\/intoscana.it","article_published_time":"2022-09-12T14:00:03+00:00","article_modified_time":"2022-09-12T15:13:26+00:00","og_image":[{"width":2048,"height":1365,"url":"https:\/\/www.intoscana.it\/wp-content\/uploads\/LUCCA_IMT-Bright-1038-scaled.jpg","type":"image\/jpeg"}],"author":"Redazione","twitter_card":"summary_large_image","twitter_creator":"@intoscana","twitter_site":"@intoscana","twitter_misc":{"Written by":"Redazione","Est. reading time":"3 minuti"},"schema":{"@context":"https:\/\/schema.org","@graph":[{"@type":"WebPage","@id":"https:\/\/www.intoscana.it\/it\/bright-a-lucca-ricerca-in-piazza-dallintelligenza-artificiale-alla-cybersicurezza\/","url":"https:\/\/www.intoscana.it\/it\/bright-a-lucca-ricerca-in-piazza-dallintelligenza-artificiale-alla-cybersicurezza\/","name":"Bright-Night a Lucca: ricerca in piazza, dall'intelligenza artificiale alla cybersicurezza - intoscana","isPartOf":{"@id":"https:\/\/www.intoscana.it\/it\/#website"},"primaryImageOfPage":{"@id":"https:\/\/www.intoscana.it\/it\/bright-a-lucca-ricerca-in-piazza-dallintelligenza-artificiale-alla-cybersicurezza\/#primaryimage"},"image":{"@id":"https:\/\/www.intoscana.it\/it\/bright-a-lucca-ricerca-in-piazza-dallintelligenza-artificiale-alla-cybersicurezza\/#primaryimage"},"thumbnailUrl":"https:\/\/www.intoscana.it\/wp-content\/uploads\/LUCCA_IMT-Bright-1038-scaled.jpg","datePublished":"2022-09-12T14:00:03+00:00","dateModified":"2022-09-12T15:13:26+00:00","author":{"@id":"https:\/\/www.intoscana.it\/it\/#\/schema\/person\/9223810753230f20bd670fdd322661f8"},"description":"Il 30 settembre Bright, la Notte dei ricercatori torna anche a Lucca con 16 eventi, dai talk ai laboratori, organizzati dalla Scuola IMT.","breadcrumb":{"@id":"https:\/\/www.intoscana.it\/it\/bright-a-lucca-ricerca-in-piazza-dallintelligenza-artificiale-alla-cybersicurezza\/#breadcrumb"},"inLanguage":"it-IT","potentialAction":[{"@type":"ReadAction","target":["https:\/\/www.intoscana.it\/it\/bright-a-lucca-ricerca-in-piazza-dallintelligenza-artificiale-alla-cybersicurezza\/"]}]},{"@type":"ImageObject","inLanguage":"it-IT","@id":"https:\/\/www.intoscana.it\/it\/bright-a-lucca-ricerca-in-piazza-dallintelligenza-artificiale-alla-cybersicurezza\/#primaryimage","url":"https:\/\/www.intoscana.it\/wp-content\/uploads\/LUCCA_IMT-Bright-1038-scaled.jpg","contentUrl":"https:\/\/www.intoscana.it\/wp-content\/uploads\/LUCCA_IMT-Bright-1038-scaled.jpg","width":2048,"height":1365,"caption":"Bright, la Notte dei ricercatori a Lucca"},{"@type":"BreadcrumbList","@id":"https:\/\/www.intoscana.it\/it\/bright-a-lucca-ricerca-in-piazza-dallintelligenza-artificiale-alla-cybersicurezza\/#breadcrumb","itemListElement":[{"@type":"ListItem","position":1,"name":"Home","item":"https:\/\/www.intoscana.it\/it\/"},{"@type":"ListItem","position":2,"name":"Bright-Night a Lucca: ricerca in piazza, dall&#8217;intelligenza artificiale alla cybersicurezza"}]},{"@type":"WebSite","@id":"https:\/\/www.intoscana.it\/it\/#website","url":"https:\/\/www.intoscana.it\/it\/","name":"intoscana","description":"","potentialAction":[{"@type":"SearchAction","target":{"@type":"EntryPoint","urlTemplate":"https:\/\/www.intoscana.it\/it\/?s={search_term_string}"},"query-input":{"@type":"PropertyValueSpecification","valueRequired":true,"valueName":"search_term_string"}}],"inLanguage":"it-IT"},{"@type":"Person","@id":"https:\/\/www.intoscana.it\/it\/#\/schema\/person\/9223810753230f20bd670fdd322661f8","name":"Redazione","url":"https:\/\/www.intoscana.it\/it\/author\/redazione\/"}]}},"_links":{"self":[{"href":"https:\/\/www.intoscana.it\/it\/wp-json\/wp\/v2\/posts\/247055","targetHints":{"allow":["GET"]}}],"collection":[{"href":"https:\/\/www.intoscana.it\/it\/wp-json\/wp\/v2\/posts"}],"about":[{"href":"https:\/\/www.intoscana.it\/it\/wp-json\/wp\/v2\/types\/post"}],"author":[{"embeddable":true,"href":"https:\/\/www.intoscana.it\/it\/wp-json\/wp\/v2\/users\/525"}],"replies":[{"embeddable":true,"href":"https:\/\/www.intoscana.it\/it\/wp-json\/wp\/v2\/comments?post=247055"}],"version-history":[{"count":0,"href":"https:\/\/www.intoscana.it\/it\/wp-json\/wp\/v2\/posts\/247055\/revisions"}],"wp:featuredmedia":[{"embeddable":true,"href":"https:\/\/www.intoscana.it\/it\/wp-json\/wp\/v2\/media\/247058"}],"wp:attachment":[{"href":"https:\/\/www.intoscana.it\/it\/wp-json\/wp\/v2\/media?parent=247055"}],"wp:term":[{"taxonomy":"category","embeddable":true,"href":"https:\/\/www.intoscana.it\/it\/wp-json\/wp\/v2\/categories?post=247055"},{"taxonomy":"post_tag","embeddable":true,"href":"https:\/\/www.intoscana.it\/it\/wp-json\/wp\/v2\/tags?post=247055"}],"curies":[{"name":"wp","href":"https:\/\/api.w.org\/{rel}","templated":true}]}}