{"id":247086,"date":"2022-09-12T16:37:35","date_gmt":"2022-09-12T14:37:35","guid":{"rendered":"https:\/\/www.intoscana.it\/it\/?p=247086"},"modified":"2022-09-12T17:34:03","modified_gmt":"2022-09-12T15:34:03","slug":"la-bright-night-della-ricerca-torna-a-brillare-nelle-strade-e-nelle-piazze-di-pisa","status":"publish","type":"post","link":"https:\/\/www.intoscana.it\/it\/la-bright-night-della-ricerca-torna-a-brillare-nelle-strade-e-nelle-piazze-di-pisa\/","title":{"rendered":"La Bright Night della ricerca torna a brillare a Pisa\u00a0"},"content":{"rendered":"<p>Tantissimi eventi in programma a <strong>Pisa il 30 settembre per Bright Night, la Notte europea dei ricercatori<\/strong>, con protagonista l\u2019intero sistema universitario e della ricerca e un programma di eventi nato dalla collaborazione tra Universit\u00e0 di Pisa, Scuola Normale Superiore, Scuola\u202fSuperiore Sant&#8217;Anna, CNR, INFN, INGV e EGO-Virgo.<\/p>\n<h3>Cinque piazze della ricerca<\/h3>\n<p>Come da tradizione, a Pisa la<b> manifestazione centrale si terr\u00e0 nel centro della citt\u00e0<\/b> dove i cittadini, a partire dalle ore 16.30, potranno incontrare i ricercatori dell&#8217;<a href=\"https:\/\/www.bright-night.it\/enti-di-ricerca\/universita-di-pisa\/\" target=\"_blank\" rel=\"noopener\">Universit\u00e0 di Pisa.<\/a> Quest\u2019anno saranno allestite cinque coloratissime <b>\u201cPiazze della Ricerca\u201d<\/b> in Logge dei Banchi\/Piazza XX Settembre, Largo Ciro Menotti, Piazza Dante, Piazza dei Cavalieri e Piazza Santa Caterina, ognuna dedicata a un argomento specifico: <b>Non c\u2019\u00e8 un pianeta B<\/b>; <b>Cosa stiamo mangiando?<\/b>; <b>Siamo pronti per i robot emotivi?<\/b>;<b> Odissea nello spazio<\/b>; <b>Arte, memoria culturale e cambiamento sociale<\/b>. Ogni piazza ospiter\u00e0 un angolo dove aziende locali presenteranno prodotti artigianali del territorio connessi con il mondo della ricerca. Tante le attivit\u00e0 dedicate ai bambini che \u2013 una volta completata la visita delle cinque piazze \u2013 potranno ottenere il \u201c<b>Passaporto della Ricerca<\/b>\u201d e un gadget.<\/p>\n<p><strong>Nella mattinata i dipartimenti, le biblioteche, i musei, le sedi universitarie e i centri di ricerca saranno aperti alle<\/strong> <b>visite<\/b> <b>di studenti delle scuole<\/b> per attivit\u00e0 laboratoriali, attivit\u00e0 ed esperimenti a loro dedicati. Nel pomeriggio saranno <b>aperte le sedi della ricerca<\/b>, dove il pubblico potr\u00e0 vedere da vicino il lavoro dei ricercatori e partecipare a eventi divulgativi e dimostrazioni coinvolgenti. Il palinsesto di Bright prevede anche le <b>\u201cPasseggiate con la Scienza\u201d<\/b> dedicate a cittadini, famiglie e bambini interessati a scoprire o approfondire luoghi, storie e curiosit\u00e0 della citt\u00e0 accompagnati dai ricercatori.<\/p>\n<p>A chiusura della manifestazione il Coro e l\u2019Orchestra dell\u2019Universit\u00e0 di Pisa e il Coro \u201cVincenzo Galilei\u201d della Scuola Normale si esibiranno in Piazza XX Settembre.<\/p>\n<h3>Gli eventi della <b> Scuola Superiore Sant&#8217;Anna per Bright<i><br \/>\n<\/i><\/b><\/h3>\n<p>Per la<a href=\"https:\/\/www.bright-night.it\/enti-di-ricerca\/scuola-superiore-di-studi-universitari-santanna-di-pisa\/\" target=\"_blank\" rel=\"noopener\"> Scuola Superiore Sant&#8217;Anna di Pisa<\/a> la Bright-Night si conferma uno degli appuntamenti principali per aprire la sede centrale a un pubblico di tutte le et\u00e0, pronto ad appassionarsi ai temi delle pi\u00f9 avanzate ricerche scientifiche, condotte nei laboratori di ricerca, attraverso dimostrazioni, esperimenti, seminari interattivi, caff\u00e8 della scienza. <strong>Sar\u00e0 possibile incontrare le ricercatrici e i ricercatori della Scuola Superiore Sant&#8217;Anna anche negli stand in citt\u00e0, condivisi con le istituzioni di ricerca dell\u2019area pisana.<\/strong><\/p>\n<p><strong>La novit\u00e0 dell\u2019edizione 2022 \u00e8 il percorso \u201cKids\u201d, con stand nella sede centrale della Scuola dove una pluralit\u00e0 di temi sono stati pensati per avvicinare i pi\u00f9 giovani alla scienza,<\/strong> in maniera interattiva e coinvolgente. Dal cibo, tra DNA e \u201ccolori\u201d degli alimenti, alla sostenibilit\u00e0 alimentare e ambientale fino ai sistemi sanitari, con un focus per ascoltare la voce di bambine e bambini durante il ricovero.<\/p>\n<h3>La Scuola Normale apre le sue sedi<\/h3>\n<p>Anche la<a href=\"https:\/\/www.bright-night.it\/enti-di-ricerca\/scuola-normale-superiore\/\" target=\"_blank\" rel=\"noopener\"> Scuola Normale Superiore<\/a> animer\u00e0 Bright Night. A Pisa si parler\u00e0 dell\u2019uso della <b>realt\u00e0 aumentata e virtuale<\/b>\u00a0per raccontare un bene artistico, di\u00a0<b>materia oscura<\/b>\u00a0e della\u00a0<b>storia degli stemmi dei Cavalieri di Santo Stefano<\/b>; verr\u00e0 organizzata una \u201cpasseggiata con la scienza\u201d al\u00a0<b>Camposanto Monumentale<\/b>, e il Coro Vincenzo Galilei si esibir\u00e0 in\u00a0<b>concerto<\/b>.<br \/>\nLa Normale aprir\u00e0 inoltre alla cittadinanza il\u00a0<b>Palazzo della Carovana<\/b>\u00a0e il\u00a0<b>Palazzo dell\u2019Orologio<\/b>. Il\u00a0<b>Centro di realt\u00e0 Virtuale e aumentata SMART<\/b>\u00a0presenter\u00e0 un viaggio virtuale tra spazio, tempo, storia e scienza; nella\u00a0<b>torre del Conte Ugolino<\/b>\u00a0verr\u00e0 illustrato un percorso di ricerca tra Plinio il Vecchio e Dante; nell\u2019<b>archivio storico<\/b>\u00a0sar\u00e0 approntata una visita guidata con foto e documenti dedicati ai cambiamenti nelle scuole per l\u2019infanzia e elementari tra Ottocento e Novecento.<\/p>\n<h3>Laboratori e seminare al CNR di Pisa<\/h3>\n<p><strong><a href=\"https:\/\/www.bright-night.it\/enti-di-ricerca\/cnr\/\" target=\"_blank\" rel=\"noopener\">Il Consiglio nazionale delle ricerche (Cnr)<\/a> propone 33 laboratori e 11 attivit\u00e0 tra seminari e talk. <\/strong>In centro citt\u00e0, a partire dalle 16, il Cnr sar\u00e0 presente con due talk e tre laboratori. In Piazza Dante Alighieri, all\u2019interno dello spazio tematico intitolato \u201cNon c\u2019\u00e8 un pianeta B\u201d, il presidente dell\u2019Area della Ricerca e direttore dell\u2019Istituto di Geoscienze e Georisorse (Cnr-Igg) Antonello Provenzale, presenter\u00e0 il talk \u201cCambiamenti climatici fra alluvioni, siccit\u00e0 e incendi\u201d, mentre in Piazza dei Cavalieri, all\u2019interno dello spazio tematico \u201cArte pubblica, memoria culturale e cambiamento sociale\u201d la ricercatrice dell\u2019Istituto di Informatica e Telematica (Cnr-Iit) Ilaria Matteucci, parler\u00e0 di cybercrime e cyberwar.<\/p>\n<p><strong>Sempre in centro cittadino, il Cnr propone tre laboratori<\/strong>: \u201c3D Humanities\u201d sulla tecnologia applicata all\u2019arte in Piazza dei Cavalieri (Cnr-Isti); un laboratorio sugli alimenti nutraceutici e la presentazione in Piazza S.Caterina della nuova Unit\u00e0 mobile di Ricerca (Gruppo Remote del Cnr). Si tratta di un automezzo che diventa la base operativa per il lancio di droni e la successiva ed immediata raccolta ed elaborazione dei dati; un mezzo questo unico nel panorama della ricerca attraverso l\u2019uso di droni.<\/p>\n<p><strong>Sar\u00e0 molto ricco anche il calendario degli eventi che si svolger\u00e0 all\u2019interno dell\u2019Area della ricerca del Cnr di San Cataldo:<\/strong> nove seminari,\u00a0 e trenta tra visite ai laboratori e attivit\u00e0 scientifiche, e il consueto Bright Tech Talk, un talk show che si ispira al format dei TeD.<strong> Tra gli argomenti affrontati nei seminari si spazier\u00e0 dalla transizione energetica alla fusione nucleare,<\/strong> dall\u2019agricoltura biologica a quella chimica. Si arriver\u00e0 persino a spiegare perch\u00e9 ci\u00f2 che vediamo in realt\u00e0 non esiste.<\/p>\n<p><strong>Diverse le attivit\u00e0 in programma per i pi\u00f9 piccoli:<\/strong> il laboratorio per diventare perfetti oceanografi, le lezioni di cybersecurity della Ludoteca del Registro .it, i giochi della Ludoteca Scientifica, gli esperimenti di chimica per grandi e bambini, giochi di luci e un gioco di ruolo per responsabilizzare anche i pi\u00f9 piccini verso uno sviluppo sostenibile.<br \/>\n<strong>Bright si concluder\u00e0 nell\u2019Area della Ricerca del Cnr di Pisa in tarda serata con la consueta \u201cSpaghettata della Ricerca\u201d,<\/strong> con uno spettacolo musicale e con un laboratorio di osservazione astronomica.<\/p>\n<h3>Bright all&#8217;Osservatorio Gravitazionale Europeo e con i ricercatori dell&#8217;INGV<\/h3>\n<p><a href=\"https:\/\/www.bright-night.it\/enti-di-ricerca\/ego\/\" target=\"_blank\" rel=\"noopener\">L&#8217;Osservatorio Gravitazionale Europeo (EGO) <\/a>e la Collaborazione Virgo parteciperanno a Bright Night, con varie attivit\u00e0 per tutti, in mattinata presso l\u2019Osservatorio a Cascina e nel pomeriggio nel centro di Pisa. Presso la piazza \u201cOdissea nello spazio\u201d di Bright Night, in Largo Ciro Menotti, si troveranno due stand a cura di EGO e Virgo: \u201cVirgo in ascolto del cosmo\u201d e \u201cMessaggeri dallo spazio\u201d. In quest\u2019ultimo, interamente dedicato ai pi\u00f9 piccoli, verranno ripetute durante la giornata due attivit\u00e0 pensate per i bambini.<br \/>\nInoltre <strong>durante la mattinata sar\u00e0 possibile partecipare a visite guidate dell&#8217;osservatorio, nelle quali i ricercatori porteranno i visitatori a esplorare di Virgo e le sue scoperte<\/strong>. La visita include un seminario introduttivo su cosa sono le onde gravitazionali e i fenomeni cosmici che le generano.<\/p>\n<p><br role=\"presentation\" \/><strong><span dir=\"ltr\" role=\"presentation\">Infine i ricercatori e le ricercatrici dell\u2019<a href=\"https:\/\/www.bright-night.it\/enti-di-ricerca\/ingv\/\" target=\"_blank\" rel=\"noopener\">Istituto <\/a><\/span><span dir=\"ltr\" role=\"presentation\">Nazionale di Geofisica e Vulcanologia saranno presenti a Pisa con <\/span><\/strong><span dir=\"ltr\" role=\"presentation\"><strong>tre iniziative.<\/strong> <\/span><span dir=\"ltr\" role=\"presentation\">Antonio Cascella<\/span> <span dir=\"ltr\" role=\"presentation\">accompagner\u00e0 i curiosi lungo un itinerario attraverso il <\/span><span dir=\"ltr\" role=\"presentation\">centro della citt\u00e0: il visitatore si trasformer\u00e0 in geologo di citt\u00e0 e <\/span><span dir=\"ltr\" role=\"presentation\">dalla facciata di una chiesa sar\u00e0 trasportato verso scenari fatti di spiagge <\/span><span dir=\"ltr\" role=\"presentation\">e fondali marini che il tempo geologico ha pietrificato e conservato per <\/span><span dir=\"ltr\" role=\"presentation\">milioni di anni. <\/span> <span dir=\"ltr\" role=\"presentation\">In<\/span> <span dir=\"ltr\" role=\"presentation\">Piazza Dante Alighieri<\/span><span dir=\"ltr\" role=\"presentation\">, a partire dalle ore 16,<\/span> <span dir=\"ltr\" role=\"presentation\">Damiano Biagini<\/span><span dir=\"ltr\" role=\"presentation\">, <\/span><span dir=\"ltr\" role=\"presentation\">Rebecca Bruni<\/span><span dir=\"ltr\" role=\"presentation\">,<\/span> <span dir=\"ltr\" role=\"presentation\">Michele D\u2019Ambrosio<\/span> <span dir=\"ltr\" role=\"presentation\">e<\/span> <span dir=\"ltr\" role=\"presentation\">Carlo Meletti<\/span> <span dir=\"ltr\" role=\"presentation\">saranno presenti col <\/span><span dir=\"ltr\" role=\"presentation\">laboratorio sui terremoti<\/span> &#8220;<span dir=\"ltr\" role=\"presentation\">Guarda come<\/span><span dir=\"ltr\" role=\"presentation\">&#8230;<\/span><span dir=\"ltr\" role=\"presentation\">vibra&#8221;<\/span><span dir=\"ltr\" role=\"presentation\">. Sempre qui alla stessa ora <\/span><span dir=\"ltr\" role=\"presentation\">Simone Colucci<\/span><span dir=\"ltr\" role=\"presentation\">,<\/span> <span dir=\"ltr\" role=\"presentation\">Giulia Dotta<\/span> <span dir=\"ltr\" role=\"presentation\">e<\/span> <span dir=\"ltr\" role=\"presentation\">Simone Tarquini<\/span> <span dir=\"ltr\" role=\"presentation\">aspetteranno <strong>le bambine <\/strong><\/span><strong><span dir=\"ltr\" role=\"presentation\">e i bambini con attivit\u00e0 alla scoperta dei<\/span> <span dir=\"ltr\" role=\"presentation\">segreti delle rocce vulcaniche<\/span>.<\/strong><\/p>\n<div class=\"canvasWrapper\"><\/div>\n","protected":false},"excerpt":{"rendered":"<p>Il 30 settembre appuntamento con la Notte dei ricercatori e delle ricercatrici: laboratori in piazza, talk, giochi per bambini e tante iniziative<\/p>\n","protected":false},"author":525,"featured_media":247087,"comment_status":"open","ping_status":"open","sticky":false,"template":"","format":"standard","meta":{"_acf_changed":false,"footnotes":""},"categories":[475],"tags":[5747,4950,4438,4373,368],"class_list":["post-247086","post","type-post","status-publish","format-standard","has-post-thumbnail","hentry","category-innovazione","tag-cnr","tag-notte-dei-ricercatori","tag-scuola-normale-di-pisa","tag-scuola-santanna-di-pisa","tag-universita-di-pisa"],"acf":[],"yoast_head":"<!-- This site is optimized with the Yoast SEO Premium plugin v24.2 (Yoast SEO v25.6) - https:\/\/yoast.com\/wordpress\/plugins\/seo\/ -->\n<title>La Bright Night della ricerca torna a brillare a Pisa\u00a0 - intoscana<\/title>\n<meta name=\"description\" content=\"Universit\u00e0, Normale, Sant&#039;Anna, CNR, INFN, INGV e EGO-Virgo\u00ec sono coinvolti nella Bright Night, la Notte dei ricercatori, a Pisa.\" \/>\n<meta name=\"robots\" content=\"index, follow, max-snippet:-1, max-image-preview:large, max-video-preview:-1\" \/>\n<link rel=\"canonical\" href=\"https:\/\/www.intoscana.it\/it\/la-bright-night-della-ricerca-torna-a-brillare-nelle-strade-e-nelle-piazze-di-pisa\/\" \/>\n<meta property=\"og:locale\" content=\"it_IT\" \/>\n<meta property=\"og:type\" content=\"article\" \/>\n<meta property=\"og:title\" content=\"La Bright Night della ricerca torna a brillare a Pisa\u00a0\" \/>\n<meta property=\"og:description\" content=\"Universit\u00e0, Normale, Sant&#039;Anna, CNR, INFN, INGV e EGO-Virgo\u00ec sono coinvolti nella Bright Night, la Notte dei ricercatori, a Pisa.\" \/>\n<meta property=\"og:url\" content=\"https:\/\/www.intoscana.it\/it\/la-bright-night-della-ricerca-torna-a-brillare-nelle-strade-e-nelle-piazze-di-pisa\/\" \/>\n<meta property=\"og:site_name\" content=\"intoscana\" \/>\n<meta property=\"article:publisher\" content=\"https:\/\/www.facebook.com\/intoscana.it\" \/>\n<meta property=\"article:published_time\" content=\"2022-09-12T14:37:35+00:00\" \/>\n<meta property=\"article:modified_time\" content=\"2022-09-12T15:34:03+00:00\" \/>\n<meta property=\"og:image\" content=\"https:\/\/www.intoscana.it\/wp-content\/uploads\/PISA-77.jpeg\" \/>\n\t<meta property=\"og:image:width\" content=\"1280\" \/>\n\t<meta property=\"og:image:height\" content=\"853\" \/>\n\t<meta property=\"og:image:type\" content=\"image\/jpeg\" \/>\n<meta name=\"author\" content=\"Redazione\" \/>\n<meta name=\"twitter:card\" content=\"summary_large_image\" \/>\n<meta name=\"twitter:creator\" content=\"@intoscana\" \/>\n<meta name=\"twitter:site\" content=\"@intoscana\" \/>\n<meta name=\"twitter:label1\" content=\"Written by\" \/>\n\t<meta name=\"twitter:data1\" content=\"Redazione\" \/>\n\t<meta name=\"twitter:label2\" content=\"Est. reading time\" \/>\n\t<meta name=\"twitter:data2\" content=\"6 minuti\" \/>\n<script type=\"application\/ld+json\" class=\"yoast-schema-graph\">{\"@context\":\"https:\/\/schema.org\",\"@graph\":[{\"@type\":\"WebPage\",\"@id\":\"https:\/\/www.intoscana.it\/it\/la-bright-night-della-ricerca-torna-a-brillare-nelle-strade-e-nelle-piazze-di-pisa\/\",\"url\":\"https:\/\/www.intoscana.it\/it\/la-bright-night-della-ricerca-torna-a-brillare-nelle-strade-e-nelle-piazze-di-pisa\/\",\"name\":\"La Bright Night della ricerca torna a brillare a Pisa\u00a0 - intoscana\",\"isPartOf\":{\"@id\":\"https:\/\/www.intoscana.it\/it\/#website\"},\"primaryImageOfPage\":{\"@id\":\"https:\/\/www.intoscana.it\/it\/la-bright-night-della-ricerca-torna-a-brillare-nelle-strade-e-nelle-piazze-di-pisa\/#primaryimage\"},\"image\":{\"@id\":\"https:\/\/www.intoscana.it\/it\/la-bright-night-della-ricerca-torna-a-brillare-nelle-strade-e-nelle-piazze-di-pisa\/#primaryimage\"},\"thumbnailUrl\":\"https:\/\/www.intoscana.it\/wp-content\/uploads\/PISA-77.jpeg\",\"datePublished\":\"2022-09-12T14:37:35+00:00\",\"dateModified\":\"2022-09-12T15:34:03+00:00\",\"author\":{\"@id\":\"https:\/\/www.intoscana.it\/it\/#\/schema\/person\/9223810753230f20bd670fdd322661f8\"},\"description\":\"Universit\u00e0, Normale, Sant'Anna, CNR, INFN, INGV e EGO-Virgo\u00ec sono coinvolti nella Bright Night, la Notte dei ricercatori, a Pisa.\",\"breadcrumb\":{\"@id\":\"https:\/\/www.intoscana.it\/it\/la-bright-night-della-ricerca-torna-a-brillare-nelle-strade-e-nelle-piazze-di-pisa\/#breadcrumb\"},\"inLanguage\":\"it-IT\",\"potentialAction\":[{\"@type\":\"ReadAction\",\"target\":[\"https:\/\/www.intoscana.it\/it\/la-bright-night-della-ricerca-torna-a-brillare-nelle-strade-e-nelle-piazze-di-pisa\/\"]}]},{\"@type\":\"ImageObject\",\"inLanguage\":\"it-IT\",\"@id\":\"https:\/\/www.intoscana.it\/it\/la-bright-night-della-ricerca-torna-a-brillare-nelle-strade-e-nelle-piazze-di-pisa\/#primaryimage\",\"url\":\"https:\/\/www.intoscana.it\/wp-content\/uploads\/PISA-77.jpeg\",\"contentUrl\":\"https:\/\/www.intoscana.it\/wp-content\/uploads\/PISA-77.jpeg\",\"width\":1280,\"height\":853},{\"@type\":\"BreadcrumbList\",\"@id\":\"https:\/\/www.intoscana.it\/it\/la-bright-night-della-ricerca-torna-a-brillare-nelle-strade-e-nelle-piazze-di-pisa\/#breadcrumb\",\"itemListElement\":[{\"@type\":\"ListItem\",\"position\":1,\"name\":\"Home\",\"item\":\"https:\/\/www.intoscana.it\/it\/\"},{\"@type\":\"ListItem\",\"position\":2,\"name\":\"La Bright Night della ricerca torna a brillare a Pisa\u00a0\"}]},{\"@type\":\"WebSite\",\"@id\":\"https:\/\/www.intoscana.it\/it\/#website\",\"url\":\"https:\/\/www.intoscana.it\/it\/\",\"name\":\"intoscana\",\"description\":\"\",\"potentialAction\":[{\"@type\":\"SearchAction\",\"target\":{\"@type\":\"EntryPoint\",\"urlTemplate\":\"https:\/\/www.intoscana.it\/it\/?s={search_term_string}\"},\"query-input\":{\"@type\":\"PropertyValueSpecification\",\"valueRequired\":true,\"valueName\":\"search_term_string\"}}],\"inLanguage\":\"it-IT\"},{\"@type\":\"Person\",\"@id\":\"https:\/\/www.intoscana.it\/it\/#\/schema\/person\/9223810753230f20bd670fdd322661f8\",\"name\":\"Redazione\",\"url\":\"https:\/\/www.intoscana.it\/it\/author\/redazione\/\"}]}<\/script>\n<!-- \/ Yoast SEO Premium plugin. -->","yoast_head_json":{"title":"La Bright Night della ricerca torna a brillare a Pisa\u00a0 - intoscana","description":"Universit\u00e0, Normale, Sant'Anna, CNR, INFN, INGV e EGO-Virgo\u00ec sono coinvolti nella Bright Night, la Notte dei ricercatori, a Pisa.","robots":{"index":"index","follow":"follow","max-snippet":"max-snippet:-1","max-image-preview":"max-image-preview:large","max-video-preview":"max-video-preview:-1"},"canonical":"https:\/\/www.intoscana.it\/it\/la-bright-night-della-ricerca-torna-a-brillare-nelle-strade-e-nelle-piazze-di-pisa\/","og_locale":"it_IT","og_type":"article","og_title":"La Bright Night della ricerca torna a brillare a Pisa\u00a0","og_description":"Universit\u00e0, Normale, Sant'Anna, CNR, INFN, INGV e EGO-Virgo\u00ec sono coinvolti nella Bright Night, la Notte dei ricercatori, a Pisa.","og_url":"https:\/\/www.intoscana.it\/it\/la-bright-night-della-ricerca-torna-a-brillare-nelle-strade-e-nelle-piazze-di-pisa\/","og_site_name":"intoscana","article_publisher":"https:\/\/www.facebook.com\/intoscana.it","article_published_time":"2022-09-12T14:37:35+00:00","article_modified_time":"2022-09-12T15:34:03+00:00","og_image":[{"width":1280,"height":853,"url":"https:\/\/www.intoscana.it\/wp-content\/uploads\/PISA-77.jpeg","type":"image\/jpeg"}],"author":"Redazione","twitter_card":"summary_large_image","twitter_creator":"@intoscana","twitter_site":"@intoscana","twitter_misc":{"Written by":"Redazione","Est. reading time":"6 minuti"},"schema":{"@context":"https:\/\/schema.org","@graph":[{"@type":"WebPage","@id":"https:\/\/www.intoscana.it\/it\/la-bright-night-della-ricerca-torna-a-brillare-nelle-strade-e-nelle-piazze-di-pisa\/","url":"https:\/\/www.intoscana.it\/it\/la-bright-night-della-ricerca-torna-a-brillare-nelle-strade-e-nelle-piazze-di-pisa\/","name":"La Bright Night della ricerca torna a brillare a Pisa\u00a0 - intoscana","isPartOf":{"@id":"https:\/\/www.intoscana.it\/it\/#website"},"primaryImageOfPage":{"@id":"https:\/\/www.intoscana.it\/it\/la-bright-night-della-ricerca-torna-a-brillare-nelle-strade-e-nelle-piazze-di-pisa\/#primaryimage"},"image":{"@id":"https:\/\/www.intoscana.it\/it\/la-bright-night-della-ricerca-torna-a-brillare-nelle-strade-e-nelle-piazze-di-pisa\/#primaryimage"},"thumbnailUrl":"https:\/\/www.intoscana.it\/wp-content\/uploads\/PISA-77.jpeg","datePublished":"2022-09-12T14:37:35+00:00","dateModified":"2022-09-12T15:34:03+00:00","author":{"@id":"https:\/\/www.intoscana.it\/it\/#\/schema\/person\/9223810753230f20bd670fdd322661f8"},"description":"Universit\u00e0, Normale, Sant'Anna, CNR, INFN, INGV e EGO-Virgo\u00ec sono coinvolti nella Bright Night, la Notte dei ricercatori, a Pisa.","breadcrumb":{"@id":"https:\/\/www.intoscana.it\/it\/la-bright-night-della-ricerca-torna-a-brillare-nelle-strade-e-nelle-piazze-di-pisa\/#breadcrumb"},"inLanguage":"it-IT","potentialAction":[{"@type":"ReadAction","target":["https:\/\/www.intoscana.it\/it\/la-bright-night-della-ricerca-torna-a-brillare-nelle-strade-e-nelle-piazze-di-pisa\/"]}]},{"@type":"ImageObject","inLanguage":"it-IT","@id":"https:\/\/www.intoscana.it\/it\/la-bright-night-della-ricerca-torna-a-brillare-nelle-strade-e-nelle-piazze-di-pisa\/#primaryimage","url":"https:\/\/www.intoscana.it\/wp-content\/uploads\/PISA-77.jpeg","contentUrl":"https:\/\/www.intoscana.it\/wp-content\/uploads\/PISA-77.jpeg","width":1280,"height":853},{"@type":"BreadcrumbList","@id":"https:\/\/www.intoscana.it\/it\/la-bright-night-della-ricerca-torna-a-brillare-nelle-strade-e-nelle-piazze-di-pisa\/#breadcrumb","itemListElement":[{"@type":"ListItem","position":1,"name":"Home","item":"https:\/\/www.intoscana.it\/it\/"},{"@type":"ListItem","position":2,"name":"La Bright Night della ricerca torna a brillare a Pisa\u00a0"}]},{"@type":"WebSite","@id":"https:\/\/www.intoscana.it\/it\/#website","url":"https:\/\/www.intoscana.it\/it\/","name":"intoscana","description":"","potentialAction":[{"@type":"SearchAction","target":{"@type":"EntryPoint","urlTemplate":"https:\/\/www.intoscana.it\/it\/?s={search_term_string}"},"query-input":{"@type":"PropertyValueSpecification","valueRequired":true,"valueName":"search_term_string"}}],"inLanguage":"it-IT"},{"@type":"Person","@id":"https:\/\/www.intoscana.it\/it\/#\/schema\/person\/9223810753230f20bd670fdd322661f8","name":"Redazione","url":"https:\/\/www.intoscana.it\/it\/author\/redazione\/"}]}},"_links":{"self":[{"href":"https:\/\/www.intoscana.it\/it\/wp-json\/wp\/v2\/posts\/247086","targetHints":{"allow":["GET"]}}],"collection":[{"href":"https:\/\/www.intoscana.it\/it\/wp-json\/wp\/v2\/posts"}],"about":[{"href":"https:\/\/www.intoscana.it\/it\/wp-json\/wp\/v2\/types\/post"}],"author":[{"embeddable":true,"href":"https:\/\/www.intoscana.it\/it\/wp-json\/wp\/v2\/users\/525"}],"replies":[{"embeddable":true,"href":"https:\/\/www.intoscana.it\/it\/wp-json\/wp\/v2\/comments?post=247086"}],"version-history":[{"count":0,"href":"https:\/\/www.intoscana.it\/it\/wp-json\/wp\/v2\/posts\/247086\/revisions"}],"wp:featuredmedia":[{"embeddable":true,"href":"https:\/\/www.intoscana.it\/it\/wp-json\/wp\/v2\/media\/247087"}],"wp:attachment":[{"href":"https:\/\/www.intoscana.it\/it\/wp-json\/wp\/v2\/media?parent=247086"}],"wp:term":[{"taxonomy":"category","embeddable":true,"href":"https:\/\/www.intoscana.it\/it\/wp-json\/wp\/v2\/categories?post=247086"},{"taxonomy":"post_tag","embeddable":true,"href":"https:\/\/www.intoscana.it\/it\/wp-json\/wp\/v2\/tags?post=247086"}],"curies":[{"name":"wp","href":"https:\/\/api.w.org\/{rel}","templated":true}]}}