{"id":247288,"date":"2022-09-13T16:48:56","date_gmt":"2022-09-13T14:48:56","guid":{"rendered":"https:\/\/www.intoscana.it\/it\/?p=247288"},"modified":"2022-09-13T16:48:56","modified_gmt":"2022-09-13T14:48:56","slug":"mario-biondi-concerto-pisa","status":"publish","type":"post","link":"https:\/\/www.intoscana.it\/it\/mario-biondi-concerto-pisa\/","title":{"rendered":"Mario Biondi il 21 settembre live al Giardino Scotto di Pisa: il concerto \u00e8 gratuito"},"content":{"rendered":"<p>L\u2019attesissimo concerto di <strong>Mario Biondi<\/strong> previsto inizialmente il <strong>18 agosto a Marina di Pisa<\/strong> sar\u00e0 recuperato il prossimo <strong>21 settembre, alle ore 21.30, al Giardino Scotto di Pisa.<\/strong><\/p>\n<p>Si tratta di un appuntamento speciale ed unico che <em><strong>\u201cMarenia-NonSoloMare-2022\u201d<\/strong><\/em> propone in una location diversa con l\u2019idea di creare continuit\u00e0 e sinergia tra il litorale e la citt\u00e0.<\/p>\n<p><strong>Mario Biondi,<\/strong> dopo il successo delle <strong>date internazionali,<\/strong> del tour nei teatri e del viaggio live dei mesi passati, far\u00e0 tappa in Toscana con il suo <em><strong>\u201cRomantic live estate 2022\u201d.<\/strong><\/em><\/p>\n<p>Biondi proporr\u00e0 i suoi brani pi\u00f9 celebri e quelli contenuti nel suo nuovo album <em><strong>\u201cRomantic\u201d<\/strong><\/em>, un progetto interamente dedicato all<strong>\u2019amore in tutte le sue forme,<\/strong> dal legame di coppia a quello fraterno, all\u2019amore per i genitori e i figli.<\/p>\n<p><strong>Il romanticismo<\/strong> inteso nelle sue varie declinazioni \u00e8 il <strong>fil rouge dei 12 brani su cd e 15 brani<\/strong> in digitale e musicassetta e LP che compongono questo album, nello specifico<strong> 6 inediti e 9 rivisitazioni<\/strong> scelte principalmente dal repertorio internazionale.<\/p>\n<p><em><strong>\u201cRomantic\u201d<\/strong> <\/em>\u00e8 fortemente caratterizzato dalla produzione curata dallo stesso Mario Biondi con Massimo Greco e David Florio: tutti i brani sono stati registrati in maniera analogica, scelta che conferisce un suono molto caldo e autentico <strong>all\u2019intero album che richiama fortemente le sonorit\u00e0 degli anni \u201870<\/strong>.<\/p>\n<p>Le tracce sono state registrate, come accadeva all\u2019epoca, con <strong>take collettive in cui tutti i musicisti hanno suonato insieme nella stessa sala<\/strong> andando ad esaltare la magia della condivisione e l&#8217;effetto interplay.<\/p>\n<p>In tutto <strong>sono 600 i posti disponibili, tutti a sedere.<\/strong> La prenotazione potr\u00e0 essere fatta a partire da mercoled\u00ec 14 settembre, tramite la piattaforma <a href=\"https:\/\/www.eventbrite.it\/\" target=\"_blank\" rel=\"noopener\"><strong>https:\/\/www.eventbrite.it\/<\/strong><\/a>, <strong>l&#8217;ingresso \u00e8 gratuito.<\/strong><\/p>\n<div class=\"titleimg\">\n<figure id=\"post-226438 media-226438\" class=\"align-none\"><img decoding=\"async\" src=\"https:\/\/www.intoscana.it\/wp-content\/uploads\/Mario-Biondi-Romantic-Tour-2022-ok.jpg\" alt=\"\" \/><\/figure>\n<div class=\"titleimg\"><em>Mario Biondi Romantic Tour 2022\u00a0<\/em><\/div>\n<\/div>\n<p>&nbsp;<\/p>\n","protected":false},"excerpt":{"rendered":"<p>In tutto sono 600 i posti disponibili, tutti a sedere. La prenotazione potr\u00e0 essere fatta a partire da mercoled\u00ec 14 settembre, tramite la piattaforma eventbrite, l&#8217;ingresso \u00e8 gratuito<\/p>\n","protected":false},"author":525,"featured_media":80800,"comment_status":"open","ping_status":"open","sticky":false,"template":"","format":"standard","meta":{"_acf_changed":false,"footnotes":""},"categories":[14],"tags":[216,203],"class_list":["post-247288","post","type-post","status-publish","format-standard","has-post-thumbnail","hentry","category-musica","tag-concerti","tag-pisa"],"acf":[],"yoast_head":"<!-- This site is optimized with the Yoast SEO Premium plugin v24.2 (Yoast SEO v25.6) - https:\/\/yoast.com\/wordpress\/plugins\/seo\/ -->\n<title>Mario Biondi il 21 settembre live al Giardino Scotto di Pisa: il concerto \u00e8 gratuito - intoscana<\/title>\n<meta name=\"description\" content=\"In tutto sono 600 i posti disponibili, tutti a sedere. La prenotazione potr\u00e0 essere fatta a partire da mercoled\u00ec 14 settembre su eventbrite\" \/>\n<meta name=\"robots\" content=\"index, follow, max-snippet:-1, max-image-preview:large, max-video-preview:-1\" \/>\n<link rel=\"canonical\" href=\"https:\/\/www.intoscana.it\/it\/mario-biondi-concerto-pisa\/\" \/>\n<meta property=\"og:locale\" content=\"it_IT\" \/>\n<meta property=\"og:type\" content=\"article\" \/>\n<meta property=\"og:title\" content=\"Mario Biondi il 21 settembre live al Giardino Scotto di Pisa: il concerto \u00e8 gratuito\" \/>\n<meta property=\"og:description\" content=\"In tutto sono 600 i posti disponibili, tutti a sedere. La prenotazione potr\u00e0 essere fatta a partire da mercoled\u00ec 14 settembre su eventbrite\" \/>\n<meta property=\"og:url\" content=\"https:\/\/www.intoscana.it\/it\/mario-biondi-concerto-pisa\/\" \/>\n<meta property=\"og:site_name\" content=\"intoscana\" \/>\n<meta property=\"article:publisher\" content=\"https:\/\/www.facebook.com\/intoscana.it\" \/>\n<meta property=\"article:published_time\" content=\"2022-09-13T14:48:56+00:00\" \/>\n<meta property=\"og:image\" content=\"https:\/\/www.intoscana.it\/wp-content\/uploads\/mario-biondi.jpg\" \/>\n\t<meta property=\"og:image:width\" content=\"1000\" \/>\n\t<meta property=\"og:image:height\" content=\"664\" \/>\n\t<meta property=\"og:image:type\" content=\"image\/jpeg\" \/>\n<meta name=\"author\" content=\"Redazione\" \/>\n<meta name=\"twitter:card\" content=\"summary_large_image\" \/>\n<meta name=\"twitter:creator\" content=\"@intoscana\" \/>\n<meta name=\"twitter:site\" content=\"@intoscana\" \/>\n<meta name=\"twitter:label1\" content=\"Written by\" \/>\n\t<meta name=\"twitter:data1\" content=\"Redazione\" \/>\n\t<meta name=\"twitter:label2\" content=\"Est. reading time\" \/>\n\t<meta name=\"twitter:data2\" content=\"1 minuto\" \/>\n<script type=\"application\/ld+json\" class=\"yoast-schema-graph\">{\"@context\":\"https:\/\/schema.org\",\"@graph\":[{\"@type\":\"WebPage\",\"@id\":\"https:\/\/www.intoscana.it\/it\/mario-biondi-concerto-pisa\/\",\"url\":\"https:\/\/www.intoscana.it\/it\/mario-biondi-concerto-pisa\/\",\"name\":\"Mario Biondi il 21 settembre live al Giardino Scotto di Pisa: il concerto \u00e8 gratuito - intoscana\",\"isPartOf\":{\"@id\":\"https:\/\/www.intoscana.it\/it\/#website\"},\"primaryImageOfPage\":{\"@id\":\"https:\/\/www.intoscana.it\/it\/mario-biondi-concerto-pisa\/#primaryimage\"},\"image\":{\"@id\":\"https:\/\/www.intoscana.it\/it\/mario-biondi-concerto-pisa\/#primaryimage\"},\"thumbnailUrl\":\"https:\/\/www.intoscana.it\/wp-content\/uploads\/mario-biondi.jpg\",\"datePublished\":\"2022-09-13T14:48:56+00:00\",\"author\":{\"@id\":\"https:\/\/www.intoscana.it\/it\/#\/schema\/person\/9223810753230f20bd670fdd322661f8\"},\"description\":\"In tutto sono 600 i posti disponibili, tutti a sedere. La prenotazione potr\u00e0 essere fatta a partire da mercoled\u00ec 14 settembre su eventbrite\",\"breadcrumb\":{\"@id\":\"https:\/\/www.intoscana.it\/it\/mario-biondi-concerto-pisa\/#breadcrumb\"},\"inLanguage\":\"it-IT\",\"potentialAction\":[{\"@type\":\"ReadAction\",\"target\":[\"https:\/\/www.intoscana.it\/it\/mario-biondi-concerto-pisa\/\"]}]},{\"@type\":\"ImageObject\",\"inLanguage\":\"it-IT\",\"@id\":\"https:\/\/www.intoscana.it\/it\/mario-biondi-concerto-pisa\/#primaryimage\",\"url\":\"https:\/\/www.intoscana.it\/wp-content\/uploads\/mario-biondi.jpg\",\"contentUrl\":\"https:\/\/www.intoscana.it\/wp-content\/uploads\/mario-biondi.jpg\",\"width\":1000,\"height\":664},{\"@type\":\"BreadcrumbList\",\"@id\":\"https:\/\/www.intoscana.it\/it\/mario-biondi-concerto-pisa\/#breadcrumb\",\"itemListElement\":[{\"@type\":\"ListItem\",\"position\":1,\"name\":\"Home\",\"item\":\"https:\/\/www.intoscana.it\/it\/\"},{\"@type\":\"ListItem\",\"position\":2,\"name\":\"Mario Biondi il 21 settembre live al Giardino Scotto di Pisa: il concerto \u00e8 gratuito\"}]},{\"@type\":\"WebSite\",\"@id\":\"https:\/\/www.intoscana.it\/it\/#website\",\"url\":\"https:\/\/www.intoscana.it\/it\/\",\"name\":\"intoscana\",\"description\":\"\",\"potentialAction\":[{\"@type\":\"SearchAction\",\"target\":{\"@type\":\"EntryPoint\",\"urlTemplate\":\"https:\/\/www.intoscana.it\/it\/?s={search_term_string}\"},\"query-input\":{\"@type\":\"PropertyValueSpecification\",\"valueRequired\":true,\"valueName\":\"search_term_string\"}}],\"inLanguage\":\"it-IT\"},{\"@type\":\"Person\",\"@id\":\"https:\/\/www.intoscana.it\/it\/#\/schema\/person\/9223810753230f20bd670fdd322661f8\",\"name\":\"Redazione\",\"url\":\"https:\/\/www.intoscana.it\/it\/author\/redazione\/\"}]}<\/script>\n<!-- \/ Yoast SEO Premium plugin. -->","yoast_head_json":{"title":"Mario Biondi il 21 settembre live al Giardino Scotto di Pisa: il concerto \u00e8 gratuito - intoscana","description":"In tutto sono 600 i posti disponibili, tutti a sedere. La prenotazione potr\u00e0 essere fatta a partire da mercoled\u00ec 14 settembre su eventbrite","robots":{"index":"index","follow":"follow","max-snippet":"max-snippet:-1","max-image-preview":"max-image-preview:large","max-video-preview":"max-video-preview:-1"},"canonical":"https:\/\/www.intoscana.it\/it\/mario-biondi-concerto-pisa\/","og_locale":"it_IT","og_type":"article","og_title":"Mario Biondi il 21 settembre live al Giardino Scotto di Pisa: il concerto \u00e8 gratuito","og_description":"In tutto sono 600 i posti disponibili, tutti a sedere. La prenotazione potr\u00e0 essere fatta a partire da mercoled\u00ec 14 settembre su eventbrite","og_url":"https:\/\/www.intoscana.it\/it\/mario-biondi-concerto-pisa\/","og_site_name":"intoscana","article_publisher":"https:\/\/www.facebook.com\/intoscana.it","article_published_time":"2022-09-13T14:48:56+00:00","og_image":[{"width":1000,"height":664,"url":"https:\/\/www.intoscana.it\/wp-content\/uploads\/mario-biondi.jpg","type":"image\/jpeg"}],"author":"Redazione","twitter_card":"summary_large_image","twitter_creator":"@intoscana","twitter_site":"@intoscana","twitter_misc":{"Written by":"Redazione","Est. reading time":"1 minuto"},"schema":{"@context":"https:\/\/schema.org","@graph":[{"@type":"WebPage","@id":"https:\/\/www.intoscana.it\/it\/mario-biondi-concerto-pisa\/","url":"https:\/\/www.intoscana.it\/it\/mario-biondi-concerto-pisa\/","name":"Mario Biondi il 21 settembre live al Giardino Scotto di Pisa: il concerto \u00e8 gratuito - intoscana","isPartOf":{"@id":"https:\/\/www.intoscana.it\/it\/#website"},"primaryImageOfPage":{"@id":"https:\/\/www.intoscana.it\/it\/mario-biondi-concerto-pisa\/#primaryimage"},"image":{"@id":"https:\/\/www.intoscana.it\/it\/mario-biondi-concerto-pisa\/#primaryimage"},"thumbnailUrl":"https:\/\/www.intoscana.it\/wp-content\/uploads\/mario-biondi.jpg","datePublished":"2022-09-13T14:48:56+00:00","author":{"@id":"https:\/\/www.intoscana.it\/it\/#\/schema\/person\/9223810753230f20bd670fdd322661f8"},"description":"In tutto sono 600 i posti disponibili, tutti a sedere. La prenotazione potr\u00e0 essere fatta a partire da mercoled\u00ec 14 settembre su eventbrite","breadcrumb":{"@id":"https:\/\/www.intoscana.it\/it\/mario-biondi-concerto-pisa\/#breadcrumb"},"inLanguage":"it-IT","potentialAction":[{"@type":"ReadAction","target":["https:\/\/www.intoscana.it\/it\/mario-biondi-concerto-pisa\/"]}]},{"@type":"ImageObject","inLanguage":"it-IT","@id":"https:\/\/www.intoscana.it\/it\/mario-biondi-concerto-pisa\/#primaryimage","url":"https:\/\/www.intoscana.it\/wp-content\/uploads\/mario-biondi.jpg","contentUrl":"https:\/\/www.intoscana.it\/wp-content\/uploads\/mario-biondi.jpg","width":1000,"height":664},{"@type":"BreadcrumbList","@id":"https:\/\/www.intoscana.it\/it\/mario-biondi-concerto-pisa\/#breadcrumb","itemListElement":[{"@type":"ListItem","position":1,"name":"Home","item":"https:\/\/www.intoscana.it\/it\/"},{"@type":"ListItem","position":2,"name":"Mario Biondi il 21 settembre live al Giardino Scotto di Pisa: il concerto \u00e8 gratuito"}]},{"@type":"WebSite","@id":"https:\/\/www.intoscana.it\/it\/#website","url":"https:\/\/www.intoscana.it\/it\/","name":"intoscana","description":"","potentialAction":[{"@type":"SearchAction","target":{"@type":"EntryPoint","urlTemplate":"https:\/\/www.intoscana.it\/it\/?s={search_term_string}"},"query-input":{"@type":"PropertyValueSpecification","valueRequired":true,"valueName":"search_term_string"}}],"inLanguage":"it-IT"},{"@type":"Person","@id":"https:\/\/www.intoscana.it\/it\/#\/schema\/person\/9223810753230f20bd670fdd322661f8","name":"Redazione","url":"https:\/\/www.intoscana.it\/it\/author\/redazione\/"}]}},"_links":{"self":[{"href":"https:\/\/www.intoscana.it\/it\/wp-json\/wp\/v2\/posts\/247288","targetHints":{"allow":["GET"]}}],"collection":[{"href":"https:\/\/www.intoscana.it\/it\/wp-json\/wp\/v2\/posts"}],"about":[{"href":"https:\/\/www.intoscana.it\/it\/wp-json\/wp\/v2\/types\/post"}],"author":[{"embeddable":true,"href":"https:\/\/www.intoscana.it\/it\/wp-json\/wp\/v2\/users\/525"}],"replies":[{"embeddable":true,"href":"https:\/\/www.intoscana.it\/it\/wp-json\/wp\/v2\/comments?post=247288"}],"version-history":[{"count":0,"href":"https:\/\/www.intoscana.it\/it\/wp-json\/wp\/v2\/posts\/247288\/revisions"}],"wp:featuredmedia":[{"embeddable":true,"href":"https:\/\/www.intoscana.it\/it\/wp-json\/wp\/v2\/media\/80800"}],"wp:attachment":[{"href":"https:\/\/www.intoscana.it\/it\/wp-json\/wp\/v2\/media?parent=247288"}],"wp:term":[{"taxonomy":"category","embeddable":true,"href":"https:\/\/www.intoscana.it\/it\/wp-json\/wp\/v2\/categories?post=247288"},{"taxonomy":"post_tag","embeddable":true,"href":"https:\/\/www.intoscana.it\/it\/wp-json\/wp\/v2\/tags?post=247288"}],"curies":[{"name":"wp","href":"https:\/\/api.w.org\/{rel}","templated":true}]}}