{"id":247409,"date":"2022-09-15T13:00:35","date_gmt":"2022-09-15T11:00:35","guid":{"rendered":"https:\/\/www.intoscana.it\/it\/?p=247409"},"modified":"2022-09-15T15:55:50","modified_gmt":"2022-09-15T13:55:50","slug":"calibro-35-morricone-concerto","status":"publish","type":"post","link":"https:\/\/www.intoscana.it\/it\/calibro-35-morricone-concerto\/","title":{"rendered":"&#8220;Calibro 35 plays Morricone&#8221;: l&#8217;omaggio della band al grande compositore italiano"},"content":{"rendered":"<p>I <strong>Calibro 35<\/strong> rendono omaggio al<strong> grande compositore e Premio Oscar Ennio Morricone.<\/strong><\/p>\n<p><strong>Venerd\u00ec 16 settembre<\/strong> all\u2019<strong>Anfiteatro delle Cascine Ernesto De Pascale<\/strong>, nell\u2019ambito del <strong><a href=\"https:\/\/www.intoscana.it\/it\/articolo\/firenze-jazz-festival-2022\/\" target=\"_blank\" rel=\"noopener\">Firenze Jazz Festival 2022<\/a>, <\/strong>saranno in <strong>concerto<\/strong> per presentare <em><strong>&#8220;Scacco al maestro &#8211;\u00a0Volume I&#8221;.\u00a0<\/strong><\/em><\/p>\n<p>Il disco uscito lo scorso giugno per <strong>Woodworm\/Virgin Records,<\/strong> non \u00e8 solo un omaggio al maestro e alla sua straordinaria opera, \u00e8 il frutto di anni di approfondimenti, ricerche, studio, un\u2019ispirazione che trova origine proprio nella nascita della band di <strong>Martellotta, Gabrielli, Cavina, Rondanini e Colliva.<\/strong><\/p>\n<p>L\u2019album propone<strong> 10 brani,<\/strong> tra cui <em><strong>\u201cLa classe operaia va in paradiso\u201d<\/strong> <\/em>&#8211; che ha anticipato l\u2019uscita del disco \u2013 <em><strong>\u201cC&#8217;era una volta il West\u201d<\/strong> <\/em>(ospite Diodato), <em><strong>\u201cIl buono, il brutto e il cattivo\u201d, \u201cArena\u201d<\/strong><\/em> (ospite Matt Bellamy),<em><strong> \u201cUn tranquillo posto di campagna\u201d, \u201cL&#8217;uomo dell&#8217;armonica&#8221;.<\/strong><\/em><\/p>\n<p><em><strong>\u201cScacco al maestro &#8211; Volume 1\u201d<\/strong> <\/em>\u00e8 il primo capitolo di un progetto che impegner\u00e0 i <strong>Calibro 35<\/strong> per l\u2019intero anno. Ma \u00e8 soprattutto l\u2019occasione per tornare a suonare dal vivo, con una formazione allargata per un live ancor pi\u00f9 spettacolare: sul palco ci saranno anche\u00a0<strong>Paolo Raineri<\/strong>\u00a0alla tromba,\u00a0<strong>Sebastiano De Gennaro<\/strong>\u00a0alle percussioni e<strong>\u00a0Valeria Sturba<\/strong>\u00a0degli <strong>OoopopoiooO<\/strong> al theremin, violino, voce.<\/p>\n<figure id=\"post-247351 media-247351\" class=\"align-none\"><img decoding=\"async\" src=\"https:\/\/www.intoscana.it\/wp-content\/uploads\/Calibro-35-ph-Attilio-Marasco-1-pic.jpg\" alt=\"\" \/><\/figure>\n<div class=\"titleimg\"><em>Calibro 35, foto di Attilio Marasco<\/em><\/div>\n<h3>Ecco la nostra intervista a Luca Cavina<\/h3>\n<p><strong>Ciao Luca, i Calibro 35 sono legati a Morricone da quasi 20 anni, ho letto che la prima canzone che avete inciso nel 2007 \u00e8 stato proprio un brano del grande compositore, \u00e8 cos\u00ec?<\/strong><\/p>\n<p>S\u00ec, il 2007 \u00e8 stato <strong>l&#8217;anno di nascita dei Calibro 35,<\/strong> quando ci siamo trovati in studio per la prima volta insieme. Il primo brano che abbiamo suonato insieme e che \u00e8 finito anche nel nostro primo disco \u00e8 <em><strong>&#8220;Trafelato&#8221;<\/strong> <\/em>dal film <em><strong>&#8220;Giornata nera per l&#8217;ariete&#8221;<\/strong><\/em>, quindi in qualche modo \u00e8 stato anche il nostro &#8220;battesimo del fuoco&#8221; come band. In tante fasi del nostro cammino Morricone \u00e8 sempre ritornato. Alcuni brani che suoniamo in questo tour li suonavamo anche anni fa durante uno spettacolo che avevano allestito sul cinema horror, giallo che si chiamava <em><strong>&#8220;Indagine sul cinema del brivido&#8221;.<\/strong><\/em><\/p>\n<p><span class=\"citazione\">Morricone ha costruito il proprio successo e la propria grandezza su una frustrazione, non avrebbe mai pensato di &#8220;abbassarsi&#8221; a fare colonne sonore per il cinema<\/span><\/p>\n<p><strong>C&#8217;\u00e8 la leggenda, ma sembra che sia vero, che Morricone non abbia mai dato a nessuno gli spartiti ufficiali delle sue composizioni, voi come avete lavorato sui brani?<\/strong><\/p>\n<p>E&#8217; vero non esistono gli spartiti ufficiali, su internet si trovano trascrizioni fatte alla bell&#8217;e meglio. <strong>Noi abbiamo lavorato a orecchio cercato di ricostruire nella maniera pi\u00f9 fedele possibile le sue composizioni.<\/strong> Abbiamo anche fatto un lavoro di ricerca timbrica per cercare di recuperare quello che Morricone aveva assegnato ad altri strumenti. E&#8217; stato quasi pi\u00f9 un lavoro sul suono che sulla scrittura perch\u00e8\u00a0<strong>Morricone scriveva con una tale precisione che non puoi spostare nessuna nota, \u00e8 tutto incastrato in maniera chirurgica e matematica.<\/strong><div class=\"focuson\"><a href=\"https:\/\/www.intoscana.it\/it\/articolo\/firenze-jazz-festival-2022\/\"><img decoding=\"async\" class=\"lazy\" src=\"https:\/\/www.intoscana.it\/wp-content\/uploads\/sax-Jazz-scaled.jpg\" style=\"\">\n                <div class=\"cat\">Firenze Jazz Festival<\/div>\n                <h4>Due settimane di concerti<\/h4><\/a>\n              <\/div><\/p>\n<p><strong>Nel disco appaiono anche Diodato e Matt Bellamy dei MUSE, come sono nate queste collaborazioni?<\/strong><\/p>\n<p><strong>Matthew Bellamy<\/strong> compare in <em><strong>&#8220;Arena&#8221;<\/strong> <\/em>con il suo fischio, nella parte di <strong>Alessandro Alessandroni<\/strong> e suona la chitarra. Con Matthew <strong>Tommaso Colliva<\/strong> ha collaborato per anni, con loro ha anche vinto un <strong>Grammy, <\/strong>li ha anche seguiti dal vivo per tanti anni. Inoltre con i <strong>Calibro 35<\/strong> nel 2011-2012 abbiamo aperto varie date dei <strong>MUSE,<\/strong>\u00a0quindi il rapporto con loro va avanti da tanto tempo. Stessa cosa con <strong>Diodato<\/strong> che conosciamo da quando siamo andati con lui ospiti di <strong>Ghemon<\/strong> al <strong>Festival Sanremo<\/strong>.<\/p>\n<p><strong>Non esiste in Italia un gruppo pi\u00f9 &#8220;cinematografico&#8221; di voi, se poteste scegliere oggi un regista con cui collaborare, chi potrebbe essere?<\/strong><\/p>\n<p>Da quando siamo nati la gente ci dice:<strong><em> &#8220;dovrebbe chiamarvi Tarantino&#8221;<\/em><\/strong>. Sicuramente per l&#8217;immaginario che noi abbiamo portato in giro fin dall&#8217;inizio\u00a0<strong>\u00e8 lui il regista che ci azzecca di pi\u00f9 con noi. <\/strong>Adesso per\u00f2 dovrebbe fare l&#8217;ultimo film e poi fermarsi quindi mi sa che ormai siamo fuori tempo massimo.<\/p>\n<p><strong>Immagino che avrete, avrai visto il bellissimo documentario di Tornatore su Morricone. Secondo te qual \u00e8 l&#8217;insegnamento pi\u00f9 grande che ci ha lasciato il maestro?<\/strong><\/p>\n<p>Secondo me la cosa pi\u00f9 interessante che emerge dal film \u00e8 che\u00a0<strong>Morricone ha costruito il proprio successo e la propria grandezza su una frustrazione.<\/strong> Lui ha cercato di affermarsi nel mondo della composizione colta, ma in quell&#8217;ambiente \u00e8 stato accettato in maniera &#8220;tiepida&#8221; dai suoi colleghi. Questa cosa in realt\u00e0 <strong>l&#8217;ha portato a perseguire una strada che non avrebbe mai immaginato.<\/strong> Non avrebbe mai pensato di<strong> &#8220;abbassarsi&#8221; a fare colonne sonore per il cinema<\/strong>. Cos\u00ec Morricone \u00e8 riuscito a inserire all&#8217;interno di prodotti popolari come i film, gli western,<strong> un modo di scrivere musica molto complesso<\/strong>. <strong>Ha unito un linguaggio alto a uno considerato pi\u00f9 basso e popolare<\/strong>, \u00e8 riuscito a mostrare come la sua musica riuscisse a valorizzare e rendere pi\u00f9 nobili i prodotti cinematografici.<\/p>\n<p><iframe loading=\"lazy\" title=\"YouTube video player\" src=\"https:\/\/www.youtube.com\/embed\/opX1brlzeGk\" width=\"800\" height=\"500\" frameborder=\"0\" allowfullscreen=\"allowfullscreen\"><span data-mce-type=\"bookmark\" style=\"display: inline-block; width: 0px; overflow: hidden; line-height: 0;\" class=\"mce_SELRES_start\">\ufeff<\/span><\/iframe><\/p>\n","protected":false},"excerpt":{"rendered":"<p>Venerd\u00ec 16 settembre all\u2019Anfiteatro delle Cascine Ernesto De Pascale, nell\u2019ambito del Firenze Jazz Festival 2022, la band sar\u00e0 in concerto per presentare &#8220;Scacco al maestro &#8211;\u00a0Volume I&#8221;. Ecco la nostra intervista a Luca Cavina<\/p>\n","protected":false},"author":518,"featured_media":247352,"comment_status":"open","ping_status":"open","sticky":false,"template":"","format":"standard","meta":{"_acf_changed":false,"footnotes":""},"categories":[14],"tags":[216,202,3138],"class_list":["post-247409","post","type-post","status-publish","format-standard","has-post-thumbnail","hentry","category-musica","tag-concerti","tag-firenze","tag-interviste-agli-artisti"],"acf":[],"yoast_head":"<!-- This site is optimized with the Yoast SEO Premium plugin v24.2 (Yoast SEO v25.6) - https:\/\/yoast.com\/wordpress\/plugins\/seo\/ -->\n<title>&quot;Calibro 35 plays Morricone&quot;: l&#039;omaggio della band al grande compositore italiano - intoscana<\/title>\n<meta name=\"description\" content=\"Venerd\u00ec 16 settembre all\u2019Anfiteatro delle Cascine Ernesto De Pascale, i Calibro 35 saranno in concerto con &quot;Scacco al maestro -\u00a0Volume I&quot;\" \/>\n<meta name=\"robots\" content=\"index, follow, max-snippet:-1, max-image-preview:large, max-video-preview:-1\" \/>\n<link rel=\"canonical\" href=\"https:\/\/www.intoscana.it\/it\/calibro-35-morricone-concerto\/\" \/>\n<meta property=\"og:locale\" content=\"it_IT\" \/>\n<meta property=\"og:type\" content=\"article\" \/>\n<meta property=\"og:title\" content=\"&quot;Calibro 35 plays Morricone&quot;: l&#039;omaggio della band al grande compositore italiano\" \/>\n<meta property=\"og:description\" content=\"Venerd\u00ec 16 settembre all\u2019Anfiteatro delle Cascine Ernesto De Pascale, i Calibro 35 saranno in concerto con &quot;Scacco al maestro -\u00a0Volume I&quot;\" \/>\n<meta property=\"og:url\" content=\"https:\/\/www.intoscana.it\/it\/calibro-35-morricone-concerto\/\" \/>\n<meta property=\"og:site_name\" content=\"intoscana\" \/>\n<meta property=\"article:publisher\" content=\"https:\/\/www.facebook.com\/intoscana.it\" \/>\n<meta property=\"article:published_time\" content=\"2022-09-15T11:00:35+00:00\" \/>\n<meta property=\"article:modified_time\" content=\"2022-09-15T13:55:50+00:00\" \/>\n<meta property=\"og:image\" content=\"https:\/\/www.intoscana.it\/wp-content\/uploads\/Calibro-35-ph-Attilio-Marasco-pic.jpeg\" \/>\n\t<meta property=\"og:image:width\" content=\"1417\" \/>\n\t<meta property=\"og:image:height\" content=\"945\" \/>\n\t<meta property=\"og:image:type\" content=\"image\/jpeg\" \/>\n<meta name=\"author\" content=\"Costanza Baldini\" \/>\n<meta name=\"twitter:card\" content=\"summary_large_image\" \/>\n<meta name=\"twitter:creator\" content=\"@intoscana\" \/>\n<meta name=\"twitter:site\" content=\"@intoscana\" \/>\n<meta name=\"twitter:label1\" content=\"Written by\" \/>\n\t<meta name=\"twitter:data1\" content=\"Costanza Baldini\" \/>\n\t<meta name=\"twitter:label2\" content=\"Est. reading time\" \/>\n\t<meta name=\"twitter:data2\" content=\"4 minuti\" \/>\n<script type=\"application\/ld+json\" class=\"yoast-schema-graph\">{\"@context\":\"https:\/\/schema.org\",\"@graph\":[{\"@type\":\"WebPage\",\"@id\":\"https:\/\/www.intoscana.it\/it\/calibro-35-morricone-concerto\/\",\"url\":\"https:\/\/www.intoscana.it\/it\/calibro-35-morricone-concerto\/\",\"name\":\"\\\"Calibro 35 plays Morricone\\\": l'omaggio della band al grande compositore italiano - intoscana\",\"isPartOf\":{\"@id\":\"https:\/\/www.intoscana.it\/it\/#website\"},\"primaryImageOfPage\":{\"@id\":\"https:\/\/www.intoscana.it\/it\/calibro-35-morricone-concerto\/#primaryimage\"},\"image\":{\"@id\":\"https:\/\/www.intoscana.it\/it\/calibro-35-morricone-concerto\/#primaryimage\"},\"thumbnailUrl\":\"https:\/\/www.intoscana.it\/wp-content\/uploads\/Calibro-35-ph-Attilio-Marasco-pic.jpeg\",\"datePublished\":\"2022-09-15T11:00:35+00:00\",\"dateModified\":\"2022-09-15T13:55:50+00:00\",\"author\":{\"@id\":\"https:\/\/www.intoscana.it\/it\/#\/schema\/person\/d469f35f09739bdf00bf5dd3f0647a82\"},\"description\":\"Venerd\u00ec 16 settembre all\u2019Anfiteatro delle Cascine Ernesto De Pascale, i Calibro 35 saranno in concerto con \\\"Scacco al maestro -\u00a0Volume I\\\"\",\"breadcrumb\":{\"@id\":\"https:\/\/www.intoscana.it\/it\/calibro-35-morricone-concerto\/#breadcrumb\"},\"inLanguage\":\"it-IT\",\"potentialAction\":[{\"@type\":\"ReadAction\",\"target\":[\"https:\/\/www.intoscana.it\/it\/calibro-35-morricone-concerto\/\"]}]},{\"@type\":\"ImageObject\",\"inLanguage\":\"it-IT\",\"@id\":\"https:\/\/www.intoscana.it\/it\/calibro-35-morricone-concerto\/#primaryimage\",\"url\":\"https:\/\/www.intoscana.it\/wp-content\/uploads\/Calibro-35-ph-Attilio-Marasco-pic.jpeg\",\"contentUrl\":\"https:\/\/www.intoscana.it\/wp-content\/uploads\/Calibro-35-ph-Attilio-Marasco-pic.jpeg\",\"width\":1417,\"height\":945,\"caption\":\"Calibro 35\"},{\"@type\":\"BreadcrumbList\",\"@id\":\"https:\/\/www.intoscana.it\/it\/calibro-35-morricone-concerto\/#breadcrumb\",\"itemListElement\":[{\"@type\":\"ListItem\",\"position\":1,\"name\":\"Home\",\"item\":\"https:\/\/www.intoscana.it\/it\/\"},{\"@type\":\"ListItem\",\"position\":2,\"name\":\"&#8220;Calibro 35 plays Morricone&#8221;: l&#8217;omaggio della band al grande compositore italiano\"}]},{\"@type\":\"WebSite\",\"@id\":\"https:\/\/www.intoscana.it\/it\/#website\",\"url\":\"https:\/\/www.intoscana.it\/it\/\",\"name\":\"intoscana\",\"description\":\"\",\"potentialAction\":[{\"@type\":\"SearchAction\",\"target\":{\"@type\":\"EntryPoint\",\"urlTemplate\":\"https:\/\/www.intoscana.it\/it\/?s={search_term_string}\"},\"query-input\":{\"@type\":\"PropertyValueSpecification\",\"valueRequired\":true,\"valueName\":\"search_term_string\"}}],\"inLanguage\":\"it-IT\"},{\"@type\":\"Person\",\"@id\":\"https:\/\/www.intoscana.it\/it\/#\/schema\/person\/d469f35f09739bdf00bf5dd3f0647a82\",\"name\":\"Costanza Baldini\",\"url\":\"https:\/\/www.intoscana.it\/it\/author\/costanza-baldini\/\"}]}<\/script>\n<!-- \/ Yoast SEO Premium plugin. -->","yoast_head_json":{"title":"\"Calibro 35 plays Morricone\": l'omaggio della band al grande compositore italiano - intoscana","description":"Venerd\u00ec 16 settembre all\u2019Anfiteatro delle Cascine Ernesto De Pascale, i Calibro 35 saranno in concerto con \"Scacco al maestro -\u00a0Volume I\"","robots":{"index":"index","follow":"follow","max-snippet":"max-snippet:-1","max-image-preview":"max-image-preview:large","max-video-preview":"max-video-preview:-1"},"canonical":"https:\/\/www.intoscana.it\/it\/calibro-35-morricone-concerto\/","og_locale":"it_IT","og_type":"article","og_title":"\"Calibro 35 plays Morricone\": l'omaggio della band al grande compositore italiano","og_description":"Venerd\u00ec 16 settembre all\u2019Anfiteatro delle Cascine Ernesto De Pascale, i Calibro 35 saranno in concerto con \"Scacco al maestro -\u00a0Volume I\"","og_url":"https:\/\/www.intoscana.it\/it\/calibro-35-morricone-concerto\/","og_site_name":"intoscana","article_publisher":"https:\/\/www.facebook.com\/intoscana.it","article_published_time":"2022-09-15T11:00:35+00:00","article_modified_time":"2022-09-15T13:55:50+00:00","og_image":[{"width":1417,"height":945,"url":"https:\/\/www.intoscana.it\/wp-content\/uploads\/Calibro-35-ph-Attilio-Marasco-pic.jpeg","type":"image\/jpeg"}],"author":"Costanza Baldini","twitter_card":"summary_large_image","twitter_creator":"@intoscana","twitter_site":"@intoscana","twitter_misc":{"Written by":"Costanza Baldini","Est. reading time":"4 minuti"},"schema":{"@context":"https:\/\/schema.org","@graph":[{"@type":"WebPage","@id":"https:\/\/www.intoscana.it\/it\/calibro-35-morricone-concerto\/","url":"https:\/\/www.intoscana.it\/it\/calibro-35-morricone-concerto\/","name":"\"Calibro 35 plays Morricone\": l'omaggio della band al grande compositore italiano - intoscana","isPartOf":{"@id":"https:\/\/www.intoscana.it\/it\/#website"},"primaryImageOfPage":{"@id":"https:\/\/www.intoscana.it\/it\/calibro-35-morricone-concerto\/#primaryimage"},"image":{"@id":"https:\/\/www.intoscana.it\/it\/calibro-35-morricone-concerto\/#primaryimage"},"thumbnailUrl":"https:\/\/www.intoscana.it\/wp-content\/uploads\/Calibro-35-ph-Attilio-Marasco-pic.jpeg","datePublished":"2022-09-15T11:00:35+00:00","dateModified":"2022-09-15T13:55:50+00:00","author":{"@id":"https:\/\/www.intoscana.it\/it\/#\/schema\/person\/d469f35f09739bdf00bf5dd3f0647a82"},"description":"Venerd\u00ec 16 settembre all\u2019Anfiteatro delle Cascine Ernesto De Pascale, i Calibro 35 saranno in concerto con \"Scacco al maestro -\u00a0Volume I\"","breadcrumb":{"@id":"https:\/\/www.intoscana.it\/it\/calibro-35-morricone-concerto\/#breadcrumb"},"inLanguage":"it-IT","potentialAction":[{"@type":"ReadAction","target":["https:\/\/www.intoscana.it\/it\/calibro-35-morricone-concerto\/"]}]},{"@type":"ImageObject","inLanguage":"it-IT","@id":"https:\/\/www.intoscana.it\/it\/calibro-35-morricone-concerto\/#primaryimage","url":"https:\/\/www.intoscana.it\/wp-content\/uploads\/Calibro-35-ph-Attilio-Marasco-pic.jpeg","contentUrl":"https:\/\/www.intoscana.it\/wp-content\/uploads\/Calibro-35-ph-Attilio-Marasco-pic.jpeg","width":1417,"height":945,"caption":"Calibro 35"},{"@type":"BreadcrumbList","@id":"https:\/\/www.intoscana.it\/it\/calibro-35-morricone-concerto\/#breadcrumb","itemListElement":[{"@type":"ListItem","position":1,"name":"Home","item":"https:\/\/www.intoscana.it\/it\/"},{"@type":"ListItem","position":2,"name":"&#8220;Calibro 35 plays Morricone&#8221;: l&#8217;omaggio della band al grande compositore italiano"}]},{"@type":"WebSite","@id":"https:\/\/www.intoscana.it\/it\/#website","url":"https:\/\/www.intoscana.it\/it\/","name":"intoscana","description":"","potentialAction":[{"@type":"SearchAction","target":{"@type":"EntryPoint","urlTemplate":"https:\/\/www.intoscana.it\/it\/?s={search_term_string}"},"query-input":{"@type":"PropertyValueSpecification","valueRequired":true,"valueName":"search_term_string"}}],"inLanguage":"it-IT"},{"@type":"Person","@id":"https:\/\/www.intoscana.it\/it\/#\/schema\/person\/d469f35f09739bdf00bf5dd3f0647a82","name":"Costanza Baldini","url":"https:\/\/www.intoscana.it\/it\/author\/costanza-baldini\/"}]}},"_links":{"self":[{"href":"https:\/\/www.intoscana.it\/it\/wp-json\/wp\/v2\/posts\/247409","targetHints":{"allow":["GET"]}}],"collection":[{"href":"https:\/\/www.intoscana.it\/it\/wp-json\/wp\/v2\/posts"}],"about":[{"href":"https:\/\/www.intoscana.it\/it\/wp-json\/wp\/v2\/types\/post"}],"author":[{"embeddable":true,"href":"https:\/\/www.intoscana.it\/it\/wp-json\/wp\/v2\/users\/518"}],"replies":[{"embeddable":true,"href":"https:\/\/www.intoscana.it\/it\/wp-json\/wp\/v2\/comments?post=247409"}],"version-history":[{"count":0,"href":"https:\/\/www.intoscana.it\/it\/wp-json\/wp\/v2\/posts\/247409\/revisions"}],"wp:featuredmedia":[{"embeddable":true,"href":"https:\/\/www.intoscana.it\/it\/wp-json\/wp\/v2\/media\/247352"}],"wp:attachment":[{"href":"https:\/\/www.intoscana.it\/it\/wp-json\/wp\/v2\/media?parent=247409"}],"wp:term":[{"taxonomy":"category","embeddable":true,"href":"https:\/\/www.intoscana.it\/it\/wp-json\/wp\/v2\/categories?post=247409"},{"taxonomy":"post_tag","embeddable":true,"href":"https:\/\/www.intoscana.it\/it\/wp-json\/wp\/v2\/tags?post=247409"}],"curies":[{"name":"wp","href":"https:\/\/api.w.org\/{rel}","templated":true}]}}