{"id":247734,"date":"2022-09-15T12:33:00","date_gmt":"2022-09-15T10:33:00","guid":{"rendered":"https:\/\/www.intoscana.it\/it\/?p=247734"},"modified":"2022-09-15T14:15:42","modified_gmt":"2022-09-15T12:15:42","slug":"cosimo-i-scende-da-cavallo-la-statua-di-piazza-della-signoria-smontata-per-il-restauro","status":"publish","type":"post","link":"https:\/\/www.intoscana.it\/it\/cosimo-i-scende-da-cavallo-la-statua-di-piazza-della-signoria-smontata-per-il-restauro\/","title":{"rendered":"Cosimo I &#8220;scende da cavallo&#8221; la statua di piazza della Signoria smontata per il restauro"},"content":{"rendered":"<p>Grazie a un accordo tra il <strong>Comune di Firenze<\/strong> e la maison fiorentina <strong>Salvatore Ferragamo S.p.A<\/strong>. la statua equestre di <strong>Cosimo I realizzata dal Giambologna<\/strong> e collocata in <strong>piazza della Signoria a Firenze<\/strong> sar\u00e0 protagonista di un restauro completo sia dell&#8217;esterno che dell&#8217;interno.<\/p>\n<p><b>Per poter procede con l&#8217;operazione<\/b> la statua\u00a0\u00e8 stata smontata con\u00a0<strong>una gru che ha sollevato il cavaliere<\/strong> e lo ha posizionato su un appoggio in legno.<\/p>\n<p><strong>Cosimo I torner\u00e0 in groppa al suo cavallo<\/strong> alla fine dei lavori, prevista per marzo.<\/p>\n<p>Per l&#8217;imponente operazione la\u00a0maison\u00a0<strong>Ferragamo <\/strong>ha elargito tramite<strong> Art Bonus <\/strong>un\u2019erogazione liberale di <strong>oltre un milione di euro.<\/strong><\/p>\n<p>I prossimi restauri prevista dal Comune riguarderanno\u00a0<strong>Ercole e Caco di Baccio Bandinelli<\/strong> e la copia del <strong>David di Michelangelo<\/strong> poste all\u2019ingresso di <strong>Palazzo Vecchio<\/strong> e la copia di <strong>Giuditta e Oloferne sull\u2019Arengario.<\/strong><\/p>\n<figure id=\"post-247748 media-247748\" class=\"align-none\"><img decoding=\"async\" src=\"https:\/\/www.intoscana.it\/wp-content\/uploads\/thumbnail_ENRI9599.jpg\" alt=\"\" \/><\/figure>\n<h3>Il restauro<\/h3>\n<p><strong>L\u2019ultimo smontaggio<\/strong> della statua equestre di Cosimo I risale alla<strong> seconda guerra mondiale<\/strong> quando l\u2019opera fu spostata per proteggerla dai bombardamenti mentre l\u2019<strong>ultimo restauro<\/strong> esterno \u00e8 degli <strong>anni Novanta.<\/strong><\/p>\n<p>Adesso sar\u00e0 possibile eseguire le <strong>operazioni di restauro anche all\u2019interno del cavallo,<\/strong> che ha <strong>una cavit\u00e0 sotto la sella,<\/strong> cos\u00ec da trattare con sostanze protettive specifiche anche le pareti interne oltre all\u2019esterno, <strong>fermare le ossidazioni e proteggere dalle corrosioni.<\/strong><\/p>\n<p>Negli scorsi mesi sono state anche effettuate<strong> indagini non invasive con tecnologia a raggi X<\/strong> per monitorare soprattutto lo stato di conservazione delle strutture metalliche presenti all\u2019interno delle zampe del cavallo su cui si appoggia il monumento. Dalle analisi \u00e8 emersa la solidit\u00e0 e la stabilit\u00e0 delle strutture.<\/p>\n<p>I lavori sono diretti dal<strong> Servizio Belle Arti del Comune,<\/strong> con l&#8217;alta sorveglianza a cura della <strong>SABAP Soprintendenza Archeologia Belle Arti e Paesaggio<\/strong>, eseguiti da <strong>Cooperativa Archeologia<\/strong> con i restauratori <strong>Nicola Salvioli e Stefano Landi c<\/strong>on il supporto del <strong>CNR (Consiglio Nazionale delle Ricerche)<\/strong> per le indagini diagnostiche.<\/p>\n<p>&nbsp;<\/p>\n","protected":false},"excerpt":{"rendered":"<p>Il Granduca torner\u00e0 in groppa al suo cavallo alla fine dei lavori, prevista per marzo 2023. Il restauro \u00e8 stata finanziato dalla maison Ferragamo che ha elargito oltre un milione di euro<\/p>\n","protected":false},"author":525,"featured_media":247744,"comment_status":"open","ping_status":"open","sticky":false,"template":"","format":"standard","meta":{"_acf_changed":false,"footnotes":""},"categories":[493],"tags":[202,4528,5246,4453],"class_list":["post-247734","post","type-post","status-publish","format-standard","has-post-thumbnail","hentry","category-cultura","tag-firenze","tag-medici","tag-restauro","tag-salvatore-ferragamo"],"acf":[],"yoast_head":"<!-- This site is optimized with the Yoast SEO Premium plugin v24.2 (Yoast SEO v25.6) - https:\/\/yoast.com\/wordpress\/plugins\/seo\/ -->\n<title>Cosimo I &quot;scende da cavallo&quot; la statua di piazza della Signoria smontata per il restauro - intoscana<\/title>\n<meta name=\"description\" content=\"Il Granduca Cosimo I torner\u00e0 in groppa al suo cavallo alla fine dei lavori di restauro, prevista per marzo 2023\" \/>\n<meta name=\"robots\" content=\"index, follow, max-snippet:-1, max-image-preview:large, max-video-preview:-1\" \/>\n<link rel=\"canonical\" href=\"https:\/\/www.intoscana.it\/it\/cosimo-i-scende-da-cavallo-la-statua-di-piazza-della-signoria-smontata-per-il-restauro\/\" \/>\n<meta property=\"og:locale\" content=\"it_IT\" \/>\n<meta property=\"og:type\" content=\"article\" \/>\n<meta property=\"og:title\" content=\"Cosimo I &quot;scende da cavallo&quot; la statua di piazza della Signoria smontata per il restauro\" \/>\n<meta property=\"og:description\" content=\"Il Granduca Cosimo I torner\u00e0 in groppa al suo cavallo alla fine dei lavori di restauro, prevista per marzo 2023\" \/>\n<meta property=\"og:url\" content=\"https:\/\/www.intoscana.it\/it\/cosimo-i-scende-da-cavallo-la-statua-di-piazza-della-signoria-smontata-per-il-restauro\/\" \/>\n<meta property=\"og:site_name\" content=\"intoscana\" \/>\n<meta property=\"article:publisher\" content=\"https:\/\/www.facebook.com\/intoscana.it\" \/>\n<meta property=\"article:published_time\" content=\"2022-09-15T10:33:00+00:00\" \/>\n<meta property=\"article:modified_time\" content=\"2022-09-15T12:15:42+00:00\" \/>\n<meta property=\"og:image\" content=\"https:\/\/www.intoscana.it\/wp-content\/uploads\/thumbnail_ENRI9567.jpg\" \/>\n\t<meta property=\"og:image:width\" content=\"1280\" \/>\n\t<meta property=\"og:image:height\" content=\"898\" \/>\n\t<meta property=\"og:image:type\" content=\"image\/jpeg\" \/>\n<meta name=\"author\" content=\"Redazione\" \/>\n<meta name=\"twitter:card\" content=\"summary_large_image\" \/>\n<meta name=\"twitter:creator\" content=\"@intoscana\" \/>\n<meta name=\"twitter:site\" content=\"@intoscana\" \/>\n<meta name=\"twitter:label1\" content=\"Written by\" \/>\n\t<meta name=\"twitter:data1\" content=\"Redazione\" \/>\n\t<meta name=\"twitter:label2\" content=\"Est. reading time\" \/>\n\t<meta name=\"twitter:data2\" content=\"2 minuti\" \/>\n<script type=\"application\/ld+json\" class=\"yoast-schema-graph\">{\"@context\":\"https:\/\/schema.org\",\"@graph\":[{\"@type\":\"WebPage\",\"@id\":\"https:\/\/www.intoscana.it\/it\/cosimo-i-scende-da-cavallo-la-statua-di-piazza-della-signoria-smontata-per-il-restauro\/\",\"url\":\"https:\/\/www.intoscana.it\/it\/cosimo-i-scende-da-cavallo-la-statua-di-piazza-della-signoria-smontata-per-il-restauro\/\",\"name\":\"Cosimo I \\\"scende da cavallo\\\" la statua di piazza della Signoria smontata per il restauro - intoscana\",\"isPartOf\":{\"@id\":\"https:\/\/www.intoscana.it\/it\/#website\"},\"primaryImageOfPage\":{\"@id\":\"https:\/\/www.intoscana.it\/it\/cosimo-i-scende-da-cavallo-la-statua-di-piazza-della-signoria-smontata-per-il-restauro\/#primaryimage\"},\"image\":{\"@id\":\"https:\/\/www.intoscana.it\/it\/cosimo-i-scende-da-cavallo-la-statua-di-piazza-della-signoria-smontata-per-il-restauro\/#primaryimage\"},\"thumbnailUrl\":\"https:\/\/www.intoscana.it\/wp-content\/uploads\/thumbnail_ENRI9567.jpg\",\"datePublished\":\"2022-09-15T10:33:00+00:00\",\"dateModified\":\"2022-09-15T12:15:42+00:00\",\"author\":{\"@id\":\"https:\/\/www.intoscana.it\/it\/#\/schema\/person\/9223810753230f20bd670fdd322661f8\"},\"description\":\"Il Granduca Cosimo I torner\u00e0 in groppa al suo cavallo alla fine dei lavori di restauro, prevista per marzo 2023\",\"breadcrumb\":{\"@id\":\"https:\/\/www.intoscana.it\/it\/cosimo-i-scende-da-cavallo-la-statua-di-piazza-della-signoria-smontata-per-il-restauro\/#breadcrumb\"},\"inLanguage\":\"it-IT\",\"potentialAction\":[{\"@type\":\"ReadAction\",\"target\":[\"https:\/\/www.intoscana.it\/it\/cosimo-i-scende-da-cavallo-la-statua-di-piazza-della-signoria-smontata-per-il-restauro\/\"]}]},{\"@type\":\"ImageObject\",\"inLanguage\":\"it-IT\",\"@id\":\"https:\/\/www.intoscana.it\/it\/cosimo-i-scende-da-cavallo-la-statua-di-piazza-della-signoria-smontata-per-il-restauro\/#primaryimage\",\"url\":\"https:\/\/www.intoscana.it\/wp-content\/uploads\/thumbnail_ENRI9567.jpg\",\"contentUrl\":\"https:\/\/www.intoscana.it\/wp-content\/uploads\/thumbnail_ENRI9567.jpg\",\"width\":1280,\"height\":898},{\"@type\":\"BreadcrumbList\",\"@id\":\"https:\/\/www.intoscana.it\/it\/cosimo-i-scende-da-cavallo-la-statua-di-piazza-della-signoria-smontata-per-il-restauro\/#breadcrumb\",\"itemListElement\":[{\"@type\":\"ListItem\",\"position\":1,\"name\":\"Home\",\"item\":\"https:\/\/www.intoscana.it\/it\/\"},{\"@type\":\"ListItem\",\"position\":2,\"name\":\"Cosimo I &#8220;scende da cavallo&#8221; la statua di piazza della Signoria smontata per il restauro\"}]},{\"@type\":\"WebSite\",\"@id\":\"https:\/\/www.intoscana.it\/it\/#website\",\"url\":\"https:\/\/www.intoscana.it\/it\/\",\"name\":\"intoscana\",\"description\":\"\",\"potentialAction\":[{\"@type\":\"SearchAction\",\"target\":{\"@type\":\"EntryPoint\",\"urlTemplate\":\"https:\/\/www.intoscana.it\/it\/?s={search_term_string}\"},\"query-input\":{\"@type\":\"PropertyValueSpecification\",\"valueRequired\":true,\"valueName\":\"search_term_string\"}}],\"inLanguage\":\"it-IT\"},{\"@type\":\"Person\",\"@id\":\"https:\/\/www.intoscana.it\/it\/#\/schema\/person\/9223810753230f20bd670fdd322661f8\",\"name\":\"Redazione\",\"url\":\"https:\/\/www.intoscana.it\/it\/author\/redazione\/\"}]}<\/script>\n<!-- \/ Yoast SEO Premium plugin. -->","yoast_head_json":{"title":"Cosimo I \"scende da cavallo\" la statua di piazza della Signoria smontata per il restauro - intoscana","description":"Il Granduca Cosimo I torner\u00e0 in groppa al suo cavallo alla fine dei lavori di restauro, prevista per marzo 2023","robots":{"index":"index","follow":"follow","max-snippet":"max-snippet:-1","max-image-preview":"max-image-preview:large","max-video-preview":"max-video-preview:-1"},"canonical":"https:\/\/www.intoscana.it\/it\/cosimo-i-scende-da-cavallo-la-statua-di-piazza-della-signoria-smontata-per-il-restauro\/","og_locale":"it_IT","og_type":"article","og_title":"Cosimo I \"scende da cavallo\" la statua di piazza della Signoria smontata per il restauro","og_description":"Il Granduca Cosimo I torner\u00e0 in groppa al suo cavallo alla fine dei lavori di restauro, prevista per marzo 2023","og_url":"https:\/\/www.intoscana.it\/it\/cosimo-i-scende-da-cavallo-la-statua-di-piazza-della-signoria-smontata-per-il-restauro\/","og_site_name":"intoscana","article_publisher":"https:\/\/www.facebook.com\/intoscana.it","article_published_time":"2022-09-15T10:33:00+00:00","article_modified_time":"2022-09-15T12:15:42+00:00","og_image":[{"width":1280,"height":898,"url":"https:\/\/www.intoscana.it\/wp-content\/uploads\/thumbnail_ENRI9567.jpg","type":"image\/jpeg"}],"author":"Redazione","twitter_card":"summary_large_image","twitter_creator":"@intoscana","twitter_site":"@intoscana","twitter_misc":{"Written by":"Redazione","Est. reading time":"2 minuti"},"schema":{"@context":"https:\/\/schema.org","@graph":[{"@type":"WebPage","@id":"https:\/\/www.intoscana.it\/it\/cosimo-i-scende-da-cavallo-la-statua-di-piazza-della-signoria-smontata-per-il-restauro\/","url":"https:\/\/www.intoscana.it\/it\/cosimo-i-scende-da-cavallo-la-statua-di-piazza-della-signoria-smontata-per-il-restauro\/","name":"Cosimo I \"scende da cavallo\" la statua di piazza della Signoria smontata per il restauro - intoscana","isPartOf":{"@id":"https:\/\/www.intoscana.it\/it\/#website"},"primaryImageOfPage":{"@id":"https:\/\/www.intoscana.it\/it\/cosimo-i-scende-da-cavallo-la-statua-di-piazza-della-signoria-smontata-per-il-restauro\/#primaryimage"},"image":{"@id":"https:\/\/www.intoscana.it\/it\/cosimo-i-scende-da-cavallo-la-statua-di-piazza-della-signoria-smontata-per-il-restauro\/#primaryimage"},"thumbnailUrl":"https:\/\/www.intoscana.it\/wp-content\/uploads\/thumbnail_ENRI9567.jpg","datePublished":"2022-09-15T10:33:00+00:00","dateModified":"2022-09-15T12:15:42+00:00","author":{"@id":"https:\/\/www.intoscana.it\/it\/#\/schema\/person\/9223810753230f20bd670fdd322661f8"},"description":"Il Granduca Cosimo I torner\u00e0 in groppa al suo cavallo alla fine dei lavori di restauro, prevista per marzo 2023","breadcrumb":{"@id":"https:\/\/www.intoscana.it\/it\/cosimo-i-scende-da-cavallo-la-statua-di-piazza-della-signoria-smontata-per-il-restauro\/#breadcrumb"},"inLanguage":"it-IT","potentialAction":[{"@type":"ReadAction","target":["https:\/\/www.intoscana.it\/it\/cosimo-i-scende-da-cavallo-la-statua-di-piazza-della-signoria-smontata-per-il-restauro\/"]}]},{"@type":"ImageObject","inLanguage":"it-IT","@id":"https:\/\/www.intoscana.it\/it\/cosimo-i-scende-da-cavallo-la-statua-di-piazza-della-signoria-smontata-per-il-restauro\/#primaryimage","url":"https:\/\/www.intoscana.it\/wp-content\/uploads\/thumbnail_ENRI9567.jpg","contentUrl":"https:\/\/www.intoscana.it\/wp-content\/uploads\/thumbnail_ENRI9567.jpg","width":1280,"height":898},{"@type":"BreadcrumbList","@id":"https:\/\/www.intoscana.it\/it\/cosimo-i-scende-da-cavallo-la-statua-di-piazza-della-signoria-smontata-per-il-restauro\/#breadcrumb","itemListElement":[{"@type":"ListItem","position":1,"name":"Home","item":"https:\/\/www.intoscana.it\/it\/"},{"@type":"ListItem","position":2,"name":"Cosimo I &#8220;scende da cavallo&#8221; la statua di piazza della Signoria smontata per il restauro"}]},{"@type":"WebSite","@id":"https:\/\/www.intoscana.it\/it\/#website","url":"https:\/\/www.intoscana.it\/it\/","name":"intoscana","description":"","potentialAction":[{"@type":"SearchAction","target":{"@type":"EntryPoint","urlTemplate":"https:\/\/www.intoscana.it\/it\/?s={search_term_string}"},"query-input":{"@type":"PropertyValueSpecification","valueRequired":true,"valueName":"search_term_string"}}],"inLanguage":"it-IT"},{"@type":"Person","@id":"https:\/\/www.intoscana.it\/it\/#\/schema\/person\/9223810753230f20bd670fdd322661f8","name":"Redazione","url":"https:\/\/www.intoscana.it\/it\/author\/redazione\/"}]}},"_links":{"self":[{"href":"https:\/\/www.intoscana.it\/it\/wp-json\/wp\/v2\/posts\/247734","targetHints":{"allow":["GET"]}}],"collection":[{"href":"https:\/\/www.intoscana.it\/it\/wp-json\/wp\/v2\/posts"}],"about":[{"href":"https:\/\/www.intoscana.it\/it\/wp-json\/wp\/v2\/types\/post"}],"author":[{"embeddable":true,"href":"https:\/\/www.intoscana.it\/it\/wp-json\/wp\/v2\/users\/525"}],"replies":[{"embeddable":true,"href":"https:\/\/www.intoscana.it\/it\/wp-json\/wp\/v2\/comments?post=247734"}],"version-history":[{"count":0,"href":"https:\/\/www.intoscana.it\/it\/wp-json\/wp\/v2\/posts\/247734\/revisions"}],"wp:featuredmedia":[{"embeddable":true,"href":"https:\/\/www.intoscana.it\/it\/wp-json\/wp\/v2\/media\/247744"}],"wp:attachment":[{"href":"https:\/\/www.intoscana.it\/it\/wp-json\/wp\/v2\/media?parent=247734"}],"wp:term":[{"taxonomy":"category","embeddable":true,"href":"https:\/\/www.intoscana.it\/it\/wp-json\/wp\/v2\/categories?post=247734"},{"taxonomy":"post_tag","embeddable":true,"href":"https:\/\/www.intoscana.it\/it\/wp-json\/wp\/v2\/tags?post=247734"}],"curies":[{"name":"wp","href":"https:\/\/api.w.org\/{rel}","templated":true}]}}