{"id":247934,"date":"2022-09-16T09:53:30","date_gmt":"2022-09-16T07:53:30","guid":{"rendered":"https:\/\/www.intoscana.it\/it\/?p=247934"},"modified":"2022-09-16T09:53:49","modified_gmt":"2022-09-16T07:53:49","slug":"covid-806-nuovi-casi","status":"publish","type":"post","link":"https:\/\/www.intoscana.it\/it\/covid-806-nuovi-casi\/","title":{"rendered":"Covid, 806 nuovi casi con un&#8217;et\u00e0 media di 52 anni"},"content":{"rendered":"<p><mark>In Toscana sono 1.389.132 i casi di positivit\u00e0 al Coronavirus <\/mark>, <strong>806<\/strong> in pi\u00f9 rispetto a ieri: 169 confermati con tampone molecolare e 637 da test rapido antigenico.<\/p>\n<h3>I nuovi casi<\/h3>\n<p>I nuovi casi sono lo <strong>0,1%<\/strong> in pi\u00f9 rispetto al totale del giorno precedente. I guariti crescono dello 0,1% e raggiungono quota 1.298.571 (93,5% dei casi totali). Oggi sono stati eseguiti 645 tamponi molecolari e 5.643 tamponi antigenici rapidi, di questi il 12,8% \u00e8 risultato positivo. Sono invece 1.273 i soggetti testati oggi (con tampone antigenico e\/o molecolare, escludendo i tamponi di controllo), di cui il 63,3% \u00e8 risultato positivo. Gli attualmente positivi sono oggi 79.847, +0,2% rispetto a ieri.<\/p>\n<p><mark>L&#8217;et\u00e0 media dei 806 nuovi positivi odierni \u00e8 di 52 anni circa (11% ha meno di 20 anni, 16% tra 20 e 39 anni, 31% tra 40 e 59 anni, 28% tra 60 e 79 anni, 12% ha 80 anni o pi\u00f9) <\/mark>.<\/p>\n<h3>I casi di positivit\u00e0 sul territorio<\/h3>\n<p>Di seguito i casi di positivit\u00e0 sul territorio con la variazione rispetto a ieri (169 confermati con tampone molecolare e 637 da test rapido antigenico). Sono 378.824 i casi complessivi ad oggi a Firenze (176 in pi\u00f9 rispetto a ieri), 92.982 a Prato (33 in pi\u00f9), 109.400 a Pistoia (61 in pi\u00f9), 69.908 a Massa (44 in pi\u00f9), 148.274 a Lucca (84 in pi\u00f9), 161.198 a Pisa (71 in pi\u00f9), 125.782 a Livorno (79 in pi\u00f9), 125.899 ad Arezzo (116 in pi\u00f9), 99.703 a Siena (78 in pi\u00f9), 76.607 a Grosseto (64 in pi\u00f9). Sono 555 i casi positivi notificati in Toscana, ma residenti in altre regioni.<\/p>\n<p>Sono 277 i casi riscontrati oggi nell&#8217;Asl Centro, 271 nella Nord Ovest, 258 nella Sud est.<\/p>\n<p><mark>La Toscana si trova al 10\u00b0 posto in Italia come numerosit\u00e0 di casi <\/mark>(comprensivi di residenti e non residenti), con circa 37.617 casi per 100.000 abitanti (media italiana circa 37.333 x100.000, dato di ieri).<\/p>\n<p>Le province di notifica con il tasso pi\u00f9 alto sono Lucca con 38.617 casi x100.000 abitanti, Pisa con 38.566, Livorno con 38.232, la pi\u00f9 bassa Prato con 35.052.<\/p>\n<h3>Il dettaglio in Toscana<\/h3>\n<p>Complessivamente, 79.669 persone sono in <strong>isolamento<\/strong> a casa, poich\u00e9 presentano sintomi lievi che non richiedono cure ospedaliere, o risultano prive di sintomi (155 in pi\u00f9 rispetto a ieri, pi\u00f9 0,2%).<\/p>\n<p>Le persone <strong>ricoverate<\/strong> nei posti letto dedicati ai pazienti Covid oggi sono complessivamente 178 (6 in meno rispetto a ieri, meno 3,3%), 6 in terapia intensiva (2 in pi\u00f9 rispetto a ieri, pi\u00f9 50%).<\/p>\n<p>Le persone complessivamente <strong>guarite<\/strong> sono 1.298.571 (655 in pi\u00f9 rispetto a ieri, pi\u00f9 0,1%): 0 persone clinicamente guarite (stabili rispetto a ieri), divenute cio\u00e8 asintomatiche dopo aver presentato manifestazioni cliniche associate all&#8217;infezione e 1.298.571 (655 in pi\u00f9 rispetto a ieri, pi\u00f9 0,1%) dichiarate guarite a tutti gli effetti, le cosiddette guarigioni virali, con tampone negativo.<\/p>\n<h3>Mortalit\u00e0<\/h3>\n<p>Oggi si registrano <strong>2 nuovi decessi:<\/strong> un uomo e una donna con un&#8217;et\u00e0 media di 92,5 anni.\u00a0Relativamente alla provincia di residenza, le persone decedute sono a Arezzo.<\/p>\n<p>Sono 10.714 i deceduti dall&#8217;inizio dell&#8217;epidemia cosi ripartiti: 3.358 a Firenze, 877 a Prato, 965 a Pistoia, 683 a Massa Carrara, 1.007 a Lucca, 1.211 a Pisa, 811 a Livorno, 682 ad Arezzo, 565 a Siena, 401 a Grosseto, 154 persone sono decedute sul suolo toscano ma erano residenti fuori regione.<\/p>\n<p>Il tasso grezzo di mortalit\u00e0 toscano (numero di deceduti\/popolazione residente) per Covid-19 \u00e8 di 290,1 x100.000 residenti contro il 297,9 x100.000 della media italiana (9\u00b0 regione). Per quanto riguarda le province, il tasso di mortalit\u00e0 pi\u00f9 alto si riscontra a Massa Carrara (359,8 x100.000), Firenze (336,3 x100.000) e Pistoia (332,5 x100.000), il pi\u00f9 basso a Grosseto (184,1 x100.000).<\/p>\n","protected":false},"excerpt":{"rendered":"<p>I nuovi casi sono lo 0,1% in pi\u00f9 rispetto a ieri. Due i decessi un uomo e una donna aretini con un&#8217;et\u00e0 media di 92,5 anni. In calo i ricoveri<\/p>\n","protected":false},"author":525,"featured_media":168194,"comment_status":"open","ping_status":"open","sticky":false,"template":"","format":"standard","meta":{"_acf_changed":false,"footnotes":""},"categories":[494],"tags":[4868,4809,5149,349],"class_list":["post-247934","post","type-post","status-publish","format-standard","has-post-thumbnail","hentry","category-attualita","tag-bollettino-covid-toscana","tag-covid","tag-pandemia","tag-sanita"],"acf":[],"yoast_head":"<!-- This site is optimized with the Yoast SEO Premium plugin v24.2 (Yoast SEO v25.6) - https:\/\/yoast.com\/wordpress\/plugins\/seo\/ -->\n<title>Covid, 806 nuovi casi con un&#039;et\u00e0 media di 52 anni<\/title>\n<meta name=\"description\" content=\"I nuovi casi sono lo 0,1% in pi\u00f9 rispetto a ieri. Due i decessi un uomo e una donna aretini con un&#039;et\u00e0 media di 92,5 anni. In calo i ricoveri\" \/>\n<meta name=\"robots\" content=\"index, follow, max-snippet:-1, max-image-preview:large, max-video-preview:-1\" \/>\n<link rel=\"canonical\" href=\"https:\/\/www.intoscana.it\/it\/covid-806-nuovi-casi\/\" \/>\n<meta property=\"og:locale\" content=\"it_IT\" \/>\n<meta property=\"og:type\" content=\"article\" \/>\n<meta property=\"og:title\" content=\"Covid, 806 nuovi casi con un&#039;et\u00e0 media di 52 anni\" \/>\n<meta property=\"og:description\" content=\"I nuovi casi sono lo 0,1% in pi\u00f9 rispetto a ieri. Due i decessi un uomo e una donna aretini con un&#039;et\u00e0 media di 92,5 anni. In calo i ricoveri\" \/>\n<meta property=\"og:url\" content=\"https:\/\/www.intoscana.it\/it\/covid-806-nuovi-casi\/\" \/>\n<meta property=\"og:site_name\" content=\"intoscana\" \/>\n<meta property=\"article:publisher\" content=\"https:\/\/www.facebook.com\/intoscana.it\" \/>\n<meta property=\"article:published_time\" content=\"2022-09-16T07:53:30+00:00\" \/>\n<meta property=\"article:modified_time\" content=\"2022-09-16T07:53:49+00:00\" \/>\n<meta property=\"og:image\" content=\"https:\/\/www.intoscana.it\/wp-content\/uploads\/Ragazza-con-mascherina-Engin-Akyurt-Pixabay.jpg\" \/>\n\t<meta property=\"og:image:width\" content=\"1280\" \/>\n\t<meta property=\"og:image:height\" content=\"853\" \/>\n\t<meta property=\"og:image:type\" content=\"image\/jpeg\" \/>\n<meta name=\"author\" content=\"Redazione\" \/>\n<meta name=\"twitter:card\" content=\"summary_large_image\" \/>\n<meta name=\"twitter:creator\" content=\"@intoscana\" \/>\n<meta name=\"twitter:site\" content=\"@intoscana\" \/>\n<meta name=\"twitter:label1\" content=\"Written by\" \/>\n\t<meta name=\"twitter:data1\" content=\"Redazione\" \/>\n\t<meta name=\"twitter:label2\" content=\"Est. reading time\" \/>\n\t<meta name=\"twitter:data2\" content=\"3 minuti\" \/>\n<script type=\"application\/ld+json\" class=\"yoast-schema-graph\">{\"@context\":\"https:\/\/schema.org\",\"@graph\":[{\"@type\":\"WebPage\",\"@id\":\"https:\/\/www.intoscana.it\/it\/covid-806-nuovi-casi\/\",\"url\":\"https:\/\/www.intoscana.it\/it\/covid-806-nuovi-casi\/\",\"name\":\"Covid, 806 nuovi casi con un'et\u00e0 media di 52 anni\",\"isPartOf\":{\"@id\":\"https:\/\/www.intoscana.it\/it\/#website\"},\"primaryImageOfPage\":{\"@id\":\"https:\/\/www.intoscana.it\/it\/covid-806-nuovi-casi\/#primaryimage\"},\"image\":{\"@id\":\"https:\/\/www.intoscana.it\/it\/covid-806-nuovi-casi\/#primaryimage\"},\"thumbnailUrl\":\"https:\/\/www.intoscana.it\/wp-content\/uploads\/Ragazza-con-mascherina-Engin-Akyurt-Pixabay.jpg\",\"datePublished\":\"2022-09-16T07:53:30+00:00\",\"dateModified\":\"2022-09-16T07:53:49+00:00\",\"author\":{\"@id\":\"https:\/\/www.intoscana.it\/it\/#\/schema\/person\/9223810753230f20bd670fdd322661f8\"},\"description\":\"I nuovi casi sono lo 0,1% in pi\u00f9 rispetto a ieri. Due i decessi un uomo e una donna aretini con un'et\u00e0 media di 92,5 anni. In calo i ricoveri\",\"breadcrumb\":{\"@id\":\"https:\/\/www.intoscana.it\/it\/covid-806-nuovi-casi\/#breadcrumb\"},\"inLanguage\":\"it-IT\",\"potentialAction\":[{\"@type\":\"ReadAction\",\"target\":[\"https:\/\/www.intoscana.it\/it\/covid-806-nuovi-casi\/\"]}]},{\"@type\":\"ImageObject\",\"inLanguage\":\"it-IT\",\"@id\":\"https:\/\/www.intoscana.it\/it\/covid-806-nuovi-casi\/#primaryimage\",\"url\":\"https:\/\/www.intoscana.it\/wp-content\/uploads\/Ragazza-con-mascherina-Engin-Akyurt-Pixabay.jpg\",\"contentUrl\":\"https:\/\/www.intoscana.it\/wp-content\/uploads\/Ragazza-con-mascherina-Engin-Akyurt-Pixabay.jpg\",\"width\":1280,\"height\":853,\"caption\":\"Ragazza con mascherina\"},{\"@type\":\"BreadcrumbList\",\"@id\":\"https:\/\/www.intoscana.it\/it\/covid-806-nuovi-casi\/#breadcrumb\",\"itemListElement\":[{\"@type\":\"ListItem\",\"position\":1,\"name\":\"Home\",\"item\":\"https:\/\/www.intoscana.it\/it\/\"},{\"@type\":\"ListItem\",\"position\":2,\"name\":\"Covid, 806 nuovi casi con un&#8217;et\u00e0 media di 52 anni\"}]},{\"@type\":\"WebSite\",\"@id\":\"https:\/\/www.intoscana.it\/it\/#website\",\"url\":\"https:\/\/www.intoscana.it\/it\/\",\"name\":\"intoscana\",\"description\":\"\",\"potentialAction\":[{\"@type\":\"SearchAction\",\"target\":{\"@type\":\"EntryPoint\",\"urlTemplate\":\"https:\/\/www.intoscana.it\/it\/?s={search_term_string}\"},\"query-input\":{\"@type\":\"PropertyValueSpecification\",\"valueRequired\":true,\"valueName\":\"search_term_string\"}}],\"inLanguage\":\"it-IT\"},{\"@type\":\"Person\",\"@id\":\"https:\/\/www.intoscana.it\/it\/#\/schema\/person\/9223810753230f20bd670fdd322661f8\",\"name\":\"Redazione\",\"url\":\"https:\/\/www.intoscana.it\/it\/author\/redazione\/\"}]}<\/script>\n<!-- \/ Yoast SEO Premium plugin. -->","yoast_head_json":{"title":"Covid, 806 nuovi casi con un'et\u00e0 media di 52 anni","description":"I nuovi casi sono lo 0,1% in pi\u00f9 rispetto a ieri. Due i decessi un uomo e una donna aretini con un'et\u00e0 media di 92,5 anni. In calo i ricoveri","robots":{"index":"index","follow":"follow","max-snippet":"max-snippet:-1","max-image-preview":"max-image-preview:large","max-video-preview":"max-video-preview:-1"},"canonical":"https:\/\/www.intoscana.it\/it\/covid-806-nuovi-casi\/","og_locale":"it_IT","og_type":"article","og_title":"Covid, 806 nuovi casi con un'et\u00e0 media di 52 anni","og_description":"I nuovi casi sono lo 0,1% in pi\u00f9 rispetto a ieri. Due i decessi un uomo e una donna aretini con un'et\u00e0 media di 92,5 anni. In calo i ricoveri","og_url":"https:\/\/www.intoscana.it\/it\/covid-806-nuovi-casi\/","og_site_name":"intoscana","article_publisher":"https:\/\/www.facebook.com\/intoscana.it","article_published_time":"2022-09-16T07:53:30+00:00","article_modified_time":"2022-09-16T07:53:49+00:00","og_image":[{"width":1280,"height":853,"url":"https:\/\/www.intoscana.it\/wp-content\/uploads\/Ragazza-con-mascherina-Engin-Akyurt-Pixabay.jpg","type":"image\/jpeg"}],"author":"Redazione","twitter_card":"summary_large_image","twitter_creator":"@intoscana","twitter_site":"@intoscana","twitter_misc":{"Written by":"Redazione","Est. reading time":"3 minuti"},"schema":{"@context":"https:\/\/schema.org","@graph":[{"@type":"WebPage","@id":"https:\/\/www.intoscana.it\/it\/covid-806-nuovi-casi\/","url":"https:\/\/www.intoscana.it\/it\/covid-806-nuovi-casi\/","name":"Covid, 806 nuovi casi con un'et\u00e0 media di 52 anni","isPartOf":{"@id":"https:\/\/www.intoscana.it\/it\/#website"},"primaryImageOfPage":{"@id":"https:\/\/www.intoscana.it\/it\/covid-806-nuovi-casi\/#primaryimage"},"image":{"@id":"https:\/\/www.intoscana.it\/it\/covid-806-nuovi-casi\/#primaryimage"},"thumbnailUrl":"https:\/\/www.intoscana.it\/wp-content\/uploads\/Ragazza-con-mascherina-Engin-Akyurt-Pixabay.jpg","datePublished":"2022-09-16T07:53:30+00:00","dateModified":"2022-09-16T07:53:49+00:00","author":{"@id":"https:\/\/www.intoscana.it\/it\/#\/schema\/person\/9223810753230f20bd670fdd322661f8"},"description":"I nuovi casi sono lo 0,1% in pi\u00f9 rispetto a ieri. Due i decessi un uomo e una donna aretini con un'et\u00e0 media di 92,5 anni. In calo i ricoveri","breadcrumb":{"@id":"https:\/\/www.intoscana.it\/it\/covid-806-nuovi-casi\/#breadcrumb"},"inLanguage":"it-IT","potentialAction":[{"@type":"ReadAction","target":["https:\/\/www.intoscana.it\/it\/covid-806-nuovi-casi\/"]}]},{"@type":"ImageObject","inLanguage":"it-IT","@id":"https:\/\/www.intoscana.it\/it\/covid-806-nuovi-casi\/#primaryimage","url":"https:\/\/www.intoscana.it\/wp-content\/uploads\/Ragazza-con-mascherina-Engin-Akyurt-Pixabay.jpg","contentUrl":"https:\/\/www.intoscana.it\/wp-content\/uploads\/Ragazza-con-mascherina-Engin-Akyurt-Pixabay.jpg","width":1280,"height":853,"caption":"Ragazza con mascherina"},{"@type":"BreadcrumbList","@id":"https:\/\/www.intoscana.it\/it\/covid-806-nuovi-casi\/#breadcrumb","itemListElement":[{"@type":"ListItem","position":1,"name":"Home","item":"https:\/\/www.intoscana.it\/it\/"},{"@type":"ListItem","position":2,"name":"Covid, 806 nuovi casi con un&#8217;et\u00e0 media di 52 anni"}]},{"@type":"WebSite","@id":"https:\/\/www.intoscana.it\/it\/#website","url":"https:\/\/www.intoscana.it\/it\/","name":"intoscana","description":"","potentialAction":[{"@type":"SearchAction","target":{"@type":"EntryPoint","urlTemplate":"https:\/\/www.intoscana.it\/it\/?s={search_term_string}"},"query-input":{"@type":"PropertyValueSpecification","valueRequired":true,"valueName":"search_term_string"}}],"inLanguage":"it-IT"},{"@type":"Person","@id":"https:\/\/www.intoscana.it\/it\/#\/schema\/person\/9223810753230f20bd670fdd322661f8","name":"Redazione","url":"https:\/\/www.intoscana.it\/it\/author\/redazione\/"}]}},"_links":{"self":[{"href":"https:\/\/www.intoscana.it\/it\/wp-json\/wp\/v2\/posts\/247934","targetHints":{"allow":["GET"]}}],"collection":[{"href":"https:\/\/www.intoscana.it\/it\/wp-json\/wp\/v2\/posts"}],"about":[{"href":"https:\/\/www.intoscana.it\/it\/wp-json\/wp\/v2\/types\/post"}],"author":[{"embeddable":true,"href":"https:\/\/www.intoscana.it\/it\/wp-json\/wp\/v2\/users\/525"}],"replies":[{"embeddable":true,"href":"https:\/\/www.intoscana.it\/it\/wp-json\/wp\/v2\/comments?post=247934"}],"version-history":[{"count":0,"href":"https:\/\/www.intoscana.it\/it\/wp-json\/wp\/v2\/posts\/247934\/revisions"}],"wp:featuredmedia":[{"embeddable":true,"href":"https:\/\/www.intoscana.it\/it\/wp-json\/wp\/v2\/media\/168194"}],"wp:attachment":[{"href":"https:\/\/www.intoscana.it\/it\/wp-json\/wp\/v2\/media?parent=247934"}],"wp:term":[{"taxonomy":"category","embeddable":true,"href":"https:\/\/www.intoscana.it\/it\/wp-json\/wp\/v2\/categories?post=247934"},{"taxonomy":"post_tag","embeddable":true,"href":"https:\/\/www.intoscana.it\/it\/wp-json\/wp\/v2\/tags?post=247934"}],"curies":[{"name":"wp","href":"https:\/\/api.w.org\/{rel}","templated":true}]}}