{"id":248128,"date":"2022-09-17T09:44:00","date_gmt":"2022-09-17T07:44:00","guid":{"rendered":"https:\/\/www.intoscana.it\/it\/?p=248128"},"modified":"2022-09-17T10:04:59","modified_gmt":"2022-09-17T08:04:59","slug":"riapre-il-tenax-nuova-vita-per-il-tempio-della-musica-dance-a-firenze","status":"publish","type":"post","link":"https:\/\/www.intoscana.it\/it\/riapre-il-tenax-nuova-vita-per-il-tempio-della-musica-dance-a-firenze\/","title":{"rendered":"Riapre il Tenax: nuova vita per il tempio della musica dance a Firenze"},"content":{"rendered":"<p><strong>Sabato 17 settembre<\/strong>\u00a0si riaprono le porte del<strong> Tenax la storica storica discoteca fiorentina<\/strong>, che nella scorsa stagione, dopo tanti \u201cstop and go\u201d, ha festeggiato i suoi <strong>40 anni di vita.<\/strong><\/p>\n<p>Una ripartenza nel segno della qualit\u00e0 con <em><strong>Nobody&#8217;s Perfect,<\/strong><\/em> una delle serata pi\u00f9 longeve e pi\u00f9 rinomate del club.<\/p>\n<p>Tra gli ospiti della grande festa di riapertura<strong> il californiano Gene On Earth,<\/strong> vero riferimento dell&#8217;attuale scena underground mondiale grazie ai suoi djset trascinanti e alle sue produzioni ricercate.<\/p>\n<p>Come da tradizione gli onori di inizio stagione saranno a cura del <strong>padrone di casa Alex Neri,<\/strong> accompagnato dal <strong>resident Cole.<\/strong><\/p>\n<p>Novit\u00e0 della<strong> stagione 2022-2023<\/strong> in autunno inoltrato, grazie alla collaborazione con <strong>Kashmir Music,<\/strong> ripartiranno anche gli appuntamenti con la<strong> musica dal vivo<\/strong>, fiore all&#8217;occhiello degli anni gloriosi del<strong> Tenax.<\/strong><\/p>\n<p><em>\u201cQuest&#8217;anno vista l&#8217;attuale congiuntura torneremo ancora di pi\u00f9 a fare ricerca e clubbling\u201d \u2013 <\/em><strong>dichiarano gli organizzatori <\/strong><em>\u2013 \u201cgli artisti che suonavano da noi anni fa sono ormai mainstream e si stanno orientando verso un suono commerciale, proprio per questo motivo sentiamo ancora pi\u00f9 il bisogno di fare ricerca e di tornare ancora di pi\u00f9 a fare quello che il\u00a0Tenax\u00a0ha sempre fatto, proposta\u201d.<\/em><\/p>\n<figure id=\"post-248083 media-248083\" class=\"align-none\"><img decoding=\"async\" src=\"https:\/\/www.intoscana.it\/wp-content\/uploads\/ALEX-Neri-2-1.jpg\" alt=\"\" \/><\/figure>\n<div class=\"titleimg\"><em>Alex Neri<\/em><\/div>\n<p>Il titolo scelto per la nuova stagione del<strong> Tenax<\/strong> \u00e8<em><strong> &#8220;Next Wave&#8221;.<\/strong><\/em><\/p>\n<p>Stiamo vivendo in un periodo tumultuoso e oscuro tra pandemia e guerra e<strong>\u00a0le nuove generazioni sono strette nella morsa dell\u2019insofferenza e della sfiducia nel futuro<\/strong> che trova per\u00f2 il suo sfogo in<strong> un disperato bisogno di cambiamento.<\/strong><\/p>\n<p><strong>Per il Tenax inizia l\u2019anno zero,<\/strong> un nuovo percorso all\u2019insegna di <strong>nuove ispirazioni e nuove sperimentazioni.<\/strong><\/p>\n<p><em>&#8220;\u00c8 il momento giusto per avanzare mano nella mano con la Face Down Generation e aiutarla a rialzare la testa, perch\u00e9 torni a vivere in prima persona le proprie emozioni. Qui e ora. Un sogno ad occhi aperti, ma all\u2019insegna dell\u2019autenticit\u00e0.&#8221;<\/em> dicono gli organizzatori.<\/p>\n<h3>Il Tenax Theatre in collaborazione con Fabbrica Europa<\/h3>\n<p>Sempre sul fronte della sperimentazione \u00e8 importante citare il rilancio di<strong> Tenax Theatre,<\/strong> grazie alla collaborazione con <a href=\"https:\/\/www.intoscana.it\/it\/articolo\/fabbrica-europa-2022\/\" target=\"_blank\" rel=\"noopener\"><strong>Fabbrica Europa<\/strong><\/a> che porta in discoteca uno degli eventi del nuovo progetto<em><strong> \u201cOltre le mura &#8211; Beyond the walls\u201d,<\/strong> <\/em>nell\u2019ambito di Autunno Fiorentino.<\/p>\n<p>Il progetto prevede <strong>performance, percorsi formativi, laboratori, mostre e incontri<\/strong> volti a valorizzare il patrimonio culturale, in varie location del territorio a partire dal 25 ottobre.<\/p>\n<p><strong>Azioni performative di livello internazionale e territoriale,<\/strong> intorno ai concetti di corpo, suono, ambiente, comunit\u00e0, animano alcuni contesti periferici per tracciare una mappa in cui la complessit\u00e0 dei segni metropolitani apre alla scoperta di nuove ritualit\u00e0 contemporanee.<\/p>\n<figure id=\"post-248085 media-248085\" class=\"align-none\"><img decoding=\"async\" src=\"https:\/\/www.intoscana.it\/wp-content\/uploads\/Tenax-immagine-di-repertorio-Fabrizio-Azzarri-Ultrapulp-Studio-rid-1.jpg\" alt=\"\" \/><\/figure>\n<div class=\"titleimg\">Tenax immagine di repertorio \u2013 Fabrizio Azzarri \u2013 Ultrapulp Studio rid<\/div>\n","protected":false},"excerpt":{"rendered":"<p>Sabato 17 settembre si apre la 41esima stagione del celebre locale fiorentino con tanta attenzione alla scena underground nazionale e internazionale, i nomi gi\u00e0 collaudati e la ricerca e valorizzazione dei nuovi talenti<\/p>\n","protected":false},"author":525,"featured_media":248086,"comment_status":"open","ping_status":"open","sticky":false,"template":"","format":"standard","meta":{"_acf_changed":false,"footnotes":""},"categories":[14],"tags":[216,4497,202],"class_list":["post-248128","post","type-post","status-publish","format-standard","has-post-thumbnail","hentry","category-musica","tag-concerti","tag-fabbrica-europa","tag-firenze"],"acf":[],"yoast_head":"<!-- This site is optimized with the Yoast SEO Premium plugin v24.2 (Yoast SEO v25.6) - https:\/\/yoast.com\/wordpress\/plugins\/seo\/ -->\n<title>Riapre il Tenax: nuova vita per il tempio della musica dance a Firenze - intoscana<\/title>\n<meta name=\"description\" content=\"Sabato 17 settembre si apre la 41esima stagione con tanta attenzione alla scena underground nazionale e internazionale\" \/>\n<meta name=\"robots\" content=\"index, follow, max-snippet:-1, max-image-preview:large, max-video-preview:-1\" \/>\n<link rel=\"canonical\" href=\"https:\/\/www.intoscana.it\/it\/riapre-il-tenax-nuova-vita-per-il-tempio-della-musica-dance-a-firenze\/\" \/>\n<meta property=\"og:locale\" content=\"it_IT\" \/>\n<meta property=\"og:type\" content=\"article\" \/>\n<meta property=\"og:title\" content=\"Riapre il Tenax: nuova vita per il tempio della musica dance a Firenze\" \/>\n<meta property=\"og:description\" content=\"Sabato 17 settembre si apre la 41esima stagione con tanta attenzione alla scena underground nazionale e internazionale\" \/>\n<meta property=\"og:url\" content=\"https:\/\/www.intoscana.it\/it\/riapre-il-tenax-nuova-vita-per-il-tempio-della-musica-dance-a-firenze\/\" \/>\n<meta property=\"og:site_name\" content=\"intoscana\" \/>\n<meta property=\"article:publisher\" content=\"https:\/\/www.facebook.com\/intoscana.it\" \/>\n<meta property=\"article:published_time\" content=\"2022-09-17T07:44:00+00:00\" \/>\n<meta property=\"article:modified_time\" content=\"2022-09-17T08:04:59+00:00\" \/>\n<meta property=\"og:image\" content=\"https:\/\/www.intoscana.it\/wp-content\/uploads\/Tenax-Immagine-di-Repertorio-1.jpg\" \/>\n\t<meta property=\"og:image:width\" content=\"1000\" \/>\n\t<meta property=\"og:image:height\" content=\"666\" \/>\n\t<meta property=\"og:image:type\" content=\"image\/jpeg\" \/>\n<meta name=\"author\" content=\"Redazione\" \/>\n<meta name=\"twitter:card\" content=\"summary_large_image\" \/>\n<meta name=\"twitter:creator\" content=\"@intoscana\" \/>\n<meta name=\"twitter:site\" content=\"@intoscana\" \/>\n<meta name=\"twitter:label1\" content=\"Written by\" \/>\n\t<meta name=\"twitter:data1\" content=\"Redazione\" \/>\n\t<meta name=\"twitter:label2\" content=\"Est. reading time\" \/>\n\t<meta name=\"twitter:data2\" content=\"2 minuti\" \/>\n<script type=\"application\/ld+json\" class=\"yoast-schema-graph\">{\"@context\":\"https:\/\/schema.org\",\"@graph\":[{\"@type\":\"WebPage\",\"@id\":\"https:\/\/www.intoscana.it\/it\/riapre-il-tenax-nuova-vita-per-il-tempio-della-musica-dance-a-firenze\/\",\"url\":\"https:\/\/www.intoscana.it\/it\/riapre-il-tenax-nuova-vita-per-il-tempio-della-musica-dance-a-firenze\/\",\"name\":\"Riapre il Tenax: nuova vita per il tempio della musica dance a Firenze - intoscana\",\"isPartOf\":{\"@id\":\"https:\/\/www.intoscana.it\/it\/#website\"},\"primaryImageOfPage\":{\"@id\":\"https:\/\/www.intoscana.it\/it\/riapre-il-tenax-nuova-vita-per-il-tempio-della-musica-dance-a-firenze\/#primaryimage\"},\"image\":{\"@id\":\"https:\/\/www.intoscana.it\/it\/riapre-il-tenax-nuova-vita-per-il-tempio-della-musica-dance-a-firenze\/#primaryimage\"},\"thumbnailUrl\":\"https:\/\/www.intoscana.it\/wp-content\/uploads\/Tenax-Immagine-di-Repertorio-1.jpg\",\"datePublished\":\"2022-09-17T07:44:00+00:00\",\"dateModified\":\"2022-09-17T08:04:59+00:00\",\"author\":{\"@id\":\"https:\/\/www.intoscana.it\/it\/#\/schema\/person\/9223810753230f20bd670fdd322661f8\"},\"description\":\"Sabato 17 settembre si apre la 41esima stagione con tanta attenzione alla scena underground nazionale e internazionale\",\"breadcrumb\":{\"@id\":\"https:\/\/www.intoscana.it\/it\/riapre-il-tenax-nuova-vita-per-il-tempio-della-musica-dance-a-firenze\/#breadcrumb\"},\"inLanguage\":\"it-IT\",\"potentialAction\":[{\"@type\":\"ReadAction\",\"target\":[\"https:\/\/www.intoscana.it\/it\/riapre-il-tenax-nuova-vita-per-il-tempio-della-musica-dance-a-firenze\/\"]}]},{\"@type\":\"ImageObject\",\"inLanguage\":\"it-IT\",\"@id\":\"https:\/\/www.intoscana.it\/it\/riapre-il-tenax-nuova-vita-per-il-tempio-della-musica-dance-a-firenze\/#primaryimage\",\"url\":\"https:\/\/www.intoscana.it\/wp-content\/uploads\/Tenax-Immagine-di-Repertorio-1.jpg\",\"contentUrl\":\"https:\/\/www.intoscana.it\/wp-content\/uploads\/Tenax-Immagine-di-Repertorio-1.jpg\",\"width\":1000,\"height\":666},{\"@type\":\"BreadcrumbList\",\"@id\":\"https:\/\/www.intoscana.it\/it\/riapre-il-tenax-nuova-vita-per-il-tempio-della-musica-dance-a-firenze\/#breadcrumb\",\"itemListElement\":[{\"@type\":\"ListItem\",\"position\":1,\"name\":\"Home\",\"item\":\"https:\/\/www.intoscana.it\/it\/\"},{\"@type\":\"ListItem\",\"position\":2,\"name\":\"Riapre il Tenax: nuova vita per il tempio della musica dance a Firenze\"}]},{\"@type\":\"WebSite\",\"@id\":\"https:\/\/www.intoscana.it\/it\/#website\",\"url\":\"https:\/\/www.intoscana.it\/it\/\",\"name\":\"intoscana\",\"description\":\"\",\"potentialAction\":[{\"@type\":\"SearchAction\",\"target\":{\"@type\":\"EntryPoint\",\"urlTemplate\":\"https:\/\/www.intoscana.it\/it\/?s={search_term_string}\"},\"query-input\":{\"@type\":\"PropertyValueSpecification\",\"valueRequired\":true,\"valueName\":\"search_term_string\"}}],\"inLanguage\":\"it-IT\"},{\"@type\":\"Person\",\"@id\":\"https:\/\/www.intoscana.it\/it\/#\/schema\/person\/9223810753230f20bd670fdd322661f8\",\"name\":\"Redazione\",\"url\":\"https:\/\/www.intoscana.it\/it\/author\/redazione\/\"}]}<\/script>\n<!-- \/ Yoast SEO Premium plugin. -->","yoast_head_json":{"title":"Riapre il Tenax: nuova vita per il tempio della musica dance a Firenze - intoscana","description":"Sabato 17 settembre si apre la 41esima stagione con tanta attenzione alla scena underground nazionale e internazionale","robots":{"index":"index","follow":"follow","max-snippet":"max-snippet:-1","max-image-preview":"max-image-preview:large","max-video-preview":"max-video-preview:-1"},"canonical":"https:\/\/www.intoscana.it\/it\/riapre-il-tenax-nuova-vita-per-il-tempio-della-musica-dance-a-firenze\/","og_locale":"it_IT","og_type":"article","og_title":"Riapre il Tenax: nuova vita per il tempio della musica dance a Firenze","og_description":"Sabato 17 settembre si apre la 41esima stagione con tanta attenzione alla scena underground nazionale e internazionale","og_url":"https:\/\/www.intoscana.it\/it\/riapre-il-tenax-nuova-vita-per-il-tempio-della-musica-dance-a-firenze\/","og_site_name":"intoscana","article_publisher":"https:\/\/www.facebook.com\/intoscana.it","article_published_time":"2022-09-17T07:44:00+00:00","article_modified_time":"2022-09-17T08:04:59+00:00","og_image":[{"width":1000,"height":666,"url":"https:\/\/www.intoscana.it\/wp-content\/uploads\/Tenax-Immagine-di-Repertorio-1.jpg","type":"image\/jpeg"}],"author":"Redazione","twitter_card":"summary_large_image","twitter_creator":"@intoscana","twitter_site":"@intoscana","twitter_misc":{"Written by":"Redazione","Est. reading time":"2 minuti"},"schema":{"@context":"https:\/\/schema.org","@graph":[{"@type":"WebPage","@id":"https:\/\/www.intoscana.it\/it\/riapre-il-tenax-nuova-vita-per-il-tempio-della-musica-dance-a-firenze\/","url":"https:\/\/www.intoscana.it\/it\/riapre-il-tenax-nuova-vita-per-il-tempio-della-musica-dance-a-firenze\/","name":"Riapre il Tenax: nuova vita per il tempio della musica dance a Firenze - intoscana","isPartOf":{"@id":"https:\/\/www.intoscana.it\/it\/#website"},"primaryImageOfPage":{"@id":"https:\/\/www.intoscana.it\/it\/riapre-il-tenax-nuova-vita-per-il-tempio-della-musica-dance-a-firenze\/#primaryimage"},"image":{"@id":"https:\/\/www.intoscana.it\/it\/riapre-il-tenax-nuova-vita-per-il-tempio-della-musica-dance-a-firenze\/#primaryimage"},"thumbnailUrl":"https:\/\/www.intoscana.it\/wp-content\/uploads\/Tenax-Immagine-di-Repertorio-1.jpg","datePublished":"2022-09-17T07:44:00+00:00","dateModified":"2022-09-17T08:04:59+00:00","author":{"@id":"https:\/\/www.intoscana.it\/it\/#\/schema\/person\/9223810753230f20bd670fdd322661f8"},"description":"Sabato 17 settembre si apre la 41esima stagione con tanta attenzione alla scena underground nazionale e internazionale","breadcrumb":{"@id":"https:\/\/www.intoscana.it\/it\/riapre-il-tenax-nuova-vita-per-il-tempio-della-musica-dance-a-firenze\/#breadcrumb"},"inLanguage":"it-IT","potentialAction":[{"@type":"ReadAction","target":["https:\/\/www.intoscana.it\/it\/riapre-il-tenax-nuova-vita-per-il-tempio-della-musica-dance-a-firenze\/"]}]},{"@type":"ImageObject","inLanguage":"it-IT","@id":"https:\/\/www.intoscana.it\/it\/riapre-il-tenax-nuova-vita-per-il-tempio-della-musica-dance-a-firenze\/#primaryimage","url":"https:\/\/www.intoscana.it\/wp-content\/uploads\/Tenax-Immagine-di-Repertorio-1.jpg","contentUrl":"https:\/\/www.intoscana.it\/wp-content\/uploads\/Tenax-Immagine-di-Repertorio-1.jpg","width":1000,"height":666},{"@type":"BreadcrumbList","@id":"https:\/\/www.intoscana.it\/it\/riapre-il-tenax-nuova-vita-per-il-tempio-della-musica-dance-a-firenze\/#breadcrumb","itemListElement":[{"@type":"ListItem","position":1,"name":"Home","item":"https:\/\/www.intoscana.it\/it\/"},{"@type":"ListItem","position":2,"name":"Riapre il Tenax: nuova vita per il tempio della musica dance a Firenze"}]},{"@type":"WebSite","@id":"https:\/\/www.intoscana.it\/it\/#website","url":"https:\/\/www.intoscana.it\/it\/","name":"intoscana","description":"","potentialAction":[{"@type":"SearchAction","target":{"@type":"EntryPoint","urlTemplate":"https:\/\/www.intoscana.it\/it\/?s={search_term_string}"},"query-input":{"@type":"PropertyValueSpecification","valueRequired":true,"valueName":"search_term_string"}}],"inLanguage":"it-IT"},{"@type":"Person","@id":"https:\/\/www.intoscana.it\/it\/#\/schema\/person\/9223810753230f20bd670fdd322661f8","name":"Redazione","url":"https:\/\/www.intoscana.it\/it\/author\/redazione\/"}]}},"_links":{"self":[{"href":"https:\/\/www.intoscana.it\/it\/wp-json\/wp\/v2\/posts\/248128","targetHints":{"allow":["GET"]}}],"collection":[{"href":"https:\/\/www.intoscana.it\/it\/wp-json\/wp\/v2\/posts"}],"about":[{"href":"https:\/\/www.intoscana.it\/it\/wp-json\/wp\/v2\/types\/post"}],"author":[{"embeddable":true,"href":"https:\/\/www.intoscana.it\/it\/wp-json\/wp\/v2\/users\/525"}],"replies":[{"embeddable":true,"href":"https:\/\/www.intoscana.it\/it\/wp-json\/wp\/v2\/comments?post=248128"}],"version-history":[{"count":0,"href":"https:\/\/www.intoscana.it\/it\/wp-json\/wp\/v2\/posts\/248128\/revisions"}],"wp:featuredmedia":[{"embeddable":true,"href":"https:\/\/www.intoscana.it\/it\/wp-json\/wp\/v2\/media\/248086"}],"wp:attachment":[{"href":"https:\/\/www.intoscana.it\/it\/wp-json\/wp\/v2\/media?parent=248128"}],"wp:term":[{"taxonomy":"category","embeddable":true,"href":"https:\/\/www.intoscana.it\/it\/wp-json\/wp\/v2\/categories?post=248128"},{"taxonomy":"post_tag","embeddable":true,"href":"https:\/\/www.intoscana.it\/it\/wp-json\/wp\/v2\/tags?post=248128"}],"curies":[{"name":"wp","href":"https:\/\/api.w.org\/{rel}","templated":true}]}}