{"id":248142,"date":"2022-09-17T13:44:24","date_gmt":"2022-09-17T11:44:24","guid":{"rendered":"https:\/\/www.intoscana.it\/it\/?p=248142"},"modified":"2022-09-17T14:35:16","modified_gmt":"2022-09-17T12:35:16","slug":"trentesima-edizione-di-puliamo-il-mondo-in-toscana-per-un-clima-di-pace","status":"publish","type":"post","link":"https:\/\/www.intoscana.it\/it\/trentesima-edizione-di-puliamo-il-mondo-in-toscana-per-un-clima-di-pace\/","title":{"rendered":"Trentesima edizione di &#8220;Puliamo il mondo&#8221; in Toscana: per un clima di pace"},"content":{"rendered":"<p>Ricorre quest\u2019anno la trentesima edizione di &#8220;<strong>Puliamo il Mondo&#8221;.\u00a0<\/strong>L&#8217;iniziativa <strong>nata spontaneamente nel 1993<\/strong> si svolge ogni anno\u00a0grazie all\u2019impegno di<strong> Legambiente<\/strong> e la collaborazione di <strong>associazioni, scuole, aziende, comitati e amministrazioni locali.<\/strong><\/p>\n<p>La <strong>Toscana \u00e8 la regione che pu\u00f2 vantare pi\u00f9 volontari attivi<\/strong> in confronto alle altre.<\/p>\n<p>L&#8217;anno scorso sono stati <strong>350 mila i partecipanti coinvolti in tutta Italia,<\/strong> 1000 le citt\u00e0 e<strong> 3000 le aree ripulite dai rifiuti.<\/strong><\/p>\n<p>Le date ufficiali dell\u2019iniziativa quest&#8217;anno, posticipate a causa delle elezioni, sono <strong>30 settembre, 1, 2 ottobre 2022,<\/strong> durante le quali si svolgeranno tantissimi eventi in tantissimi Comuni della <strong>Toscana,<\/strong> ma ci saranno<strong> iniziative per tutto il mese di ottobre e anche oltre.<\/strong><\/p>\n<p>Grazie a <strong>Puliamo il Mondo<\/strong> vengono liberate dai rifiuti e dall&#8217;incuria<strong> i parchi, i giardini, le strade, le piazze, i fiumi e le spiagge<\/strong> di molte citt\u00e0 e non solo.<\/p>\n<p>Obiettivo dell&#8217;iniziativa \u00e8:<strong> riappropriarsi e riqualificare spazi pubblici<\/strong> restituendoli agli abitanti in un clima di dialogo e inclusione delle frange pi\u00f9 emarginate della popolazione.<\/p>\n<p><em>&#8220;Oggi pi\u00f9 che mai &#8211;<\/em> <strong>dicono gli organizzatori<\/strong> &#8211;<em> \u00e8 necessario dimostrare come le comunit\u00e0 siano fautrici di una societ\u00e0 che promuove la pace e il rispetto della diversit\u00e0, rifiutando la guerra, ogni forma di violenza, di odio e discriminazione; per questa ragione il messaggio della trentesima edizione di<strong> Puliamo il Mondo<\/strong> \u00e8 \u201c<strong>Per un clima di pace\u201d.<\/strong><\/em><\/p>\n<p><strong>Il presidente della Regione Toscana<\/strong> ha espresso la sua soddisfazione per l&#8217;iniziativa e <strong>ha ringraziato Legambiente<\/strong> per la sua attivit\u00e0 di <strong>tutela ambientale <\/strong>sul territorio in una prospettiva di contrasto ai <strong>cambiamenti climatici, per l&#8217;economia circolare e le energie rinnovabili.<\/strong><\/p>\n<figure id=\"post-248079 media-248079\" class=\"align-none\"><img decoding=\"async\" src=\"https:\/\/www.intoscana.it\/wp-content\/uploads\/iniziativa02-1024x1024-1.jpg\" alt=\"\" \/><\/figure>\n<h3>Clean up the World<\/h3>\n<p><strong>Puliamo il Mondo<\/strong> \u00e8 l&#8217;edizione italiana di <em><strong>Clean up the World<\/strong><\/em>, un\u2019<strong>iniziativa mondiale di volontariato <\/strong>attiva nella nostra nazione<strong> da ormai 30 anni.<\/strong><\/p>\n<p>Si tratta di un\u2019iniziativa di <strong>cura e di pulizia<\/strong>, un\u2019azione allo stesso tempo <strong>concreta e simbolica<\/strong> per rendere le\u00a0<strong>citt\u00e0 pi\u00f9 pulite e vivibili.<\/strong><\/p>\n<p>Gli obiettivi di <strong>Puliamo il Mondo<\/strong> sono gli stessi di <strong>Legambiente<\/strong>: la protezione e la salvaguardia della natura, riappropriarsi del territorio, <strong>sviluppare un cambiamento degli atteggiamenti dell\u2019uomo verso l\u2019ambiente.<\/strong><\/p>\n<p><strong>Se vuoi partecipare anche tu visita:<\/strong> <a href=\"https:\/\/puliamoilmondo.it\/liniziativa\/\" target=\"_blank\" rel=\"noopener\"><strong>https:\/\/puliamoilmondo.it\/<\/strong><\/a><\/p>\n<figure id=\"post-248072 media-248072\" class=\"align-none\"><img decoding=\"async\" src=\"https:\/\/www.intoscana.it\/wp-content\/uploads\/banner-sito_PIM22_1920x1080-2-1370x780-1.jpg\" alt=\"\" \/><\/figure>\n<div class=\"titleimg\"><\/div>\n","protected":false},"excerpt":{"rendered":"<p>L&#8217;edizione 2022 della campagna di volontariato ambientale si volger\u00e0 il 30 settembre e l&#8217;1, 2 ottobre all&#8217;insegna della giustizia sociale e climatica per riqualificare i territori<\/p>\n","protected":false},"author":518,"featured_media":248073,"comment_status":"open","ping_status":"open","sticky":false,"template":"","format":"standard","meta":{"_acf_changed":false,"footnotes":""},"categories":[19],"tags":[221,4601,354,151],"class_list":["post-248142","post","type-post","status-publish","format-standard","has-post-thumbnail","hentry","category-ambiente","tag-giovani","tag-green","tag-legambiente","tag-regione-toscana"],"acf":[],"yoast_head":"<!-- This site is optimized with the Yoast SEO Premium plugin v24.2 (Yoast SEO v25.6) - https:\/\/yoast.com\/wordpress\/plugins\/seo\/ -->\n<title>Trentesima edizione di &quot;Puliamo il mondo&quot; in Toscana: per un clima di pace - intoscana<\/title>\n<meta name=\"description\" content=\"L&#039;edizione 2022 si volger\u00e0 il 30 settembre e l&#039;1, 2 ottobre 2022 all&#039;insegna della giustizia sociale e climatica\" \/>\n<meta name=\"robots\" content=\"index, follow, max-snippet:-1, max-image-preview:large, max-video-preview:-1\" \/>\n<link rel=\"canonical\" href=\"https:\/\/www.intoscana.it\/it\/trentesima-edizione-di-puliamo-il-mondo-in-toscana-per-un-clima-di-pace\/\" \/>\n<meta property=\"og:locale\" content=\"it_IT\" \/>\n<meta property=\"og:type\" content=\"article\" \/>\n<meta property=\"og:title\" content=\"Trentesima edizione di &quot;Puliamo il mondo&quot; in Toscana: per un clima di pace\" \/>\n<meta property=\"og:description\" content=\"L&#039;edizione 2022 si volger\u00e0 il 30 settembre e l&#039;1, 2 ottobre 2022 all&#039;insegna della giustizia sociale e climatica\" \/>\n<meta property=\"og:url\" content=\"https:\/\/www.intoscana.it\/it\/trentesima-edizione-di-puliamo-il-mondo-in-toscana-per-un-clima-di-pace\/\" \/>\n<meta property=\"og:site_name\" content=\"intoscana\" \/>\n<meta property=\"article:publisher\" content=\"https:\/\/www.facebook.com\/intoscana.it\" \/>\n<meta property=\"article:published_time\" content=\"2022-09-17T11:44:24+00:00\" \/>\n<meta property=\"article:modified_time\" content=\"2022-09-17T12:35:16+00:00\" \/>\n<meta property=\"og:image\" content=\"https:\/\/www.intoscana.it\/wp-content\/uploads\/cattura-54.jpg\" \/>\n\t<meta property=\"og:image:width\" content=\"700\" \/>\n\t<meta property=\"og:image:height\" content=\"511\" \/>\n\t<meta property=\"og:image:type\" content=\"image\/jpeg\" \/>\n<meta name=\"author\" content=\"Costanza Baldini\" \/>\n<meta name=\"twitter:card\" content=\"summary_large_image\" \/>\n<meta name=\"twitter:creator\" content=\"@intoscana\" \/>\n<meta name=\"twitter:site\" content=\"@intoscana\" \/>\n<meta name=\"twitter:label1\" content=\"Written by\" \/>\n\t<meta name=\"twitter:data1\" content=\"Costanza Baldini\" \/>\n\t<meta name=\"twitter:label2\" content=\"Est. reading time\" \/>\n\t<meta name=\"twitter:data2\" content=\"2 minuti\" \/>\n<script type=\"application\/ld+json\" class=\"yoast-schema-graph\">{\"@context\":\"https:\/\/schema.org\",\"@graph\":[{\"@type\":\"WebPage\",\"@id\":\"https:\/\/www.intoscana.it\/it\/trentesima-edizione-di-puliamo-il-mondo-in-toscana-per-un-clima-di-pace\/\",\"url\":\"https:\/\/www.intoscana.it\/it\/trentesima-edizione-di-puliamo-il-mondo-in-toscana-per-un-clima-di-pace\/\",\"name\":\"Trentesima edizione di \\\"Puliamo il mondo\\\" in Toscana: per un clima di pace - intoscana\",\"isPartOf\":{\"@id\":\"https:\/\/www.intoscana.it\/it\/#website\"},\"primaryImageOfPage\":{\"@id\":\"https:\/\/www.intoscana.it\/it\/trentesima-edizione-di-puliamo-il-mondo-in-toscana-per-un-clima-di-pace\/#primaryimage\"},\"image\":{\"@id\":\"https:\/\/www.intoscana.it\/it\/trentesima-edizione-di-puliamo-il-mondo-in-toscana-per-un-clima-di-pace\/#primaryimage\"},\"thumbnailUrl\":\"https:\/\/www.intoscana.it\/wp-content\/uploads\/cattura-54.jpg\",\"datePublished\":\"2022-09-17T11:44:24+00:00\",\"dateModified\":\"2022-09-17T12:35:16+00:00\",\"author\":{\"@id\":\"https:\/\/www.intoscana.it\/it\/#\/schema\/person\/d469f35f09739bdf00bf5dd3f0647a82\"},\"description\":\"L'edizione 2022 si volger\u00e0 il 30 settembre e l'1, 2 ottobre 2022 all'insegna della giustizia sociale e climatica\",\"breadcrumb\":{\"@id\":\"https:\/\/www.intoscana.it\/it\/trentesima-edizione-di-puliamo-il-mondo-in-toscana-per-un-clima-di-pace\/#breadcrumb\"},\"inLanguage\":\"it-IT\",\"potentialAction\":[{\"@type\":\"ReadAction\",\"target\":[\"https:\/\/www.intoscana.it\/it\/trentesima-edizione-di-puliamo-il-mondo-in-toscana-per-un-clima-di-pace\/\"]}]},{\"@type\":\"ImageObject\",\"inLanguage\":\"it-IT\",\"@id\":\"https:\/\/www.intoscana.it\/it\/trentesima-edizione-di-puliamo-il-mondo-in-toscana-per-un-clima-di-pace\/#primaryimage\",\"url\":\"https:\/\/www.intoscana.it\/wp-content\/uploads\/cattura-54.jpg\",\"contentUrl\":\"https:\/\/www.intoscana.it\/wp-content\/uploads\/cattura-54.jpg\",\"width\":700,\"height\":511,\"caption\":\"I volontari di Puliamo il Mondo\"},{\"@type\":\"BreadcrumbList\",\"@id\":\"https:\/\/www.intoscana.it\/it\/trentesima-edizione-di-puliamo-il-mondo-in-toscana-per-un-clima-di-pace\/#breadcrumb\",\"itemListElement\":[{\"@type\":\"ListItem\",\"position\":1,\"name\":\"Home\",\"item\":\"https:\/\/www.intoscana.it\/it\/\"},{\"@type\":\"ListItem\",\"position\":2,\"name\":\"Trentesima edizione di &#8220;Puliamo il mondo&#8221; in Toscana: per un clima di pace\"}]},{\"@type\":\"WebSite\",\"@id\":\"https:\/\/www.intoscana.it\/it\/#website\",\"url\":\"https:\/\/www.intoscana.it\/it\/\",\"name\":\"intoscana\",\"description\":\"\",\"potentialAction\":[{\"@type\":\"SearchAction\",\"target\":{\"@type\":\"EntryPoint\",\"urlTemplate\":\"https:\/\/www.intoscana.it\/it\/?s={search_term_string}\"},\"query-input\":{\"@type\":\"PropertyValueSpecification\",\"valueRequired\":true,\"valueName\":\"search_term_string\"}}],\"inLanguage\":\"it-IT\"},{\"@type\":\"Person\",\"@id\":\"https:\/\/www.intoscana.it\/it\/#\/schema\/person\/d469f35f09739bdf00bf5dd3f0647a82\",\"name\":\"Costanza Baldini\",\"url\":\"https:\/\/www.intoscana.it\/it\/author\/costanza-baldini\/\"}]}<\/script>\n<!-- \/ Yoast SEO Premium plugin. -->","yoast_head_json":{"title":"Trentesima edizione di \"Puliamo il mondo\" in Toscana: per un clima di pace - intoscana","description":"L'edizione 2022 si volger\u00e0 il 30 settembre e l'1, 2 ottobre 2022 all'insegna della giustizia sociale e climatica","robots":{"index":"index","follow":"follow","max-snippet":"max-snippet:-1","max-image-preview":"max-image-preview:large","max-video-preview":"max-video-preview:-1"},"canonical":"https:\/\/www.intoscana.it\/it\/trentesima-edizione-di-puliamo-il-mondo-in-toscana-per-un-clima-di-pace\/","og_locale":"it_IT","og_type":"article","og_title":"Trentesima edizione di \"Puliamo il mondo\" in Toscana: per un clima di pace","og_description":"L'edizione 2022 si volger\u00e0 il 30 settembre e l'1, 2 ottobre 2022 all'insegna della giustizia sociale e climatica","og_url":"https:\/\/www.intoscana.it\/it\/trentesima-edizione-di-puliamo-il-mondo-in-toscana-per-un-clima-di-pace\/","og_site_name":"intoscana","article_publisher":"https:\/\/www.facebook.com\/intoscana.it","article_published_time":"2022-09-17T11:44:24+00:00","article_modified_time":"2022-09-17T12:35:16+00:00","og_image":[{"width":700,"height":511,"url":"https:\/\/www.intoscana.it\/wp-content\/uploads\/cattura-54.jpg","type":"image\/jpeg"}],"author":"Costanza Baldini","twitter_card":"summary_large_image","twitter_creator":"@intoscana","twitter_site":"@intoscana","twitter_misc":{"Written by":"Costanza Baldini","Est. reading time":"2 minuti"},"schema":{"@context":"https:\/\/schema.org","@graph":[{"@type":"WebPage","@id":"https:\/\/www.intoscana.it\/it\/trentesima-edizione-di-puliamo-il-mondo-in-toscana-per-un-clima-di-pace\/","url":"https:\/\/www.intoscana.it\/it\/trentesima-edizione-di-puliamo-il-mondo-in-toscana-per-un-clima-di-pace\/","name":"Trentesima edizione di \"Puliamo il mondo\" in Toscana: per un clima di pace - intoscana","isPartOf":{"@id":"https:\/\/www.intoscana.it\/it\/#website"},"primaryImageOfPage":{"@id":"https:\/\/www.intoscana.it\/it\/trentesima-edizione-di-puliamo-il-mondo-in-toscana-per-un-clima-di-pace\/#primaryimage"},"image":{"@id":"https:\/\/www.intoscana.it\/it\/trentesima-edizione-di-puliamo-il-mondo-in-toscana-per-un-clima-di-pace\/#primaryimage"},"thumbnailUrl":"https:\/\/www.intoscana.it\/wp-content\/uploads\/cattura-54.jpg","datePublished":"2022-09-17T11:44:24+00:00","dateModified":"2022-09-17T12:35:16+00:00","author":{"@id":"https:\/\/www.intoscana.it\/it\/#\/schema\/person\/d469f35f09739bdf00bf5dd3f0647a82"},"description":"L'edizione 2022 si volger\u00e0 il 30 settembre e l'1, 2 ottobre 2022 all'insegna della giustizia sociale e climatica","breadcrumb":{"@id":"https:\/\/www.intoscana.it\/it\/trentesima-edizione-di-puliamo-il-mondo-in-toscana-per-un-clima-di-pace\/#breadcrumb"},"inLanguage":"it-IT","potentialAction":[{"@type":"ReadAction","target":["https:\/\/www.intoscana.it\/it\/trentesima-edizione-di-puliamo-il-mondo-in-toscana-per-un-clima-di-pace\/"]}]},{"@type":"ImageObject","inLanguage":"it-IT","@id":"https:\/\/www.intoscana.it\/it\/trentesima-edizione-di-puliamo-il-mondo-in-toscana-per-un-clima-di-pace\/#primaryimage","url":"https:\/\/www.intoscana.it\/wp-content\/uploads\/cattura-54.jpg","contentUrl":"https:\/\/www.intoscana.it\/wp-content\/uploads\/cattura-54.jpg","width":700,"height":511,"caption":"I volontari di Puliamo il Mondo"},{"@type":"BreadcrumbList","@id":"https:\/\/www.intoscana.it\/it\/trentesima-edizione-di-puliamo-il-mondo-in-toscana-per-un-clima-di-pace\/#breadcrumb","itemListElement":[{"@type":"ListItem","position":1,"name":"Home","item":"https:\/\/www.intoscana.it\/it\/"},{"@type":"ListItem","position":2,"name":"Trentesima edizione di &#8220;Puliamo il mondo&#8221; in Toscana: per un clima di pace"}]},{"@type":"WebSite","@id":"https:\/\/www.intoscana.it\/it\/#website","url":"https:\/\/www.intoscana.it\/it\/","name":"intoscana","description":"","potentialAction":[{"@type":"SearchAction","target":{"@type":"EntryPoint","urlTemplate":"https:\/\/www.intoscana.it\/it\/?s={search_term_string}"},"query-input":{"@type":"PropertyValueSpecification","valueRequired":true,"valueName":"search_term_string"}}],"inLanguage":"it-IT"},{"@type":"Person","@id":"https:\/\/www.intoscana.it\/it\/#\/schema\/person\/d469f35f09739bdf00bf5dd3f0647a82","name":"Costanza Baldini","url":"https:\/\/www.intoscana.it\/it\/author\/costanza-baldini\/"}]}},"_links":{"self":[{"href":"https:\/\/www.intoscana.it\/it\/wp-json\/wp\/v2\/posts\/248142","targetHints":{"allow":["GET"]}}],"collection":[{"href":"https:\/\/www.intoscana.it\/it\/wp-json\/wp\/v2\/posts"}],"about":[{"href":"https:\/\/www.intoscana.it\/it\/wp-json\/wp\/v2\/types\/post"}],"author":[{"embeddable":true,"href":"https:\/\/www.intoscana.it\/it\/wp-json\/wp\/v2\/users\/518"}],"replies":[{"embeddable":true,"href":"https:\/\/www.intoscana.it\/it\/wp-json\/wp\/v2\/comments?post=248142"}],"version-history":[{"count":0,"href":"https:\/\/www.intoscana.it\/it\/wp-json\/wp\/v2\/posts\/248142\/revisions"}],"wp:featuredmedia":[{"embeddable":true,"href":"https:\/\/www.intoscana.it\/it\/wp-json\/wp\/v2\/media\/248073"}],"wp:attachment":[{"href":"https:\/\/www.intoscana.it\/it\/wp-json\/wp\/v2\/media?parent=248142"}],"wp:term":[{"taxonomy":"category","embeddable":true,"href":"https:\/\/www.intoscana.it\/it\/wp-json\/wp\/v2\/categories?post=248142"},{"taxonomy":"post_tag","embeddable":true,"href":"https:\/\/www.intoscana.it\/it\/wp-json\/wp\/v2\/tags?post=248142"}],"curies":[{"name":"wp","href":"https:\/\/api.w.org\/{rel}","templated":true}]}}