{"id":248164,"date":"2022-09-17T11:51:51","date_gmt":"2022-09-17T09:51:51","guid":{"rendered":"https:\/\/www.intoscana.it\/it\/?p=248164"},"modified":"2022-09-19T10:42:34","modified_gmt":"2022-09-19T08:42:34","slug":"covid-19-in-toscana-819-nuovi-casi-eta-media-54-anni-due-i-decessi","status":"publish","type":"post","link":"https:\/\/www.intoscana.it\/it\/covid-19-in-toscana-819-nuovi-casi-eta-media-54-anni-due-i-decessi\/","title":{"rendered":"Covid-19: in Toscana 819 nuovi casi, et\u00e0 media 54 anni, due i decessi"},"content":{"rendered":"<p><strong>In Toscana sono 1.389.951 i casi di positivit\u00e0 al Coronavirus,<\/strong> 819 in pi\u00f9 rispetto a ieri (139 confermati con tampone molecolare e 680 da test rapido antigenico). I nuovi casi sono lo 0,1% in pi\u00f9 rispetto al totale del giorno precedente. I guariti crescono dello 0,1% e raggiungono quota 1.299.299 (93,5% dei casi totali).<\/p>\n<p><strong>Oggi sono stati eseguiti 793 tamponi molecolari e 5.410 tamponi antigenici rapidi,<\/strong> di questi il 13,2% \u00e8 risultato positivo. Sono invece 1.367 i soggetti testati oggi (con tampone antigenico e\/o molecolare, escludendo i tamponi di controllo), di cui il 59,9% \u00e8 risultato positivo. Gli attualmente positivi sono oggi 79.936, +0,1% rispetto a ieri.<\/p>\n<p><strong>I ricoverati sono 178<\/strong> (stabili rispetto a ieri), di cui 8 in terapia intensiva (2 in pi\u00f9). Purtroppo, oggi si registrano 2 nuovi decessi: 2 donne, con un\u2019et\u00e0 media di 87,5 anni.<\/p>\n<p><strong>L\u2019et\u00e0 media<\/strong> dei 819 nuovi positivi odierni \u00e8 di<strong> 54 anni circa<\/strong> (12% ha meno di 20 anni, 13% tra 20 e 39 anni, 27% tra 40 e 59 anni, 34% tra 60 e 79 anni, 12% ha 80 anni o pi\u00f9).<\/p>\n<h3>I casi di positivit\u00e0 sul territorio<\/h3>\n<p><strong>Di seguito i casi di positivit\u00e0 sul territorio<\/strong> con la variazione rispetto a ieri (139 confermati con tampone molecolare e 680 da test rapido antigenico). Sono 379.023 i casi complessivi ad oggi a Firenze (199 in pi\u00f9 rispetto a ieri), 93.007 a Prato (25 in pi\u00f9), 109.456 a Pistoia (56 in pi\u00f9), 69.962 a Massa (54 in pi\u00f9), 148.369 a Lucca (95 in pi\u00f9), 161.280 a Pisa (82 in pi\u00f9), 125.854 a Livorno (72 in pi\u00f9), 126.002 ad Arezzo (103 in pi\u00f9), 99.765 a Siena (62 in pi\u00f9), 76.678 a Grosseto (71 in pi\u00f9). Sono 555 i casi positivi notificati in Toscana, ma residenti in altre regioni.<\/p>\n<p><strong>Sono 285 i casi riscontrati oggi nell\u2019Asl Centro<\/strong>, 298 nella Nord Ovest, 236 nella Sud est.<\/p>\n<p>La Toscana si trova al 10\u00b0 posto in Italia come numerosit\u00e0 di casi (comprensivi di residenti e non residenti), con circa 37.639 casi per 100.000 abitanti (media italiana circa 37.362 x100.000, dato di ieri). Le province di notifica con il tasso pi\u00f9 alto sono Lucca con 38.642 casi x100.000 abitanti, Pisa con 38.585, Livorno con 38.254, la pi\u00f9 bassa Prato con 35.061.<\/p>\n<p>Complessivamente, <strong>79.758 persone sono in isolamento a casa, poich\u00e9 presentano sintomi lievi<\/strong> che non richiedono cure ospedaliere, o risultano prive di sintomi (89 in pi\u00f9 rispetto a ieri, pi\u00f9 0,1%).<\/p>\n<p><strong>Le persone ricoverate nei posti letto dedicati ai pazienti COVID<\/strong> oggi sono complessivamente <strong>178 (stabili rispetto a ieri), 8 in terapia intensiva<\/strong> (2 in pi\u00f9 rispetto a ieri, pi\u00f9 33,3%).<\/p>\n<p><strong>Le persone complessivamente guarite sono 1.299.299<\/strong> (728 in pi\u00f9 rispetto a ieri, pi\u00f9 0,1%): 0 persone clinicamente guarite (stabili rispetto a ieri), divenute cio\u00e8 asintomatiche dopo aver presentato manifestazioni cliniche associate all\u2019infezione e 1.299.299 (728 in pi\u00f9 rispetto a ieri, pi\u00f9 0,1%) dichiarate guarite a tutti gli effetti, le cosiddette guarigioni virali, con tampone negativo.<\/p>\n<h3>Due nuovi decessi in Toscana<\/h3>\n<p>Oggi si registrano <strong>2 nuovi decessi: 2 donne, con un\u2019et\u00e0 media di 87,5 anni.<\/strong><\/p>\n<p>Relativamente alla provincia di residenza, le persone decedute sono: 1 a Arezzo, 1 a Siena.<\/p>\n<p><strong>Sono 10.716 i deceduti dall\u2019inizio dell\u2019epidemia<\/strong> cosi ripartiti: 3.358 a Firenze, 877 a Prato, 965 a Pistoia, 683 a Massa Carrara, 1.007 a Lucca, 1.211 a Pisa, 811 a Livorno, 683 ad Arezzo, 566 a Siena, 401 a Grosseto, 154 persone sono decedute sul suolo toscano ma erano residenti fuori regione.<\/p>\n<p>Il tasso grezzo di mortalit\u00e0 toscano (numero di deceduti\/popolazione residente) per Covid-19 \u00e8 di 290,2 x100.000 residenti contro il 298 x100.000 della media italiana (9\u00b0 regione). Per quanto riguarda le province, il tasso di mortalit\u00e0 pi\u00f9 alto si riscontra a Massa Carrara (359,8 x100.000), Firenze (336,3 x100.000) e Pistoia (332,5 x100.000), il pi\u00f9 basso a Grosseto (184,1 x100.000).<\/p>\n","protected":false},"excerpt":{"rendered":"<p>I ricoverati sono 178 (stabili rispetto a ieri) di cui 8 in terapia intensiva (2 in pi\u00f9). Oggi sono stati eseguiti 793 tamponi molecolari e 5.410 tamponi antigenici rapidi, di questi il 13,2% \u00e8 risultato positivo<\/p>\n","protected":false},"author":525,"featured_media":235724,"comment_status":"open","ping_status":"open","sticky":false,"template":"","format":"standard","meta":{"_acf_changed":false,"footnotes":""},"categories":[494],"tags":[4868,418],"class_list":["post-248164","post","type-post","status-publish","format-standard","has-post-thumbnail","hentry","category-attualita","tag-bollettino-covid-toscana","tag-covid-19"],"acf":[],"yoast_head":"<!-- This site is optimized with the Yoast SEO Premium plugin v24.2 (Yoast SEO v25.6) - https:\/\/yoast.com\/wordpress\/plugins\/seo\/ -->\n<title>Covid-19: in Toscana 819 nuovi casi, et\u00e0 media 54 anni, due i decessi - intoscana<\/title>\n<meta name=\"description\" content=\"I ricoverati sono 178 (stabili rispetto a ieri) di cui 8 in terapia intensiva (2 in pi\u00f9)\" \/>\n<meta name=\"robots\" content=\"index, follow, max-snippet:-1, max-image-preview:large, max-video-preview:-1\" \/>\n<link rel=\"canonical\" href=\"https:\/\/www.intoscana.it\/it\/covid-19-in-toscana-819-nuovi-casi-eta-media-54-anni-due-i-decessi\/\" \/>\n<meta property=\"og:locale\" content=\"it_IT\" \/>\n<meta property=\"og:type\" content=\"article\" \/>\n<meta property=\"og:title\" content=\"Covid-19: in Toscana 819 nuovi casi, et\u00e0 media 54 anni, due i decessi\" \/>\n<meta property=\"og:description\" content=\"I ricoverati sono 178 (stabili rispetto a ieri) di cui 8 in terapia intensiva (2 in pi\u00f9)\" \/>\n<meta property=\"og:url\" content=\"https:\/\/www.intoscana.it\/it\/covid-19-in-toscana-819-nuovi-casi-eta-media-54-anni-due-i-decessi\/\" \/>\n<meta property=\"og:site_name\" content=\"intoscana\" \/>\n<meta property=\"article:publisher\" content=\"https:\/\/www.facebook.com\/intoscana.it\" \/>\n<meta property=\"article:published_time\" content=\"2022-09-17T09:51:51+00:00\" \/>\n<meta property=\"article:modified_time\" content=\"2022-09-19T08:42:34+00:00\" \/>\n<meta property=\"og:image\" content=\"https:\/\/www.intoscana.it\/wp-content\/uploads\/infermiera-ospedale-sanita\u0300-covid-Cryptographer.jpg\" \/>\n\t<meta property=\"og:image:width\" content=\"2000\" \/>\n\t<meta property=\"og:image:height\" content=\"1333\" \/>\n\t<meta property=\"og:image:type\" content=\"image\/jpeg\" \/>\n<meta name=\"author\" content=\"Redazione\" \/>\n<meta name=\"twitter:card\" content=\"summary_large_image\" \/>\n<meta name=\"twitter:creator\" content=\"@intoscana\" \/>\n<meta name=\"twitter:site\" content=\"@intoscana\" \/>\n<meta name=\"twitter:label1\" content=\"Written by\" \/>\n\t<meta name=\"twitter:data1\" content=\"Redazione\" \/>\n\t<meta name=\"twitter:label2\" content=\"Est. reading time\" \/>\n\t<meta name=\"twitter:data2\" content=\"3 minuti\" \/>\n<script type=\"application\/ld+json\" class=\"yoast-schema-graph\">{\"@context\":\"https:\/\/schema.org\",\"@graph\":[{\"@type\":\"WebPage\",\"@id\":\"https:\/\/www.intoscana.it\/it\/covid-19-in-toscana-819-nuovi-casi-eta-media-54-anni-due-i-decessi\/\",\"url\":\"https:\/\/www.intoscana.it\/it\/covid-19-in-toscana-819-nuovi-casi-eta-media-54-anni-due-i-decessi\/\",\"name\":\"Covid-19: in Toscana 819 nuovi casi, et\u00e0 media 54 anni, due i decessi - intoscana\",\"isPartOf\":{\"@id\":\"https:\/\/www.intoscana.it\/it\/#website\"},\"primaryImageOfPage\":{\"@id\":\"https:\/\/www.intoscana.it\/it\/covid-19-in-toscana-819-nuovi-casi-eta-media-54-anni-due-i-decessi\/#primaryimage\"},\"image\":{\"@id\":\"https:\/\/www.intoscana.it\/it\/covid-19-in-toscana-819-nuovi-casi-eta-media-54-anni-due-i-decessi\/#primaryimage\"},\"thumbnailUrl\":\"https:\/\/www.intoscana.it\/wp-content\/uploads\/infermiera-ospedale-sanita\u0300-covid-Cryptographer.jpg\",\"datePublished\":\"2022-09-17T09:51:51+00:00\",\"dateModified\":\"2022-09-19T08:42:34+00:00\",\"author\":{\"@id\":\"https:\/\/www.intoscana.it\/it\/#\/schema\/person\/9223810753230f20bd670fdd322661f8\"},\"description\":\"I ricoverati sono 178 (stabili rispetto a ieri) di cui 8 in terapia intensiva (2 in pi\u00f9)\",\"breadcrumb\":{\"@id\":\"https:\/\/www.intoscana.it\/it\/covid-19-in-toscana-819-nuovi-casi-eta-media-54-anni-due-i-decessi\/#breadcrumb\"},\"inLanguage\":\"it-IT\",\"potentialAction\":[{\"@type\":\"ReadAction\",\"target\":[\"https:\/\/www.intoscana.it\/it\/covid-19-in-toscana-819-nuovi-casi-eta-media-54-anni-due-i-decessi\/\"]}]},{\"@type\":\"ImageObject\",\"inLanguage\":\"it-IT\",\"@id\":\"https:\/\/www.intoscana.it\/it\/covid-19-in-toscana-819-nuovi-casi-eta-media-54-anni-due-i-decessi\/#primaryimage\",\"url\":\"https:\/\/www.intoscana.it\/wp-content\/uploads\/infermiera-ospedale-sanita\u0300-covid-Cryptographer.jpg\",\"contentUrl\":\"https:\/\/www.intoscana.it\/wp-content\/uploads\/infermiera-ospedale-sanita\u0300-covid-Cryptographer.jpg\",\"width\":2000,\"height\":1333,\"caption\":\"Dottoressa, infermiera, Covid19, sanit\u00e0, salute, ospedale, coronavirus\"},{\"@type\":\"BreadcrumbList\",\"@id\":\"https:\/\/www.intoscana.it\/it\/covid-19-in-toscana-819-nuovi-casi-eta-media-54-anni-due-i-decessi\/#breadcrumb\",\"itemListElement\":[{\"@type\":\"ListItem\",\"position\":1,\"name\":\"Home\",\"item\":\"https:\/\/www.intoscana.it\/it\/\"},{\"@type\":\"ListItem\",\"position\":2,\"name\":\"Covid-19: in Toscana 819 nuovi casi, et\u00e0 media 54 anni, due i decessi\"}]},{\"@type\":\"WebSite\",\"@id\":\"https:\/\/www.intoscana.it\/it\/#website\",\"url\":\"https:\/\/www.intoscana.it\/it\/\",\"name\":\"intoscana\",\"description\":\"\",\"potentialAction\":[{\"@type\":\"SearchAction\",\"target\":{\"@type\":\"EntryPoint\",\"urlTemplate\":\"https:\/\/www.intoscana.it\/it\/?s={search_term_string}\"},\"query-input\":{\"@type\":\"PropertyValueSpecification\",\"valueRequired\":true,\"valueName\":\"search_term_string\"}}],\"inLanguage\":\"it-IT\"},{\"@type\":\"Person\",\"@id\":\"https:\/\/www.intoscana.it\/it\/#\/schema\/person\/9223810753230f20bd670fdd322661f8\",\"name\":\"Redazione\",\"url\":\"https:\/\/www.intoscana.it\/it\/author\/redazione\/\"}]}<\/script>\n<!-- \/ Yoast SEO Premium plugin. -->","yoast_head_json":{"title":"Covid-19: in Toscana 819 nuovi casi, et\u00e0 media 54 anni, due i decessi - intoscana","description":"I ricoverati sono 178 (stabili rispetto a ieri) di cui 8 in terapia intensiva (2 in pi\u00f9)","robots":{"index":"index","follow":"follow","max-snippet":"max-snippet:-1","max-image-preview":"max-image-preview:large","max-video-preview":"max-video-preview:-1"},"canonical":"https:\/\/www.intoscana.it\/it\/covid-19-in-toscana-819-nuovi-casi-eta-media-54-anni-due-i-decessi\/","og_locale":"it_IT","og_type":"article","og_title":"Covid-19: in Toscana 819 nuovi casi, et\u00e0 media 54 anni, due i decessi","og_description":"I ricoverati sono 178 (stabili rispetto a ieri) di cui 8 in terapia intensiva (2 in pi\u00f9)","og_url":"https:\/\/www.intoscana.it\/it\/covid-19-in-toscana-819-nuovi-casi-eta-media-54-anni-due-i-decessi\/","og_site_name":"intoscana","article_publisher":"https:\/\/www.facebook.com\/intoscana.it","article_published_time":"2022-09-17T09:51:51+00:00","article_modified_time":"2022-09-19T08:42:34+00:00","og_image":[{"width":2000,"height":1333,"url":"https:\/\/www.intoscana.it\/wp-content\/uploads\/infermiera-ospedale-sanita\u0300-covid-Cryptographer.jpg","type":"image\/jpeg"}],"author":"Redazione","twitter_card":"summary_large_image","twitter_creator":"@intoscana","twitter_site":"@intoscana","twitter_misc":{"Written by":"Redazione","Est. reading time":"3 minuti"},"schema":{"@context":"https:\/\/schema.org","@graph":[{"@type":"WebPage","@id":"https:\/\/www.intoscana.it\/it\/covid-19-in-toscana-819-nuovi-casi-eta-media-54-anni-due-i-decessi\/","url":"https:\/\/www.intoscana.it\/it\/covid-19-in-toscana-819-nuovi-casi-eta-media-54-anni-due-i-decessi\/","name":"Covid-19: in Toscana 819 nuovi casi, et\u00e0 media 54 anni, due i decessi - intoscana","isPartOf":{"@id":"https:\/\/www.intoscana.it\/it\/#website"},"primaryImageOfPage":{"@id":"https:\/\/www.intoscana.it\/it\/covid-19-in-toscana-819-nuovi-casi-eta-media-54-anni-due-i-decessi\/#primaryimage"},"image":{"@id":"https:\/\/www.intoscana.it\/it\/covid-19-in-toscana-819-nuovi-casi-eta-media-54-anni-due-i-decessi\/#primaryimage"},"thumbnailUrl":"https:\/\/www.intoscana.it\/wp-content\/uploads\/infermiera-ospedale-sanita\u0300-covid-Cryptographer.jpg","datePublished":"2022-09-17T09:51:51+00:00","dateModified":"2022-09-19T08:42:34+00:00","author":{"@id":"https:\/\/www.intoscana.it\/it\/#\/schema\/person\/9223810753230f20bd670fdd322661f8"},"description":"I ricoverati sono 178 (stabili rispetto a ieri) di cui 8 in terapia intensiva (2 in pi\u00f9)","breadcrumb":{"@id":"https:\/\/www.intoscana.it\/it\/covid-19-in-toscana-819-nuovi-casi-eta-media-54-anni-due-i-decessi\/#breadcrumb"},"inLanguage":"it-IT","potentialAction":[{"@type":"ReadAction","target":["https:\/\/www.intoscana.it\/it\/covid-19-in-toscana-819-nuovi-casi-eta-media-54-anni-due-i-decessi\/"]}]},{"@type":"ImageObject","inLanguage":"it-IT","@id":"https:\/\/www.intoscana.it\/it\/covid-19-in-toscana-819-nuovi-casi-eta-media-54-anni-due-i-decessi\/#primaryimage","url":"https:\/\/www.intoscana.it\/wp-content\/uploads\/infermiera-ospedale-sanita\u0300-covid-Cryptographer.jpg","contentUrl":"https:\/\/www.intoscana.it\/wp-content\/uploads\/infermiera-ospedale-sanita\u0300-covid-Cryptographer.jpg","width":2000,"height":1333,"caption":"Dottoressa, infermiera, Covid19, sanit\u00e0, salute, ospedale, coronavirus"},{"@type":"BreadcrumbList","@id":"https:\/\/www.intoscana.it\/it\/covid-19-in-toscana-819-nuovi-casi-eta-media-54-anni-due-i-decessi\/#breadcrumb","itemListElement":[{"@type":"ListItem","position":1,"name":"Home","item":"https:\/\/www.intoscana.it\/it\/"},{"@type":"ListItem","position":2,"name":"Covid-19: in Toscana 819 nuovi casi, et\u00e0 media 54 anni, due i decessi"}]},{"@type":"WebSite","@id":"https:\/\/www.intoscana.it\/it\/#website","url":"https:\/\/www.intoscana.it\/it\/","name":"intoscana","description":"","potentialAction":[{"@type":"SearchAction","target":{"@type":"EntryPoint","urlTemplate":"https:\/\/www.intoscana.it\/it\/?s={search_term_string}"},"query-input":{"@type":"PropertyValueSpecification","valueRequired":true,"valueName":"search_term_string"}}],"inLanguage":"it-IT"},{"@type":"Person","@id":"https:\/\/www.intoscana.it\/it\/#\/schema\/person\/9223810753230f20bd670fdd322661f8","name":"Redazione","url":"https:\/\/www.intoscana.it\/it\/author\/redazione\/"}]}},"_links":{"self":[{"href":"https:\/\/www.intoscana.it\/it\/wp-json\/wp\/v2\/posts\/248164","targetHints":{"allow":["GET"]}}],"collection":[{"href":"https:\/\/www.intoscana.it\/it\/wp-json\/wp\/v2\/posts"}],"about":[{"href":"https:\/\/www.intoscana.it\/it\/wp-json\/wp\/v2\/types\/post"}],"author":[{"embeddable":true,"href":"https:\/\/www.intoscana.it\/it\/wp-json\/wp\/v2\/users\/525"}],"replies":[{"embeddable":true,"href":"https:\/\/www.intoscana.it\/it\/wp-json\/wp\/v2\/comments?post=248164"}],"version-history":[{"count":0,"href":"https:\/\/www.intoscana.it\/it\/wp-json\/wp\/v2\/posts\/248164\/revisions"}],"wp:featuredmedia":[{"embeddable":true,"href":"https:\/\/www.intoscana.it\/it\/wp-json\/wp\/v2\/media\/235724"}],"wp:attachment":[{"href":"https:\/\/www.intoscana.it\/it\/wp-json\/wp\/v2\/media?parent=248164"}],"wp:term":[{"taxonomy":"category","embeddable":true,"href":"https:\/\/www.intoscana.it\/it\/wp-json\/wp\/v2\/categories?post=248164"},{"taxonomy":"post_tag","embeddable":true,"href":"https:\/\/www.intoscana.it\/it\/wp-json\/wp\/v2\/tags?post=248164"}],"curies":[{"name":"wp","href":"https:\/\/api.w.org\/{rel}","templated":true}]}}