{"id":248251,"date":"2022-09-19T10:10:16","date_gmt":"2022-09-19T08:10:16","guid":{"rendered":"https:\/\/www.intoscana.it\/it\/?p=248251"},"modified":"2022-09-19T10:24:39","modified_gmt":"2022-09-19T08:24:39","slug":"piero-pelu-al-museo-marino-marini-un-incontro-con-i-fan-per-raccontare-spacca-linfinito","status":"publish","type":"post","link":"https:\/\/www.intoscana.it\/it\/piero-pelu-al-museo-marino-marini-un-incontro-con-i-fan-per-raccontare-spacca-linfinito\/","title":{"rendered":"Piero Pel\u00f9 al Museo Marino Marini: un incontro con i fan per raccontare &#8220;Spacca l&#8217;infinito&#8221;"},"content":{"rendered":"<p><strong>Piero Pel\u00f9 il rocker, l&#8217;attivista, l&#8217;anarcoide, &#8220;el diablo&#8221;, il pugile, il gigante<\/strong>: beh, dimenticate tutto questo e preparatevi a partire. \u201cSpacca l\u2019infinito\u201d \u00e8 il \u201cromanzo di una vita\u201d in cui il cantante e cofondatore dei <strong>Litfiba<\/strong> ci invita a viaggiare insieme a lui, con il coraggio di aprire la porta della memoria e di avventurarsi fino a dove tutto ha avuto inizio.<\/p>\n<p><em><strong>\u201cSpacca l\u2019infinito\u201d<\/strong> <\/em>sar\u00e0 al centro dell\u2019incontro con Piero Pel\u00f9 in programma<strong> luned\u00ec 19 settembre (ore 18) al Museo Marini di Firenze<\/strong>, nell\u2019ambito della rassegna <a href=\"https:\/\/www.intoscana.it\/it\/articolo\/anni-ottanta-remix-firenze-torna-la-capitale-dei-mitici-80\/\" target=\"_blank\" rel=\"noopener\"><strong>Anni Hottanta Remix.<\/strong><\/a><\/p>\n<p>In<em><strong> \u201cSpacca l\u2019infinito\u201d<\/strong><\/em> Piero scende dal palco, spegne i riflettori. E appena si ferma per un momento a riposare, ecco che accanto a lui appare un ragazzino <strong>intraprendente, originale, pieno di domande.<\/strong><\/p>\n<p>Seguendo il dialogo tra l&#8217;uomo e il bambino attraversiamo la storia italiana &#8211; dalle trincee della <strong>Prima guerra mondiale agli anni del Fascismo,<\/strong> da quelli della <strong>Guerra fredda<\/strong> fino al disorientamento dei nostri giorni &#8211; e quella di un ragazzo pieno di sogni, che in uno scantinato sul Lungarno ha cominciato a credere in se stesso e da allora \u00e8 andato lontano.<\/p>\n<p>A ogni pagina incontriamo <strong>personaggi indimenticabili, sorridiamo, ci commuoviamo<\/strong>, e ogni volta che cala la sera sentiamo di aver raggiunto una consapevolezza nuova: chi non si arrende riesce sempre a conquistare ci\u00f2 che conta davvero; chi sa affrontare le difficolt\u00e0 con determinazione e ironia non ne esce mai davvero sconfitto, e se anche imbocca una strada sbagliata, quella lo porter\u00e0 a scoprire qualcosa di sorprendente.<\/p>\n<figure id=\"post-248253 media-248253\" class=\"align-none\"><img decoding=\"async\" src=\"https:\/\/www.intoscana.it\/wp-content\/uploads\/Piero-Pelu-ph-Riccardo-Bagnoli-pic.jpg\" alt=\"\" \/><\/figure>\n<div class=\"titleimg\"><em>Piero Pel\u00f9 foto di Riccardo Bagnoli<\/em><\/div>\n<p>Ma soprattutto,<strong> questo libro ci racconta una vita vissuta al fianco di una delle innamorate pi\u00f9 esigenti: la dea musica<\/strong>, che va amata e alimentata ogni giorno, perch\u00e9 la routine \u00e8 la sua peggiore nemica. E perch\u00e9 la musica, come l&#8217;amore, \u00e8 uno dei modi pi\u00f9 strepitosi per cambiare il mondo. Al bambino che \u00e8 stato, Piero confessa: <em><strong>&#8220;Se mi fossi dimenticato di te non sarei stato felice nemmeno un minuto&#8221;.<\/strong><\/em><\/p>\n<p>Cos\u00ec <em><strong>\u201cSpacca l&#8217;infinito\u201d<\/strong><\/em> non \u00e8 solo il verso di una canzone, ma anche l&#8217;invito rivolto a tutti a non perdere lo stupore e la fiducia in un universo dove tutto, a saperlo ascoltare, canta insieme a noi.<\/p>\n<p>A cura di Bruno Casini, <a href=\"https:\/\/www.intoscana.it\/it\/articolo\/anni-ottanta-remix-firenze-torna-la-capitale-dei-mitici-80\/\" target=\"_blank\" rel=\"noopener\"><strong>Anni Hottanta Remix<\/strong><\/a> \u00e8 il progetto speciale di Confservizi Cispel Toscana realizzato in collaborazione con il Museo Marino Marini di Firenze e con Alia Servizi Ambientali Spa per l\u2019Estate Fiorentina del Comune di Firenze.<\/p>\n<p><strong>Ingresso libero con prenotazione obbligatoria<\/strong> sul sito <a href=\"https:\/\/bit.ly\/Hottanta\" target=\"_blank\" rel=\"noopener\"><strong>https:\/\/bit.ly\/Hottanta<\/strong><\/a> o via email a <strong>prenotazioni@museomarinomarini.it.<\/strong><\/p>\n<figure id=\"post-248252 media-248252\" class=\"align-none\"><img decoding=\"async\" src=\"https:\/\/www.intoscana.it\/wp-content\/uploads\/Piero-Pelu-RICCARDO_PICCIRILLO-_4462-1-pic.jpg\" alt=\"\" \/><\/figure>\n<div class=\"titleimg\"><em>Piero Pel\u00f9, foto di Riccardo Piccirillo\u00a0<\/em><\/div>\n<p>&nbsp;<\/p>\n","protected":false},"excerpt":{"rendered":"<p>Luned\u00ec 19 settembre a Firenze ingresso libero con prenotazione obbligatoria, il cantare parler\u00e0 del suo libro di memorie: &#8220;Spacca l&#8217;infinito&#8221;<\/p>\n","protected":false},"author":525,"featured_media":160988,"comment_status":"open","ping_status":"open","sticky":false,"template":"","format":"standard","meta":{"_acf_changed":false,"footnotes":""},"categories":[14],"tags":[202,5861,167],"class_list":["post-248251","post","type-post","status-publish","format-standard","has-post-thumbnail","hentry","category-musica","tag-firenze","tag-museo-marino-marini","tag-musica"],"acf":[],"yoast_head":"<!-- This site is optimized with the Yoast SEO Premium plugin v24.2 (Yoast SEO v25.6) - https:\/\/yoast.com\/wordpress\/plugins\/seo\/ -->\n<title>Piero Pel\u00f9 al Museo Marino Marini: un incontro con i fan per raccontare &quot;Spacca l&#039;infinito&quot; - intoscana<\/title>\n<meta name=\"description\" content=\"Luned\u00ec 19 ingresso libero con prenotazione obbligatoria, il cantare parler\u00e0 del suo libro di memorie: &quot;Spacca l&#039;infinito&quot;\" \/>\n<meta name=\"robots\" content=\"index, follow, max-snippet:-1, max-image-preview:large, max-video-preview:-1\" \/>\n<link rel=\"canonical\" href=\"https:\/\/www.intoscana.it\/it\/piero-pelu-al-museo-marino-marini-un-incontro-con-i-fan-per-raccontare-spacca-linfinito\/\" \/>\n<meta property=\"og:locale\" content=\"it_IT\" \/>\n<meta property=\"og:type\" content=\"article\" \/>\n<meta property=\"og:title\" content=\"Piero Pel\u00f9 al Museo Marino Marini: un incontro con i fan per raccontare &quot;Spacca l&#039;infinito&quot;\" \/>\n<meta property=\"og:description\" content=\"Luned\u00ec 19 ingresso libero con prenotazione obbligatoria, il cantare parler\u00e0 del suo libro di memorie: &quot;Spacca l&#039;infinito&quot;\" \/>\n<meta property=\"og:url\" content=\"https:\/\/www.intoscana.it\/it\/piero-pelu-al-museo-marino-marini-un-incontro-con-i-fan-per-raccontare-spacca-linfinito\/\" \/>\n<meta property=\"og:site_name\" content=\"intoscana\" \/>\n<meta property=\"article:publisher\" content=\"https:\/\/www.facebook.com\/intoscana.it\" \/>\n<meta property=\"article:published_time\" content=\"2022-09-19T08:10:16+00:00\" \/>\n<meta property=\"article:modified_time\" content=\"2022-09-19T08:24:39+00:00\" \/>\n<meta property=\"og:image\" content=\"https:\/\/www.intoscana.it\/wp-content\/uploads\/Piero-Pelu-scaled.jpg\" \/>\n\t<meta property=\"og:image:width\" content=\"2048\" \/>\n\t<meta property=\"og:image:height\" content=\"1366\" \/>\n\t<meta property=\"og:image:type\" content=\"image\/jpeg\" \/>\n<meta name=\"author\" content=\"Redazione\" \/>\n<meta name=\"twitter:card\" content=\"summary_large_image\" \/>\n<meta name=\"twitter:creator\" content=\"@intoscana\" \/>\n<meta name=\"twitter:site\" content=\"@intoscana\" \/>\n<meta name=\"twitter:label1\" content=\"Written by\" \/>\n\t<meta name=\"twitter:data1\" content=\"Redazione\" \/>\n\t<meta name=\"twitter:label2\" content=\"Est. reading time\" \/>\n\t<meta name=\"twitter:data2\" content=\"2 minuti\" \/>\n<script type=\"application\/ld+json\" class=\"yoast-schema-graph\">{\"@context\":\"https:\/\/schema.org\",\"@graph\":[{\"@type\":\"WebPage\",\"@id\":\"https:\/\/www.intoscana.it\/it\/piero-pelu-al-museo-marino-marini-un-incontro-con-i-fan-per-raccontare-spacca-linfinito\/\",\"url\":\"https:\/\/www.intoscana.it\/it\/piero-pelu-al-museo-marino-marini-un-incontro-con-i-fan-per-raccontare-spacca-linfinito\/\",\"name\":\"Piero Pel\u00f9 al Museo Marino Marini: un incontro con i fan per raccontare \\\"Spacca l'infinito\\\" - intoscana\",\"isPartOf\":{\"@id\":\"https:\/\/www.intoscana.it\/it\/#website\"},\"primaryImageOfPage\":{\"@id\":\"https:\/\/www.intoscana.it\/it\/piero-pelu-al-museo-marino-marini-un-incontro-con-i-fan-per-raccontare-spacca-linfinito\/#primaryimage\"},\"image\":{\"@id\":\"https:\/\/www.intoscana.it\/it\/piero-pelu-al-museo-marino-marini-un-incontro-con-i-fan-per-raccontare-spacca-linfinito\/#primaryimage\"},\"thumbnailUrl\":\"https:\/\/www.intoscana.it\/wp-content\/uploads\/Piero-Pelu-scaled.jpg\",\"datePublished\":\"2022-09-19T08:10:16+00:00\",\"dateModified\":\"2022-09-19T08:24:39+00:00\",\"author\":{\"@id\":\"https:\/\/www.intoscana.it\/it\/#\/schema\/person\/9223810753230f20bd670fdd322661f8\"},\"description\":\"Luned\u00ec 19 ingresso libero con prenotazione obbligatoria, il cantare parler\u00e0 del suo libro di memorie: \\\"Spacca l'infinito\\\"\",\"breadcrumb\":{\"@id\":\"https:\/\/www.intoscana.it\/it\/piero-pelu-al-museo-marino-marini-un-incontro-con-i-fan-per-raccontare-spacca-linfinito\/#breadcrumb\"},\"inLanguage\":\"it-IT\",\"potentialAction\":[{\"@type\":\"ReadAction\",\"target\":[\"https:\/\/www.intoscana.it\/it\/piero-pelu-al-museo-marino-marini-un-incontro-con-i-fan-per-raccontare-spacca-linfinito\/\"]}]},{\"@type\":\"ImageObject\",\"inLanguage\":\"it-IT\",\"@id\":\"https:\/\/www.intoscana.it\/it\/piero-pelu-al-museo-marino-marini-un-incontro-con-i-fan-per-raccontare-spacca-linfinito\/#primaryimage\",\"url\":\"https:\/\/www.intoscana.it\/wp-content\/uploads\/Piero-Pelu-scaled.jpg\",\"contentUrl\":\"https:\/\/www.intoscana.it\/wp-content\/uploads\/Piero-Pelu-scaled.jpg\",\"width\":2048,\"height\":1366},{\"@type\":\"BreadcrumbList\",\"@id\":\"https:\/\/www.intoscana.it\/it\/piero-pelu-al-museo-marino-marini-un-incontro-con-i-fan-per-raccontare-spacca-linfinito\/#breadcrumb\",\"itemListElement\":[{\"@type\":\"ListItem\",\"position\":1,\"name\":\"Home\",\"item\":\"https:\/\/www.intoscana.it\/it\/\"},{\"@type\":\"ListItem\",\"position\":2,\"name\":\"Piero Pel\u00f9 al Museo Marino Marini: un incontro con i fan per raccontare &#8220;Spacca l&#8217;infinito&#8221;\"}]},{\"@type\":\"WebSite\",\"@id\":\"https:\/\/www.intoscana.it\/it\/#website\",\"url\":\"https:\/\/www.intoscana.it\/it\/\",\"name\":\"intoscana\",\"description\":\"\",\"potentialAction\":[{\"@type\":\"SearchAction\",\"target\":{\"@type\":\"EntryPoint\",\"urlTemplate\":\"https:\/\/www.intoscana.it\/it\/?s={search_term_string}\"},\"query-input\":{\"@type\":\"PropertyValueSpecification\",\"valueRequired\":true,\"valueName\":\"search_term_string\"}}],\"inLanguage\":\"it-IT\"},{\"@type\":\"Person\",\"@id\":\"https:\/\/www.intoscana.it\/it\/#\/schema\/person\/9223810753230f20bd670fdd322661f8\",\"name\":\"Redazione\",\"url\":\"https:\/\/www.intoscana.it\/it\/author\/redazione\/\"}]}<\/script>\n<!-- \/ Yoast SEO Premium plugin. -->","yoast_head_json":{"title":"Piero Pel\u00f9 al Museo Marino Marini: un incontro con i fan per raccontare \"Spacca l'infinito\" - intoscana","description":"Luned\u00ec 19 ingresso libero con prenotazione obbligatoria, il cantare parler\u00e0 del suo libro di memorie: \"Spacca l'infinito\"","robots":{"index":"index","follow":"follow","max-snippet":"max-snippet:-1","max-image-preview":"max-image-preview:large","max-video-preview":"max-video-preview:-1"},"canonical":"https:\/\/www.intoscana.it\/it\/piero-pelu-al-museo-marino-marini-un-incontro-con-i-fan-per-raccontare-spacca-linfinito\/","og_locale":"it_IT","og_type":"article","og_title":"Piero Pel\u00f9 al Museo Marino Marini: un incontro con i fan per raccontare \"Spacca l'infinito\"","og_description":"Luned\u00ec 19 ingresso libero con prenotazione obbligatoria, il cantare parler\u00e0 del suo libro di memorie: \"Spacca l'infinito\"","og_url":"https:\/\/www.intoscana.it\/it\/piero-pelu-al-museo-marino-marini-un-incontro-con-i-fan-per-raccontare-spacca-linfinito\/","og_site_name":"intoscana","article_publisher":"https:\/\/www.facebook.com\/intoscana.it","article_published_time":"2022-09-19T08:10:16+00:00","article_modified_time":"2022-09-19T08:24:39+00:00","og_image":[{"width":2048,"height":1366,"url":"https:\/\/www.intoscana.it\/wp-content\/uploads\/Piero-Pelu-scaled.jpg","type":"image\/jpeg"}],"author":"Redazione","twitter_card":"summary_large_image","twitter_creator":"@intoscana","twitter_site":"@intoscana","twitter_misc":{"Written by":"Redazione","Est. reading time":"2 minuti"},"schema":{"@context":"https:\/\/schema.org","@graph":[{"@type":"WebPage","@id":"https:\/\/www.intoscana.it\/it\/piero-pelu-al-museo-marino-marini-un-incontro-con-i-fan-per-raccontare-spacca-linfinito\/","url":"https:\/\/www.intoscana.it\/it\/piero-pelu-al-museo-marino-marini-un-incontro-con-i-fan-per-raccontare-spacca-linfinito\/","name":"Piero Pel\u00f9 al Museo Marino Marini: un incontro con i fan per raccontare \"Spacca l'infinito\" - intoscana","isPartOf":{"@id":"https:\/\/www.intoscana.it\/it\/#website"},"primaryImageOfPage":{"@id":"https:\/\/www.intoscana.it\/it\/piero-pelu-al-museo-marino-marini-un-incontro-con-i-fan-per-raccontare-spacca-linfinito\/#primaryimage"},"image":{"@id":"https:\/\/www.intoscana.it\/it\/piero-pelu-al-museo-marino-marini-un-incontro-con-i-fan-per-raccontare-spacca-linfinito\/#primaryimage"},"thumbnailUrl":"https:\/\/www.intoscana.it\/wp-content\/uploads\/Piero-Pelu-scaled.jpg","datePublished":"2022-09-19T08:10:16+00:00","dateModified":"2022-09-19T08:24:39+00:00","author":{"@id":"https:\/\/www.intoscana.it\/it\/#\/schema\/person\/9223810753230f20bd670fdd322661f8"},"description":"Luned\u00ec 19 ingresso libero con prenotazione obbligatoria, il cantare parler\u00e0 del suo libro di memorie: \"Spacca l'infinito\"","breadcrumb":{"@id":"https:\/\/www.intoscana.it\/it\/piero-pelu-al-museo-marino-marini-un-incontro-con-i-fan-per-raccontare-spacca-linfinito\/#breadcrumb"},"inLanguage":"it-IT","potentialAction":[{"@type":"ReadAction","target":["https:\/\/www.intoscana.it\/it\/piero-pelu-al-museo-marino-marini-un-incontro-con-i-fan-per-raccontare-spacca-linfinito\/"]}]},{"@type":"ImageObject","inLanguage":"it-IT","@id":"https:\/\/www.intoscana.it\/it\/piero-pelu-al-museo-marino-marini-un-incontro-con-i-fan-per-raccontare-spacca-linfinito\/#primaryimage","url":"https:\/\/www.intoscana.it\/wp-content\/uploads\/Piero-Pelu-scaled.jpg","contentUrl":"https:\/\/www.intoscana.it\/wp-content\/uploads\/Piero-Pelu-scaled.jpg","width":2048,"height":1366},{"@type":"BreadcrumbList","@id":"https:\/\/www.intoscana.it\/it\/piero-pelu-al-museo-marino-marini-un-incontro-con-i-fan-per-raccontare-spacca-linfinito\/#breadcrumb","itemListElement":[{"@type":"ListItem","position":1,"name":"Home","item":"https:\/\/www.intoscana.it\/it\/"},{"@type":"ListItem","position":2,"name":"Piero Pel\u00f9 al Museo Marino Marini: un incontro con i fan per raccontare &#8220;Spacca l&#8217;infinito&#8221;"}]},{"@type":"WebSite","@id":"https:\/\/www.intoscana.it\/it\/#website","url":"https:\/\/www.intoscana.it\/it\/","name":"intoscana","description":"","potentialAction":[{"@type":"SearchAction","target":{"@type":"EntryPoint","urlTemplate":"https:\/\/www.intoscana.it\/it\/?s={search_term_string}"},"query-input":{"@type":"PropertyValueSpecification","valueRequired":true,"valueName":"search_term_string"}}],"inLanguage":"it-IT"},{"@type":"Person","@id":"https:\/\/www.intoscana.it\/it\/#\/schema\/person\/9223810753230f20bd670fdd322661f8","name":"Redazione","url":"https:\/\/www.intoscana.it\/it\/author\/redazione\/"}]}},"_links":{"self":[{"href":"https:\/\/www.intoscana.it\/it\/wp-json\/wp\/v2\/posts\/248251","targetHints":{"allow":["GET"]}}],"collection":[{"href":"https:\/\/www.intoscana.it\/it\/wp-json\/wp\/v2\/posts"}],"about":[{"href":"https:\/\/www.intoscana.it\/it\/wp-json\/wp\/v2\/types\/post"}],"author":[{"embeddable":true,"href":"https:\/\/www.intoscana.it\/it\/wp-json\/wp\/v2\/users\/525"}],"replies":[{"embeddable":true,"href":"https:\/\/www.intoscana.it\/it\/wp-json\/wp\/v2\/comments?post=248251"}],"version-history":[{"count":0,"href":"https:\/\/www.intoscana.it\/it\/wp-json\/wp\/v2\/posts\/248251\/revisions"}],"wp:featuredmedia":[{"embeddable":true,"href":"https:\/\/www.intoscana.it\/it\/wp-json\/wp\/v2\/media\/160988"}],"wp:attachment":[{"href":"https:\/\/www.intoscana.it\/it\/wp-json\/wp\/v2\/media?parent=248251"}],"wp:term":[{"taxonomy":"category","embeddable":true,"href":"https:\/\/www.intoscana.it\/it\/wp-json\/wp\/v2\/categories?post=248251"},{"taxonomy":"post_tag","embeddable":true,"href":"https:\/\/www.intoscana.it\/it\/wp-json\/wp\/v2\/tags?post=248251"}],"curies":[{"name":"wp","href":"https:\/\/api.w.org\/{rel}","templated":true}]}}