{"id":248261,"date":"2022-10-08T11:34:31","date_gmt":"2022-10-08T09:34:31","guid":{"rendered":"https:\/\/www.intoscana.it\/it\/?p=248261"},"modified":"2022-10-08T12:21:06","modified_gmt":"2022-10-08T10:21:06","slug":"volterra-2022-deposizione-danza","status":"publish","type":"post","link":"https:\/\/www.intoscana.it\/it\/volterra-2022-deposizione-danza\/","title":{"rendered":"A Volterra la Deposizione di Rosso Fiorentino diventa danza, aperta a tutti i cittadini"},"content":{"rendered":"<p>Un progetto coreografico aperto a tutti i cittadini di Volterra a partire dalla <strong>Deposizione dalla croce di Rosso Fiorentino<\/strong>. \u00c8 <strong>\u201cDeposizione \/ Ballo 1521\u201d<\/strong>, il progetto di rigenerazione umana rivolto alla cittadinanza, ideato e curato dal danzatore e coreografo <strong>Virgilio Sieni,<\/strong> gi\u00e0 direttore della Biennale di Venezia Settore Danza per <a href=\"https:\/\/www.intoscana.it\/it\/articolo\/volterra-citta-toscana-della-cultura-sei-mostre-tra-arte-antica-e-contemporanea\/\" target=\"_blank\" rel=\"noopener\">Volterra Citt\u00e0 Toscana della Cultura 2022.<\/a><\/p>\n<p><strong>Una performance che ha come fonte poetica di ispirazione proprio il capolavoro di Rosso Fiorentino<\/strong>, la sua opera pi\u00f9 celebre emblema del Manierismo, conservata alla Pinacoteca dei Musei Civici di Volterra e attualmente in fase di restauro, grazie alla Fondazione Friends of Florence.<\/p>\n<div class=\"focuson\"><a href=\"https:\/\/www.intoscana.it\/it\/articolo\/volterra-citta-toscana-della-cultura-sei-mostre-tra-arte-antica-e-contemporanea\/\"><img decoding=\"async\" class=\"lazy\" src=\"https:\/\/www.intoscana.it\/wp-content\/uploads\/Michelangelo-Pistoletto-Scala-del-Terzo-Paradiso-rendering-posizionamento-.png\" style=\"\">\n                <div class=\"cat\">Volterra Citt\u00e0 toscana della Cultura<\/div>\n                <h4>Sei mostre tra arte antica e contemporanea<\/h4><\/a>\n              <\/div>\n<h3>Un invito all&#8217;incontro con l&#8217;altro<\/h3>\n<p><em>\u201cPi\u00f9 che una performance si tratta di un&#8217;esperienza rivolta a tutti i cittadini, non per cadere nella demagogia del tutti possono fare tutto ma perch\u00e9 <strong>questo \u00e8 un progetto di condivisione<\/strong><\/em> \u2013 spiega Virgilio Sieni \u2013<em> per creare quella che io la chiamo comunit\u00e0 del gesto, andiamo a formare cos\u00ec una comunit\u00e0 di persone che magari fino a quel momento non si conoscevano e possono cos\u00ec riflettere su elementi antichi e contemporanei.\u201d<\/em><\/p>\n<p><strong>Le<a href=\"https:\/\/virgiliosieni.wufoo.com\/forms\/z119kk1d1ozvk7y\/\" target=\"_blank\" rel=\"noopener\"> iscrizioni<\/a> al bando di partecipazione al progetto sono state aperte fino al 28 settembre<\/strong>. Sono stati invitati a partecipare gli studenti delle scuole, cittadine e cittadini di tutte le et\u00e0, abilit\u00e0 e provenienza, insieme a performer e artisti. Non sono infatti richieste conoscenze specifiche, i partecipanti potranno prendere parte alle lezioni coreografiche che li coinvolgeranno in un\u2019esperienza di ricerca delle emozioni dell\u2019umano:<strong> gravit\u00e0, peso e forza saranno messi in dialogo con il senso della condivisione, dell\u2019accoglienza e della partecipazione.<\/strong><\/p>\n<p><em>\u201c<strong>La pala di Rosso Fiorentino con le sue donne e i suoi uomini che sostengono il corpo dell\u2019altro, che se ne prendono cura con gentilezza, ci invita a un\u2019esperienza fondata sull\u2019incontro,<\/strong> ancora pi\u00f9 importante dopo il periodo tragico che abbiamo vissuto, la pala ci dice anche come abitare il mondo, come utilizzare gli spazi condividendoli con gli altri&#8221; <\/em>aggiunge Virgilio Sieni.<em><br \/>\n<\/em><\/p>\n<div class=\"titleimg\">\n<figure id=\"post-248272 media-248272\" class=\"align-none\">\n<p><figure style=\"width: 3778px\" class=\"wp-caption alignnone\"><img loading=\"lazy\" decoding=\"async\" src=\"https:\/\/www.intoscana.it\/wp-content\/uploads\/Progetto-Deposizione-BALLO-1521_Virgilio-Sieni_-scaled.jpg\" alt=\"\" width=\"3778\" height=\"2990\" \/><figcaption class=\"wp-caption-text\">\u201cDeposizione \/ Ballo 1521\u201d di Virgilio Sieni<\/figcaption><\/figure><\/figure>\n<\/div>\n<h3>A Volterra si crea una comunit\u00e0 intorno all&#8217;opera d&#8217;arte<\/h3>\n<p>Le prove si sono svolte dal 1 al 7 ottobre, mentre la performance \u00e8 <strong>sabato 8 ottobre al Teatro di San Pietro e domenica 9 ottobre nel cortile della Pinacoteca. <\/strong>Il lavoro prender\u00e0 avvio con un ciclo di incontri pratici sui linguaggi del corpo e della danza e terminer\u00e0 con la creazione di <strong>un\u2019opera coreografica inedita, pensata per porsi in dialogo con la Deposizione<\/strong> di Rosso Fiorentino attraverso la<strong> creazione di una comunit\u00e0<\/strong> che si riconosce nel gesto rivolto all\u2019altro.<\/p>\n<p><em>\u201cI colori della pala di Rosso Fiorentino sono legati a un concetto rivoluzionario di liberazione dell\u2019uomo, qui il colore \u00e8 gi\u00e0 una danza in s\u00e9, non abbiamo scelto a caso quest\u2019opera che sembra accennare a movimenti di danza intesa come strategia dell\u2019uomo liberarsi dagli schemi, per smarginare rispetto al quotidiano&#8221; <\/em>conclude Sieni.<em><br \/>\n<\/em><\/p>\n<p>Al progetto collaboreranno <strong>gli studenti del Liceo Artistico Carducci di Volterra, che si occuperanno degli elementi scenici, e gli allievi dell\u2019Accademia della Musica Citt\u00e0 di Volterra<\/strong> per l\u2019accompagnamento musicale<\/p>\n","protected":false},"excerpt":{"rendered":"<p>Il progetto, ideato e curato da Virgilio Sieni per la Citt\u00e0 Toscana della Cultura 2022, \u00e8 un\u2019esperienza artistica che si rivolge a tutta la cittadinanza, a partire proprio dal capolavoro del Manierismo<\/p>\n","protected":false},"author":502,"featured_media":220646,"comment_status":"open","ping_status":"open","sticky":false,"template":"","format":"standard","meta":{"_acf_changed":false,"footnotes":""},"categories":[493],"tags":[5564,4934],"class_list":["post-248261","post","type-post","status-publish","format-standard","has-post-thumbnail","hentry","category-cultura","tag-danza","tag-volterra-2022"],"acf":[],"yoast_head":"<!-- This site is optimized with the Yoast SEO Premium plugin v24.2 (Yoast SEO v25.6) - https:\/\/yoast.com\/wordpress\/plugins\/seo\/ -->\n<title>A Volterra la Deposizione di Rosso Fiorentino diventa danza, aperta a tutti i cittadini - intoscana<\/title>\n<meta name=\"description\" content=\"A Volterra la Deposizione di Rosso Fiorentino diventa una performance artistica di danza aperta a tutti grazie al progetto di Virgilio Sieni.\" \/>\n<meta name=\"robots\" content=\"index, follow, max-snippet:-1, max-image-preview:large, max-video-preview:-1\" \/>\n<link rel=\"canonical\" href=\"https:\/\/www.intoscana.it\/it\/volterra-2022-deposizione-danza\/\" \/>\n<meta property=\"og:locale\" content=\"it_IT\" \/>\n<meta property=\"og:type\" content=\"article\" \/>\n<meta property=\"og:title\" content=\"A Volterra la Deposizione di Rosso Fiorentino diventa danza, aperta a tutti i cittadini\" \/>\n<meta property=\"og:description\" content=\"A Volterra la Deposizione di Rosso Fiorentino diventa una performance artistica di danza aperta a tutti grazie al progetto di Virgilio Sieni.\" \/>\n<meta property=\"og:url\" content=\"https:\/\/www.intoscana.it\/it\/volterra-2022-deposizione-danza\/\" \/>\n<meta property=\"og:site_name\" content=\"intoscana\" \/>\n<meta property=\"article:publisher\" content=\"https:\/\/www.facebook.com\/intoscana.it\" \/>\n<meta property=\"article:published_time\" content=\"2022-10-08T09:34:31+00:00\" \/>\n<meta property=\"article:modified_time\" content=\"2022-10-08T10:21:06+00:00\" \/>\n<meta property=\"og:image\" content=\"https:\/\/www.intoscana.it\/wp-content\/uploads\/ZF9s-470-scaled.jpeg\" \/>\n\t<meta property=\"og:image:width\" content=\"1418\" \/>\n\t<meta property=\"og:image:height\" content=\"2048\" \/>\n\t<meta property=\"og:image:type\" content=\"image\/jpeg\" \/>\n<meta name=\"author\" content=\"Ilaria Giannini\" \/>\n<meta name=\"twitter:card\" content=\"summary_large_image\" \/>\n<meta name=\"twitter:creator\" content=\"@i.giannini@fst.it\" \/>\n<meta name=\"twitter:site\" content=\"@intoscana\" \/>\n<meta name=\"twitter:label1\" content=\"Written by\" \/>\n\t<meta name=\"twitter:data1\" content=\"Ilaria Giannini\" \/>\n\t<meta name=\"twitter:label2\" content=\"Est. reading time\" \/>\n\t<meta name=\"twitter:data2\" content=\"2 minuti\" \/>\n<script type=\"application\/ld+json\" class=\"yoast-schema-graph\">{\"@context\":\"https:\/\/schema.org\",\"@graph\":[{\"@type\":\"WebPage\",\"@id\":\"https:\/\/www.intoscana.it\/it\/volterra-2022-deposizione-danza\/\",\"url\":\"https:\/\/www.intoscana.it\/it\/volterra-2022-deposizione-danza\/\",\"name\":\"A Volterra la Deposizione di Rosso Fiorentino diventa danza, aperta a tutti i cittadini - intoscana\",\"isPartOf\":{\"@id\":\"https:\/\/www.intoscana.it\/it\/#website\"},\"primaryImageOfPage\":{\"@id\":\"https:\/\/www.intoscana.it\/it\/volterra-2022-deposizione-danza\/#primaryimage\"},\"image\":{\"@id\":\"https:\/\/www.intoscana.it\/it\/volterra-2022-deposizione-danza\/#primaryimage\"},\"thumbnailUrl\":\"https:\/\/www.intoscana.it\/wp-content\/uploads\/ZF9s-470-scaled.jpeg\",\"datePublished\":\"2022-10-08T09:34:31+00:00\",\"dateModified\":\"2022-10-08T10:21:06+00:00\",\"author\":{\"@id\":\"https:\/\/www.intoscana.it\/it\/#\/schema\/person\/de95e1ed2c1c8c30a6922bbba3a90185\"},\"description\":\"A Volterra la Deposizione di Rosso Fiorentino diventa una performance artistica di danza aperta a tutti grazie al progetto di Virgilio Sieni.\",\"breadcrumb\":{\"@id\":\"https:\/\/www.intoscana.it\/it\/volterra-2022-deposizione-danza\/#breadcrumb\"},\"inLanguage\":\"it-IT\",\"potentialAction\":[{\"@type\":\"ReadAction\",\"target\":[\"https:\/\/www.intoscana.it\/it\/volterra-2022-deposizione-danza\/\"]}]},{\"@type\":\"ImageObject\",\"inLanguage\":\"it-IT\",\"@id\":\"https:\/\/www.intoscana.it\/it\/volterra-2022-deposizione-danza\/#primaryimage\",\"url\":\"https:\/\/www.intoscana.it\/wp-content\/uploads\/ZF9s-470-scaled.jpeg\",\"contentUrl\":\"https:\/\/www.intoscana.it\/wp-content\/uploads\/ZF9s-470-scaled.jpeg\",\"width\":1418,\"height\":2048,\"caption\":\"La Deposizione di Rosso Fiorentino a Volterra\"},{\"@type\":\"BreadcrumbList\",\"@id\":\"https:\/\/www.intoscana.it\/it\/volterra-2022-deposizione-danza\/#breadcrumb\",\"itemListElement\":[{\"@type\":\"ListItem\",\"position\":1,\"name\":\"Home\",\"item\":\"https:\/\/www.intoscana.it\/it\/\"},{\"@type\":\"ListItem\",\"position\":2,\"name\":\"A Volterra la Deposizione di Rosso Fiorentino diventa danza, aperta a tutti i cittadini\"}]},{\"@type\":\"WebSite\",\"@id\":\"https:\/\/www.intoscana.it\/it\/#website\",\"url\":\"https:\/\/www.intoscana.it\/it\/\",\"name\":\"intoscana\",\"description\":\"\",\"potentialAction\":[{\"@type\":\"SearchAction\",\"target\":{\"@type\":\"EntryPoint\",\"urlTemplate\":\"https:\/\/www.intoscana.it\/it\/?s={search_term_string}\"},\"query-input\":{\"@type\":\"PropertyValueSpecification\",\"valueRequired\":true,\"valueName\":\"search_term_string\"}}],\"inLanguage\":\"it-IT\"},{\"@type\":\"Person\",\"@id\":\"https:\/\/www.intoscana.it\/it\/#\/schema\/person\/de95e1ed2c1c8c30a6922bbba3a90185\",\"name\":\"Ilaria Giannini\",\"sameAs\":[\"https:\/\/x.com\/i.giannini@fst.it\"],\"url\":\"https:\/\/www.intoscana.it\/it\/author\/ilaria-giannini\/\"}]}<\/script>\n<!-- \/ Yoast SEO Premium plugin. -->","yoast_head_json":{"title":"A Volterra la Deposizione di Rosso Fiorentino diventa danza, aperta a tutti i cittadini - intoscana","description":"A Volterra la Deposizione di Rosso Fiorentino diventa una performance artistica di danza aperta a tutti grazie al progetto di Virgilio Sieni.","robots":{"index":"index","follow":"follow","max-snippet":"max-snippet:-1","max-image-preview":"max-image-preview:large","max-video-preview":"max-video-preview:-1"},"canonical":"https:\/\/www.intoscana.it\/it\/volterra-2022-deposizione-danza\/","og_locale":"it_IT","og_type":"article","og_title":"A Volterra la Deposizione di Rosso Fiorentino diventa danza, aperta a tutti i cittadini","og_description":"A Volterra la Deposizione di Rosso Fiorentino diventa una performance artistica di danza aperta a tutti grazie al progetto di Virgilio Sieni.","og_url":"https:\/\/www.intoscana.it\/it\/volterra-2022-deposizione-danza\/","og_site_name":"intoscana","article_publisher":"https:\/\/www.facebook.com\/intoscana.it","article_published_time":"2022-10-08T09:34:31+00:00","article_modified_time":"2022-10-08T10:21:06+00:00","og_image":[{"width":1418,"height":2048,"url":"https:\/\/www.intoscana.it\/wp-content\/uploads\/ZF9s-470-scaled.jpeg","type":"image\/jpeg"}],"author":"Ilaria Giannini","twitter_card":"summary_large_image","twitter_creator":"@i.giannini@fst.it","twitter_site":"@intoscana","twitter_misc":{"Written by":"Ilaria Giannini","Est. reading time":"2 minuti"},"schema":{"@context":"https:\/\/schema.org","@graph":[{"@type":"WebPage","@id":"https:\/\/www.intoscana.it\/it\/volterra-2022-deposizione-danza\/","url":"https:\/\/www.intoscana.it\/it\/volterra-2022-deposizione-danza\/","name":"A Volterra la Deposizione di Rosso Fiorentino diventa danza, aperta a tutti i cittadini - intoscana","isPartOf":{"@id":"https:\/\/www.intoscana.it\/it\/#website"},"primaryImageOfPage":{"@id":"https:\/\/www.intoscana.it\/it\/volterra-2022-deposizione-danza\/#primaryimage"},"image":{"@id":"https:\/\/www.intoscana.it\/it\/volterra-2022-deposizione-danza\/#primaryimage"},"thumbnailUrl":"https:\/\/www.intoscana.it\/wp-content\/uploads\/ZF9s-470-scaled.jpeg","datePublished":"2022-10-08T09:34:31+00:00","dateModified":"2022-10-08T10:21:06+00:00","author":{"@id":"https:\/\/www.intoscana.it\/it\/#\/schema\/person\/de95e1ed2c1c8c30a6922bbba3a90185"},"description":"A Volterra la Deposizione di Rosso Fiorentino diventa una performance artistica di danza aperta a tutti grazie al progetto di Virgilio Sieni.","breadcrumb":{"@id":"https:\/\/www.intoscana.it\/it\/volterra-2022-deposizione-danza\/#breadcrumb"},"inLanguage":"it-IT","potentialAction":[{"@type":"ReadAction","target":["https:\/\/www.intoscana.it\/it\/volterra-2022-deposizione-danza\/"]}]},{"@type":"ImageObject","inLanguage":"it-IT","@id":"https:\/\/www.intoscana.it\/it\/volterra-2022-deposizione-danza\/#primaryimage","url":"https:\/\/www.intoscana.it\/wp-content\/uploads\/ZF9s-470-scaled.jpeg","contentUrl":"https:\/\/www.intoscana.it\/wp-content\/uploads\/ZF9s-470-scaled.jpeg","width":1418,"height":2048,"caption":"La Deposizione di Rosso Fiorentino a Volterra"},{"@type":"BreadcrumbList","@id":"https:\/\/www.intoscana.it\/it\/volterra-2022-deposizione-danza\/#breadcrumb","itemListElement":[{"@type":"ListItem","position":1,"name":"Home","item":"https:\/\/www.intoscana.it\/it\/"},{"@type":"ListItem","position":2,"name":"A Volterra la Deposizione di Rosso Fiorentino diventa danza, aperta a tutti i cittadini"}]},{"@type":"WebSite","@id":"https:\/\/www.intoscana.it\/it\/#website","url":"https:\/\/www.intoscana.it\/it\/","name":"intoscana","description":"","potentialAction":[{"@type":"SearchAction","target":{"@type":"EntryPoint","urlTemplate":"https:\/\/www.intoscana.it\/it\/?s={search_term_string}"},"query-input":{"@type":"PropertyValueSpecification","valueRequired":true,"valueName":"search_term_string"}}],"inLanguage":"it-IT"},{"@type":"Person","@id":"https:\/\/www.intoscana.it\/it\/#\/schema\/person\/de95e1ed2c1c8c30a6922bbba3a90185","name":"Ilaria Giannini","sameAs":["https:\/\/x.com\/i.giannini@fst.it"],"url":"https:\/\/www.intoscana.it\/it\/author\/ilaria-giannini\/"}]}},"_links":{"self":[{"href":"https:\/\/www.intoscana.it\/it\/wp-json\/wp\/v2\/posts\/248261","targetHints":{"allow":["GET"]}}],"collection":[{"href":"https:\/\/www.intoscana.it\/it\/wp-json\/wp\/v2\/posts"}],"about":[{"href":"https:\/\/www.intoscana.it\/it\/wp-json\/wp\/v2\/types\/post"}],"author":[{"embeddable":true,"href":"https:\/\/www.intoscana.it\/it\/wp-json\/wp\/v2\/users\/502"}],"replies":[{"embeddable":true,"href":"https:\/\/www.intoscana.it\/it\/wp-json\/wp\/v2\/comments?post=248261"}],"version-history":[{"count":0,"href":"https:\/\/www.intoscana.it\/it\/wp-json\/wp\/v2\/posts\/248261\/revisions"}],"wp:featuredmedia":[{"embeddable":true,"href":"https:\/\/www.intoscana.it\/it\/wp-json\/wp\/v2\/media\/220646"}],"wp:attachment":[{"href":"https:\/\/www.intoscana.it\/it\/wp-json\/wp\/v2\/media?parent=248261"}],"wp:term":[{"taxonomy":"category","embeddable":true,"href":"https:\/\/www.intoscana.it\/it\/wp-json\/wp\/v2\/categories?post=248261"},{"taxonomy":"post_tag","embeddable":true,"href":"https:\/\/www.intoscana.it\/it\/wp-json\/wp\/v2\/tags?post=248261"}],"curies":[{"name":"wp","href":"https:\/\/api.w.org\/{rel}","templated":true}]}}