{"id":248273,"date":"2022-09-19T11:17:03","date_gmt":"2022-09-19T09:17:03","guid":{"rendered":"https:\/\/www.intoscana.it\/it\/?p=248273"},"modified":"2022-09-19T11:17:03","modified_gmt":"2022-09-19T09:17:03","slug":"martedi-museo-galileo-2022","status":"publish","type":"post","link":"https:\/\/www.intoscana.it\/it\/martedi-museo-galileo-2022\/","title":{"rendered":"Tornano &#8220;I marted\u00ec del Museo Galileo&#8221;: 5 incontri con direttori e funzionari di musei e centri di ricerca italiani"},"content":{"rendered":"<p><strong>Dal 20 settembre al 22 novembre <\/strong>tornano<em><strong>\u00a0\u201cI marted\u00ec del Museo Galileo\u201d<\/strong><\/em>, un ciclo di incontri tematici pensati dal museo fiorentino dedicati a scienza, archeologia e storia: sfide tra passato e futuro, con <strong>direttori e funzionari dei maggiori musei e parchi archeologici italiani<\/strong> (<strong>Colosseo, Museo Egizio, Museo Archeologico Nazionale di Napoli<\/strong>), passando per le <strong>Gallerie degli Uffizi<\/strong> e con un\u2019incursione nel futuro con il <strong>Dipartimento di Ingegneria dell\u2019Universit\u00e0 di Modena e Reggio Emilia.<\/strong><\/p>\n<p>Gli incontri, dal taglio divulgativo e destinati al vasto pubblico, si terranno <strong>presso la sede del Museo in piazza dei Giudici, 1 a Firenze.<\/strong><\/p>\n<p><strong>L\u2019ingresso \u00e8 gratuito con prenotazione obbligatoria.<\/strong> A tutti i presenti in sala verr\u00e0 offerto un coupon che consente l\u2019ingresso al Museo Galileo a un prezzo speciale (\u20ac 7,00 invece di \u20ac 10,00).<\/p>\n<p>Gli incontri potranno essere seguiti anche online su <a href=\"https:\/\/www.youtube.com\/user\/museogalileofirenze\" target=\"_blank\" rel=\"noopener\"><strong>https:\/\/www.youtube.com\/user\/museogalileofirenze<\/strong><\/a>.<\/p>\n<p><em>\u201cIl Museo Galileo \u2013 <\/em><strong>ha dichiarato Giovanni Di Pasquale, curatore del ciclo di incontri e vice direttore scientifico del Museo<\/strong> <em>\u2013 \u00e8 da anni impegnato in attivit\u00e0 di ricerca e iniziative mirate alla diffusione delle conoscenze scientifiche e tecniche del passato, anche grazie alla proficua collaborazione con musei e centri di ricerca italiani e internazionali. Il primo ciclo di incontri nasce da questa consolidata esperienza. Direttori e funzionari dei maggiori musei archeologici italiani parleranno dei pi\u00f9 attuali temi di ricerca, ma anche della conservazione e tutela dei beni culturali. Il \u2018futuro\u2019 sar\u00e0 raccontato da un membro del gruppo di ricerca della Facolt\u00e0 di Ingegneria dell\u2019Universit\u00e0 di Modena e Reggio Emilia che ha progettato e creato un prototipo di veicolo a guida autonoma\u201d.<\/em><\/p>\n<figure id=\"post-248276 media-248276\" class=\"align-none\"><img decoding=\"async\" src=\"https:\/\/www.intoscana.it\/wp-content\/uploads\/Greco_fotoritratto_03-ridotto.jpg\" alt=\"\" \/><\/figure>\n<div class=\"titleimg\"><em>Christian Greco<\/em><\/div>\n<h3>Il programma degli incontri<\/h3>\n<p>Il programma si aprir\u00e0<strong> marted\u00ec 20 settembre con Federica Rinaldi<\/strong>, funzionario archeologo <strong>responsabile del Colosseo dal 2020<\/strong>, che si occupa della tutela, gestione e valorizzazione del monumento, con particolare attenzione all\u2019accoglienza e accessibilit\u00e0 del pubblico. Nel suo intervento, dal titolo <em><strong>\u201cIl Colosseo e la macchina dello spettacolo\u201d<\/strong><\/em> ripercorrer\u00e0 le vicende che hanno interessato i 2000 anni di storia del Colosseo, approfondendo le novit\u00e0 emerse negli ultimi anni a seguito dei numerosi cantieri all\u2019attivo, soffermandosi anche sulle \u2018sfide\u2019 che ogni giorno il Colosseo costringe ad affrontare, sia per migliorare la conoscenza del suo passato di costruzione, uso, abbandono, riuso, sia per offrire al pubblico proveniente da tutto il mondo un\u2019esperienza di visita indimenticabile, adatta a tutti e per tutti.<\/p>\n<p><strong>Marted\u00ec 4 ottobre Christian Greco, direttore del Museo Egizio dal 2014<\/strong>, introdurr\u00e0 il tema <em><strong>\u201cMusei e innovazione tecnologica\u201d.<\/strong> <\/em>Lo scienziato e l\u2019umanista devono lavorare sempre di pi\u00f9 assieme per sviluppare un approccio multidisciplinare per affrontare le sfide del futuro. Nel ripensare il ruolo che i musei possono avere nel futuro bisogna ricordare il motivo per cui sono stati fondati, ovvero come luogo in cui oggetti del passato possano essere conservati; ma non si deve dimenticare che il fine rimarr\u00e0 sempre quello di migliorare l\u2019esperienza visiva, estetica e intellettuale di ogni visitatore di fronte a un manufatto del passato, cercando di fornire tutte le informazioni necessarie per arricchirne la comprensione. Il futuro dei musei quindi \u00e8, come \u00e8 sempre stato, la ricerca.<\/p>\n<p>Si prosegue <strong>marted\u00ec 11 ottobre con Paolo Burgio, ricercatore del Dipartimento di Ingegneria \u201cEnzo Ferrari\u201d dell\u2019Universit\u00e0 di Modena e Reggio Emilia<\/strong> che racconter\u00e0 come si possa progettare e creare un prototipo di veicolo a guida autonoma praticamente da zero in pochi mesi, e quali siano oggi le sfide principali dal punto di vista della ricerca industriale e accademica, con rimandi a tematiche di giurisprudenza, etica, filosofia, ingegneria civile, progettazione urbana, e alla pianificazione strategica infrastrutturale a livello sia locale che nazionale e mondiale, di cui solamente le istituzioni pubbliche possono farsi carico, ai vari livelli. Nell\u2019intervento dal titolo <em><strong>\u201cAutonomous Driving e Smart City: ricerca, tecnologia e prospettive future\u201d<\/strong><\/em> si cercher\u00e0 di lanciare spunti di discussione e vere e proprie sfide al pubblico, in modo da stimolare la discussione su come la mobilit\u00e0 del domani sar\u00e0 o potr\u00e0 essere.<\/p>\n<p><strong>Marted\u00ec 8 novembre<\/strong> \u00e8 in programma l\u2019intervento di <strong>Fabrizio Paolucci, dal 2010 funzionario archeologo del Ministero della Cultura<\/strong> e curatore della Collezione di Antichit\u00e0 Classica delle Gallerie degli Uffizi. Il suo incontro, dal titolo <em><strong>\u201cL\u2019impero di marmo. Cave, rotte e commercio dei marmi bianchi e colorati in epoca romana&#8221;<\/strong><\/em>, verter\u00e0 sull\u2019origine dell\u2019utilizzo del marmo \u2013 che fece la sua comparsa nella seconda met\u00e0 del II secolo a.C. \u2013 e al suo impiego dalla Grecia alla Roma Imperiale. Si racconter\u00e0 come blocchi enormi, del peso di quasi cento tonnellate, fossero trasportati per migliaia di chilometri da cave situate a mille metri di altezza sino al centro di Roma. Il funzionamento di questa incredibile macchina estrattiva e logistica, rimasta ineguagliata sino all\u2019avvento dell\u2019era industriale, fu reso possibile grazie a un\u2019efficiente organizzazione e a una puntuale pianificazione in grado di sfruttare al meglio una tecnologia di cui ancora ignoriamo le effettive potenzialit\u00e0.<\/p>\n<p>Chiuder\u00e0 il ciclo, <strong>marted\u00ec 22 novembre,<\/strong> l\u2019incontro con <strong>Paolo Giulierini, dal 2015 direttore del Museo Archeologico Nazionale di Napoli,<\/strong> incentrato su <em><strong>\u201cAlessandro Magno e l\u2019Oriente\u201d.<\/strong> <\/em>In concomitanza con il restauro del famosissimo mosaico della Casa del Fauno di Pompei che rappresenta il grande re macedone alla battaglia di Isso (333 a.C.), il MANN dedicher\u00e0 una mostra alla figura di Alessandro e alla sua conquista di un impero universale. Si tratta di momento nella storia della civilt\u00e0, in cui si assiste alla diffusione della cultura greca nell\u2019Asia, in Egitto e nel subcontinente indiano, ma soprattutto si interconnettono tante culture diverse. La mostra aprir\u00e0 al MANN il 23 marzo 2023.<\/p>\n<p><strong>Informazioni e prenotazioni: 055 265311, info@museogalileo.it<\/strong><\/p>\n<figure id=\"post-248275 media-248275\" class=\"align-none\"><img decoding=\"async\" src=\"https:\/\/www.intoscana.it\/wp-content\/uploads\/Direttore_giuglierini-MANN_9-ridotto-Paolo-Giulierini.jpg\" alt=\"\" \/><\/figure>\n<div class=\"titleimg\"><em>Paolo Giuglierini del MANN<\/em><\/div>\n","protected":false},"excerpt":{"rendered":"<p>Un ciclo di conferenze al 20 settembre al 22 novembre al Museo Galileo di Firenze vedr\u00e0 protagonisti: Federica Rinaldi, responsabile del Colosseo; Christian Greco, direttore del Museo Egizio; Paolo Burgio, ricercatore del Dipartimento di Ingegneria \u201cEnzo Ferrari\u201d dell\u2019Universit\u00e0 di Modena e Reggio Emilia; Fabrizio Paolucci, funzionario archeologo responsabile delle Gallerie degli Uffizi, e Paolo Giulierini, direttore del Museo Archeologico Nazionale di Napoli<\/p>\n","protected":false},"author":525,"featured_media":248278,"comment_status":"open","ping_status":"open","sticky":false,"template":"","format":"standard","meta":{"_acf_changed":false,"footnotes":""},"categories":[493],"tags":[202,5397],"class_list":["post-248273","post","type-post","status-publish","format-standard","has-post-thumbnail","hentry","category-cultura","tag-firenze","tag-museo-galileo"],"acf":[],"yoast_head":"<!-- This site is optimized with the Yoast SEO Premium plugin v24.2 (Yoast SEO v25.6) - https:\/\/yoast.com\/wordpress\/plugins\/seo\/ -->\n<title>Tornano &quot;I marted\u00ec del Museo Galileo&quot;: 5 incontri con direttori e funzionari di musei e centri di ricerca italiani - intoscana<\/title>\n<meta name=\"robots\" content=\"index, follow, max-snippet:-1, max-image-preview:large, max-video-preview:-1\" \/>\n<link rel=\"canonical\" href=\"https:\/\/www.intoscana.it\/it\/martedi-museo-galileo-2022\/\" \/>\n<meta property=\"og:locale\" content=\"it_IT\" \/>\n<meta property=\"og:type\" content=\"article\" \/>\n<meta property=\"og:title\" content=\"Tornano &quot;I marted\u00ec del Museo Galileo&quot;: 5 incontri con direttori e funzionari di musei e centri di ricerca italiani\" \/>\n<meta property=\"og:description\" content=\"Un ciclo di conferenze al 20 settembre al 22 novembre al Museo Galileo di Firenze vedr\u00e0 protagonisti: Federica Rinaldi, responsabile del Colosseo; Christian Greco, direttore del Museo Egizio; Paolo Burgio, ricercatore del Dipartimento di Ingegneria \u201cEnzo Ferrari\u201d dell\u2019Universit\u00e0 di Modena e Reggio Emilia; Fabrizio Paolucci, funzionario archeologo responsabile delle Gallerie degli Uffizi, e Paolo Giulierini, direttore del Museo Archeologico Nazionale di Napoli\" \/>\n<meta property=\"og:url\" content=\"https:\/\/www.intoscana.it\/it\/martedi-museo-galileo-2022\/\" \/>\n<meta property=\"og:site_name\" content=\"intoscana\" \/>\n<meta property=\"article:publisher\" content=\"https:\/\/www.facebook.com\/intoscana.it\" \/>\n<meta property=\"article:published_time\" content=\"2022-09-19T09:17:03+00:00\" \/>\n<meta property=\"og:image\" content=\"https:\/\/www.intoscana.it\/wp-content\/uploads\/Rinaldi_fotoritratto-ridotta.jpg\" \/>\n\t<meta property=\"og:image:width\" content=\"1200\" \/>\n\t<meta property=\"og:image:height\" content=\"800\" \/>\n\t<meta property=\"og:image:type\" content=\"image\/jpeg\" \/>\n<meta name=\"author\" content=\"Redazione\" \/>\n<meta name=\"twitter:card\" content=\"summary_large_image\" \/>\n<meta name=\"twitter:creator\" content=\"@intoscana\" \/>\n<meta name=\"twitter:site\" content=\"@intoscana\" \/>\n<meta name=\"twitter:label1\" content=\"Written by\" \/>\n\t<meta name=\"twitter:data1\" content=\"Redazione\" \/>\n\t<meta name=\"twitter:label2\" content=\"Est. reading time\" \/>\n\t<meta name=\"twitter:data2\" content=\"5 minuti\" \/>\n<script type=\"application\/ld+json\" class=\"yoast-schema-graph\">{\"@context\":\"https:\/\/schema.org\",\"@graph\":[{\"@type\":\"WebPage\",\"@id\":\"https:\/\/www.intoscana.it\/it\/martedi-museo-galileo-2022\/\",\"url\":\"https:\/\/www.intoscana.it\/it\/martedi-museo-galileo-2022\/\",\"name\":\"Tornano \\\"I marted\u00ec del Museo Galileo\\\": 5 incontri con direttori e funzionari di musei e centri di ricerca italiani - intoscana\",\"isPartOf\":{\"@id\":\"https:\/\/www.intoscana.it\/it\/#website\"},\"primaryImageOfPage\":{\"@id\":\"https:\/\/www.intoscana.it\/it\/martedi-museo-galileo-2022\/#primaryimage\"},\"image\":{\"@id\":\"https:\/\/www.intoscana.it\/it\/martedi-museo-galileo-2022\/#primaryimage\"},\"thumbnailUrl\":\"https:\/\/www.intoscana.it\/wp-content\/uploads\/Rinaldi_fotoritratto-ridotta.jpg\",\"datePublished\":\"2022-09-19T09:17:03+00:00\",\"author\":{\"@id\":\"https:\/\/www.intoscana.it\/it\/#\/schema\/person\/9223810753230f20bd670fdd322661f8\"},\"breadcrumb\":{\"@id\":\"https:\/\/www.intoscana.it\/it\/martedi-museo-galileo-2022\/#breadcrumb\"},\"inLanguage\":\"it-IT\",\"potentialAction\":[{\"@type\":\"ReadAction\",\"target\":[\"https:\/\/www.intoscana.it\/it\/martedi-museo-galileo-2022\/\"]}]},{\"@type\":\"ImageObject\",\"inLanguage\":\"it-IT\",\"@id\":\"https:\/\/www.intoscana.it\/it\/martedi-museo-galileo-2022\/#primaryimage\",\"url\":\"https:\/\/www.intoscana.it\/wp-content\/uploads\/Rinaldi_fotoritratto-ridotta.jpg\",\"contentUrl\":\"https:\/\/www.intoscana.it\/wp-content\/uploads\/Rinaldi_fotoritratto-ridotta.jpg\",\"width\":1200,\"height\":800},{\"@type\":\"BreadcrumbList\",\"@id\":\"https:\/\/www.intoscana.it\/it\/martedi-museo-galileo-2022\/#breadcrumb\",\"itemListElement\":[{\"@type\":\"ListItem\",\"position\":1,\"name\":\"Home\",\"item\":\"https:\/\/www.intoscana.it\/it\/\"},{\"@type\":\"ListItem\",\"position\":2,\"name\":\"Tornano &#8220;I marted\u00ec del Museo Galileo&#8221;: 5 incontri con direttori e funzionari di musei e centri di ricerca italiani\"}]},{\"@type\":\"WebSite\",\"@id\":\"https:\/\/www.intoscana.it\/it\/#website\",\"url\":\"https:\/\/www.intoscana.it\/it\/\",\"name\":\"intoscana\",\"description\":\"\",\"potentialAction\":[{\"@type\":\"SearchAction\",\"target\":{\"@type\":\"EntryPoint\",\"urlTemplate\":\"https:\/\/www.intoscana.it\/it\/?s={search_term_string}\"},\"query-input\":{\"@type\":\"PropertyValueSpecification\",\"valueRequired\":true,\"valueName\":\"search_term_string\"}}],\"inLanguage\":\"it-IT\"},{\"@type\":\"Person\",\"@id\":\"https:\/\/www.intoscana.it\/it\/#\/schema\/person\/9223810753230f20bd670fdd322661f8\",\"name\":\"Redazione\",\"url\":\"https:\/\/www.intoscana.it\/it\/author\/redazione\/\"}]}<\/script>\n<!-- \/ Yoast SEO Premium plugin. -->","yoast_head_json":{"title":"Tornano \"I marted\u00ec del Museo Galileo\": 5 incontri con direttori e funzionari di musei e centri di ricerca italiani - intoscana","robots":{"index":"index","follow":"follow","max-snippet":"max-snippet:-1","max-image-preview":"max-image-preview:large","max-video-preview":"max-video-preview:-1"},"canonical":"https:\/\/www.intoscana.it\/it\/martedi-museo-galileo-2022\/","og_locale":"it_IT","og_type":"article","og_title":"Tornano \"I marted\u00ec del Museo Galileo\": 5 incontri con direttori e funzionari di musei e centri di ricerca italiani","og_description":"Un ciclo di conferenze al 20 settembre al 22 novembre al Museo Galileo di Firenze vedr\u00e0 protagonisti: Federica Rinaldi, responsabile del Colosseo; Christian Greco, direttore del Museo Egizio; Paolo Burgio, ricercatore del Dipartimento di Ingegneria \u201cEnzo Ferrari\u201d dell\u2019Universit\u00e0 di Modena e Reggio Emilia; Fabrizio Paolucci, funzionario archeologo responsabile delle Gallerie degli Uffizi, e Paolo Giulierini, direttore del Museo Archeologico Nazionale di Napoli","og_url":"https:\/\/www.intoscana.it\/it\/martedi-museo-galileo-2022\/","og_site_name":"intoscana","article_publisher":"https:\/\/www.facebook.com\/intoscana.it","article_published_time":"2022-09-19T09:17:03+00:00","og_image":[{"width":1200,"height":800,"url":"https:\/\/www.intoscana.it\/wp-content\/uploads\/Rinaldi_fotoritratto-ridotta.jpg","type":"image\/jpeg"}],"author":"Redazione","twitter_card":"summary_large_image","twitter_creator":"@intoscana","twitter_site":"@intoscana","twitter_misc":{"Written by":"Redazione","Est. reading time":"5 minuti"},"schema":{"@context":"https:\/\/schema.org","@graph":[{"@type":"WebPage","@id":"https:\/\/www.intoscana.it\/it\/martedi-museo-galileo-2022\/","url":"https:\/\/www.intoscana.it\/it\/martedi-museo-galileo-2022\/","name":"Tornano \"I marted\u00ec del Museo Galileo\": 5 incontri con direttori e funzionari di musei e centri di ricerca italiani - intoscana","isPartOf":{"@id":"https:\/\/www.intoscana.it\/it\/#website"},"primaryImageOfPage":{"@id":"https:\/\/www.intoscana.it\/it\/martedi-museo-galileo-2022\/#primaryimage"},"image":{"@id":"https:\/\/www.intoscana.it\/it\/martedi-museo-galileo-2022\/#primaryimage"},"thumbnailUrl":"https:\/\/www.intoscana.it\/wp-content\/uploads\/Rinaldi_fotoritratto-ridotta.jpg","datePublished":"2022-09-19T09:17:03+00:00","author":{"@id":"https:\/\/www.intoscana.it\/it\/#\/schema\/person\/9223810753230f20bd670fdd322661f8"},"breadcrumb":{"@id":"https:\/\/www.intoscana.it\/it\/martedi-museo-galileo-2022\/#breadcrumb"},"inLanguage":"it-IT","potentialAction":[{"@type":"ReadAction","target":["https:\/\/www.intoscana.it\/it\/martedi-museo-galileo-2022\/"]}]},{"@type":"ImageObject","inLanguage":"it-IT","@id":"https:\/\/www.intoscana.it\/it\/martedi-museo-galileo-2022\/#primaryimage","url":"https:\/\/www.intoscana.it\/wp-content\/uploads\/Rinaldi_fotoritratto-ridotta.jpg","contentUrl":"https:\/\/www.intoscana.it\/wp-content\/uploads\/Rinaldi_fotoritratto-ridotta.jpg","width":1200,"height":800},{"@type":"BreadcrumbList","@id":"https:\/\/www.intoscana.it\/it\/martedi-museo-galileo-2022\/#breadcrumb","itemListElement":[{"@type":"ListItem","position":1,"name":"Home","item":"https:\/\/www.intoscana.it\/it\/"},{"@type":"ListItem","position":2,"name":"Tornano &#8220;I marted\u00ec del Museo Galileo&#8221;: 5 incontri con direttori e funzionari di musei e centri di ricerca italiani"}]},{"@type":"WebSite","@id":"https:\/\/www.intoscana.it\/it\/#website","url":"https:\/\/www.intoscana.it\/it\/","name":"intoscana","description":"","potentialAction":[{"@type":"SearchAction","target":{"@type":"EntryPoint","urlTemplate":"https:\/\/www.intoscana.it\/it\/?s={search_term_string}"},"query-input":{"@type":"PropertyValueSpecification","valueRequired":true,"valueName":"search_term_string"}}],"inLanguage":"it-IT"},{"@type":"Person","@id":"https:\/\/www.intoscana.it\/it\/#\/schema\/person\/9223810753230f20bd670fdd322661f8","name":"Redazione","url":"https:\/\/www.intoscana.it\/it\/author\/redazione\/"}]}},"_links":{"self":[{"href":"https:\/\/www.intoscana.it\/it\/wp-json\/wp\/v2\/posts\/248273","targetHints":{"allow":["GET"]}}],"collection":[{"href":"https:\/\/www.intoscana.it\/it\/wp-json\/wp\/v2\/posts"}],"about":[{"href":"https:\/\/www.intoscana.it\/it\/wp-json\/wp\/v2\/types\/post"}],"author":[{"embeddable":true,"href":"https:\/\/www.intoscana.it\/it\/wp-json\/wp\/v2\/users\/525"}],"replies":[{"embeddable":true,"href":"https:\/\/www.intoscana.it\/it\/wp-json\/wp\/v2\/comments?post=248273"}],"version-history":[{"count":0,"href":"https:\/\/www.intoscana.it\/it\/wp-json\/wp\/v2\/posts\/248273\/revisions"}],"wp:featuredmedia":[{"embeddable":true,"href":"https:\/\/www.intoscana.it\/it\/wp-json\/wp\/v2\/media\/248278"}],"wp:attachment":[{"href":"https:\/\/www.intoscana.it\/it\/wp-json\/wp\/v2\/media?parent=248273"}],"wp:term":[{"taxonomy":"category","embeddable":true,"href":"https:\/\/www.intoscana.it\/it\/wp-json\/wp\/v2\/categories?post=248273"},{"taxonomy":"post_tag","embeddable":true,"href":"https:\/\/www.intoscana.it\/it\/wp-json\/wp\/v2\/tags?post=248273"}],"curies":[{"name":"wp","href":"https:\/\/api.w.org\/{rel}","templated":true}]}}