{"id":248344,"date":"2022-09-19T15:21:41","date_gmt":"2022-09-19T13:21:41","guid":{"rendered":"https:\/\/www.intoscana.it\/it\/?p=248344"},"modified":"2022-09-20T14:44:58","modified_gmt":"2022-09-20T12:44:58","slug":"tutto-pronto-per-la-20-esima-edizione-di-corri-la-vita-adriana-volpe-sara-la-madrina-e-cesare-prandelli-lo-starter","status":"publish","type":"post","link":"https:\/\/www.intoscana.it\/it\/tutto-pronto-per-la-20-esima-edizione-di-corri-la-vita-adriana-volpe-sara-la-madrina-e-cesare-prandelli-lo-starter\/","title":{"rendered":"Tutto pronto per la 20\u00b0 edizione di &#8220;Corri la vita&#8221;: Adriana Volpe sar\u00e0 la madrina e Cesare Prandelli lo starter"},"content":{"rendered":"<p><strong>Domenica 2 ottobre<\/strong> torna nel capoluogo toscano<em><strong> &#8220;Corri La Vita&#8221;<\/strong> <\/em>la manifestazione che unisce<strong> sport, cultura e solidariet\u00e0<\/strong>, aprendo le iniziative del\u00a0<em><strong>&#8220;pinktober&#8221;<\/strong><\/em> il mese dedicato alla prevenzione del tumore al seno.<\/p>\n<p>Due gli\u00a0ospiti d&#8217;eccezione:<strong> Adriana Volpe<\/strong>\u00a0che sar\u00e0 la madrina della XX e <strong>Cesare Prandelli\u00a0ex allenatore della Fiorentina<\/strong> ed <strong>ex CT della Nazionale<\/strong> di calcio dell\u2019Italia che dar\u00e0 il via alla corsa nel ruolo di &#8220;starter&#8221;.<\/p>\n<p>L\u2019evento, tra gli appuntamenti pi\u00f9 attesi e partecipati della Toscana, ha l\u2019obiettivo di <strong>promuovere la raccolta fondi destinata a progetti dedicati alla cura del tumore al seno<\/strong> per aiutare le donne attraverso la prevenzione, la diminuzione delle liste di attesa ed il sostegno psicologico.<\/p>\n<p><em>\u201cSar\u00e0 una ventesima edizione piena di sorprese<\/em> &#8211; ha affermato <strong>Bona Frescobaldi, presidente dell\u2019Associazione CORRI LA VITA Onlus<\/strong> &#8211; <em>che vedr\u00e0 riuniti sul palco personalit\u00e0 del mondo dello spettacolo e tanti amici che da venti anni supportano le nostre attivit\u00e0 e che, anche nei periodi pi\u00f9 difficili, sono sempre stati al nostro fianco con la loro generosit\u00e0 e attenzione, testimoniando la propria solidariet\u00e0 nei fatti e con un entusiasmo sempre pi\u00f9 forte\u201d.<\/em><\/p>\n<p>Dalla prima mattina il <strong>palco allestito lungo l\u2019Arno negli spazi di viale Lincoln,<\/strong> al Parco delle Cascine, sar\u00e0 animato dagli amici e da<strong> 20 testimonial<\/strong> di Corri La Vita, che interagiranno con il pubblico e si collegheranno nell\u2019arco della intera giornata. Dal palco interverranno anche <strong>20 pazienti del Cerion ISPRO-LILT<\/strong>, che indosseranno le maglie di tutte e 20 le edizioni della manifestazione per testimoniare di come i fondi raccolti dalla Onlus in questi 20 anni siano serviti a sostenere ed aiutare le tantissime donne colpite dal tumore al seno.<\/p>\n<p>Inoltre, per celebrare i venti anni di <strong>Corri la vita sabato 1 ottobre<\/strong> il Comune di Firenze ha deciso di illuminare<strong> le porte della citt\u00e0 di verde,<\/strong> come il colore della maglia 2022.<\/p>\n<figure id=\"post-248355 media-248355\" class=\"align-none\"><img decoding=\"async\" src=\"https:\/\/www.intoscana.it\/wp-content\/uploads\/02_Corri-La-Vita-scaled.jpg\" alt=\"\" \/><\/figure>\n<p>Il testimonial grafico di questa edizione \u00e8 <strong>il dipinto di Lucas Cranach il Vecchio \u201cAdamo ed Eva\u201d<\/strong>, conservato alla Galleria degli Uffizi. La versione 2022 della <strong>maglia firmata da Salvatore Ferragamo,<\/strong> dove il logo di <strong>Corri La Vita<\/strong> riporta una bandiera per celebrare i 20 anni della manifestazione, \u00e8 verde fluorescente e il suo packaging \u00e8 totalmente biocompostabile.<\/p>\n<p><strong>Domenica 2 ottobre sar\u00e0 una grande giornata di solidariet\u00e0, sport e cultura:\u00a0<\/strong>come da tradizione i partecipanti &#8211; che si saranno precedentemente registrati sul sito www.corrilavita.it &#8211; <strong>avranno la possibilit\u00e0 di visitare gratuitamente mostre e musei<\/strong> a Firenze durante tutta la giornata, semplicemente indossando la maglia di Corri La Vita 2022 o esibendo la ricevuta della donazione effettuata.<\/p>\n<h3>I percorsi di Corri La Vita<\/h3>\n<p>L\u2019organizzazione di CORRI LA VITA ha studiato<strong> due nuovi percorsi diversificati per gradi di difficolt\u00e0:<\/strong> un primo percorso di circa 10,5 km. <strong>Partenza: ore 9:15 da piazza Vittorio Veneto.<\/strong> Ponte alla Vittoria, piazza Gaddi, via della Fonderia, Lungarno Santa Rosa, Lungarno Soderini, piazza Nazario Sauro, via dei Serragli, piazza della Calza, piazzale di Porta Romana, viale Machiavelli, via Schiaparelli, via San Leonardo, Costa San Giorgio, Costa Scarpuccia, via Dei Bardi, piazza dei Mozzi, via dei Renai, piazza Demidoff, via dell\u2019Olmo, via San Niccol\u00f2, piazza Poggi, Lungarno Serristori, Ponte alle Grazie, via dei Benci, piazza Santa Croce, via Verdi, piazza Salvemini, via dell\u2019Oriuolo, piazza Duomo (giro lato Servi &#8211; Ricasoli &#8211; Martelli), piazza San Giovanni km. 8 9:45 \u2013 11:30, via Roma, piazza della Repubblica, via Strozzi, via Tornabuoni, piazza Santa Trinita, via Tornabuoni, Lungarno Corsini, Lungarno Vespucci, via Curtatone, via Montebello, via Magenta, Corso Italia, pista ciclabile di fianco alla tramvia, piazzale Pittorio Veneto, pista ciclabile di fianco alla tramvia. Arrivo: piazza Vittorio Veneto.<\/p>\n<p><strong>Il secondo itinerario di circa 6,2 km<\/strong> sar\u00e0 costellato da una serie di tappe di carattere culturale e attraverser\u00e0 anche parte dell\u2019Oltrarno per poi tornare verso il punto di partenza passando da Ponte Vecchio. Dettaglio: Ponte alla Vittoria, piazza Gaddi, via della Fonderia, Lungarno Santa Rosa, Lungarno Soderini, Lungarno Guicciardini, piazza Nazario Sauro, via dei Serragli, piazza della Calza, Giardino di Boboli &#8211; entrata cancello di fianco ai vigili urbani -, Giardino di Boboli (uscita Bacco), piazza Pitti, via Guicciardini, Ponte Vecchio, via Por Santa Maria, Borgo Santi Apostoli, piazza Santa Trinita, via Tornabuoni, Lungarno Corsini, Lungarno Vespucci, via Curtatone, via Montebello, via Magenta, Corso Italia, pista ciclabile di fianco alla tramvia). Arrivo: piazza Vittorio Veneto.<\/p>\n<h3>Attivit\u00e0 di prevenzione<\/h3>\n<p>In <strong>piazzale Vittorio Veneto<\/strong> sar\u00e0 allestita l\u2019unit\u00e0 mobile <strong>ISPRO &#8211; Istituto per lo Studio, la Prevenzione e la Rete Oncologica della Regione Toscana<\/strong>&#8211; per le seguenti attivit\u00e0:<br \/>\n\u25cf esecuzione screening mammografico, previa prenotazione telefonica al n. 055\/545454 (lun-ven 7:45-18:30, sab. 7:45-12:30) per le donne presenti alla manifestazione, che abbiano gi\u00e0 ricevuto da ISPRO invito per lo screening, o comunque in scadenza per l\u2019anno in corso;<br \/>\n\u25cf prenotazione di controlli senologici extra-screening presso ISPRO, attraverso gli operatori di ISPRO presenti sul mezzo mobile, o telefonando al n. LILT 055.576939 (lun.- ven. 9:30 \u2013 13:30; mar-gio 14:30 alle ore 18:00).<br \/>\n\u25cf attivit\u00e0 di informazione ed approfondimento sul tema della prevenzione oncologica e sui diversi programmi di screening.<\/p>\n<p><strong>Sabato 1 e domenica 2 ottobre<\/strong>\u00a0inoltre sar\u00e0 presente anche il camper della <strong>LILT \u2013 Lega Italiana per la Lotta contro i Tumori Firenze<\/strong> &#8211; dove saranno svolte <strong>visite di prevenzione del melanoma totalmente gratuite<\/strong> e senza bisogno di ticket. La prenotazione andr\u00e0 effettuata dal 19\/9 (fino ad esaurimento delle disponibilit\u00e0) con\u00adtattando il numero telefonico della Lilt 055 576939.<\/p>\n<figure id=\"post-248354 media-248354\" class=\"align-none\"><img decoding=\"async\" src=\"https:\/\/www.intoscana.it\/wp-content\/uploads\/00_locandina.jpg\" alt=\"\" \/><\/figure>\n<div class=\"titleimg\"><\/div>\n","protected":false},"excerpt":{"rendered":"<p>Domenica 2 ottobre sar\u00e0 una grande giornata di solidariet\u00e0, sport e cultura: presenti sul palco 20 ospiti speciali per celebrare i 20 anni della manifestazione<\/p>\n","protected":false},"author":525,"featured_media":248353,"comment_status":"open","ping_status":"open","sticky":false,"template":"","format":"standard","meta":{"_acf_changed":false,"footnotes":""},"categories":[494],"tags":[6144,202,159],"class_list":["post-248344","post","type-post","status-publish","format-standard","has-post-thumbnail","hentry","category-attualita","tag-corri-la-vita","tag-firenze","tag-sport"],"acf":[],"yoast_head":"<!-- This site is optimized with the Yoast SEO Premium plugin v24.2 (Yoast SEO v25.6) - https:\/\/yoast.com\/wordpress\/plugins\/seo\/ -->\n<title>Tutto pronto per la 20\u00b0 edizione di &quot;Corri la vita&quot;: Adriana Volpe sar\u00e0 la madrina e Cesare Prandelli lo starter - intoscana<\/title>\n<meta name=\"description\" content=\"Domenica 2 ottobre torna nel capoluogo toscano &quot;Corri La Vita&quot; la manifestazione che unisce sport, cultura e solidariet\u00e0\" \/>\n<meta name=\"robots\" content=\"index, follow, max-snippet:-1, max-image-preview:large, max-video-preview:-1\" \/>\n<link rel=\"canonical\" href=\"https:\/\/www.intoscana.it\/it\/tutto-pronto-per-la-20-esima-edizione-di-corri-la-vita-adriana-volpe-sara-la-madrina-e-cesare-prandelli-lo-starter\/\" \/>\n<meta property=\"og:locale\" content=\"it_IT\" \/>\n<meta property=\"og:type\" content=\"article\" \/>\n<meta property=\"og:title\" content=\"Tutto pronto per la 20\u00b0 edizione di &quot;Corri la vita&quot;: Adriana Volpe sar\u00e0 la madrina e Cesare Prandelli lo starter\" \/>\n<meta property=\"og:description\" content=\"Domenica 2 ottobre torna nel capoluogo toscano &quot;Corri La Vita&quot; la manifestazione che unisce sport, cultura e solidariet\u00e0\" \/>\n<meta property=\"og:url\" content=\"https:\/\/www.intoscana.it\/it\/tutto-pronto-per-la-20-esima-edizione-di-corri-la-vita-adriana-volpe-sara-la-madrina-e-cesare-prandelli-lo-starter\/\" \/>\n<meta property=\"og:site_name\" content=\"intoscana\" \/>\n<meta property=\"article:publisher\" content=\"https:\/\/www.facebook.com\/intoscana.it\" \/>\n<meta property=\"article:published_time\" content=\"2022-09-19T13:21:41+00:00\" \/>\n<meta property=\"article:modified_time\" content=\"2022-09-20T12:44:58+00:00\" \/>\n<meta property=\"og:image\" content=\"https:\/\/www.intoscana.it\/wp-content\/uploads\/Schermata-2022-09-19-alle-15.02.40.jpg\" \/>\n\t<meta property=\"og:image:width\" content=\"1216\" \/>\n\t<meta property=\"og:image:height\" content=\"818\" \/>\n\t<meta property=\"og:image:type\" content=\"image\/jpeg\" \/>\n<meta name=\"author\" content=\"Redazione\" \/>\n<meta name=\"twitter:card\" content=\"summary_large_image\" \/>\n<meta name=\"twitter:creator\" content=\"@intoscana\" \/>\n<meta name=\"twitter:site\" content=\"@intoscana\" \/>\n<meta name=\"twitter:label1\" content=\"Written by\" \/>\n\t<meta name=\"twitter:data1\" content=\"Redazione\" \/>\n\t<meta name=\"twitter:label2\" content=\"Est. reading time\" \/>\n\t<meta name=\"twitter:data2\" content=\"4 minuti\" \/>\n<script type=\"application\/ld+json\" class=\"yoast-schema-graph\">{\"@context\":\"https:\/\/schema.org\",\"@graph\":[{\"@type\":\"WebPage\",\"@id\":\"https:\/\/www.intoscana.it\/it\/tutto-pronto-per-la-20-esima-edizione-di-corri-la-vita-adriana-volpe-sara-la-madrina-e-cesare-prandelli-lo-starter\/\",\"url\":\"https:\/\/www.intoscana.it\/it\/tutto-pronto-per-la-20-esima-edizione-di-corri-la-vita-adriana-volpe-sara-la-madrina-e-cesare-prandelli-lo-starter\/\",\"name\":\"Tutto pronto per la 20\u00b0 edizione di \\\"Corri la vita\\\": Adriana Volpe sar\u00e0 la madrina e Cesare Prandelli lo starter - intoscana\",\"isPartOf\":{\"@id\":\"https:\/\/www.intoscana.it\/it\/#website\"},\"primaryImageOfPage\":{\"@id\":\"https:\/\/www.intoscana.it\/it\/tutto-pronto-per-la-20-esima-edizione-di-corri-la-vita-adriana-volpe-sara-la-madrina-e-cesare-prandelli-lo-starter\/#primaryimage\"},\"image\":{\"@id\":\"https:\/\/www.intoscana.it\/it\/tutto-pronto-per-la-20-esima-edizione-di-corri-la-vita-adriana-volpe-sara-la-madrina-e-cesare-prandelli-lo-starter\/#primaryimage\"},\"thumbnailUrl\":\"https:\/\/www.intoscana.it\/wp-content\/uploads\/Schermata-2022-09-19-alle-15.02.40.jpg\",\"datePublished\":\"2022-09-19T13:21:41+00:00\",\"dateModified\":\"2022-09-20T12:44:58+00:00\",\"author\":{\"@id\":\"https:\/\/www.intoscana.it\/it\/#\/schema\/person\/9223810753230f20bd670fdd322661f8\"},\"description\":\"Domenica 2 ottobre torna nel capoluogo toscano \\\"Corri La Vita\\\" la manifestazione che unisce sport, cultura e solidariet\u00e0\",\"breadcrumb\":{\"@id\":\"https:\/\/www.intoscana.it\/it\/tutto-pronto-per-la-20-esima-edizione-di-corri-la-vita-adriana-volpe-sara-la-madrina-e-cesare-prandelli-lo-starter\/#breadcrumb\"},\"inLanguage\":\"it-IT\",\"potentialAction\":[{\"@type\":\"ReadAction\",\"target\":[\"https:\/\/www.intoscana.it\/it\/tutto-pronto-per-la-20-esima-edizione-di-corri-la-vita-adriana-volpe-sara-la-madrina-e-cesare-prandelli-lo-starter\/\"]}]},{\"@type\":\"ImageObject\",\"inLanguage\":\"it-IT\",\"@id\":\"https:\/\/www.intoscana.it\/it\/tutto-pronto-per-la-20-esima-edizione-di-corri-la-vita-adriana-volpe-sara-la-madrina-e-cesare-prandelli-lo-starter\/#primaryimage\",\"url\":\"https:\/\/www.intoscana.it\/wp-content\/uploads\/Schermata-2022-09-19-alle-15.02.40.jpg\",\"contentUrl\":\"https:\/\/www.intoscana.it\/wp-content\/uploads\/Schermata-2022-09-19-alle-15.02.40.jpg\",\"width\":1216,\"height\":818},{\"@type\":\"BreadcrumbList\",\"@id\":\"https:\/\/www.intoscana.it\/it\/tutto-pronto-per-la-20-esima-edizione-di-corri-la-vita-adriana-volpe-sara-la-madrina-e-cesare-prandelli-lo-starter\/#breadcrumb\",\"itemListElement\":[{\"@type\":\"ListItem\",\"position\":1,\"name\":\"Home\",\"item\":\"https:\/\/www.intoscana.it\/it\/\"},{\"@type\":\"ListItem\",\"position\":2,\"name\":\"Tutto pronto per la 20\u00b0 edizione di &#8220;Corri la vita&#8221;: Adriana Volpe sar\u00e0 la madrina e Cesare Prandelli lo starter\"}]},{\"@type\":\"WebSite\",\"@id\":\"https:\/\/www.intoscana.it\/it\/#website\",\"url\":\"https:\/\/www.intoscana.it\/it\/\",\"name\":\"intoscana\",\"description\":\"\",\"potentialAction\":[{\"@type\":\"SearchAction\",\"target\":{\"@type\":\"EntryPoint\",\"urlTemplate\":\"https:\/\/www.intoscana.it\/it\/?s={search_term_string}\"},\"query-input\":{\"@type\":\"PropertyValueSpecification\",\"valueRequired\":true,\"valueName\":\"search_term_string\"}}],\"inLanguage\":\"it-IT\"},{\"@type\":\"Person\",\"@id\":\"https:\/\/www.intoscana.it\/it\/#\/schema\/person\/9223810753230f20bd670fdd322661f8\",\"name\":\"Redazione\",\"url\":\"https:\/\/www.intoscana.it\/it\/author\/redazione\/\"}]}<\/script>\n<!-- \/ Yoast SEO Premium plugin. -->","yoast_head_json":{"title":"Tutto pronto per la 20\u00b0 edizione di \"Corri la vita\": Adriana Volpe sar\u00e0 la madrina e Cesare Prandelli lo starter - intoscana","description":"Domenica 2 ottobre torna nel capoluogo toscano \"Corri La Vita\" la manifestazione che unisce sport, cultura e solidariet\u00e0","robots":{"index":"index","follow":"follow","max-snippet":"max-snippet:-1","max-image-preview":"max-image-preview:large","max-video-preview":"max-video-preview:-1"},"canonical":"https:\/\/www.intoscana.it\/it\/tutto-pronto-per-la-20-esima-edizione-di-corri-la-vita-adriana-volpe-sara-la-madrina-e-cesare-prandelli-lo-starter\/","og_locale":"it_IT","og_type":"article","og_title":"Tutto pronto per la 20\u00b0 edizione di \"Corri la vita\": Adriana Volpe sar\u00e0 la madrina e Cesare Prandelli lo starter","og_description":"Domenica 2 ottobre torna nel capoluogo toscano \"Corri La Vita\" la manifestazione che unisce sport, cultura e solidariet\u00e0","og_url":"https:\/\/www.intoscana.it\/it\/tutto-pronto-per-la-20-esima-edizione-di-corri-la-vita-adriana-volpe-sara-la-madrina-e-cesare-prandelli-lo-starter\/","og_site_name":"intoscana","article_publisher":"https:\/\/www.facebook.com\/intoscana.it","article_published_time":"2022-09-19T13:21:41+00:00","article_modified_time":"2022-09-20T12:44:58+00:00","og_image":[{"width":1216,"height":818,"url":"https:\/\/www.intoscana.it\/wp-content\/uploads\/Schermata-2022-09-19-alle-15.02.40.jpg","type":"image\/jpeg"}],"author":"Redazione","twitter_card":"summary_large_image","twitter_creator":"@intoscana","twitter_site":"@intoscana","twitter_misc":{"Written by":"Redazione","Est. reading time":"4 minuti"},"schema":{"@context":"https:\/\/schema.org","@graph":[{"@type":"WebPage","@id":"https:\/\/www.intoscana.it\/it\/tutto-pronto-per-la-20-esima-edizione-di-corri-la-vita-adriana-volpe-sara-la-madrina-e-cesare-prandelli-lo-starter\/","url":"https:\/\/www.intoscana.it\/it\/tutto-pronto-per-la-20-esima-edizione-di-corri-la-vita-adriana-volpe-sara-la-madrina-e-cesare-prandelli-lo-starter\/","name":"Tutto pronto per la 20\u00b0 edizione di \"Corri la vita\": Adriana Volpe sar\u00e0 la madrina e Cesare Prandelli lo starter - intoscana","isPartOf":{"@id":"https:\/\/www.intoscana.it\/it\/#website"},"primaryImageOfPage":{"@id":"https:\/\/www.intoscana.it\/it\/tutto-pronto-per-la-20-esima-edizione-di-corri-la-vita-adriana-volpe-sara-la-madrina-e-cesare-prandelli-lo-starter\/#primaryimage"},"image":{"@id":"https:\/\/www.intoscana.it\/it\/tutto-pronto-per-la-20-esima-edizione-di-corri-la-vita-adriana-volpe-sara-la-madrina-e-cesare-prandelli-lo-starter\/#primaryimage"},"thumbnailUrl":"https:\/\/www.intoscana.it\/wp-content\/uploads\/Schermata-2022-09-19-alle-15.02.40.jpg","datePublished":"2022-09-19T13:21:41+00:00","dateModified":"2022-09-20T12:44:58+00:00","author":{"@id":"https:\/\/www.intoscana.it\/it\/#\/schema\/person\/9223810753230f20bd670fdd322661f8"},"description":"Domenica 2 ottobre torna nel capoluogo toscano \"Corri La Vita\" la manifestazione che unisce sport, cultura e solidariet\u00e0","breadcrumb":{"@id":"https:\/\/www.intoscana.it\/it\/tutto-pronto-per-la-20-esima-edizione-di-corri-la-vita-adriana-volpe-sara-la-madrina-e-cesare-prandelli-lo-starter\/#breadcrumb"},"inLanguage":"it-IT","potentialAction":[{"@type":"ReadAction","target":["https:\/\/www.intoscana.it\/it\/tutto-pronto-per-la-20-esima-edizione-di-corri-la-vita-adriana-volpe-sara-la-madrina-e-cesare-prandelli-lo-starter\/"]}]},{"@type":"ImageObject","inLanguage":"it-IT","@id":"https:\/\/www.intoscana.it\/it\/tutto-pronto-per-la-20-esima-edizione-di-corri-la-vita-adriana-volpe-sara-la-madrina-e-cesare-prandelli-lo-starter\/#primaryimage","url":"https:\/\/www.intoscana.it\/wp-content\/uploads\/Schermata-2022-09-19-alle-15.02.40.jpg","contentUrl":"https:\/\/www.intoscana.it\/wp-content\/uploads\/Schermata-2022-09-19-alle-15.02.40.jpg","width":1216,"height":818},{"@type":"BreadcrumbList","@id":"https:\/\/www.intoscana.it\/it\/tutto-pronto-per-la-20-esima-edizione-di-corri-la-vita-adriana-volpe-sara-la-madrina-e-cesare-prandelli-lo-starter\/#breadcrumb","itemListElement":[{"@type":"ListItem","position":1,"name":"Home","item":"https:\/\/www.intoscana.it\/it\/"},{"@type":"ListItem","position":2,"name":"Tutto pronto per la 20\u00b0 edizione di &#8220;Corri la vita&#8221;: Adriana Volpe sar\u00e0 la madrina e Cesare Prandelli lo starter"}]},{"@type":"WebSite","@id":"https:\/\/www.intoscana.it\/it\/#website","url":"https:\/\/www.intoscana.it\/it\/","name":"intoscana","description":"","potentialAction":[{"@type":"SearchAction","target":{"@type":"EntryPoint","urlTemplate":"https:\/\/www.intoscana.it\/it\/?s={search_term_string}"},"query-input":{"@type":"PropertyValueSpecification","valueRequired":true,"valueName":"search_term_string"}}],"inLanguage":"it-IT"},{"@type":"Person","@id":"https:\/\/www.intoscana.it\/it\/#\/schema\/person\/9223810753230f20bd670fdd322661f8","name":"Redazione","url":"https:\/\/www.intoscana.it\/it\/author\/redazione\/"}]}},"_links":{"self":[{"href":"https:\/\/www.intoscana.it\/it\/wp-json\/wp\/v2\/posts\/248344","targetHints":{"allow":["GET"]}}],"collection":[{"href":"https:\/\/www.intoscana.it\/it\/wp-json\/wp\/v2\/posts"}],"about":[{"href":"https:\/\/www.intoscana.it\/it\/wp-json\/wp\/v2\/types\/post"}],"author":[{"embeddable":true,"href":"https:\/\/www.intoscana.it\/it\/wp-json\/wp\/v2\/users\/525"}],"replies":[{"embeddable":true,"href":"https:\/\/www.intoscana.it\/it\/wp-json\/wp\/v2\/comments?post=248344"}],"version-history":[{"count":0,"href":"https:\/\/www.intoscana.it\/it\/wp-json\/wp\/v2\/posts\/248344\/revisions"}],"wp:featuredmedia":[{"embeddable":true,"href":"https:\/\/www.intoscana.it\/it\/wp-json\/wp\/v2\/media\/248353"}],"wp:attachment":[{"href":"https:\/\/www.intoscana.it\/it\/wp-json\/wp\/v2\/media?parent=248344"}],"wp:term":[{"taxonomy":"category","embeddable":true,"href":"https:\/\/www.intoscana.it\/it\/wp-json\/wp\/v2\/categories?post=248344"},{"taxonomy":"post_tag","embeddable":true,"href":"https:\/\/www.intoscana.it\/it\/wp-json\/wp\/v2\/tags?post=248344"}],"curies":[{"name":"wp","href":"https:\/\/api.w.org\/{rel}","templated":true}]}}