{"id":248418,"date":"2022-09-19T17:41:35","date_gmt":"2022-09-19T15:41:35","guid":{"rendered":"https:\/\/www.intoscana.it\/it\/?p=248418"},"modified":"2022-09-19T17:42:53","modified_gmt":"2022-09-19T15:42:53","slug":"rigassificatore-di-piombino-conferenza-servizi","status":"publish","type":"post","link":"https:\/\/www.intoscana.it\/it\/rigassificatore-di-piombino-conferenza-servizi\/","title":{"rendered":"Rigassificatore di Piombino, al via la conferenza di servizi: il punto sull&#8217;opera"},"content":{"rendered":"<p>La conferenza di servizi sul rigassificatore di Piombino \u00e8 partita con il piede giusto, secondo il presidente della Regione che l\u2019ha presieduta nelle vesti di commissario straordinario nominato dal governo. Un clima positivo ispirato ad una dialettica costruttiva.<\/p>\n<p>L\u2019unico parere nettamente contrario \u00e8 stato quello del Comune di Piombino: un parere doppio, dell\u2019ente e del sindaco in quanto responsabile della salute pubblica.<\/p>\n<h3>Gli step della conferenza dei servizi<\/h3>\n<p>Oggi, 19 settembre, si \u00e8 tenuta la prima riunione con i trentacinque enti interessati all\u2019opera \u2013 met\u00e0 collegati da remoto e il resto in presenza a Palazzo Strozzi Sacrati a Firenze &#8211; che <mark>dovranno esprimere il loro parere sull\u2019impianto che per tre anni ormegger\u00e0 nel porto di Piombino e per i successivi ventidue su una piattaforma off-shore <\/mark>. Molti degli enti coinvolti hanno formulato le loro proposte, integrazioni o osservazioni gi\u00e0 oggi, altri le hanno annunciate per i prossimi giorni (come l\u2019Autorit\u00e0 di sistema portuale). Snam, societ\u00e0 nazionale metanodotti, dovr\u00e0 rispondere entro le prossime settimane.<\/p>\n<p>La conferenza dei servizi torner\u00e0 dunque a riunirsi <strong>il 7 ottobre,<\/strong> come gi\u00e0 programmato, e successivamente il <strong>21 ottobre<\/strong> per esprimere, a quel punto, il parere definitivo. Nel mezzo, il <strong>13 ottobre,<\/strong> a Roma ci sar\u00e0 la riunione di tutti gli enti statali, che il cui parere sar\u00e0 espresso attraverso un rappresentante unico.<\/p>\n<h3>L&#8217;impatto sulle forniture di gas<\/h3>\n<p><mark>I cinque miliardi di metri cubi di gas che la nave rigassifatrice di Piombino potr\u00e0 garantire in un anno sono essenziali, nei piani del governo, per ridurre e supplire alla dipendenza dalle forniture russe e dunque contrastare l\u2019aumento dei costi in bolletta <\/mark>.<\/p>\n<p>Snam ha ribadito di nuovo stamani che per rispettare l\u2019impegno a mettere in funzione il rigassificatore entro la prossima primavera \u00e8 necessario che abbia <mark> il via libera non pi\u00f9 tardi della fine di ottobre <\/mark>. Nei mesi di cantiere, \u00e8 stato spiegato stamani, lavoreranno all\u2019impianto circa <strong>ottocento persone<\/strong>, di cui 336 lavoratori di imprese locali: a regime il personale a bordo della nave sar\u00e0 composto da una quarantina di persone.<\/p>\n<h3>I numeri e i dettagli del progetto<\/h3>\n<p>Dagli otto chilometri di tubature per portare il gas nelle rete nazionale al sistema che utilizzer\u00e0 l\u2019acqua del mare, pi\u00f9 calda, per raffreddare i tubi del gas liquefatto (-161 gradi) e farlo tornare gassoso. L\u2019acqua sar\u00e0 poi rimmessa in mare, raffreddata di sette gradi (ma senza effetti, \u00e8 stato precisato, per <strong>l\u2019ittocoltura<\/strong> o la <strong>pesca<\/strong>) esaurendo i suoi effetti all\u2019interno del porto. Ugualmente per l\u2019ipoclorito di sodio usato, nei limiti di legge, per tenere pulito lo scambiatore. Sono stati approfonditi i temi della sicurezza, naturalmente. Ci si \u00e8 soffermati nel corso della riunione di stamani anche sul <strong>colore della nave <\/strong>che la Soprintendenza ha chiesto abbia una tinta pi\u00f9 <strong>omogenea al paesaggio<\/strong>. Si \u00e8 discusso dell\u2019impatto economico dell\u2019opera.<\/p>\n<h3>Le opere integrative per il territorio<\/h3>\n<p>Per il presidente della Regione e commissario straordinario rimane essenziale il <strong>memorandum<\/strong> degli interventi ed opere, alcune attese da anni, da realizzare assieme al rigassificatore da parte del Governo <mark>in modo da assicurare al territorio una nuova stagione di sviluppo: bonifiche dunque ma anche infrastrutture <\/mark>, come strade o il parco di energie rinnovabili per l\u2019autonomia energetica del porto, e sconti magari sul prezzo dell\u2019energia per le imprese del posto e i cittadini.<\/p>\n<p>&#8220;<em>Questo memorandum di opere integrative e complementari da tradurre in un intesa con il Govern<\/em>o &#8211; ha detto il presidente &#8211;<em> sono il presupposto indispensabile per il rilascio dell\u2019autorizzazione&#8221;<\/em>.<\/p>\n<p>Le <a href=\"https:\/\/www.regione.toscana.it\/-\/commissario-straordinario-rigassificatore-piombino.\">osservazioni<\/a> sul rigassificatore fino ad oggi arrivate sono tutte pubblicate sulle pagine del commissario, all\u2019interno del sito della Regione Toscana.<\/p>\n","protected":false},"excerpt":{"rendered":"<p>Oggi la prima riunione con i trentacinque enti interessati. Per il presidente della Regione il clima \u00e8 stato molto collaborativo e ha poi ribadito come il memorandum delle opere integrative per il territorio sia indispensabile per il rilascio dell\u2019autorizzazione<\/p>\n","protected":false},"author":525,"featured_media":248426,"comment_status":"open","ping_status":"open","sticky":false,"template":"","format":"standard","meta":{"_acf_changed":false,"footnotes":""},"categories":[494],"tags":[177,380,4418,308],"class_list":["post-248418","post","type-post","status-publish","format-standard","has-post-thumbnail","hentry","category-attualita","tag-ambiente","tag-energia","tag-infrastrutture","tag-piombino"],"acf":[],"yoast_head":"<!-- This site is optimized with the Yoast SEO Premium plugin v24.2 (Yoast SEO v25.6) - https:\/\/yoast.com\/wordpress\/plugins\/seo\/ -->\n<title>Rigassificatore Piombino, al via la conferenza di servizi: il punto sull&#039;opera<\/title>\n<meta name=\"description\" content=\"Oggi la prima riunione con i trentacinque enti interessati dal rigassificatore. La conferenza dei servizi si concluder\u00e0 il 21 ottobre\" \/>\n<meta name=\"robots\" content=\"index, follow, max-snippet:-1, max-image-preview:large, max-video-preview:-1\" \/>\n<link rel=\"canonical\" href=\"https:\/\/www.intoscana.it\/it\/rigassificatore-di-piombino-conferenza-servizi\/\" \/>\n<meta property=\"og:locale\" content=\"it_IT\" \/>\n<meta property=\"og:type\" content=\"article\" \/>\n<meta property=\"og:title\" content=\"Rigassificatore di Piombino, al via la conferenza di servizi: il punto sull&#039;opera\" \/>\n<meta property=\"og:description\" content=\"Oggi la prima riunione con i trentacinque enti interessati dal rigassificatore. La conferenza dei servizi si concluder\u00e0 il 21 ottobre\" \/>\n<meta property=\"og:url\" content=\"https:\/\/www.intoscana.it\/it\/rigassificatore-di-piombino-conferenza-servizi\/\" \/>\n<meta property=\"og:site_name\" content=\"intoscana\" \/>\n<meta property=\"article:publisher\" content=\"https:\/\/www.facebook.com\/intoscana.it\" \/>\n<meta property=\"article:published_time\" content=\"2022-09-19T15:41:35+00:00\" \/>\n<meta property=\"article:modified_time\" content=\"2022-09-19T15:42:53+00:00\" \/>\n<meta property=\"og:image\" content=\"https:\/\/www.intoscana.it\/wp-content\/uploads\/Conferenza-servizi-rigassificatore.jpeg\" \/>\n\t<meta property=\"og:image:width\" content=\"1599\" \/>\n\t<meta property=\"og:image:height\" content=\"1200\" \/>\n\t<meta property=\"og:image:type\" content=\"image\/jpeg\" \/>\n<meta name=\"author\" content=\"Redazione\" \/>\n<meta name=\"twitter:card\" content=\"summary_large_image\" \/>\n<meta name=\"twitter:creator\" content=\"@intoscana\" \/>\n<meta name=\"twitter:site\" content=\"@intoscana\" \/>\n<meta name=\"twitter:label1\" content=\"Written by\" \/>\n\t<meta name=\"twitter:data1\" content=\"Redazione\" \/>\n\t<meta name=\"twitter:label2\" content=\"Est. reading time\" \/>\n\t<meta name=\"twitter:data2\" content=\"3 minuti\" \/>\n<script type=\"application\/ld+json\" class=\"yoast-schema-graph\">{\"@context\":\"https:\/\/schema.org\",\"@graph\":[{\"@type\":\"WebPage\",\"@id\":\"https:\/\/www.intoscana.it\/it\/rigassificatore-di-piombino-conferenza-servizi\/\",\"url\":\"https:\/\/www.intoscana.it\/it\/rigassificatore-di-piombino-conferenza-servizi\/\",\"name\":\"Rigassificatore Piombino, al via la conferenza di servizi: il punto sull'opera\",\"isPartOf\":{\"@id\":\"https:\/\/www.intoscana.it\/it\/#website\"},\"primaryImageOfPage\":{\"@id\":\"https:\/\/www.intoscana.it\/it\/rigassificatore-di-piombino-conferenza-servizi\/#primaryimage\"},\"image\":{\"@id\":\"https:\/\/www.intoscana.it\/it\/rigassificatore-di-piombino-conferenza-servizi\/#primaryimage\"},\"thumbnailUrl\":\"https:\/\/www.intoscana.it\/wp-content\/uploads\/Conferenza-servizi-rigassificatore.jpeg\",\"datePublished\":\"2022-09-19T15:41:35+00:00\",\"dateModified\":\"2022-09-19T15:42:53+00:00\",\"author\":{\"@id\":\"https:\/\/www.intoscana.it\/it\/#\/schema\/person\/9223810753230f20bd670fdd322661f8\"},\"description\":\"Oggi la prima riunione con i trentacinque enti interessati dal rigassificatore. La conferenza dei servizi si concluder\u00e0 il 21 ottobre\",\"breadcrumb\":{\"@id\":\"https:\/\/www.intoscana.it\/it\/rigassificatore-di-piombino-conferenza-servizi\/#breadcrumb\"},\"inLanguage\":\"it-IT\",\"potentialAction\":[{\"@type\":\"ReadAction\",\"target\":[\"https:\/\/www.intoscana.it\/it\/rigassificatore-di-piombino-conferenza-servizi\/\"]}]},{\"@type\":\"ImageObject\",\"inLanguage\":\"it-IT\",\"@id\":\"https:\/\/www.intoscana.it\/it\/rigassificatore-di-piombino-conferenza-servizi\/#primaryimage\",\"url\":\"https:\/\/www.intoscana.it\/wp-content\/uploads\/Conferenza-servizi-rigassificatore.jpeg\",\"contentUrl\":\"https:\/\/www.intoscana.it\/wp-content\/uploads\/Conferenza-servizi-rigassificatore.jpeg\",\"width\":1599,\"height\":1200,\"caption\":\"Conferenza servizi rigassificatore\"},{\"@type\":\"BreadcrumbList\",\"@id\":\"https:\/\/www.intoscana.it\/it\/rigassificatore-di-piombino-conferenza-servizi\/#breadcrumb\",\"itemListElement\":[{\"@type\":\"ListItem\",\"position\":1,\"name\":\"Home\",\"item\":\"https:\/\/www.intoscana.it\/it\/\"},{\"@type\":\"ListItem\",\"position\":2,\"name\":\"Rigassificatore di Piombino, al via la conferenza di servizi: il punto sull&#8217;opera\"}]},{\"@type\":\"WebSite\",\"@id\":\"https:\/\/www.intoscana.it\/it\/#website\",\"url\":\"https:\/\/www.intoscana.it\/it\/\",\"name\":\"intoscana\",\"description\":\"\",\"potentialAction\":[{\"@type\":\"SearchAction\",\"target\":{\"@type\":\"EntryPoint\",\"urlTemplate\":\"https:\/\/www.intoscana.it\/it\/?s={search_term_string}\"},\"query-input\":{\"@type\":\"PropertyValueSpecification\",\"valueRequired\":true,\"valueName\":\"search_term_string\"}}],\"inLanguage\":\"it-IT\"},{\"@type\":\"Person\",\"@id\":\"https:\/\/www.intoscana.it\/it\/#\/schema\/person\/9223810753230f20bd670fdd322661f8\",\"name\":\"Redazione\",\"url\":\"https:\/\/www.intoscana.it\/it\/author\/redazione\/\"}]}<\/script>\n<!-- \/ Yoast SEO Premium plugin. -->","yoast_head_json":{"title":"Rigassificatore Piombino, al via la conferenza di servizi: il punto sull'opera","description":"Oggi la prima riunione con i trentacinque enti interessati dal rigassificatore. La conferenza dei servizi si concluder\u00e0 il 21 ottobre","robots":{"index":"index","follow":"follow","max-snippet":"max-snippet:-1","max-image-preview":"max-image-preview:large","max-video-preview":"max-video-preview:-1"},"canonical":"https:\/\/www.intoscana.it\/it\/rigassificatore-di-piombino-conferenza-servizi\/","og_locale":"it_IT","og_type":"article","og_title":"Rigassificatore di Piombino, al via la conferenza di servizi: il punto sull'opera","og_description":"Oggi la prima riunione con i trentacinque enti interessati dal rigassificatore. La conferenza dei servizi si concluder\u00e0 il 21 ottobre","og_url":"https:\/\/www.intoscana.it\/it\/rigassificatore-di-piombino-conferenza-servizi\/","og_site_name":"intoscana","article_publisher":"https:\/\/www.facebook.com\/intoscana.it","article_published_time":"2022-09-19T15:41:35+00:00","article_modified_time":"2022-09-19T15:42:53+00:00","og_image":[{"width":1599,"height":1200,"url":"https:\/\/www.intoscana.it\/wp-content\/uploads\/Conferenza-servizi-rigassificatore.jpeg","type":"image\/jpeg"}],"author":"Redazione","twitter_card":"summary_large_image","twitter_creator":"@intoscana","twitter_site":"@intoscana","twitter_misc":{"Written by":"Redazione","Est. reading time":"3 minuti"},"schema":{"@context":"https:\/\/schema.org","@graph":[{"@type":"WebPage","@id":"https:\/\/www.intoscana.it\/it\/rigassificatore-di-piombino-conferenza-servizi\/","url":"https:\/\/www.intoscana.it\/it\/rigassificatore-di-piombino-conferenza-servizi\/","name":"Rigassificatore Piombino, al via la conferenza di servizi: il punto sull'opera","isPartOf":{"@id":"https:\/\/www.intoscana.it\/it\/#website"},"primaryImageOfPage":{"@id":"https:\/\/www.intoscana.it\/it\/rigassificatore-di-piombino-conferenza-servizi\/#primaryimage"},"image":{"@id":"https:\/\/www.intoscana.it\/it\/rigassificatore-di-piombino-conferenza-servizi\/#primaryimage"},"thumbnailUrl":"https:\/\/www.intoscana.it\/wp-content\/uploads\/Conferenza-servizi-rigassificatore.jpeg","datePublished":"2022-09-19T15:41:35+00:00","dateModified":"2022-09-19T15:42:53+00:00","author":{"@id":"https:\/\/www.intoscana.it\/it\/#\/schema\/person\/9223810753230f20bd670fdd322661f8"},"description":"Oggi la prima riunione con i trentacinque enti interessati dal rigassificatore. La conferenza dei servizi si concluder\u00e0 il 21 ottobre","breadcrumb":{"@id":"https:\/\/www.intoscana.it\/it\/rigassificatore-di-piombino-conferenza-servizi\/#breadcrumb"},"inLanguage":"it-IT","potentialAction":[{"@type":"ReadAction","target":["https:\/\/www.intoscana.it\/it\/rigassificatore-di-piombino-conferenza-servizi\/"]}]},{"@type":"ImageObject","inLanguage":"it-IT","@id":"https:\/\/www.intoscana.it\/it\/rigassificatore-di-piombino-conferenza-servizi\/#primaryimage","url":"https:\/\/www.intoscana.it\/wp-content\/uploads\/Conferenza-servizi-rigassificatore.jpeg","contentUrl":"https:\/\/www.intoscana.it\/wp-content\/uploads\/Conferenza-servizi-rigassificatore.jpeg","width":1599,"height":1200,"caption":"Conferenza servizi rigassificatore"},{"@type":"BreadcrumbList","@id":"https:\/\/www.intoscana.it\/it\/rigassificatore-di-piombino-conferenza-servizi\/#breadcrumb","itemListElement":[{"@type":"ListItem","position":1,"name":"Home","item":"https:\/\/www.intoscana.it\/it\/"},{"@type":"ListItem","position":2,"name":"Rigassificatore di Piombino, al via la conferenza di servizi: il punto sull&#8217;opera"}]},{"@type":"WebSite","@id":"https:\/\/www.intoscana.it\/it\/#website","url":"https:\/\/www.intoscana.it\/it\/","name":"intoscana","description":"","potentialAction":[{"@type":"SearchAction","target":{"@type":"EntryPoint","urlTemplate":"https:\/\/www.intoscana.it\/it\/?s={search_term_string}"},"query-input":{"@type":"PropertyValueSpecification","valueRequired":true,"valueName":"search_term_string"}}],"inLanguage":"it-IT"},{"@type":"Person","@id":"https:\/\/www.intoscana.it\/it\/#\/schema\/person\/9223810753230f20bd670fdd322661f8","name":"Redazione","url":"https:\/\/www.intoscana.it\/it\/author\/redazione\/"}]}},"_links":{"self":[{"href":"https:\/\/www.intoscana.it\/it\/wp-json\/wp\/v2\/posts\/248418","targetHints":{"allow":["GET"]}}],"collection":[{"href":"https:\/\/www.intoscana.it\/it\/wp-json\/wp\/v2\/posts"}],"about":[{"href":"https:\/\/www.intoscana.it\/it\/wp-json\/wp\/v2\/types\/post"}],"author":[{"embeddable":true,"href":"https:\/\/www.intoscana.it\/it\/wp-json\/wp\/v2\/users\/525"}],"replies":[{"embeddable":true,"href":"https:\/\/www.intoscana.it\/it\/wp-json\/wp\/v2\/comments?post=248418"}],"version-history":[{"count":0,"href":"https:\/\/www.intoscana.it\/it\/wp-json\/wp\/v2\/posts\/248418\/revisions"}],"wp:featuredmedia":[{"embeddable":true,"href":"https:\/\/www.intoscana.it\/it\/wp-json\/wp\/v2\/media\/248426"}],"wp:attachment":[{"href":"https:\/\/www.intoscana.it\/it\/wp-json\/wp\/v2\/media?parent=248418"}],"wp:term":[{"taxonomy":"category","embeddable":true,"href":"https:\/\/www.intoscana.it\/it\/wp-json\/wp\/v2\/categories?post=248418"},{"taxonomy":"post_tag","embeddable":true,"href":"https:\/\/www.intoscana.it\/it\/wp-json\/wp\/v2\/tags?post=248418"}],"curies":[{"name":"wp","href":"https:\/\/api.w.org\/{rel}","templated":true}]}}