{"id":248487,"date":"2022-09-21T16:10:17","date_gmt":"2022-09-21T14:10:17","guid":{"rendered":"https:\/\/www.intoscana.it\/it\/?p=248487"},"modified":"2022-09-23T10:11:18","modified_gmt":"2022-09-23T08:11:18","slug":"elezioni-2022-la-toscana-alle-urne-come-e-quando-si-vota","status":"publish","type":"post","link":"https:\/\/www.intoscana.it\/it\/elezioni-2022-la-toscana-alle-urne-come-e-quando-si-vota\/","title":{"rendered":"Elezioni politiche 2022, la Toscana alle urne: come e quando si vota"},"content":{"rendered":"<p>Il 25 settembre 2022 l&#8217;Italia andr\u00e0 al<strong> voto<\/strong> per eleggere il nuovo Parlamento. I seggi saranno aperti dalle 7 alle 23 e le operazioni di spoglio inizieranno subito dopo. Ogni elettore ricever\u00e0 due schede, <mark>una rosa per la Camera dei deputati e una gialla per il Senato della Repubblica.<\/mark> Sar\u00e0 un sistema elettorale misto, maggioritario uninominale e proporziale plurinominale, e &#8211;\u00a0 importante novit\u00e0 &#8211;\u00a0 anche i diciottenni potranno votare per il Senato. Ridotto il numero dei parlamentari: 400 deputati alla Camera (non pi\u00f9 630) e 200 i Senatori (erano 315). Ecco una guida pratica al voto in Toscana.<\/p>\n<h3><em>I numeri del voto in Toscana<\/em><\/h3>\n<p>Gli <strong>elettori<\/strong> in Toscana sono <mark>3.004.786 \u00a0(rilevazione semestrale al 30 giugno 2022), 1.450.387 uomini e 1.554.399 donne. 16.834 gli elettori diciottenni<\/mark> e 172.409 i toscani all&#8217;estero con diritto di voto. Le sezioni in regione sono 3.933 pi\u00f9 31 negli ospedali.<\/p>\n<p>Gli elettori toscani esprimeranno <mark>36 parlamentari: 12 senatori e 24 deputati.<\/mark><\/p>\n<h3><em>La legge elettorale<\/em><\/h3>\n<p>Il <a href=\"https:\/\/www.interno.gov.it\/it\" target=\"_blank\" rel=\"noopener\">sistema elettorale<\/a> \u00e8 stato introdotto con la legge n.165\/2017. \u00c8 definito \u201cmisto\u201d, con una componente maggioritaria uninominale ed una proporzionale plurinominale.<\/p>\n<p>147 seggi alla Camera e 74 seggi al Senato vengono assegnati nei collegi uninominali, in cui \u00e8 proclamato eletto il candidato pi\u00f9 votato.<br \/>\nI restanti seggi delle circoscrizioni del territorio nazionale (245\u00a0 per la Camera e 122 per il Senato) vengono assegnati in collegi plurinominali, con metodo proporzionale tra le liste e le coalizioni che abbiano superato le soglie di sbarramento (rispettivamente 3%\u00a0 e 10%). Sono eletti i candidati della lista del collegio plurinominale secondo l\u2019ordine di presentazione.<\/p>\n<p>Al seggio, l&#8217;elettore riceve due <strong>schede<\/strong>, una per la Camera ed una per il Senato, identiche nella forma. In ogni scheda \u00e8 riportato il nome del candidato nel collegio uninominale mentre per il collegio plurinominale \u00e8 indicato il simbolo della lista o delle liste se \u00e8 presente una coalizione. A fianco ai simboli delle liste sono stampati i nominativi dei relativi candidati nel collegio plurinominale.<\/p>\n<h3><em>Come si vota<\/em><\/h3>\n<p>Il voto si pu\u00f2 esprime tracciando <mark>un segno solo sul simbolo della lista<\/mark> e il voto vale anche per il candidato uninominale collegato.<\/p>\n<p>L&#8217;elettore pu\u00f2 esprimere il voto tracciando <mark>un segno solo sul nome del canditato per il maggioritario<\/mark>. Cos\u00ec espresso, il voto vale ai fini dell\u2019elezione del candidato nel collegio uninominale e a favore della lista collegata. In presenza di pi\u00f9 liste collegate in coalizione, il voto \u00e8 ripartito tra le liste della coalizione in proporzione ai voti ottenuti da ciascuna lista nel collegio.<\/p>\n<p>\u00c8 possibile tracciare un segno <mark>sia sul simbolo di una lista che sul nome del canditato uninominale<\/mark>: il voto \u00e8 considerato valido a favore della lista e del candidato uninominale collegato.<\/p>\n<h3>Fac-simile scheda per la Camera dei deputati<\/h3>\n<figure id=\"post-248516 media-248516\" class=\"align-none\"><img decoding=\"async\" src=\"https:\/\/www.intoscana.it\/wp-content\/uploads\/Schermata-2022-09-20-alle-11.41.06-e1663667075362.png\" alt=\"\" \/><\/figure>\n<p>&nbsp;<\/p>\n<h3>Fac-simile scheda per il Senato<\/h3>\n<figure id=\"post-248519 media-248519\" class=\"align-none\"><img decoding=\"async\" src=\"https:\/\/www.intoscana.it\/wp-content\/uploads\/Schermata-2022-09-20-alle-11.41.20-e1663667189559.png\" alt=\"\" \/><\/figure>\n<h3>Quando la scheda \u00e8 nulla<\/h3>\n<p>Il voto <strong>disgiunto<\/strong> rende la scheda nulla: se l\u2019elettore traccia un segno sul rettangolo contenente il nominativo del candidato uninominale e un segno su un rettangolo contenente il contrassegno di una lista a cui il candidato non sia collegato, il voto \u00e8 nullo.<\/p>\n<h3><em>Quali documenti servono per votare?<\/em><\/h3>\n<p>Si vota presentando un documento di identit\u00e0 con foto e la tessera elettorale.<br \/>\nVengono considerati validi:<\/p>\n<ul>\n<li>carta d\u2019identit\u00e0 o altro documento d\u2019identificazione munito di fotografia, anche se scaduto, rilasciato dalla pubblica amministrazione;<\/li>\n<li>tessera di riconoscimento rilasciata dall\u2019Unione nazionale ufficiali in congedo d\u2019Italia, purch\u00e9 munita di fotografia e convalidata da un Comando militare;<\/li>\n<li>tessera di riconoscimento rilasciata da un ordine professionale, purch\u00e9 munita di fotografia.<\/li>\n<\/ul>\n<p>La <strong>tessera elettorale<\/strong> si rinnova presso l\u2019ufficio elettorale del comune di residenza. Gli uffici resteranno aperti anche nei due giorni precedenti il voto: dalle 9 alle 18 del 23 e del 24 settembre e, nel giorno della votazione, per tutta la durata delle operazioni di votazione, e quindi dalle ore 7 alle ore 23<\/p>\n<h3><em>Chi ha il Covid o \u00e8 in isolamento come pu\u00f2 votare?<\/em><\/h3>\n<p>Gli elettori ricoverati nei reparti <strong>covid<\/strong> delle strutture sanitarie possono votare nelle sezioni ospedaliere con almeno 100 posti letto. Se invece sono ricoverati in strutture con meno di 100 posti letto, il loro voto viene raccolto da appositi <strong>seggi speciali<\/strong> che si recano presso la struttura sanitaria.<\/p>\n<p>Per chi \u00e8 in <strong>isolamento<\/strong> a casa, si dovr\u00e0 fare pervenire al sindaco del proprio comune &#8211; in un periodo compreso tra il decimo e il quinto giorno antecedente quello della votazione &#8211;\u00a0 i seguenti documenti: <mark>una dichiarazione attestante la volont\u00e0 di esprimere il voto presso il proprio domicilio e un certificato, rilasciato dall&#8217;asl, che attesti la sottoposizione a trattamento domiciliare o la condizione di isolamento.<\/mark> Il voto verr\u00e0 raccolto in seggi speciali.<\/p>\n<h3><em>Agevolazioni sui viaggi per chi deve votare<\/em><\/h3>\n<p>Per chi si trova lontano dal comune di voto, per motivi di studio o di lavoro, sono previste <strong>tariffe<\/strong> di viaggio agevolate.<\/p>\n<p>Per i <strong>treni<\/strong>: <mark>i biglietti, con l\u2019agevolazione per gli elettori, possono essere acquistati dal 16 settembre 2022 e per quello di ritorno non oltre il 5 ottobre 2022.<\/mark><br \/>\nTrenitalia rilascer\u00e0 biglietti nominativi di andata e ritorno, con la riduzione del 60% sulle tariffe regionali, e del 70% sul prezzo base per tutti i treni del servizio nazionale (Alta Velocit\u00e0 Frecciarossa e Frecciargento, Frecciabianca, Intercity, Intercity notte) e per il servizio cuccette. Le riduzioni sono applicabili per la seconda classe e per il livello di servizio standard. La societ\u00e0 Italo \u2013 Nuovo Trasporto Viaggiatori spa consentir\u00e0 agli elettori di acquistare i biglietti ferroviari per viaggi da effettuarsi verso la localit\u00e0 della propria sede elettorale di iscrizione o comunque verso localit\u00e0 limitrofe, con una riduzione pari al 70% per l&#8217;acquisto di biglietti ferroviari emessi con le offerte Flex, Extratempo e Bordo e del 60% per l&#8217;offerta Economy.<\/p>\n<p>Per i viaggi via <strong>mare<\/strong>: le societ\u00e0 Compagnia Italiana di Navigazione spa, GNV spa, Grimaldi Euromed spa, societ\u00e0 Navigazione Siciliana ScpA e NLG \u2013 Navigazione Libera del Golfo applicheranno agli elettori la tariffa agevolata che prevede la riduzione del 60%.<\/p>\n<p>Per gli <strong>aerei<\/strong>, la compagnia di bandiera Ita Airways prevede tariffe agevolate.<\/p>\n","protected":false},"excerpt":{"rendered":"<p>Il 25 settembre si elegger\u00e0 il nuovo Parlamento. I toscani chiamati ad esprimersi sono 3.004.786, due le schede e votano i diciottenni al Senato. Ecco una guida pratica e le informazioni necessarie<\/p>\n","protected":false},"author":545,"featured_media":102113,"comment_status":"open","ping_status":"open","sticky":false,"template":"","format":"standard","meta":{"_acf_changed":false,"footnotes":""},"categories":[494],"tags":[4548],"class_list":["post-248487","post","type-post","status-publish","format-standard","has-post-thumbnail","hentry","category-attualita","tag-elezioni"],"acf":[],"yoast_head":"<!-- This site is optimized with the Yoast SEO Premium plugin v24.2 (Yoast SEO v25.6) - https:\/\/yoast.com\/wordpress\/plugins\/seo\/ -->\n<title>Elezioni politiche 2022, la Toscana alle urne: come e quando si vota - intoscana<\/title>\n<meta name=\"description\" content=\"Il 25 settembre si elegger\u00e0 il nuovo Parlamento. I toscani chiamati ad esprimersi sono 3.004.786, due le schede e votano i diciottenni al Senato. Ecco una guida pratica\" \/>\n<meta name=\"robots\" content=\"index, follow, max-snippet:-1, max-image-preview:large, max-video-preview:-1\" \/>\n<link rel=\"canonical\" href=\"https:\/\/www.intoscana.it\/it\/elezioni-2022-la-toscana-alle-urne-come-e-quando-si-vota\/\" \/>\n<meta property=\"og:locale\" content=\"it_IT\" \/>\n<meta property=\"og:type\" content=\"article\" \/>\n<meta property=\"og:title\" content=\"Elezioni politiche 2022, la Toscana alle urne: come e quando si vota\" \/>\n<meta property=\"og:description\" content=\"Il 25 settembre si elegger\u00e0 il nuovo Parlamento. I toscani chiamati ad esprimersi sono 3.004.786, due le schede e votano i diciottenni al Senato. Ecco una guida pratica\" \/>\n<meta property=\"og:url\" content=\"https:\/\/www.intoscana.it\/it\/elezioni-2022-la-toscana-alle-urne-come-e-quando-si-vota\/\" \/>\n<meta property=\"og:site_name\" content=\"intoscana\" \/>\n<meta property=\"article:publisher\" content=\"https:\/\/www.facebook.com\/intoscana.it\" \/>\n<meta property=\"article:published_time\" content=\"2022-09-21T14:10:17+00:00\" \/>\n<meta property=\"article:modified_time\" content=\"2022-09-23T08:11:18+00:00\" \/>\n<meta property=\"og:image\" content=\"https:\/\/www.intoscana.it\/wp-content\/uploads\/elezioni-voto-2-e1746709407919.jpg\" \/>\n\t<meta property=\"og:image:width\" content=\"670\" \/>\n\t<meta property=\"og:image:height\" content=\"567\" \/>\n\t<meta property=\"og:image:type\" content=\"image\/jpeg\" \/>\n<meta name=\"author\" content=\"Clara D&#039;Acunto\" \/>\n<meta name=\"twitter:card\" content=\"summary_large_image\" \/>\n<meta name=\"twitter:creator\" content=\"@intoscana\" \/>\n<meta name=\"twitter:site\" content=\"@intoscana\" \/>\n<meta name=\"twitter:label1\" content=\"Written by\" \/>\n\t<meta name=\"twitter:data1\" content=\"Clara D&#039;Acunto\" \/>\n\t<meta name=\"twitter:label2\" content=\"Est. reading time\" \/>\n\t<meta name=\"twitter:data2\" content=\"5 minuti\" \/>\n<script type=\"application\/ld+json\" class=\"yoast-schema-graph\">{\"@context\":\"https:\/\/schema.org\",\"@graph\":[{\"@type\":\"WebPage\",\"@id\":\"https:\/\/www.intoscana.it\/it\/elezioni-2022-la-toscana-alle-urne-come-e-quando-si-vota\/\",\"url\":\"https:\/\/www.intoscana.it\/it\/elezioni-2022-la-toscana-alle-urne-come-e-quando-si-vota\/\",\"name\":\"Elezioni politiche 2022, la Toscana alle urne: come e quando si vota - intoscana\",\"isPartOf\":{\"@id\":\"https:\/\/www.intoscana.it\/it\/#website\"},\"primaryImageOfPage\":{\"@id\":\"https:\/\/www.intoscana.it\/it\/elezioni-2022-la-toscana-alle-urne-come-e-quando-si-vota\/#primaryimage\"},\"image\":{\"@id\":\"https:\/\/www.intoscana.it\/it\/elezioni-2022-la-toscana-alle-urne-come-e-quando-si-vota\/#primaryimage\"},\"thumbnailUrl\":\"https:\/\/www.intoscana.it\/wp-content\/uploads\/elezioni-voto-2-e1746709407919.jpg\",\"datePublished\":\"2022-09-21T14:10:17+00:00\",\"dateModified\":\"2022-09-23T08:11:18+00:00\",\"author\":{\"@id\":\"https:\/\/www.intoscana.it\/it\/#\/schema\/person\/137419af9ef5d385bde52864a841e6ce\"},\"description\":\"Il 25 settembre si elegger\u00e0 il nuovo Parlamento. I toscani chiamati ad esprimersi sono 3.004.786, due le schede e votano i diciottenni al Senato. Ecco una guida pratica\",\"breadcrumb\":{\"@id\":\"https:\/\/www.intoscana.it\/it\/elezioni-2022-la-toscana-alle-urne-come-e-quando-si-vota\/#breadcrumb\"},\"inLanguage\":\"it-IT\",\"potentialAction\":[{\"@type\":\"ReadAction\",\"target\":[\"https:\/\/www.intoscana.it\/it\/elezioni-2022-la-toscana-alle-urne-come-e-quando-si-vota\/\"]}]},{\"@type\":\"ImageObject\",\"inLanguage\":\"it-IT\",\"@id\":\"https:\/\/www.intoscana.it\/it\/elezioni-2022-la-toscana-alle-urne-come-e-quando-si-vota\/#primaryimage\",\"url\":\"https:\/\/www.intoscana.it\/wp-content\/uploads\/elezioni-voto-2-e1746709407919.jpg\",\"contentUrl\":\"https:\/\/www.intoscana.it\/wp-content\/uploads\/elezioni-voto-2-e1746709407919.jpg\",\"width\":670,\"height\":567},{\"@type\":\"BreadcrumbList\",\"@id\":\"https:\/\/www.intoscana.it\/it\/elezioni-2022-la-toscana-alle-urne-come-e-quando-si-vota\/#breadcrumb\",\"itemListElement\":[{\"@type\":\"ListItem\",\"position\":1,\"name\":\"Home\",\"item\":\"https:\/\/www.intoscana.it\/it\/\"},{\"@type\":\"ListItem\",\"position\":2,\"name\":\"Elezioni politiche 2022, la Toscana alle urne: come e quando si vota\"}]},{\"@type\":\"WebSite\",\"@id\":\"https:\/\/www.intoscana.it\/it\/#website\",\"url\":\"https:\/\/www.intoscana.it\/it\/\",\"name\":\"intoscana\",\"description\":\"\",\"potentialAction\":[{\"@type\":\"SearchAction\",\"target\":{\"@type\":\"EntryPoint\",\"urlTemplate\":\"https:\/\/www.intoscana.it\/it\/?s={search_term_string}\"},\"query-input\":{\"@type\":\"PropertyValueSpecification\",\"valueRequired\":true,\"valueName\":\"search_term_string\"}}],\"inLanguage\":\"it-IT\"},{\"@type\":\"Person\",\"@id\":\"https:\/\/www.intoscana.it\/it\/#\/schema\/person\/137419af9ef5d385bde52864a841e6ce\",\"name\":\"Clara D'Acunto\",\"url\":\"https:\/\/www.intoscana.it\/it\/author\/clara-d_acunto\/\"}]}<\/script>\n<!-- \/ Yoast SEO Premium plugin. -->","yoast_head_json":{"title":"Elezioni politiche 2022, la Toscana alle urne: come e quando si vota - intoscana","description":"Il 25 settembre si elegger\u00e0 il nuovo Parlamento. I toscani chiamati ad esprimersi sono 3.004.786, due le schede e votano i diciottenni al Senato. Ecco una guida pratica","robots":{"index":"index","follow":"follow","max-snippet":"max-snippet:-1","max-image-preview":"max-image-preview:large","max-video-preview":"max-video-preview:-1"},"canonical":"https:\/\/www.intoscana.it\/it\/elezioni-2022-la-toscana-alle-urne-come-e-quando-si-vota\/","og_locale":"it_IT","og_type":"article","og_title":"Elezioni politiche 2022, la Toscana alle urne: come e quando si vota","og_description":"Il 25 settembre si elegger\u00e0 il nuovo Parlamento. I toscani chiamati ad esprimersi sono 3.004.786, due le schede e votano i diciottenni al Senato. Ecco una guida pratica","og_url":"https:\/\/www.intoscana.it\/it\/elezioni-2022-la-toscana-alle-urne-come-e-quando-si-vota\/","og_site_name":"intoscana","article_publisher":"https:\/\/www.facebook.com\/intoscana.it","article_published_time":"2022-09-21T14:10:17+00:00","article_modified_time":"2022-09-23T08:11:18+00:00","og_image":[{"width":670,"height":567,"url":"https:\/\/www.intoscana.it\/wp-content\/uploads\/elezioni-voto-2-e1746709407919.jpg","type":"image\/jpeg"}],"author":"Clara D'Acunto","twitter_card":"summary_large_image","twitter_creator":"@intoscana","twitter_site":"@intoscana","twitter_misc":{"Written by":"Clara D'Acunto","Est. reading time":"5 minuti"},"schema":{"@context":"https:\/\/schema.org","@graph":[{"@type":"WebPage","@id":"https:\/\/www.intoscana.it\/it\/elezioni-2022-la-toscana-alle-urne-come-e-quando-si-vota\/","url":"https:\/\/www.intoscana.it\/it\/elezioni-2022-la-toscana-alle-urne-come-e-quando-si-vota\/","name":"Elezioni politiche 2022, la Toscana alle urne: come e quando si vota - intoscana","isPartOf":{"@id":"https:\/\/www.intoscana.it\/it\/#website"},"primaryImageOfPage":{"@id":"https:\/\/www.intoscana.it\/it\/elezioni-2022-la-toscana-alle-urne-come-e-quando-si-vota\/#primaryimage"},"image":{"@id":"https:\/\/www.intoscana.it\/it\/elezioni-2022-la-toscana-alle-urne-come-e-quando-si-vota\/#primaryimage"},"thumbnailUrl":"https:\/\/www.intoscana.it\/wp-content\/uploads\/elezioni-voto-2-e1746709407919.jpg","datePublished":"2022-09-21T14:10:17+00:00","dateModified":"2022-09-23T08:11:18+00:00","author":{"@id":"https:\/\/www.intoscana.it\/it\/#\/schema\/person\/137419af9ef5d385bde52864a841e6ce"},"description":"Il 25 settembre si elegger\u00e0 il nuovo Parlamento. I toscani chiamati ad esprimersi sono 3.004.786, due le schede e votano i diciottenni al Senato. Ecco una guida pratica","breadcrumb":{"@id":"https:\/\/www.intoscana.it\/it\/elezioni-2022-la-toscana-alle-urne-come-e-quando-si-vota\/#breadcrumb"},"inLanguage":"it-IT","potentialAction":[{"@type":"ReadAction","target":["https:\/\/www.intoscana.it\/it\/elezioni-2022-la-toscana-alle-urne-come-e-quando-si-vota\/"]}]},{"@type":"ImageObject","inLanguage":"it-IT","@id":"https:\/\/www.intoscana.it\/it\/elezioni-2022-la-toscana-alle-urne-come-e-quando-si-vota\/#primaryimage","url":"https:\/\/www.intoscana.it\/wp-content\/uploads\/elezioni-voto-2-e1746709407919.jpg","contentUrl":"https:\/\/www.intoscana.it\/wp-content\/uploads\/elezioni-voto-2-e1746709407919.jpg","width":670,"height":567},{"@type":"BreadcrumbList","@id":"https:\/\/www.intoscana.it\/it\/elezioni-2022-la-toscana-alle-urne-come-e-quando-si-vota\/#breadcrumb","itemListElement":[{"@type":"ListItem","position":1,"name":"Home","item":"https:\/\/www.intoscana.it\/it\/"},{"@type":"ListItem","position":2,"name":"Elezioni politiche 2022, la Toscana alle urne: come e quando si vota"}]},{"@type":"WebSite","@id":"https:\/\/www.intoscana.it\/it\/#website","url":"https:\/\/www.intoscana.it\/it\/","name":"intoscana","description":"","potentialAction":[{"@type":"SearchAction","target":{"@type":"EntryPoint","urlTemplate":"https:\/\/www.intoscana.it\/it\/?s={search_term_string}"},"query-input":{"@type":"PropertyValueSpecification","valueRequired":true,"valueName":"search_term_string"}}],"inLanguage":"it-IT"},{"@type":"Person","@id":"https:\/\/www.intoscana.it\/it\/#\/schema\/person\/137419af9ef5d385bde52864a841e6ce","name":"Clara D'Acunto","url":"https:\/\/www.intoscana.it\/it\/author\/clara-d_acunto\/"}]}},"_links":{"self":[{"href":"https:\/\/www.intoscana.it\/it\/wp-json\/wp\/v2\/posts\/248487","targetHints":{"allow":["GET"]}}],"collection":[{"href":"https:\/\/www.intoscana.it\/it\/wp-json\/wp\/v2\/posts"}],"about":[{"href":"https:\/\/www.intoscana.it\/it\/wp-json\/wp\/v2\/types\/post"}],"author":[{"embeddable":true,"href":"https:\/\/www.intoscana.it\/it\/wp-json\/wp\/v2\/users\/545"}],"replies":[{"embeddable":true,"href":"https:\/\/www.intoscana.it\/it\/wp-json\/wp\/v2\/comments?post=248487"}],"version-history":[{"count":0,"href":"https:\/\/www.intoscana.it\/it\/wp-json\/wp\/v2\/posts\/248487\/revisions"}],"wp:featuredmedia":[{"embeddable":true,"href":"https:\/\/www.intoscana.it\/it\/wp-json\/wp\/v2\/media\/102113"}],"wp:attachment":[{"href":"https:\/\/www.intoscana.it\/it\/wp-json\/wp\/v2\/media?parent=248487"}],"wp:term":[{"taxonomy":"category","embeddable":true,"href":"https:\/\/www.intoscana.it\/it\/wp-json\/wp\/v2\/categories?post=248487"},{"taxonomy":"post_tag","embeddable":true,"href":"https:\/\/www.intoscana.it\/it\/wp-json\/wp\/v2\/tags?post=248487"}],"curies":[{"name":"wp","href":"https:\/\/api.w.org\/{rel}","templated":true}]}}