{"id":248515,"date":"2022-09-20T12:09:30","date_gmt":"2022-09-20T10:09:30","guid":{"rendered":"https:\/\/www.intoscana.it\/it\/?p=248515"},"modified":"2022-09-20T12:10:31","modified_gmt":"2022-09-20T10:10:31","slug":"aumento-prezzi-coldiretti-giu-gli-acquisti-di-frutta-e-verdura","status":"publish","type":"post","link":"https:\/\/www.intoscana.it\/it\/aumento-prezzi-coldiretti-giu-gli-acquisti-di-frutta-e-verdura\/","title":{"rendered":"Aumento prezzi, Coldiretti: gi\u00f9 gli acquisti di frutta e verdura"},"content":{"rendered":"<p><strong>Volano i prezzi dei prodotti alimentari e i toscani tagliano gli acquisti nel carrello della spesa.<\/strong> A lanciare l&#8217;allarme \u00e8 Coldiretti Toscana: il caro energia e la siccit\u00e0, che ha fatto dimunire i raccolti, hanno infatti fatto lievitare i prezzi dei prodotti alimentari che fanno segnare<strong> un aumento complessivo medio del +10,7%<\/strong> costringendo i toscani a comprare meno, in particolare <strong>frutta e verdura i cui acquisti sono crollati dell&#8217;11%<\/strong> in quantit\u00e0 rispetto allo scorso anno.<\/p>\n<h3>Un consumatore su due ha ridotto la spesa alimentare<\/h3>\n<p><strong>Riguardo all&#8217;indice inflazionistico alimentare Arezzo si conferma la citt\u00e0 dove fare la spesa \u00e8 pi\u00f9 cara (+12,9%) seguita da Grosseto (+11,7%) e Massa Carrara (11,2%).<\/strong> In\u00a0 generale, l&#8217;aumento del prezzi di pane, pasta, latte, carne ed altri prodotti di prima necessit\u00e0 ha spinto pi\u00f9 di un consumatore su due (51%) a tagliare la spesa nel carrello.<\/p>\n<p>Per frutta e verdura i consumatori<strong> hanno ridotto del 16% le quantit\u00e0 di zucchine, del 12% i pomodori, del 9% le patate, del 7% le carote e del 4% le insalate<\/strong>, mentre per la frutta si evidenzia addirittura un calo dell&#8217;8% per gli acquisti di arance. Cresce solo la quarta gamma, come le insalate in busta, le cui vendite nei primi 6 mesi del 2022 sono salite del 7% sullo stesso periodo del 2021.<\/p>\n<p>Dall&#8217;analisi di Coldiretti Toscana sui dati Istat relativi all&#8217;inflazione ad agosto rispetto allo stesso mese dell&#8217;anno precedente emerge anche <strong>una forte accelerazione dei prezzi delle bollette energetiche (+83,7%). <\/strong>Ad agosto l&#8217;inflazione generale ha raggiunto l&#8217;8,6%, 0,6 punti percentuali di pi\u00f9 in un mese con la provincia di Siena che mostra il valore pi\u00f9 alto (+9,2%) e un aumento tendenziale di 1,1 punti percentuali rispetto a luglio. Ben cinque province su dieci mostrano un\u00a0 indice dell&#8217;inflazione generale superiore alla media regionale che \u00e8 pi\u00f9 alta di quella nazionale (8,4%).<\/p>\n<h3>Il caro bollette colpisce le aziende agricole<\/h3>\n<p>C&#8217;\u00e8 poi la spesa per luce e gas: ad agosto l&#8217;inflazione che misura i prezzi di luce e gas \u00e8 cresciuta dell&#8217;83,7%, rispetto al 62,4% di un mese prima e ben al di sopra della media nazionale (76,4%). Una soglia che tutte le province toscane hanno superato abbondantemente con Massa Carrara in cima (84,6%), seguita da Lucca (+84,5%) e da Grosseto (84%). <strong>L&#8217;aumento dei costi, denuncia infine Coldiretti Toscana, colpisce duramente l&#8217;intera filiera agroalimentare a partire dalle <\/strong><strong>campagne.<\/strong><\/p>\n<p><strong>Pi\u00f9 di 1 azienda agricola su 10 (13%) \u00e8 in una situazione cos\u00ec critica da portare alla cessazione dell&#8217;attivit\u00e0<\/strong> ma ben oltre 1\/3 del totale nazionale (38%) si trova comunque costretta in questo momento a lavorare in una condizione di reddito negativo per effetto dei rincari, secondo il Crea. In agricoltura si registrano aumenti dei costi che vanno dal +170% dei concimi al +90% dei mangimi al +129% per il gasolio.<\/p>\n","protected":false},"excerpt":{"rendered":"<p>I toscani tagliano gli acquisti nel carrello della spesa: Arezzo \u00e8 la citt\u00e0 dove \u00e8 pi\u00f9 costosa, seguita da Grosseto e Massa Carrara<\/p>\n","protected":false},"author":525,"featured_media":73050,"comment_status":"open","ping_status":"open","sticky":false,"template":"","format":"standard","meta":{"_acf_changed":false,"footnotes":""},"categories":[494],"tags":[363,282,357],"class_list":["post-248515","post","type-post","status-publish","format-standard","has-post-thumbnail","hentry","category-attualita","tag-agricoltura","tag-agroalimentare","tag-coldiretti"],"acf":[],"yoast_head":"<!-- This site is optimized with the Yoast SEO Premium plugin v24.2 (Yoast SEO v25.6) - https:\/\/yoast.com\/wordpress\/plugins\/seo\/ -->\n<title>Aumento prezzi, Coldiretti: gi\u00f9 gli acquisti di frutta e verdura - intoscana<\/title>\n<meta name=\"robots\" content=\"index, follow, max-snippet:-1, max-image-preview:large, max-video-preview:-1\" \/>\n<link rel=\"canonical\" href=\"https:\/\/www.intoscana.it\/it\/aumento-prezzi-coldiretti-giu-gli-acquisti-di-frutta-e-verdura\/\" \/>\n<meta property=\"og:locale\" content=\"it_IT\" \/>\n<meta property=\"og:type\" content=\"article\" \/>\n<meta property=\"og:title\" content=\"Aumento prezzi, Coldiretti: gi\u00f9 gli acquisti di frutta e verdura\" \/>\n<meta property=\"og:description\" content=\"I toscani tagliano gli acquisti nel carrello della spesa: Arezzo \u00e8 la citt\u00e0 dove \u00e8 pi\u00f9 costosa, seguita da Grosseto e Massa Carrara\" \/>\n<meta property=\"og:url\" content=\"https:\/\/www.intoscana.it\/it\/aumento-prezzi-coldiretti-giu-gli-acquisti-di-frutta-e-verdura\/\" \/>\n<meta property=\"og:site_name\" content=\"intoscana\" \/>\n<meta property=\"article:publisher\" content=\"https:\/\/www.facebook.com\/intoscana.it\" \/>\n<meta property=\"article:published_time\" content=\"2022-09-20T10:09:30+00:00\" \/>\n<meta property=\"article:modified_time\" content=\"2022-09-20T10:10:31+00:00\" \/>\n<meta property=\"og:image\" content=\"https:\/\/www.intoscana.it\/wp-content\/uploads\/mercato-spesa-frutta-verdura.jpg\" \/>\n\t<meta property=\"og:image:width\" content=\"594\" \/>\n\t<meta property=\"og:image:height\" content=\"396\" \/>\n\t<meta property=\"og:image:type\" content=\"image\/jpeg\" \/>\n<meta name=\"author\" content=\"Redazione\" \/>\n<meta name=\"twitter:card\" content=\"summary_large_image\" \/>\n<meta name=\"twitter:creator\" content=\"@intoscana\" \/>\n<meta name=\"twitter:site\" content=\"@intoscana\" \/>\n<meta name=\"twitter:label1\" content=\"Written by\" \/>\n\t<meta name=\"twitter:data1\" content=\"Redazione\" \/>\n\t<meta name=\"twitter:label2\" content=\"Est. reading time\" \/>\n\t<meta name=\"twitter:data2\" content=\"2 minuti\" \/>\n<script type=\"application\/ld+json\" class=\"yoast-schema-graph\">{\"@context\":\"https:\/\/schema.org\",\"@graph\":[{\"@type\":\"WebPage\",\"@id\":\"https:\/\/www.intoscana.it\/it\/aumento-prezzi-coldiretti-giu-gli-acquisti-di-frutta-e-verdura\/\",\"url\":\"https:\/\/www.intoscana.it\/it\/aumento-prezzi-coldiretti-giu-gli-acquisti-di-frutta-e-verdura\/\",\"name\":\"Aumento prezzi, Coldiretti: gi\u00f9 gli acquisti di frutta e verdura - intoscana\",\"isPartOf\":{\"@id\":\"https:\/\/www.intoscana.it\/it\/#website\"},\"primaryImageOfPage\":{\"@id\":\"https:\/\/www.intoscana.it\/it\/aumento-prezzi-coldiretti-giu-gli-acquisti-di-frutta-e-verdura\/#primaryimage\"},\"image\":{\"@id\":\"https:\/\/www.intoscana.it\/it\/aumento-prezzi-coldiretti-giu-gli-acquisti-di-frutta-e-verdura\/#primaryimage\"},\"thumbnailUrl\":\"https:\/\/www.intoscana.it\/wp-content\/uploads\/mercato-spesa-frutta-verdura.jpg\",\"datePublished\":\"2022-09-20T10:09:30+00:00\",\"dateModified\":\"2022-09-20T10:10:31+00:00\",\"author\":{\"@id\":\"https:\/\/www.intoscana.it\/it\/#\/schema\/person\/9223810753230f20bd670fdd322661f8\"},\"breadcrumb\":{\"@id\":\"https:\/\/www.intoscana.it\/it\/aumento-prezzi-coldiretti-giu-gli-acquisti-di-frutta-e-verdura\/#breadcrumb\"},\"inLanguage\":\"it-IT\",\"potentialAction\":[{\"@type\":\"ReadAction\",\"target\":[\"https:\/\/www.intoscana.it\/it\/aumento-prezzi-coldiretti-giu-gli-acquisti-di-frutta-e-verdura\/\"]}]},{\"@type\":\"ImageObject\",\"inLanguage\":\"it-IT\",\"@id\":\"https:\/\/www.intoscana.it\/it\/aumento-prezzi-coldiretti-giu-gli-acquisti-di-frutta-e-verdura\/#primaryimage\",\"url\":\"https:\/\/www.intoscana.it\/wp-content\/uploads\/mercato-spesa-frutta-verdura.jpg\",\"contentUrl\":\"https:\/\/www.intoscana.it\/wp-content\/uploads\/mercato-spesa-frutta-verdura.jpg\",\"width\":594,\"height\":396,\"caption\":\"Frutta e verdura\"},{\"@type\":\"BreadcrumbList\",\"@id\":\"https:\/\/www.intoscana.it\/it\/aumento-prezzi-coldiretti-giu-gli-acquisti-di-frutta-e-verdura\/#breadcrumb\",\"itemListElement\":[{\"@type\":\"ListItem\",\"position\":1,\"name\":\"Home\",\"item\":\"https:\/\/www.intoscana.it\/it\/\"},{\"@type\":\"ListItem\",\"position\":2,\"name\":\"Aumento prezzi, Coldiretti: gi\u00f9 gli acquisti di frutta e verdura\"}]},{\"@type\":\"WebSite\",\"@id\":\"https:\/\/www.intoscana.it\/it\/#website\",\"url\":\"https:\/\/www.intoscana.it\/it\/\",\"name\":\"intoscana\",\"description\":\"\",\"potentialAction\":[{\"@type\":\"SearchAction\",\"target\":{\"@type\":\"EntryPoint\",\"urlTemplate\":\"https:\/\/www.intoscana.it\/it\/?s={search_term_string}\"},\"query-input\":{\"@type\":\"PropertyValueSpecification\",\"valueRequired\":true,\"valueName\":\"search_term_string\"}}],\"inLanguage\":\"it-IT\"},{\"@type\":\"Person\",\"@id\":\"https:\/\/www.intoscana.it\/it\/#\/schema\/person\/9223810753230f20bd670fdd322661f8\",\"name\":\"Redazione\",\"url\":\"https:\/\/www.intoscana.it\/it\/author\/redazione\/\"}]}<\/script>\n<!-- \/ Yoast SEO Premium plugin. -->","yoast_head_json":{"title":"Aumento prezzi, Coldiretti: gi\u00f9 gli acquisti di frutta e verdura - intoscana","robots":{"index":"index","follow":"follow","max-snippet":"max-snippet:-1","max-image-preview":"max-image-preview:large","max-video-preview":"max-video-preview:-1"},"canonical":"https:\/\/www.intoscana.it\/it\/aumento-prezzi-coldiretti-giu-gli-acquisti-di-frutta-e-verdura\/","og_locale":"it_IT","og_type":"article","og_title":"Aumento prezzi, Coldiretti: gi\u00f9 gli acquisti di frutta e verdura","og_description":"I toscani tagliano gli acquisti nel carrello della spesa: Arezzo \u00e8 la citt\u00e0 dove \u00e8 pi\u00f9 costosa, seguita da Grosseto e Massa Carrara","og_url":"https:\/\/www.intoscana.it\/it\/aumento-prezzi-coldiretti-giu-gli-acquisti-di-frutta-e-verdura\/","og_site_name":"intoscana","article_publisher":"https:\/\/www.facebook.com\/intoscana.it","article_published_time":"2022-09-20T10:09:30+00:00","article_modified_time":"2022-09-20T10:10:31+00:00","og_image":[{"width":594,"height":396,"url":"https:\/\/www.intoscana.it\/wp-content\/uploads\/mercato-spesa-frutta-verdura.jpg","type":"image\/jpeg"}],"author":"Redazione","twitter_card":"summary_large_image","twitter_creator":"@intoscana","twitter_site":"@intoscana","twitter_misc":{"Written by":"Redazione","Est. reading time":"2 minuti"},"schema":{"@context":"https:\/\/schema.org","@graph":[{"@type":"WebPage","@id":"https:\/\/www.intoscana.it\/it\/aumento-prezzi-coldiretti-giu-gli-acquisti-di-frutta-e-verdura\/","url":"https:\/\/www.intoscana.it\/it\/aumento-prezzi-coldiretti-giu-gli-acquisti-di-frutta-e-verdura\/","name":"Aumento prezzi, Coldiretti: gi\u00f9 gli acquisti di frutta e verdura - intoscana","isPartOf":{"@id":"https:\/\/www.intoscana.it\/it\/#website"},"primaryImageOfPage":{"@id":"https:\/\/www.intoscana.it\/it\/aumento-prezzi-coldiretti-giu-gli-acquisti-di-frutta-e-verdura\/#primaryimage"},"image":{"@id":"https:\/\/www.intoscana.it\/it\/aumento-prezzi-coldiretti-giu-gli-acquisti-di-frutta-e-verdura\/#primaryimage"},"thumbnailUrl":"https:\/\/www.intoscana.it\/wp-content\/uploads\/mercato-spesa-frutta-verdura.jpg","datePublished":"2022-09-20T10:09:30+00:00","dateModified":"2022-09-20T10:10:31+00:00","author":{"@id":"https:\/\/www.intoscana.it\/it\/#\/schema\/person\/9223810753230f20bd670fdd322661f8"},"breadcrumb":{"@id":"https:\/\/www.intoscana.it\/it\/aumento-prezzi-coldiretti-giu-gli-acquisti-di-frutta-e-verdura\/#breadcrumb"},"inLanguage":"it-IT","potentialAction":[{"@type":"ReadAction","target":["https:\/\/www.intoscana.it\/it\/aumento-prezzi-coldiretti-giu-gli-acquisti-di-frutta-e-verdura\/"]}]},{"@type":"ImageObject","inLanguage":"it-IT","@id":"https:\/\/www.intoscana.it\/it\/aumento-prezzi-coldiretti-giu-gli-acquisti-di-frutta-e-verdura\/#primaryimage","url":"https:\/\/www.intoscana.it\/wp-content\/uploads\/mercato-spesa-frutta-verdura.jpg","contentUrl":"https:\/\/www.intoscana.it\/wp-content\/uploads\/mercato-spesa-frutta-verdura.jpg","width":594,"height":396,"caption":"Frutta e verdura"},{"@type":"BreadcrumbList","@id":"https:\/\/www.intoscana.it\/it\/aumento-prezzi-coldiretti-giu-gli-acquisti-di-frutta-e-verdura\/#breadcrumb","itemListElement":[{"@type":"ListItem","position":1,"name":"Home","item":"https:\/\/www.intoscana.it\/it\/"},{"@type":"ListItem","position":2,"name":"Aumento prezzi, Coldiretti: gi\u00f9 gli acquisti di frutta e verdura"}]},{"@type":"WebSite","@id":"https:\/\/www.intoscana.it\/it\/#website","url":"https:\/\/www.intoscana.it\/it\/","name":"intoscana","description":"","potentialAction":[{"@type":"SearchAction","target":{"@type":"EntryPoint","urlTemplate":"https:\/\/www.intoscana.it\/it\/?s={search_term_string}"},"query-input":{"@type":"PropertyValueSpecification","valueRequired":true,"valueName":"search_term_string"}}],"inLanguage":"it-IT"},{"@type":"Person","@id":"https:\/\/www.intoscana.it\/it\/#\/schema\/person\/9223810753230f20bd670fdd322661f8","name":"Redazione","url":"https:\/\/www.intoscana.it\/it\/author\/redazione\/"}]}},"_links":{"self":[{"href":"https:\/\/www.intoscana.it\/it\/wp-json\/wp\/v2\/posts\/248515","targetHints":{"allow":["GET"]}}],"collection":[{"href":"https:\/\/www.intoscana.it\/it\/wp-json\/wp\/v2\/posts"}],"about":[{"href":"https:\/\/www.intoscana.it\/it\/wp-json\/wp\/v2\/types\/post"}],"author":[{"embeddable":true,"href":"https:\/\/www.intoscana.it\/it\/wp-json\/wp\/v2\/users\/525"}],"replies":[{"embeddable":true,"href":"https:\/\/www.intoscana.it\/it\/wp-json\/wp\/v2\/comments?post=248515"}],"version-history":[{"count":0,"href":"https:\/\/www.intoscana.it\/it\/wp-json\/wp\/v2\/posts\/248515\/revisions"}],"wp:featuredmedia":[{"embeddable":true,"href":"https:\/\/www.intoscana.it\/it\/wp-json\/wp\/v2\/media\/73050"}],"wp:attachment":[{"href":"https:\/\/www.intoscana.it\/it\/wp-json\/wp\/v2\/media?parent=248515"}],"wp:term":[{"taxonomy":"category","embeddable":true,"href":"https:\/\/www.intoscana.it\/it\/wp-json\/wp\/v2\/categories?post=248515"},{"taxonomy":"post_tag","embeddable":true,"href":"https:\/\/www.intoscana.it\/it\/wp-json\/wp\/v2\/tags?post=248515"}],"curies":[{"name":"wp","href":"https:\/\/api.w.org\/{rel}","templated":true}]}}