{"id":248523,"date":"2022-09-20T12:00:53","date_gmt":"2022-09-20T10:00:53","guid":{"rendered":"https:\/\/www.intoscana.it\/it\/?p=248523"},"modified":"2022-09-21T17:25:41","modified_gmt":"2022-09-21T15:25:41","slug":"politiche-del-lavoro-la-toscana-centra-i-target-del-pnrr","status":"publish","type":"post","link":"https:\/\/www.intoscana.it\/it\/politiche-del-lavoro-la-toscana-centra-i-target-del-pnrr\/","title":{"rendered":"Politiche del lavoro: la Toscana centra i target del Pnrr"},"content":{"rendered":"<p><strong>La Toscana \u00e8 una delle prime Regioni in Italia che, riguardo ai beneficiari, ha raggiunto il target europeo di Gol, il programma italiano di riforma delle politiche attive del lavoro inserito nella missione 5 del Pnrr<\/strong> (Lavoro e inclusione sociale).<\/p>\n<h3>Gi\u00e0 coinvolte 17mila persone<\/h3>\n<p>Ad annunciarlo ieri mattina, non appena ricevuti i dati, \u00e8 stato il commissario straordinario dell\u2019Agenzia nazionale per le politiche attive del lavoro (Anpal), nel corso della conferenza di apertura della<strong> seconda edizione della <a href=\"https:\/\/www.intoscana.it\/it\/articolo\/fiera-toscana-del-lavoro-a-firenze-le-imprese-incontrano-i-candidati-tre-giorni-di-colloqui-seminari-e-formazione\/\" target=\"_blank\" rel=\"noopener\">Fiera del Lavoro<\/a>, organizzata dalla Regione Toscana e da Arti<\/strong> (Agenzia regionale toscana per l\u2019impiego) alla Fortezza da Basso di Firenze.<\/p>\n<p>L\u2019obiettivo di coinvolgere <strong>17 mila persone, ha precisato il commissario, \u00e8 stato raggiunto con tre mesi di anticipo rispetto alla scadenza fissata, ovvero il\u00a031 dicembre 2022.<\/strong><br \/>\nLa Toscana \u00e8 una regione che ci d\u00e0 soddisfazioni, ha commentato il responsabile dell\u2019Agenzia, che ha ricordato come Gol (Garanzia occupabilit\u00e0 lavoratori) \u00e8 un programma di riforma ad ampio spettro, nell\u2019ambito dei servizi non solo pi\u00f9 tipicamente riconducibili alle politiche attive del lavoro, ma anche all\u2019integrazione di questi con le politiche di formazione professionale.<\/p>\n<h3><strong>Politiche attive e Centri per l\u2019impiego: il modello Toscana<\/strong><\/h3>\n<p>Politiche attive ma anche formazione, alla Fiera per il Lavoro la Toscana ha fatto i conti, avendo a disposizione i 50 milioni per la prima trance del Pnrr (250 milioni tra il 21 e il 2025), e i quasi 54 milioni di residui sbloccati della cassa integrazione in deroga, le future risorse della programmazione europea Fse, <strong>pari a 700 milioni.<\/strong><\/p>\n<p>Come spiega Francesca Giovani, direttrice istruzione, formazione, lavoro e ricerca, per la prima volta nella storia della nostra Regione abbiamo una riforma del lavoro non a invarianza di risorse ma con un pacchetto di risorse importanti. <strong>La sfida \u00e8 presentare misure personalizzate: si va dai voucher formativi just in time ai percorsi formativi pi\u00f9 lunghi, fino a 600 ore, per chi \u00e8 pi\u00f9 lontano dal mercato del lavoro.<\/strong><\/p>\n<p>La Regione ha un modello di governance pubblica basata sui servizi pubblici per l\u2019impiego che operano in una logica di complementariet\u00e0 e cooperazione con soggetti privati accreditati.<br \/>\nNel padiglione Basilica della Fortezza scorrono i risultati di Arti: secondo un\u2019indagine di questi giorni il grado di soddisfazione degli utenti dei Centri per l\u2019impiego \u00e8 del 95%; inoltre, la Toscana \u00e8 la prima regione ad avere un portale con algoritmo di ingegneria artificiale che incrocia domanda e offerta di lavoro: sar\u00e0 presentato nei prossimi giorni, ma ci sono gi\u00e0 10mila cittadini utenti e 4000 imprese. L\u2019utilizzo delle nuove tecnologie \u00e8, aggiunge la direttrice di Arti, la nuova frontiera, dopo la decisione \u2018pioniera\u2019 \u2013 i primi anche in questo caso \u2013 di riaprire i Centri per l\u2019impiego durante la pandemia.<\/p>\n<p>Accanto al target gi\u00e0 raggiunto \u00a0con tre mesi di anticipo per il programma Gol \u2013 17mila utenti \u2013 ci sono<strong> i numeri, in forte crescita, delle imprese che si rivolgono ai Centri per l\u2019impiego. \u00a0<\/strong>Se nel 2021 i Cpi hanno preso in carico 181mila 986 utenti, il 54% donne, le imprese che hanno usufruito dei loro servizi sono state circa 20mila, erano 13mila nel 2020. Un dato in forte crescita, ma comunque superato nel primo semestre 2022: <strong>gi\u00e0 16mila 245 imprese si sono rivolte ai servizi gratuiti dei Centri per l\u2019impiego. Si stima che a fine anno saranno circa 30mila.<\/strong><\/p>\n","protected":false},"excerpt":{"rendered":"<p>L\u2019obiettivo di coinvolgere 17 mila persone \u00e8 stato raggiunto con tre mesi di anticipo rispetto alla scadenza fissata: i dati presentati alla Fiera del Lavoro a Firenze<\/p>\n","protected":false},"author":525,"featured_media":141668,"comment_status":"open","ping_status":"open","sticky":false,"template":"","format":"standard","meta":{"_acf_changed":false,"footnotes":""},"categories":[494],"tags":[260,6296,151],"class_list":["post-248523","post","type-post","status-publish","format-standard","has-post-thumbnail","hentry","category-attualita","tag-lavoro","tag-pnrr","tag-regione-toscana"],"acf":[],"yoast_head":"<!-- This site is optimized with the Yoast SEO Premium plugin v24.2 (Yoast SEO v25.6) - https:\/\/yoast.com\/wordpress\/plugins\/seo\/ -->\n<title>Politiche del lavoro: la Toscana centra i target del Pnrr - intoscana<\/title>\n<meta name=\"description\" content=\"La Toscana ha centrato con tre mesi di anticipo i target del Pnrr per quanto riguarda le politiche attive del lavoro.\" \/>\n<meta name=\"robots\" content=\"index, follow, max-snippet:-1, max-image-preview:large, max-video-preview:-1\" \/>\n<link rel=\"canonical\" href=\"https:\/\/www.intoscana.it\/it\/politiche-del-lavoro-la-toscana-centra-i-target-del-pnrr\/\" \/>\n<meta property=\"og:locale\" content=\"it_IT\" \/>\n<meta property=\"og:type\" content=\"article\" \/>\n<meta property=\"og:title\" content=\"Politiche del lavoro: la Toscana centra i target del Pnrr\" \/>\n<meta property=\"og:description\" content=\"La Toscana ha centrato con tre mesi di anticipo i target del Pnrr per quanto riguarda le politiche attive del lavoro.\" \/>\n<meta property=\"og:url\" content=\"https:\/\/www.intoscana.it\/it\/politiche-del-lavoro-la-toscana-centra-i-target-del-pnrr\/\" \/>\n<meta property=\"og:site_name\" content=\"intoscana\" \/>\n<meta property=\"article:publisher\" content=\"https:\/\/www.facebook.com\/intoscana.it\" \/>\n<meta property=\"article:published_time\" content=\"2022-09-20T10:00:53+00:00\" \/>\n<meta property=\"article:modified_time\" content=\"2022-09-21T15:25:41+00:00\" \/>\n<meta property=\"og:image\" content=\"https:\/\/www.intoscana.it\/wp-content\/uploads\/393164f052446300f00ce4524dc2e5a2-3.jpg\" \/>\n\t<meta property=\"og:image:width\" content=\"500\" \/>\n\t<meta property=\"og:image:height\" content=\"330\" \/>\n\t<meta property=\"og:image:type\" content=\"image\/jpeg\" \/>\n<meta name=\"author\" content=\"Redazione\" \/>\n<meta name=\"twitter:card\" content=\"summary_large_image\" \/>\n<meta name=\"twitter:creator\" content=\"@intoscana\" \/>\n<meta name=\"twitter:site\" content=\"@intoscana\" \/>\n<meta name=\"twitter:label1\" content=\"Written by\" \/>\n\t<meta name=\"twitter:data1\" content=\"Redazione\" \/>\n\t<meta name=\"twitter:label2\" content=\"Est. reading time\" \/>\n\t<meta name=\"twitter:data2\" content=\"3 minuti\" \/>\n<script type=\"application\/ld+json\" class=\"yoast-schema-graph\">{\"@context\":\"https:\/\/schema.org\",\"@graph\":[{\"@type\":\"WebPage\",\"@id\":\"https:\/\/www.intoscana.it\/it\/politiche-del-lavoro-la-toscana-centra-i-target-del-pnrr\/\",\"url\":\"https:\/\/www.intoscana.it\/it\/politiche-del-lavoro-la-toscana-centra-i-target-del-pnrr\/\",\"name\":\"Politiche del lavoro: la Toscana centra i target del Pnrr - intoscana\",\"isPartOf\":{\"@id\":\"https:\/\/www.intoscana.it\/it\/#website\"},\"primaryImageOfPage\":{\"@id\":\"https:\/\/www.intoscana.it\/it\/politiche-del-lavoro-la-toscana-centra-i-target-del-pnrr\/#primaryimage\"},\"image\":{\"@id\":\"https:\/\/www.intoscana.it\/it\/politiche-del-lavoro-la-toscana-centra-i-target-del-pnrr\/#primaryimage\"},\"thumbnailUrl\":\"https:\/\/www.intoscana.it\/wp-content\/uploads\/393164f052446300f00ce4524dc2e5a2-3.jpg\",\"datePublished\":\"2022-09-20T10:00:53+00:00\",\"dateModified\":\"2022-09-21T15:25:41+00:00\",\"author\":{\"@id\":\"https:\/\/www.intoscana.it\/it\/#\/schema\/person\/9223810753230f20bd670fdd322661f8\"},\"description\":\"La Toscana ha centrato con tre mesi di anticipo i target del Pnrr per quanto riguarda le politiche attive del lavoro.\",\"breadcrumb\":{\"@id\":\"https:\/\/www.intoscana.it\/it\/politiche-del-lavoro-la-toscana-centra-i-target-del-pnrr\/#breadcrumb\"},\"inLanguage\":\"it-IT\",\"potentialAction\":[{\"@type\":\"ReadAction\",\"target\":[\"https:\/\/www.intoscana.it\/it\/politiche-del-lavoro-la-toscana-centra-i-target-del-pnrr\/\"]}]},{\"@type\":\"ImageObject\",\"inLanguage\":\"it-IT\",\"@id\":\"https:\/\/www.intoscana.it\/it\/politiche-del-lavoro-la-toscana-centra-i-target-del-pnrr\/#primaryimage\",\"url\":\"https:\/\/www.intoscana.it\/wp-content\/uploads\/393164f052446300f00ce4524dc2e5a2-3.jpg\",\"contentUrl\":\"https:\/\/www.intoscana.it\/wp-content\/uploads\/393164f052446300f00ce4524dc2e5a2-3.jpg\",\"width\":500,\"height\":330,\"caption\":\"Lavoro\"},{\"@type\":\"BreadcrumbList\",\"@id\":\"https:\/\/www.intoscana.it\/it\/politiche-del-lavoro-la-toscana-centra-i-target-del-pnrr\/#breadcrumb\",\"itemListElement\":[{\"@type\":\"ListItem\",\"position\":1,\"name\":\"Home\",\"item\":\"https:\/\/www.intoscana.it\/it\/\"},{\"@type\":\"ListItem\",\"position\":2,\"name\":\"Politiche del lavoro: la Toscana centra i target del Pnrr\"}]},{\"@type\":\"WebSite\",\"@id\":\"https:\/\/www.intoscana.it\/it\/#website\",\"url\":\"https:\/\/www.intoscana.it\/it\/\",\"name\":\"intoscana\",\"description\":\"\",\"potentialAction\":[{\"@type\":\"SearchAction\",\"target\":{\"@type\":\"EntryPoint\",\"urlTemplate\":\"https:\/\/www.intoscana.it\/it\/?s={search_term_string}\"},\"query-input\":{\"@type\":\"PropertyValueSpecification\",\"valueRequired\":true,\"valueName\":\"search_term_string\"}}],\"inLanguage\":\"it-IT\"},{\"@type\":\"Person\",\"@id\":\"https:\/\/www.intoscana.it\/it\/#\/schema\/person\/9223810753230f20bd670fdd322661f8\",\"name\":\"Redazione\",\"url\":\"https:\/\/www.intoscana.it\/it\/author\/redazione\/\"}]}<\/script>\n<!-- \/ Yoast SEO Premium plugin. -->","yoast_head_json":{"title":"Politiche del lavoro: la Toscana centra i target del Pnrr - intoscana","description":"La Toscana ha centrato con tre mesi di anticipo i target del Pnrr per quanto riguarda le politiche attive del lavoro.","robots":{"index":"index","follow":"follow","max-snippet":"max-snippet:-1","max-image-preview":"max-image-preview:large","max-video-preview":"max-video-preview:-1"},"canonical":"https:\/\/www.intoscana.it\/it\/politiche-del-lavoro-la-toscana-centra-i-target-del-pnrr\/","og_locale":"it_IT","og_type":"article","og_title":"Politiche del lavoro: la Toscana centra i target del Pnrr","og_description":"La Toscana ha centrato con tre mesi di anticipo i target del Pnrr per quanto riguarda le politiche attive del lavoro.","og_url":"https:\/\/www.intoscana.it\/it\/politiche-del-lavoro-la-toscana-centra-i-target-del-pnrr\/","og_site_name":"intoscana","article_publisher":"https:\/\/www.facebook.com\/intoscana.it","article_published_time":"2022-09-20T10:00:53+00:00","article_modified_time":"2022-09-21T15:25:41+00:00","og_image":[{"width":500,"height":330,"url":"https:\/\/www.intoscana.it\/wp-content\/uploads\/393164f052446300f00ce4524dc2e5a2-3.jpg","type":"image\/jpeg"}],"author":"Redazione","twitter_card":"summary_large_image","twitter_creator":"@intoscana","twitter_site":"@intoscana","twitter_misc":{"Written by":"Redazione","Est. reading time":"3 minuti"},"schema":{"@context":"https:\/\/schema.org","@graph":[{"@type":"WebPage","@id":"https:\/\/www.intoscana.it\/it\/politiche-del-lavoro-la-toscana-centra-i-target-del-pnrr\/","url":"https:\/\/www.intoscana.it\/it\/politiche-del-lavoro-la-toscana-centra-i-target-del-pnrr\/","name":"Politiche del lavoro: la Toscana centra i target del Pnrr - intoscana","isPartOf":{"@id":"https:\/\/www.intoscana.it\/it\/#website"},"primaryImageOfPage":{"@id":"https:\/\/www.intoscana.it\/it\/politiche-del-lavoro-la-toscana-centra-i-target-del-pnrr\/#primaryimage"},"image":{"@id":"https:\/\/www.intoscana.it\/it\/politiche-del-lavoro-la-toscana-centra-i-target-del-pnrr\/#primaryimage"},"thumbnailUrl":"https:\/\/www.intoscana.it\/wp-content\/uploads\/393164f052446300f00ce4524dc2e5a2-3.jpg","datePublished":"2022-09-20T10:00:53+00:00","dateModified":"2022-09-21T15:25:41+00:00","author":{"@id":"https:\/\/www.intoscana.it\/it\/#\/schema\/person\/9223810753230f20bd670fdd322661f8"},"description":"La Toscana ha centrato con tre mesi di anticipo i target del Pnrr per quanto riguarda le politiche attive del lavoro.","breadcrumb":{"@id":"https:\/\/www.intoscana.it\/it\/politiche-del-lavoro-la-toscana-centra-i-target-del-pnrr\/#breadcrumb"},"inLanguage":"it-IT","potentialAction":[{"@type":"ReadAction","target":["https:\/\/www.intoscana.it\/it\/politiche-del-lavoro-la-toscana-centra-i-target-del-pnrr\/"]}]},{"@type":"ImageObject","inLanguage":"it-IT","@id":"https:\/\/www.intoscana.it\/it\/politiche-del-lavoro-la-toscana-centra-i-target-del-pnrr\/#primaryimage","url":"https:\/\/www.intoscana.it\/wp-content\/uploads\/393164f052446300f00ce4524dc2e5a2-3.jpg","contentUrl":"https:\/\/www.intoscana.it\/wp-content\/uploads\/393164f052446300f00ce4524dc2e5a2-3.jpg","width":500,"height":330,"caption":"Lavoro"},{"@type":"BreadcrumbList","@id":"https:\/\/www.intoscana.it\/it\/politiche-del-lavoro-la-toscana-centra-i-target-del-pnrr\/#breadcrumb","itemListElement":[{"@type":"ListItem","position":1,"name":"Home","item":"https:\/\/www.intoscana.it\/it\/"},{"@type":"ListItem","position":2,"name":"Politiche del lavoro: la Toscana centra i target del Pnrr"}]},{"@type":"WebSite","@id":"https:\/\/www.intoscana.it\/it\/#website","url":"https:\/\/www.intoscana.it\/it\/","name":"intoscana","description":"","potentialAction":[{"@type":"SearchAction","target":{"@type":"EntryPoint","urlTemplate":"https:\/\/www.intoscana.it\/it\/?s={search_term_string}"},"query-input":{"@type":"PropertyValueSpecification","valueRequired":true,"valueName":"search_term_string"}}],"inLanguage":"it-IT"},{"@type":"Person","@id":"https:\/\/www.intoscana.it\/it\/#\/schema\/person\/9223810753230f20bd670fdd322661f8","name":"Redazione","url":"https:\/\/www.intoscana.it\/it\/author\/redazione\/"}]}},"_links":{"self":[{"href":"https:\/\/www.intoscana.it\/it\/wp-json\/wp\/v2\/posts\/248523","targetHints":{"allow":["GET"]}}],"collection":[{"href":"https:\/\/www.intoscana.it\/it\/wp-json\/wp\/v2\/posts"}],"about":[{"href":"https:\/\/www.intoscana.it\/it\/wp-json\/wp\/v2\/types\/post"}],"author":[{"embeddable":true,"href":"https:\/\/www.intoscana.it\/it\/wp-json\/wp\/v2\/users\/525"}],"replies":[{"embeddable":true,"href":"https:\/\/www.intoscana.it\/it\/wp-json\/wp\/v2\/comments?post=248523"}],"version-history":[{"count":0,"href":"https:\/\/www.intoscana.it\/it\/wp-json\/wp\/v2\/posts\/248523\/revisions"}],"wp:featuredmedia":[{"embeddable":true,"href":"https:\/\/www.intoscana.it\/it\/wp-json\/wp\/v2\/media\/141668"}],"wp:attachment":[{"href":"https:\/\/www.intoscana.it\/it\/wp-json\/wp\/v2\/media?parent=248523"}],"wp:term":[{"taxonomy":"category","embeddable":true,"href":"https:\/\/www.intoscana.it\/it\/wp-json\/wp\/v2\/categories?post=248523"},{"taxonomy":"post_tag","embeddable":true,"href":"https:\/\/www.intoscana.it\/it\/wp-json\/wp\/v2\/tags?post=248523"}],"curies":[{"name":"wp","href":"https:\/\/api.w.org\/{rel}","templated":true}]}}