{"id":248601,"date":"2022-09-29T15:17:06","date_gmt":"2022-09-29T13:17:06","guid":{"rendered":"https:\/\/www.intoscana.it\/it\/?p=248601"},"modified":"2022-09-30T10:54:59","modified_gmt":"2022-09-30T08:54:59","slug":"al-museo-del-tessuto-di-prato-seta-dialoghi-sulla-cina-contemporanea","status":"publish","type":"post","link":"https:\/\/www.intoscana.it\/it\/al-museo-del-tessuto-di-prato-seta-dialoghi-sulla-cina-contemporanea\/","title":{"rendered":"Al Museo del Tessuto di Prato: \u201cSeta &#8211; Dialoghi sulla Cina Contemporanea\u201d"},"content":{"rendered":"<p><strong>Da venerd\u00ec 30 settembre a domenica 2 ottobre<\/strong> il <a href=\"https:\/\/www.intoscana.it\/it\/articolo\/al-museo-del-tessuto-gli-abiti-della-swinging-london-realizzati-da-ossie-clark-e-celia-birtwell\/\" target=\"_blank\" rel=\"noopener\"><strong>Museo del Tessuto di Prato<\/strong> <\/a>ospita la terza edizione di <em><strong>\u201cSeta &#8211; Dialoghi sulla Cina Contemporanea\u201d<\/strong><\/em>, il festival di <strong>approfondimento politico, socio economico ed artistico<\/strong> organizzato dall\u2019associazione<strong> Orientiamoci In Cina<\/strong> in collaborazione con <strong>Centro Studi Sulla Cina Contemporanea e Contemporary Matters,<\/strong> realizzato con il contributo del l\u2019Assessorato alla Cultura e alla cittadinanza del Comune di Prato, il patrocinio della <strong>Regione Toscana,<\/strong> della Provincia di Prato, e del PIN.<\/p>\n<p><strong>Tantissimi ospiti relatori italiani e cinesi<\/strong>: accademici, giornalisti, studiosi, economisti e ricercatori di prestigiose Universit\u00e0, non solo italiane, <strong>si alterneranno negli spazi del Museo del Tessuto<\/strong> per offrire al pubblico una serie di interessanti spunti di riflessione e confronto su quanto sta accadendo nella <strong>Cina odierna,<\/strong> soprattutto alla luce dei nuovi scenari internazionali.<\/p>\n<p>Dalla <strong>guerra in Ucraina<\/strong>, alla <strong>crisi energetica<\/strong>, ai complessi rapporti con gli Stati Uniti della presidenza Biden, al <strong>XX Congresso nazionale del Pcc<\/strong> che si terr\u00e0 a Pechino dal 9 e al 16 ottobre prossimo, alle <strong>realt\u00e0 virtuali<\/strong> che si affacciano prepotentemente sul palcoscenico mondiale, fino alle <strong>nuove tendenze artistiche<\/strong> che rispecchiano le ansie di un paese che mira ad un ruolo sempre pi\u00f9 strategico nei contesti cosmopoliti ma che \u00e8 ancora <strong>a met\u00e0 strada tra un passato fortemente tradizionalista<\/strong> <strong>e il presente<\/strong> che lo ha visto avvicinarsi vorticosamente all\u2019Occidente lungo le traiettorie del sapere geografico, scientifico ed economico.<\/p>\n<p>Una rassegna che vuole essere nell\u2019ottica degli organizzatori <strong>uno scambio originale di idee, di dibattito, di presentazione di ricerche,<\/strong> grazie anche i molteplici progetti di studio che da alcuni anni si realizzano nei diversi consessi culturali italiani e non solo.<\/p>\n<h3>Le mostre<\/h3>\n<p>Per quanto riguarda la parte artistica del festiva con<em><strong> Seta <\/strong><\/em>inaugura <em><strong>\u201cEscape: l\u2019inatteso. Mostra personale di Hu Huiming\u201d<\/strong><\/em> a cura di <strong>Lisha Liang<\/strong>\u00a0una mostra che sar\u00e0 visitabile presso la <strong>Saletta Campolmi fino al 9 ottobre.<\/strong><\/p>\n<p>Nel programma del festival sar\u00e0 presentato anche il progetto <strong>Mitologie Digitali, una mostra sulle mitologie orientali ed occidentali in chiave digital<\/strong> che avr\u00e0 una doppia sede a Prato e a Taizhou, alla fine di novembre.<\/p>\n<p>Grazie all&#8217;open call ancora in corso, <strong>saranno selezionate le opere digitali degli artisti pi\u00f9 interessanti<\/strong>\u00a0che saranno poi esposte in due mostre:<strong> in Italia a Prato dal 27 novembre al 27 dicembre 2022<\/strong> in diversi luoghi della citt\u00e0 e <strong>in Cina a Taizhou nel Museum of Contemporary Art<\/strong> nel novembre prossimo.<\/p>\n<figure id=\"post-248605 media-248605\" class=\"align-none\"><img decoding=\"async\" src=\"https:\/\/www.intoscana.it\/wp-content\/uploads\/Hu-Huiming-WHITE-SOFT-REST-2021-scaled.jpg\" alt=\"\" \/><\/figure>\n<p><em>Hu Huiming, WHITE SOFT REST 2021<\/em><\/p>\n<h3>Il programma<\/h3>\n<p><strong>Venerd\u00ec 30 settembre 2022<\/strong><\/p>\n<p>Ore 10:00 L&#8217;apertura Festival con i saluti istituzionali e dell\u2019associazione <strong>Orientiamoci In Cina.<\/strong><\/p>\n<p>Ore 10:30 -11:30\u00a0Proiezione di un estratto della Docuserie <em><strong>\u201cRinascimento senza Fine\u201d<\/strong> <\/em>scritto e diretto dal Regista Paolo Carrino una coproduzione Italo-Cinese Fondazione Sistema Toscana e CCTV.\u00a0Saranno presenti in sala il regista Paolo Carrino e Francesco Palumbo che ha prodotto per la parte italiana la docs-serie.<\/p>\n<p>Ore 11:30-13:00\u00a0Il riassetto e l\u2019allargamento dell\u2019alleanza atlantica in conseguenza della <strong>crisi russo-ucraina.<\/strong>\u00a0A colloquio con S.E <strong>Ambasciatore Alberto Bradanini,<\/strong> ex ambasciatore italiano a Pechino,<strong> Guido Casanova<\/strong> (ISPI MILANO) analista e ricercatore associato di Ispi Milano, <strong>Beatrice Gallelli<\/strong> sinologa ricercatrice presso Ca\u2019 Foscari e I.A.I (Instituto per gli Affari internazionali di Roma).<\/p>\n<p>Ore 14:30 &#8211; 16:30<strong>\u00a0Il ruolo della Cina nell\u2019Asia pacifico<\/strong><br \/>\nIl nuovo ruolo assunto dalla Cina nelle regione dell\u2019Asia pacifico il nuovo spazio che sta conquistando nella diplomazia internazionale, hanno gi\u00e0 lasciato intravedere profondi mutamenti negli equilibri politici e strategici della regione. Quale saranno le prospettive per gli Stati Uniti ed i suoi tradizionali alleati ? A colloquio con<strong> il professor Antonio Fiori<\/strong> studioso di penisola coreana, professore associato di Storia e Istituzioni dell&#8217;Asia presso l&#8217;Universit\u00e0 di Bologna e presidente dell&#8217;Asia Institute di Bologna, <strong>Alessandro Albana<\/strong>\u00a0che insegna relazioni internazionali della Cina all&#8217;Universit\u00e0 Ca&#8217; Foscari di Venezia ed \u00e8 ricercatore presso l&#8217;Asia Institute\u201de con <strong>Lorenzo Termine<\/strong>\u00a0professore coordinatore del desk cina e indopacifico del centro studi geopolitica.info, dottorando in studi politici presso universit\u00e0 \u201cLa Sapienza\u201d autore di \u201cTigri con le ali, la politica di difesa post maoista, e l\u2019arma nucleare\u201d Aracne editrice 2021.<\/p>\n<p>Ore 17:00 &#8211; 18:00\u00a0<strong>Presentazione progetto di scambio artistico <a href=\"https:\/\/www.intoscana.it\/it\/articolo\/prato-e-aperta-lopen-call-per-artisti-per-la-mostra-mitologie-digitali-tra-italia-e-cina\/\" target=\"_blank\" rel=\"noopener\">Mitologie Digitali<\/a><\/strong><br \/>\nPresentazione di <strong>Mitologie Digitali,<\/strong> open call per artisti e mostra d\u2019arte contemporanea tra Italia e Cina. Nel tentativo di analizzare i i fenomeni della mitopoiesi digitale, esperti della produzione artistica multimediale in Cina e in Italia si confronteranno sugli sviluppi e previsioni sul tema. Alla presentazione partecipano le curatrici della mostra, <strong>Silvia Vannacci<\/strong>, fondatrice di Contemporary Matters e <strong>Lisha Liang,<\/strong> curatrice e artista visiva, Lui Xiao &#8211; in arte Contra &#8211; fondatore dell\u2019Experimental Programming Project la prima community di arte AI in Cina, lo Studio NoName di Shanghai.<\/p>\n<p>Ore 18:30 &#8211; 19:30\u00a0<em><strong>\u201cEscape: l\u2019inatteso. Mostra personale di Hu Huiming\u201d<\/strong> <\/em>a cura di <strong>Lisha Liang<\/strong>. Una produzione Contemporary Matters e Festival Seta.\u00a0Inaugurazione mostra e visita guidata alla mostra in presenza dell\u2019artista presso la Saletta Campolmi.<\/p>\n<p>Ore 19:15\u00a0Aperitivo di vernissage e Musica Jazz dal Vivo con <strong>Wang Xiyin Trio.<\/strong><\/p>\n<figure id=\"post-248604 media-248604\" class=\"align-none\"><img decoding=\"async\" src=\"https:\/\/www.intoscana.it\/wp-content\/uploads\/Hu-Huiming-Sleep-with-the-Artist.jpg\" alt=\"\" \/><\/figure>\n<div class=\"titleimg\"><em>Hu Huiming \u2013 Sleep with the Artist<\/em><\/div>\n<p><strong>Sabato 1 ottobre 2022<\/strong><\/p>\n<p>Ore 10:30 &#8211; 11:45\u00a0<strong>E tornammo (forse) a riveder le stelle<\/strong><br \/>\nAumento del costo delle materia prime, difficolt\u00e0 nell\u2019approvvigionamento logistico, crisi energetica, scenari da un\u2019economia di Guerra. Ne parliamo con la professoressa <strong>Francesca Spigarelli<\/strong> ordinaria di economia applicata Universit\u00e0 di Macerata, e direttrice del China center, <strong>Sergio Paba<\/strong>\u00a0professore di economia al Dipartimento Marco Biagi dell\u2019universit\u00e0 di Modena e Reggio Emilia; in collegamento streaming il professor <strong>Zhou Yuan Liang<\/strong> esperto di business internazionale e docente di economia internazionale presso Qinhua University Beijing P.R.C.<\/p>\n<p>Ore 12:00-13:00\u00a0<strong>Piero Meucci, direttore del quotidiano StampToscana,<\/strong> in compagnia di<strong> David Bruschi capocronista \u201cLa Nazione\u201c<\/strong> Prato ed <strong>Ivano Greco imprenditore<\/strong> e fondatore di Campus innovazione presentano:<strong> Samsung Rising Storia di un impero familiare<\/strong> protagonista della rivoluzione tecnologica edizioni The Dot Company.\u00a0Troppo grande per fallire, troppo grande per essere imprigionato:<strong> il racconto industriale e giudiziario del colosso Samsung<\/strong> che ha messo in luce il conflitto culturale e imprenditoriale fra Oriente e Occidente, emerso soprattutto durante la guerra con Apple per la supremazia negli smartphone.<\/p>\n<p>Ore 15:00 &#8211; 16:30\u00a0<strong>Pecunia non olet (specie se virtuale)<\/strong><br \/>\nLo sviluppo delle realt\u00e0 virtuali, bitcoin e del metaverso, spazi che le multinazionali stanno gi\u00e0 comprando e dove in futuro avverranno i maggiori contatti non solo sociali ma commerciali. Quali i rischi per la nostra vita, dalla profilazione al controllo sociale?\u00a0Ne parliamo insieme con l\u2019<strong>avvocato Simone Calzolaio,<\/strong> professore associato di diritto costituzionale Unimc ed esperto di cibersecurity Universit\u00e0 di Macerata facolt\u00e0 di Giurisprudenza.<br \/>\nSaranno presenti alcune aziende leader del settore cibersecurity, il C.E.O di A76<strong> Irene Sorani, Luca de Giglio<\/strong>, direttore della filiale di Singapore di Origin Protocol, azienda californiana all\u2019avanguardia nel settore degli Nft, creatore di trips.com, uno dei primi siti al mondo per le prenotazioni alberghiere con NFT.<\/p>\n<p>Ore 16:45 &#8211; 18:30\u00a0<strong>Produzione letteraria sinoitaliana e intersezionalit\u00e0<\/strong><br \/>\nI sistemi culturali cinese e italiano, seppur nella loro infinita complessit\u00e0, sono entrambi caratterizzati da una forte componente patriarcale. Come affrontano le scrittrici di origine cinese in Italia questo tema nei loro scritti? Ci sono elementi che distinguono la scrittura femminile sinoitaliana da quella di donne con altri background attive oggi in Italia? Quanto \u00e8 utile oggi in Italia una consapevolezza femminista e intersezionale per potersi esprimere come artiste, scrittrici e creative appartenenti ad una minoranza? <strong>Valentina Pedone dell\u2019Universit\u00e0 di Firenze<\/strong> ne parla con <strong>le autrici sinoitaliane Jada Bai<\/strong> e con la famosa <strong>influencer italiana di origine cinese, Momoka Banana.<\/strong><\/p>\n<p>A seguire presentazione del secondo volume di <em><strong>Cinarriamo \u2013 Racconti sinoitaliani<\/strong><\/em>, pubblicato dalla casa editrice Orientalia. Saranno presenti <strong>Lala Hu<\/strong>, membro della giuria che ha selezionato i racconti ricevuti e docente di Marketing, insieme a <strong>Sun Wenlong,<\/strong> autore di uno dei racconti pubblicati. Sun Wenlong \u00e8 inoltre membro consigliere di Associna, l\u2019Associazione delle Seconde Generazioni Cinesi, ed esperto di social media.<\/p>\n<p>Ore 19:00 &#8211; 20:00\u00a0<strong>Teatro &#8211; &#8220;Ti ho sentito cantare come in un sogno\u201c viaggio nella cultura cinese attraverso la sua poesia.\u00a0<\/strong>Con l\u2019attrice Consuelo Ciatti, narrazione e regia di Sergio Basso.<\/p>\n<figure id=\"post-248606 media-248606\" class=\"align-none\"><img decoding=\"async\" src=\"https:\/\/www.intoscana.it\/wp-content\/uploads\/matteo-Burioni-e-Alberto-Bradanini.jpg\" alt=\"\" \/><\/figure>\n<div class=\"titleimg\">matteo Burioni e Alberto Bradanini<\/div>\n<p><strong>Domenica 2 ottobre 2022<br \/>\n<\/strong><br \/>\nOre 10.00 &#8211; 11.30\u00a0<strong>Raccontare l&#8217;Asia: China Files e il giornalismo indipendente<\/strong><br \/>\nCome parlare di Cina e Asia in modo completo e imparziale? Quali le trappole da evitare e quali le dritte per informarsi su quanto accade in Asia? <strong>Lucrezia Goldin<\/strong> (autrice, editor) e <strong>Sabrina Moles<\/strong> (autrice, grafica) presentano China Files, piattaforma di informazione multimediale interamente dedicata al continente asiatico.<\/p>\n<p>Ore 12:00 &#8211; 13:00\u00a0<strong>Presentazione del libro \u201cLa Cina \u00e8 gi\u00e0 Qui\u201d<\/strong> Mondadori Editore 2022, con la presenza dell\u2019autrice e sinologa <strong>Giada Messetti<\/strong> gi\u00e0 autrice di \u201cNella testa del dragone\u201d.<\/p>\n<p>Ore 14:30 &#8211; 16:00<strong>\u00a0Italiani in Cina<\/strong><br \/>\nUna panoramica dei rapporti Italia &#8211; Cina, partendo dagli iniziali pionieri, viaggiatori, scrittori, imprenditori ben prima che la Cina diventasse una superpotenza mondiale, e in collegamento alcuni dei blogger italiani pi\u00f9 seguiti che ci raccontano la Cina quotidianamente attraverso i loro social media.<\/p>\n<p>Ore 15:00 &#8211; 18:00\u00a0<strong>Performance \u201cSleep with the artist\u201d dell\u2019artista Hu Huiming<\/strong><\/p>\n","protected":false},"excerpt":{"rendered":"<p>Dal 30 settembre al 2 ottobre accademici, giornalisti, studiosi, economisti e ricercatori di prestigiose Universit\u00e0, non solo italiane, si alterneranno per offrire al pubblico una serie di interessanti spunti di riflessione e confronto su quanto sta accadendo nella Cina contemporanea<\/p>\n","protected":false},"author":525,"featured_media":248634,"comment_status":"open","ping_status":"open","sticky":false,"template":"","format":"standard","meta":{"_acf_changed":false,"footnotes":""},"categories":[493],"tags":[228,5516,259],"class_list":["post-248601","post","type-post","status-publish","format-standard","has-post-thumbnail","hentry","category-cultura","tag-festival","tag-museo-del-tessuto","tag-prato"],"acf":[],"yoast_head":"<!-- This site is optimized with the Yoast SEO Premium plugin v24.2 (Yoast SEO v25.6) - https:\/\/yoast.com\/wordpress\/plugins\/seo\/ -->\n<title>Al Museo del Tessuto di Prato: \u201cSeta - Dialoghi sulla Cina Contemporanea\u201d - intoscana<\/title>\n<meta name=\"description\" content=\"Dal 30 settembre al 2 ottobre accademici, giornalisti, studiosi, economisti e ricercatori negli spazi del Museo del Tessuto\" \/>\n<meta name=\"robots\" content=\"index, follow, max-snippet:-1, max-image-preview:large, max-video-preview:-1\" \/>\n<link rel=\"canonical\" href=\"https:\/\/www.intoscana.it\/it\/al-museo-del-tessuto-di-prato-seta-dialoghi-sulla-cina-contemporanea\/\" \/>\n<meta property=\"og:locale\" content=\"it_IT\" \/>\n<meta property=\"og:type\" content=\"article\" \/>\n<meta property=\"og:title\" content=\"Al Museo del Tessuto di Prato: \u201cSeta - Dialoghi sulla Cina Contemporanea\u201d\" \/>\n<meta property=\"og:description\" content=\"Dal 30 settembre al 2 ottobre accademici, giornalisti, studiosi, economisti e ricercatori negli spazi del Museo del Tessuto\" \/>\n<meta property=\"og:url\" content=\"https:\/\/www.intoscana.it\/it\/al-museo-del-tessuto-di-prato-seta-dialoghi-sulla-cina-contemporanea\/\" \/>\n<meta property=\"og:site_name\" content=\"intoscana\" \/>\n<meta property=\"article:publisher\" content=\"https:\/\/www.facebook.com\/intoscana.it\" \/>\n<meta property=\"article:published_time\" content=\"2022-09-29T13:17:06+00:00\" \/>\n<meta property=\"article:modified_time\" content=\"2022-09-30T08:54:59+00:00\" \/>\n<meta property=\"og:image\" content=\"https:\/\/www.intoscana.it\/wp-content\/uploads\/Momoka-2.jpg\" \/>\n\t<meta property=\"og:image:width\" content=\"914\" \/>\n\t<meta property=\"og:image:height\" content=\"716\" \/>\n\t<meta property=\"og:image:type\" content=\"image\/jpeg\" \/>\n<meta name=\"author\" content=\"Redazione\" \/>\n<meta name=\"twitter:card\" content=\"summary_large_image\" \/>\n<meta name=\"twitter:creator\" content=\"@intoscana\" \/>\n<meta name=\"twitter:site\" content=\"@intoscana\" \/>\n<meta name=\"twitter:label1\" content=\"Written by\" \/>\n\t<meta name=\"twitter:data1\" content=\"Redazione\" \/>\n\t<meta name=\"twitter:label2\" content=\"Est. reading time\" \/>\n\t<meta name=\"twitter:data2\" content=\"7 minuti\" \/>\n<script type=\"application\/ld+json\" class=\"yoast-schema-graph\">{\"@context\":\"https:\/\/schema.org\",\"@graph\":[{\"@type\":\"WebPage\",\"@id\":\"https:\/\/www.intoscana.it\/it\/al-museo-del-tessuto-di-prato-seta-dialoghi-sulla-cina-contemporanea\/\",\"url\":\"https:\/\/www.intoscana.it\/it\/al-museo-del-tessuto-di-prato-seta-dialoghi-sulla-cina-contemporanea\/\",\"name\":\"Al Museo del Tessuto di Prato: \u201cSeta - Dialoghi sulla Cina Contemporanea\u201d - intoscana\",\"isPartOf\":{\"@id\":\"https:\/\/www.intoscana.it\/it\/#website\"},\"primaryImageOfPage\":{\"@id\":\"https:\/\/www.intoscana.it\/it\/al-museo-del-tessuto-di-prato-seta-dialoghi-sulla-cina-contemporanea\/#primaryimage\"},\"image\":{\"@id\":\"https:\/\/www.intoscana.it\/it\/al-museo-del-tessuto-di-prato-seta-dialoghi-sulla-cina-contemporanea\/#primaryimage\"},\"thumbnailUrl\":\"https:\/\/www.intoscana.it\/wp-content\/uploads\/Momoka-2.jpg\",\"datePublished\":\"2022-09-29T13:17:06+00:00\",\"dateModified\":\"2022-09-30T08:54:59+00:00\",\"author\":{\"@id\":\"https:\/\/www.intoscana.it\/it\/#\/schema\/person\/9223810753230f20bd670fdd322661f8\"},\"description\":\"Dal 30 settembre al 2 ottobre accademici, giornalisti, studiosi, economisti e ricercatori negli spazi del Museo del Tessuto\",\"breadcrumb\":{\"@id\":\"https:\/\/www.intoscana.it\/it\/al-museo-del-tessuto-di-prato-seta-dialoghi-sulla-cina-contemporanea\/#breadcrumb\"},\"inLanguage\":\"it-IT\",\"potentialAction\":[{\"@type\":\"ReadAction\",\"target\":[\"https:\/\/www.intoscana.it\/it\/al-museo-del-tessuto-di-prato-seta-dialoghi-sulla-cina-contemporanea\/\"]}]},{\"@type\":\"ImageObject\",\"inLanguage\":\"it-IT\",\"@id\":\"https:\/\/www.intoscana.it\/it\/al-museo-del-tessuto-di-prato-seta-dialoghi-sulla-cina-contemporanea\/#primaryimage\",\"url\":\"https:\/\/www.intoscana.it\/wp-content\/uploads\/Momoka-2.jpg\",\"contentUrl\":\"https:\/\/www.intoscana.it\/wp-content\/uploads\/Momoka-2.jpg\",\"width\":914,\"height\":716},{\"@type\":\"BreadcrumbList\",\"@id\":\"https:\/\/www.intoscana.it\/it\/al-museo-del-tessuto-di-prato-seta-dialoghi-sulla-cina-contemporanea\/#breadcrumb\",\"itemListElement\":[{\"@type\":\"ListItem\",\"position\":1,\"name\":\"Home\",\"item\":\"https:\/\/www.intoscana.it\/it\/\"},{\"@type\":\"ListItem\",\"position\":2,\"name\":\"Al Museo del Tessuto di Prato: \u201cSeta &#8211; Dialoghi sulla Cina Contemporanea\u201d\"}]},{\"@type\":\"WebSite\",\"@id\":\"https:\/\/www.intoscana.it\/it\/#website\",\"url\":\"https:\/\/www.intoscana.it\/it\/\",\"name\":\"intoscana\",\"description\":\"\",\"potentialAction\":[{\"@type\":\"SearchAction\",\"target\":{\"@type\":\"EntryPoint\",\"urlTemplate\":\"https:\/\/www.intoscana.it\/it\/?s={search_term_string}\"},\"query-input\":{\"@type\":\"PropertyValueSpecification\",\"valueRequired\":true,\"valueName\":\"search_term_string\"}}],\"inLanguage\":\"it-IT\"},{\"@type\":\"Person\",\"@id\":\"https:\/\/www.intoscana.it\/it\/#\/schema\/person\/9223810753230f20bd670fdd322661f8\",\"name\":\"Redazione\",\"url\":\"https:\/\/www.intoscana.it\/it\/author\/redazione\/\"}]}<\/script>\n<!-- \/ Yoast SEO Premium plugin. -->","yoast_head_json":{"title":"Al Museo del Tessuto di Prato: \u201cSeta - Dialoghi sulla Cina Contemporanea\u201d - intoscana","description":"Dal 30 settembre al 2 ottobre accademici, giornalisti, studiosi, economisti e ricercatori negli spazi del Museo del Tessuto","robots":{"index":"index","follow":"follow","max-snippet":"max-snippet:-1","max-image-preview":"max-image-preview:large","max-video-preview":"max-video-preview:-1"},"canonical":"https:\/\/www.intoscana.it\/it\/al-museo-del-tessuto-di-prato-seta-dialoghi-sulla-cina-contemporanea\/","og_locale":"it_IT","og_type":"article","og_title":"Al Museo del Tessuto di Prato: \u201cSeta - Dialoghi sulla Cina Contemporanea\u201d","og_description":"Dal 30 settembre al 2 ottobre accademici, giornalisti, studiosi, economisti e ricercatori negli spazi del Museo del Tessuto","og_url":"https:\/\/www.intoscana.it\/it\/al-museo-del-tessuto-di-prato-seta-dialoghi-sulla-cina-contemporanea\/","og_site_name":"intoscana","article_publisher":"https:\/\/www.facebook.com\/intoscana.it","article_published_time":"2022-09-29T13:17:06+00:00","article_modified_time":"2022-09-30T08:54:59+00:00","og_image":[{"width":914,"height":716,"url":"https:\/\/www.intoscana.it\/wp-content\/uploads\/Momoka-2.jpg","type":"image\/jpeg"}],"author":"Redazione","twitter_card":"summary_large_image","twitter_creator":"@intoscana","twitter_site":"@intoscana","twitter_misc":{"Written by":"Redazione","Est. reading time":"7 minuti"},"schema":{"@context":"https:\/\/schema.org","@graph":[{"@type":"WebPage","@id":"https:\/\/www.intoscana.it\/it\/al-museo-del-tessuto-di-prato-seta-dialoghi-sulla-cina-contemporanea\/","url":"https:\/\/www.intoscana.it\/it\/al-museo-del-tessuto-di-prato-seta-dialoghi-sulla-cina-contemporanea\/","name":"Al Museo del Tessuto di Prato: \u201cSeta - Dialoghi sulla Cina Contemporanea\u201d - intoscana","isPartOf":{"@id":"https:\/\/www.intoscana.it\/it\/#website"},"primaryImageOfPage":{"@id":"https:\/\/www.intoscana.it\/it\/al-museo-del-tessuto-di-prato-seta-dialoghi-sulla-cina-contemporanea\/#primaryimage"},"image":{"@id":"https:\/\/www.intoscana.it\/it\/al-museo-del-tessuto-di-prato-seta-dialoghi-sulla-cina-contemporanea\/#primaryimage"},"thumbnailUrl":"https:\/\/www.intoscana.it\/wp-content\/uploads\/Momoka-2.jpg","datePublished":"2022-09-29T13:17:06+00:00","dateModified":"2022-09-30T08:54:59+00:00","author":{"@id":"https:\/\/www.intoscana.it\/it\/#\/schema\/person\/9223810753230f20bd670fdd322661f8"},"description":"Dal 30 settembre al 2 ottobre accademici, giornalisti, studiosi, economisti e ricercatori negli spazi del Museo del Tessuto","breadcrumb":{"@id":"https:\/\/www.intoscana.it\/it\/al-museo-del-tessuto-di-prato-seta-dialoghi-sulla-cina-contemporanea\/#breadcrumb"},"inLanguage":"it-IT","potentialAction":[{"@type":"ReadAction","target":["https:\/\/www.intoscana.it\/it\/al-museo-del-tessuto-di-prato-seta-dialoghi-sulla-cina-contemporanea\/"]}]},{"@type":"ImageObject","inLanguage":"it-IT","@id":"https:\/\/www.intoscana.it\/it\/al-museo-del-tessuto-di-prato-seta-dialoghi-sulla-cina-contemporanea\/#primaryimage","url":"https:\/\/www.intoscana.it\/wp-content\/uploads\/Momoka-2.jpg","contentUrl":"https:\/\/www.intoscana.it\/wp-content\/uploads\/Momoka-2.jpg","width":914,"height":716},{"@type":"BreadcrumbList","@id":"https:\/\/www.intoscana.it\/it\/al-museo-del-tessuto-di-prato-seta-dialoghi-sulla-cina-contemporanea\/#breadcrumb","itemListElement":[{"@type":"ListItem","position":1,"name":"Home","item":"https:\/\/www.intoscana.it\/it\/"},{"@type":"ListItem","position":2,"name":"Al Museo del Tessuto di Prato: \u201cSeta &#8211; Dialoghi sulla Cina Contemporanea\u201d"}]},{"@type":"WebSite","@id":"https:\/\/www.intoscana.it\/it\/#website","url":"https:\/\/www.intoscana.it\/it\/","name":"intoscana","description":"","potentialAction":[{"@type":"SearchAction","target":{"@type":"EntryPoint","urlTemplate":"https:\/\/www.intoscana.it\/it\/?s={search_term_string}"},"query-input":{"@type":"PropertyValueSpecification","valueRequired":true,"valueName":"search_term_string"}}],"inLanguage":"it-IT"},{"@type":"Person","@id":"https:\/\/www.intoscana.it\/it\/#\/schema\/person\/9223810753230f20bd670fdd322661f8","name":"Redazione","url":"https:\/\/www.intoscana.it\/it\/author\/redazione\/"}]}},"_links":{"self":[{"href":"https:\/\/www.intoscana.it\/it\/wp-json\/wp\/v2\/posts\/248601","targetHints":{"allow":["GET"]}}],"collection":[{"href":"https:\/\/www.intoscana.it\/it\/wp-json\/wp\/v2\/posts"}],"about":[{"href":"https:\/\/www.intoscana.it\/it\/wp-json\/wp\/v2\/types\/post"}],"author":[{"embeddable":true,"href":"https:\/\/www.intoscana.it\/it\/wp-json\/wp\/v2\/users\/525"}],"replies":[{"embeddable":true,"href":"https:\/\/www.intoscana.it\/it\/wp-json\/wp\/v2\/comments?post=248601"}],"version-history":[{"count":0,"href":"https:\/\/www.intoscana.it\/it\/wp-json\/wp\/v2\/posts\/248601\/revisions"}],"wp:featuredmedia":[{"embeddable":true,"href":"https:\/\/www.intoscana.it\/it\/wp-json\/wp\/v2\/media\/248634"}],"wp:attachment":[{"href":"https:\/\/www.intoscana.it\/it\/wp-json\/wp\/v2\/media?parent=248601"}],"wp:term":[{"taxonomy":"category","embeddable":true,"href":"https:\/\/www.intoscana.it\/it\/wp-json\/wp\/v2\/categories?post=248601"},{"taxonomy":"post_tag","embeddable":true,"href":"https:\/\/www.intoscana.it\/it\/wp-json\/wp\/v2\/tags?post=248601"}],"curies":[{"name":"wp","href":"https:\/\/api.w.org\/{rel}","templated":true}]}}