{"id":248730,"date":"2022-09-21T10:10:18","date_gmt":"2022-09-21T08:10:18","guid":{"rendered":"https:\/\/www.intoscana.it\/it\/?p=248730"},"modified":"2022-09-22T10:04:52","modified_gmt":"2022-09-22T08:04:52","slug":"covid-985-casi","status":"publish","type":"post","link":"https:\/\/www.intoscana.it\/it\/covid-985-casi\/","title":{"rendered":"Covid, 985 nuovi casi, 8 i decessi"},"content":{"rendered":"<p><mark>In Toscana sono 1.393.170 i casi di positivit\u00e0 al Coronavirus <\/mark>, <strong>985<\/strong> in pi\u00f9 rispetto a ieri: 147 confermati con tampone molecolare e 838 da test rapido antigenico.<\/p>\n<h3>I nuovi casi<\/h3>\n<p>I nuovi casi sono lo <strong>0,1%<\/strong> in pi\u00f9 rispetto al totale del giorno precedente. Oggi sono stati eseguiti 855 tamponi molecolari e 7.406 tamponi antigenici rapidi, di questi l&#8217;11,9% \u00e8 risultato positivo. Sono invece 1.613 i soggetti testati oggi (con tampone antigenico e\/o molecolare, escludendo i tamponi di controllo), di cui il 61,1% \u00e8 risultato positivo. Gli attualmente positivi sono oggi <strong>80.889<\/strong>, +0,3% rispetto a ieri.<\/p>\n<p>L&#8217;et\u00e0 media dei 985 nuovi positivi odierni \u00e8 di <strong>46 anni circa<\/strong> (14% ha meno di 20 anni, 15% tra 20 e 39 anni, 31% tra 40 e 59 anni, 30% tra 60 e 79 anni, 8% ha 80 anni o pi\u00f9).<\/p>\n<h3>La distribuzione sul territorio<\/h3>\n<p>Sono 379.710 i casi complessivi ad oggi a Firenze (223 in pi\u00f9 rispetto a ieri), 93.170 a Prato (47 in pi\u00f9), 109.669 a Pistoia (65 in pi\u00f9), 70.184 a Massa (78 in pi\u00f9), 148.704 a Lucca (97 in pi\u00f9), 161.689 a Pisa (130 in pi\u00f9), 126.150 a Livorno (88 in pi\u00f9), 126.464 ad Arezzo (133 in pi\u00f9), 99.998 a Siena (73 in pi\u00f9), 76.877 a Grosseto (51 in pi\u00f9). Sono 555 i casi positivi notificati in Toscana, ma residenti in altre regioni.<\/p>\n<p>Sono 344 i casi riscontrati oggi nell&#8217;Asl Centro, 384 nella Nord Ovest, 257 nella Sud est.<\/p>\n<p>La Toscana si trova al <strong>10\u00b0 posto in Italia come numerosit\u00e0 di casi<\/strong> (comprensivi di residenti e non residenti), con circa 37.726 casi per 100.000 abitanti (media italiana circa 37.473 x100.000, dato di ieri). Le province di notifica con il tasso pi\u00f9 alto sono Lucca con 38.729 casi x100.000 abitanti, Pisa con 38.683, Livorno con 38.344, la pi\u00f9 bassa Prato con 35.123.<\/p>\n<h3>La situazione in Toscana<\/h3>\n<p>Complessivamente, 80.732 persone sono in <strong>isolamento<\/strong> a casa, poich\u00e9 presentano sintomi lievi che non richiedono cure ospedaliere, o risultano prive di sintomi (269 in pi\u00f9 rispetto a ieri, pi\u00f9 0,3%).<\/p>\n<p>Le persone <strong>ricoverate<\/strong> nei posti letto dedicati ai pazienti covid oggi sono complessivamente 157 (10 in meno rispetto a ieri, meno 6%), 3 in terapia intensiva (2 in meno rispetto a ieri, meno 40%).<\/p>\n<p>Le persone complessivamente <strong>guarite<\/strong> sono 1.301.550 (718 in pi\u00f9 rispetto a ieri, pi\u00f9 0,1%): 0 persone clinicamente guarite (stabili rispetto a ieri), divenute cio\u00e8 asintomatiche dopo aver presentato manifestazioni cliniche associate all&#8217;infezione e 1.301.550 (718 in pi\u00f9 rispetto a ieri, pi\u00f9 0,1%) dichiarate guarite a tutti gli effetti, le cosiddette guarigioni virali, con tampone negativo.<\/p>\n<p><strong>Mortalit\u00e0<\/strong><\/p>\n<p>Oggi si registrano <strong>8 nuovi decessi:<\/strong> 4 uomini e 4 donne con un&#8217;et\u00e0 media di 82,1 anni.Relativamente alla provincia di residenza, le persone decedute sono: 4 a Firenze, 1 a Prato, 1 a Arezzo, 1 a Siena, 1 a Grosseto.<\/p>\n<p>Sono 10.731 i deceduti dall&#8217;inizio dell&#8217;epidemia cosi ripartiti: 3.363 a Firenze, 878 a Prato, 965 a Pistoia, 684 a Massa Carrara, 1.009 a Lucca, 1.212 a Pisa, 811 a Livorno, 685 ad Arezzo, 568 a Siena, 402 a Grosseto, 154 persone sono decedute sul suolo toscano ma erano residenti fuori regione.<\/p>\n<p>Il tasso grezzo di mortalit\u00e0 toscano (numero di deceduti\/popolazione residente) per Covid-19 \u00e8 di 290,6 x100.000 residenti contro il 298,2 x100.000 della media italiana (9\u00b0 regione). Per quanto riguarda le province, il tasso di mortalit\u00e0 pi\u00f9 alto si riscontra a Massa Carrara (360,3 x100.000), Firenze (336,8 x100.000) e Pistoia (332,5 x100.000), il pi\u00f9 basso a Grosseto (184,5 x100.000).<\/p>\n","protected":false},"excerpt":{"rendered":"<p>L&#8217;et\u00e0 media delle nuove positivit\u00e0 \u00e8 46 anni. In calo le terapie intensive ma anche oggi si registrano purtroppo otto nuovi decessi<\/p>\n","protected":false},"author":525,"featured_media":206156,"comment_status":"open","ping_status":"open","sticky":false,"template":"","format":"standard","meta":{"_acf_changed":false,"footnotes":""},"categories":[494],"tags":[4868,4809,5149,349],"class_list":["post-248730","post","type-post","status-publish","format-standard","has-post-thumbnail","hentry","category-attualita","tag-bollettino-covid-toscana","tag-covid","tag-pandemia","tag-sanita"],"acf":[],"yoast_head":"<!-- This site is optimized with the Yoast SEO Premium plugin v24.2 (Yoast SEO v25.6) - https:\/\/yoast.com\/wordpress\/plugins\/seo\/ -->\n<title>Covid, 985 nuovi casi, 8 i decessi - intoscana<\/title>\n<meta name=\"description\" content=\"L&#039;et\u00e0 media elle nuove positivit\u00e0 \u00e8 46 anni. In calo le terapie intensive ma anche oggi si registrano purtroppo otto nuovi decessi\" \/>\n<meta name=\"robots\" content=\"index, follow, max-snippet:-1, max-image-preview:large, max-video-preview:-1\" \/>\n<link rel=\"canonical\" href=\"https:\/\/www.intoscana.it\/it\/covid-985-casi\/\" \/>\n<meta property=\"og:locale\" content=\"it_IT\" \/>\n<meta property=\"og:type\" content=\"article\" \/>\n<meta property=\"og:title\" content=\"Covid, 985 nuovi casi, 8 i decessi\" \/>\n<meta property=\"og:description\" content=\"L&#039;et\u00e0 media elle nuove positivit\u00e0 \u00e8 46 anni. In calo le terapie intensive ma anche oggi si registrano purtroppo otto nuovi decessi\" \/>\n<meta property=\"og:url\" content=\"https:\/\/www.intoscana.it\/it\/covid-985-casi\/\" \/>\n<meta property=\"og:site_name\" content=\"intoscana\" \/>\n<meta property=\"article:publisher\" content=\"https:\/\/www.facebook.com\/intoscana.it\" \/>\n<meta property=\"article:published_time\" content=\"2022-09-21T08:10:18+00:00\" \/>\n<meta property=\"article:modified_time\" content=\"2022-09-22T08:04:52+00:00\" \/>\n<meta property=\"og:image\" content=\"https:\/\/www.intoscana.it\/wp-content\/uploads\/trasporti.jpg\" \/>\n\t<meta property=\"og:image:width\" content=\"690\" \/>\n\t<meta property=\"og:image:height\" content=\"362\" \/>\n\t<meta property=\"og:image:type\" content=\"image\/jpeg\" \/>\n<meta name=\"author\" content=\"Redazione\" \/>\n<meta name=\"twitter:card\" content=\"summary_large_image\" \/>\n<meta name=\"twitter:creator\" content=\"@intoscana\" \/>\n<meta name=\"twitter:site\" content=\"@intoscana\" \/>\n<meta name=\"twitter:label1\" content=\"Written by\" \/>\n\t<meta name=\"twitter:data1\" content=\"Redazione\" \/>\n\t<meta name=\"twitter:label2\" content=\"Est. reading time\" \/>\n\t<meta name=\"twitter:data2\" content=\"2 minuti\" \/>\n<script type=\"application\/ld+json\" class=\"yoast-schema-graph\">{\"@context\":\"https:\/\/schema.org\",\"@graph\":[{\"@type\":\"WebPage\",\"@id\":\"https:\/\/www.intoscana.it\/it\/covid-985-casi\/\",\"url\":\"https:\/\/www.intoscana.it\/it\/covid-985-casi\/\",\"name\":\"Covid, 985 nuovi casi, 8 i decessi - intoscana\",\"isPartOf\":{\"@id\":\"https:\/\/www.intoscana.it\/it\/#website\"},\"primaryImageOfPage\":{\"@id\":\"https:\/\/www.intoscana.it\/it\/covid-985-casi\/#primaryimage\"},\"image\":{\"@id\":\"https:\/\/www.intoscana.it\/it\/covid-985-casi\/#primaryimage\"},\"thumbnailUrl\":\"https:\/\/www.intoscana.it\/wp-content\/uploads\/trasporti.jpg\",\"datePublished\":\"2022-09-21T08:10:18+00:00\",\"dateModified\":\"2022-09-22T08:04:52+00:00\",\"author\":{\"@id\":\"https:\/\/www.intoscana.it\/it\/#\/schema\/person\/9223810753230f20bd670fdd322661f8\"},\"description\":\"L'et\u00e0 media elle nuove positivit\u00e0 \u00e8 46 anni. In calo le terapie intensive ma anche oggi si registrano purtroppo otto nuovi decessi\",\"breadcrumb\":{\"@id\":\"https:\/\/www.intoscana.it\/it\/covid-985-casi\/#breadcrumb\"},\"inLanguage\":\"it-IT\",\"potentialAction\":[{\"@type\":\"ReadAction\",\"target\":[\"https:\/\/www.intoscana.it\/it\/covid-985-casi\/\"]}]},{\"@type\":\"ImageObject\",\"inLanguage\":\"it-IT\",\"@id\":\"https:\/\/www.intoscana.it\/it\/covid-985-casi\/#primaryimage\",\"url\":\"https:\/\/www.intoscana.it\/wp-content\/uploads\/trasporti.jpg\",\"contentUrl\":\"https:\/\/www.intoscana.it\/wp-content\/uploads\/trasporti.jpg\",\"width\":690,\"height\":362,\"caption\":\"La linea gialla M3 della metro affollata a met\u00e0 pomeriggio- Passeggeri sui mezzi pubblici a Milano in tempi dicivid e mascherine obbligatorie - Milano 8 ottobre 2020 Ansa\/Matteo Corner\u00e4\"},{\"@type\":\"BreadcrumbList\",\"@id\":\"https:\/\/www.intoscana.it\/it\/covid-985-casi\/#breadcrumb\",\"itemListElement\":[{\"@type\":\"ListItem\",\"position\":1,\"name\":\"Home\",\"item\":\"https:\/\/www.intoscana.it\/it\/\"},{\"@type\":\"ListItem\",\"position\":2,\"name\":\"Covid, 985 nuovi casi, 8 i decessi\"}]},{\"@type\":\"WebSite\",\"@id\":\"https:\/\/www.intoscana.it\/it\/#website\",\"url\":\"https:\/\/www.intoscana.it\/it\/\",\"name\":\"intoscana\",\"description\":\"\",\"potentialAction\":[{\"@type\":\"SearchAction\",\"target\":{\"@type\":\"EntryPoint\",\"urlTemplate\":\"https:\/\/www.intoscana.it\/it\/?s={search_term_string}\"},\"query-input\":{\"@type\":\"PropertyValueSpecification\",\"valueRequired\":true,\"valueName\":\"search_term_string\"}}],\"inLanguage\":\"it-IT\"},{\"@type\":\"Person\",\"@id\":\"https:\/\/www.intoscana.it\/it\/#\/schema\/person\/9223810753230f20bd670fdd322661f8\",\"name\":\"Redazione\",\"url\":\"https:\/\/www.intoscana.it\/it\/author\/redazione\/\"}]}<\/script>\n<!-- \/ Yoast SEO Premium plugin. -->","yoast_head_json":{"title":"Covid, 985 nuovi casi, 8 i decessi - intoscana","description":"L'et\u00e0 media elle nuove positivit\u00e0 \u00e8 46 anni. In calo le terapie intensive ma anche oggi si registrano purtroppo otto nuovi decessi","robots":{"index":"index","follow":"follow","max-snippet":"max-snippet:-1","max-image-preview":"max-image-preview:large","max-video-preview":"max-video-preview:-1"},"canonical":"https:\/\/www.intoscana.it\/it\/covid-985-casi\/","og_locale":"it_IT","og_type":"article","og_title":"Covid, 985 nuovi casi, 8 i decessi","og_description":"L'et\u00e0 media elle nuove positivit\u00e0 \u00e8 46 anni. In calo le terapie intensive ma anche oggi si registrano purtroppo otto nuovi decessi","og_url":"https:\/\/www.intoscana.it\/it\/covid-985-casi\/","og_site_name":"intoscana","article_publisher":"https:\/\/www.facebook.com\/intoscana.it","article_published_time":"2022-09-21T08:10:18+00:00","article_modified_time":"2022-09-22T08:04:52+00:00","og_image":[{"width":690,"height":362,"url":"https:\/\/www.intoscana.it\/wp-content\/uploads\/trasporti.jpg","type":"image\/jpeg"}],"author":"Redazione","twitter_card":"summary_large_image","twitter_creator":"@intoscana","twitter_site":"@intoscana","twitter_misc":{"Written by":"Redazione","Est. reading time":"2 minuti"},"schema":{"@context":"https:\/\/schema.org","@graph":[{"@type":"WebPage","@id":"https:\/\/www.intoscana.it\/it\/covid-985-casi\/","url":"https:\/\/www.intoscana.it\/it\/covid-985-casi\/","name":"Covid, 985 nuovi casi, 8 i decessi - intoscana","isPartOf":{"@id":"https:\/\/www.intoscana.it\/it\/#website"},"primaryImageOfPage":{"@id":"https:\/\/www.intoscana.it\/it\/covid-985-casi\/#primaryimage"},"image":{"@id":"https:\/\/www.intoscana.it\/it\/covid-985-casi\/#primaryimage"},"thumbnailUrl":"https:\/\/www.intoscana.it\/wp-content\/uploads\/trasporti.jpg","datePublished":"2022-09-21T08:10:18+00:00","dateModified":"2022-09-22T08:04:52+00:00","author":{"@id":"https:\/\/www.intoscana.it\/it\/#\/schema\/person\/9223810753230f20bd670fdd322661f8"},"description":"L'et\u00e0 media elle nuove positivit\u00e0 \u00e8 46 anni. In calo le terapie intensive ma anche oggi si registrano purtroppo otto nuovi decessi","breadcrumb":{"@id":"https:\/\/www.intoscana.it\/it\/covid-985-casi\/#breadcrumb"},"inLanguage":"it-IT","potentialAction":[{"@type":"ReadAction","target":["https:\/\/www.intoscana.it\/it\/covid-985-casi\/"]}]},{"@type":"ImageObject","inLanguage":"it-IT","@id":"https:\/\/www.intoscana.it\/it\/covid-985-casi\/#primaryimage","url":"https:\/\/www.intoscana.it\/wp-content\/uploads\/trasporti.jpg","contentUrl":"https:\/\/www.intoscana.it\/wp-content\/uploads\/trasporti.jpg","width":690,"height":362,"caption":"La linea gialla M3 della metro affollata a met\u00e0 pomeriggio- Passeggeri sui mezzi pubblici a Milano in tempi dicivid e mascherine obbligatorie - Milano 8 ottobre 2020 Ansa\/Matteo Corner\u00e4"},{"@type":"BreadcrumbList","@id":"https:\/\/www.intoscana.it\/it\/covid-985-casi\/#breadcrumb","itemListElement":[{"@type":"ListItem","position":1,"name":"Home","item":"https:\/\/www.intoscana.it\/it\/"},{"@type":"ListItem","position":2,"name":"Covid, 985 nuovi casi, 8 i decessi"}]},{"@type":"WebSite","@id":"https:\/\/www.intoscana.it\/it\/#website","url":"https:\/\/www.intoscana.it\/it\/","name":"intoscana","description":"","potentialAction":[{"@type":"SearchAction","target":{"@type":"EntryPoint","urlTemplate":"https:\/\/www.intoscana.it\/it\/?s={search_term_string}"},"query-input":{"@type":"PropertyValueSpecification","valueRequired":true,"valueName":"search_term_string"}}],"inLanguage":"it-IT"},{"@type":"Person","@id":"https:\/\/www.intoscana.it\/it\/#\/schema\/person\/9223810753230f20bd670fdd322661f8","name":"Redazione","url":"https:\/\/www.intoscana.it\/it\/author\/redazione\/"}]}},"_links":{"self":[{"href":"https:\/\/www.intoscana.it\/it\/wp-json\/wp\/v2\/posts\/248730","targetHints":{"allow":["GET"]}}],"collection":[{"href":"https:\/\/www.intoscana.it\/it\/wp-json\/wp\/v2\/posts"}],"about":[{"href":"https:\/\/www.intoscana.it\/it\/wp-json\/wp\/v2\/types\/post"}],"author":[{"embeddable":true,"href":"https:\/\/www.intoscana.it\/it\/wp-json\/wp\/v2\/users\/525"}],"replies":[{"embeddable":true,"href":"https:\/\/www.intoscana.it\/it\/wp-json\/wp\/v2\/comments?post=248730"}],"version-history":[{"count":0,"href":"https:\/\/www.intoscana.it\/it\/wp-json\/wp\/v2\/posts\/248730\/revisions"}],"wp:featuredmedia":[{"embeddable":true,"href":"https:\/\/www.intoscana.it\/it\/wp-json\/wp\/v2\/media\/206156"}],"wp:attachment":[{"href":"https:\/\/www.intoscana.it\/it\/wp-json\/wp\/v2\/media?parent=248730"}],"wp:term":[{"taxonomy":"category","embeddable":true,"href":"https:\/\/www.intoscana.it\/it\/wp-json\/wp\/v2\/categories?post=248730"},{"taxonomy":"post_tag","embeddable":true,"href":"https:\/\/www.intoscana.it\/it\/wp-json\/wp\/v2\/tags?post=248730"}],"curies":[{"name":"wp","href":"https:\/\/api.w.org\/{rel}","templated":true}]}}