{"id":248963,"date":"2022-09-22T12:50:43","date_gmt":"2022-09-22T10:50:43","guid":{"rendered":"https:\/\/www.intoscana.it\/it\/?p=248963"},"modified":"2022-09-22T12:50:43","modified_gmt":"2022-09-22T10:50:43","slug":"jazz-e-techno-per-la-colonna-sonora-dellinternet-festival-2022","status":"publish","type":"post","link":"https:\/\/www.intoscana.it\/it\/jazz-e-techno-per-la-colonna-sonora-dellinternet-festival-2022\/","title":{"rendered":"Jazz e techno per la colonna sonora dell&#8217;Internet Festival 2022"},"content":{"rendered":"<p>Imperfezione \u00e8 la parola chiave dell&#8217;<strong><a href=\"https:\/\/www.intoscana.it\/it\/articolo\/limperfezione-della-tecnologia-internet-festival-2022-a-pisa-mette-al-centro-etica-e-ambiente\/\" target=\"_blank\" rel=\"noopener\">Internet Festival<\/a> 2022<\/strong> e armoniosamente imperfetta sar\u00e0 la musica che accompagner\u00e0 l&#8217;evento che coinvolger\u00e0 la citt\u00e0 di Pisa dal 6 al 9 ottobre. <mark>Ci sar\u00e0 il jazz &#8211;\u00a0 &#8220;l\u2019arte imperfetta&#8221; appunto, come l&#8217;ha definita il critico Ted Gioia &#8211; e la techno, unite in una proposta che mescola i generi in una innovativa magia digitale.<\/mark><\/p>\n<h3><em>Il programma<\/em><\/h3>\n<p>Ad aprire il programma musicale, sabato 8, \u00e8 <strong>TUN Torino Unlimited Noise<\/strong>, il trio formato da Gianni Denitto (sax), Fabio Giachino (synth) e Mattia Barbieri (batteria\/drum pads). Tre jazzisti italiani con importanti collaborazioni \u2013 da Richard Galliano a Dave Liebman, da Fabrizio Bosso a Zion Train, da Adrian Sherwood, a Gianluca Petrella \u2013 e una lunga carriera internazionale. Un progetto nato nel 2018 che supera i confini del genere fondendo i ritmi techno con il jazz, in un gioco di ricerca tra suoni acustici e sintetici spinti all\u2019estremo dallo spirito del power trio. L\u2019evento \u00e8 a cura di Pisa Jazz in collaborazione con Music Pool (ore 21.30, Lumi\u00e8re, ingresso \u20ac 2,00 \u2013 prevendite su <a href=\"https:\/\/oooh.events\/evento\/tun-torino-unlimited-noise-internet-festival-2022-pisa-biglietti\/\" target=\"_blank\" rel=\"noopener\">oooh.events<\/a>).<\/p>\n<figure id=\"post-248975 media-248975\" class=\"align-none\"><img decoding=\"async\" src=\"https:\/\/www.intoscana.it\/wp-content\/uploads\/TUN-scaled.jpeg\" alt=\"\" \/><\/figure>\n<p>E nella notte tra sabato 8 e domenica 9, appuntamento imperdibile con il closing party <strong>Technomagia \u201cVerso l\u2019aurora digitale\u201d<\/strong>, a cura di Claudia Attimonelli e Vincenzo Susca. <mark>A partire dalle ore 23, nel luogo storico della techno pisana, il Deposito Pontecorvo, Internet Festival e musica techno s\u2019incontrano in un evento pensato come \u201cuna danza virtuosa all\u2019insegna dell\u2019imperfetta simbiosi tra macchine, corpi e suoni\u201d.<\/mark> Protagonista una line-up d\u2019eccezione: ad aprire sar\u00e0 Pl\u00e0stic Crew, a seguire il live audiovisuale di Camilla Pisani, il live set del duo barese dei Crossing Avenue e il djset del producer Dino Sabatini, a cui \u00e8 affidata la chiusura. Una lunga notte, dalle 23 alle 5 di mattina, a ingresso gratuito fino a esaurimento posti.<\/p>\n<p>Domenica 9, in esclusiva nazionale, arriva a Pisa il leggendario gruppo norvegese <strong>Jaga Jazzist<\/strong> per presentare al pubblico di IF2022 l\u2019ultimo album, Pyramid, un tuffo profondo all\u2019interno di influenze post-rock, jazz e psichedeliche non ancora totalmente esplorate, creando un suono cosmico e unico, denso e leggiadro. A cinque anni di distanza da Starfire, il loro nono album simboleggia una carriera che dura ormai da quattro decenni. Evento a cura di Pisa Jazz in collaborazione con Music Pool (ore 21.30, Lumi\u00e8re, ingresso \u20ac 10,00 \/ ridotto studenti \u20ac 5 \u2013 prevendite su <a href=\"https:\/\/oooh.events\/evento\/jaga-jazzist-internet-festival-2022-pisa-biglietti\/\" target=\"_blank\" rel=\"noopener\">oooh.events<\/a>).<\/p>\n<p>E sempre in tema di musica, dopo il successo dello scorso anno, torna a <a href=\"https:\/\/www.internetfestival.it\/\" target=\"_blank\" rel=\"noopener\">IF2022<\/a> <strong>Open Stage<\/strong>, la rivoluzione dell\u2019intrattenimento urbano. <mark>Un totem tecnologico, con mixer e impianto audio inclusi, a disposizione di artisti e artiste attraverso l\u2019app di Open Stage.<\/mark> Baster\u00e0 un semplice clic per prenotare lo slot disponibile ed esibirsi in piazza XX Settembre da gioved\u00ec 6 a domenica 9 ottobre. Un servizio gratuito, disponibile anche per chi non ha un\u2019attrezzatura professionale.<\/p>\n<figure id=\"post-248976 media-248976\" class=\"align-none\"><img decoding=\"async\" src=\"https:\/\/www.intoscana.it\/wp-content\/uploads\/IF22_70x100_music_EXE_page-0001-scaled.jpg\" alt=\"\" \/><\/figure>\n<p>&nbsp;<\/p>\n<h3><em>Le proposte per i turisti<\/em><\/h3>\n<p>Grazie alla nuova collaborazione con la Dmc Visit Terre di Pisa con il supporto di Confcommercio Pisa, quest\u2019anno sar\u00e0 pi\u00f9 facile seguire #IF2022 anche per i turisti. <strong>Dmc Visit Terre<\/strong> ha organizzato una serie di proposte di accoglienza per facilitare quanti vorranno partecipere alla manifestazione. <mark>Le offerte prevedono sia la permanenza per tutta la durata del festival, sia per una sola notte, e con un\u2019attenzione per le famiglie a cui \u00e8 offerta la possibilit\u00e0 di ospitare gratuitamente i bambini fino a 12 anni di et\u00e0.<\/mark> Info e dettagli al link <a href=\"https:\/\/www.visitterredipisa.it\/it\/client\/site\/m57942-internet-festival.htm\" target=\"_blank\" rel=\"noopener\">visitterredipisa.it<\/a><\/p>\n<p>&nbsp;<\/p>\n","protected":false},"excerpt":{"rendered":"<p>Tanta musica accompagner\u00e0 l&#8217;evento in programma a Pisa dal 6 al 9 ottobre: concerti, sperimentazioni digitali, open stage e il grande party al Deposito Pontecorvo fino alle 5 del mattino<\/p>\n","protected":false},"author":525,"featured_media":248974,"comment_status":"open","ping_status":"open","sticky":false,"template":"","format":"standard","meta":{"_acf_changed":false,"footnotes":""},"categories":[14],"tags":[176],"class_list":["post-248963","post","type-post","status-publish","format-standard","has-post-thumbnail","hentry","category-musica","tag-internet-festival"],"acf":[],"yoast_head":"<!-- This site is optimized with the Yoast SEO Premium plugin v24.2 (Yoast SEO v25.6) - https:\/\/yoast.com\/wordpress\/plugins\/seo\/ -->\n<title>Jazz e techno per la colonna sonora dell&#039;Internet Festival 2022 - intoscana<\/title>\n<meta name=\"description\" content=\"Tanta musica accompagner\u00e0 l&#039;evento in programma a Pisa dal 6 al 9 ottobre: concerti, sperimentazioni digitali, open stage e il grande party al Deposito Pontecorvo fino alle 5 del mattino\" \/>\n<meta name=\"robots\" content=\"index, follow, max-snippet:-1, max-image-preview:large, max-video-preview:-1\" \/>\n<link rel=\"canonical\" href=\"https:\/\/www.intoscana.it\/it\/jazz-e-techno-per-la-colonna-sonora-dellinternet-festival-2022\/\" \/>\n<meta property=\"og:locale\" content=\"it_IT\" \/>\n<meta property=\"og:type\" content=\"article\" \/>\n<meta property=\"og:title\" content=\"Jazz e techno per la colonna sonora dell&#039;Internet Festival 2022\" \/>\n<meta property=\"og:description\" content=\"Tanta musica accompagner\u00e0 l&#039;evento in programma a Pisa dal 6 al 9 ottobre: concerti, sperimentazioni digitali, open stage e il grande party al Deposito Pontecorvo fino alle 5 del mattino\" \/>\n<meta property=\"og:url\" content=\"https:\/\/www.intoscana.it\/it\/jazz-e-techno-per-la-colonna-sonora-dellinternet-festival-2022\/\" \/>\n<meta property=\"og:site_name\" content=\"intoscana\" \/>\n<meta property=\"article:publisher\" content=\"https:\/\/www.facebook.com\/intoscana.it\" \/>\n<meta property=\"article:published_time\" content=\"2022-09-22T10:50:43+00:00\" \/>\n<meta property=\"og:image\" content=\"https:\/\/www.intoscana.it\/wp-content\/uploads\/Jaga_Jazzist_-_Photo_Anthony_P._Huus2_BWm.jpg\" \/>\n\t<meta property=\"og:image:width\" content=\"1552\" \/>\n\t<meta property=\"og:image:height\" content=\"1040\" \/>\n\t<meta property=\"og:image:type\" content=\"image\/jpeg\" \/>\n<meta name=\"author\" content=\"Redazione\" \/>\n<meta name=\"twitter:card\" content=\"summary_large_image\" \/>\n<meta name=\"twitter:creator\" content=\"@intoscana\" \/>\n<meta name=\"twitter:site\" content=\"@intoscana\" \/>\n<meta name=\"twitter:label1\" content=\"Written by\" \/>\n\t<meta name=\"twitter:data1\" content=\"Redazione\" \/>\n\t<meta name=\"twitter:label2\" content=\"Est. reading time\" \/>\n\t<meta name=\"twitter:data2\" content=\"3 minuti\" \/>\n<script type=\"application\/ld+json\" class=\"yoast-schema-graph\">{\"@context\":\"https:\/\/schema.org\",\"@graph\":[{\"@type\":\"WebPage\",\"@id\":\"https:\/\/www.intoscana.it\/it\/jazz-e-techno-per-la-colonna-sonora-dellinternet-festival-2022\/\",\"url\":\"https:\/\/www.intoscana.it\/it\/jazz-e-techno-per-la-colonna-sonora-dellinternet-festival-2022\/\",\"name\":\"Jazz e techno per la colonna sonora dell'Internet Festival 2022 - intoscana\",\"isPartOf\":{\"@id\":\"https:\/\/www.intoscana.it\/it\/#website\"},\"primaryImageOfPage\":{\"@id\":\"https:\/\/www.intoscana.it\/it\/jazz-e-techno-per-la-colonna-sonora-dellinternet-festival-2022\/#primaryimage\"},\"image\":{\"@id\":\"https:\/\/www.intoscana.it\/it\/jazz-e-techno-per-la-colonna-sonora-dellinternet-festival-2022\/#primaryimage\"},\"thumbnailUrl\":\"https:\/\/www.intoscana.it\/wp-content\/uploads\/Jaga_Jazzist_-_Photo_Anthony_P._Huus2_BWm.jpg\",\"datePublished\":\"2022-09-22T10:50:43+00:00\",\"author\":{\"@id\":\"https:\/\/www.intoscana.it\/it\/#\/schema\/person\/9223810753230f20bd670fdd322661f8\"},\"description\":\"Tanta musica accompagner\u00e0 l'evento in programma a Pisa dal 6 al 9 ottobre: concerti, sperimentazioni digitali, open stage e il grande party al Deposito Pontecorvo fino alle 5 del mattino\",\"breadcrumb\":{\"@id\":\"https:\/\/www.intoscana.it\/it\/jazz-e-techno-per-la-colonna-sonora-dellinternet-festival-2022\/#breadcrumb\"},\"inLanguage\":\"it-IT\",\"potentialAction\":[{\"@type\":\"ReadAction\",\"target\":[\"https:\/\/www.intoscana.it\/it\/jazz-e-techno-per-la-colonna-sonora-dellinternet-festival-2022\/\"]}]},{\"@type\":\"ImageObject\",\"inLanguage\":\"it-IT\",\"@id\":\"https:\/\/www.intoscana.it\/it\/jazz-e-techno-per-la-colonna-sonora-dellinternet-festival-2022\/#primaryimage\",\"url\":\"https:\/\/www.intoscana.it\/wp-content\/uploads\/Jaga_Jazzist_-_Photo_Anthony_P._Huus2_BWm.jpg\",\"contentUrl\":\"https:\/\/www.intoscana.it\/wp-content\/uploads\/Jaga_Jazzist_-_Photo_Anthony_P._Huus2_BWm.jpg\",\"width\":1552,\"height\":1040,\"caption\":\"Jaga_Jazzist_-_Photo_Anthony_P._Huus2_BWm\"},{\"@type\":\"BreadcrumbList\",\"@id\":\"https:\/\/www.intoscana.it\/it\/jazz-e-techno-per-la-colonna-sonora-dellinternet-festival-2022\/#breadcrumb\",\"itemListElement\":[{\"@type\":\"ListItem\",\"position\":1,\"name\":\"Home\",\"item\":\"https:\/\/www.intoscana.it\/it\/\"},{\"@type\":\"ListItem\",\"position\":2,\"name\":\"Jazz e techno per la colonna sonora dell&#8217;Internet Festival 2022\"}]},{\"@type\":\"WebSite\",\"@id\":\"https:\/\/www.intoscana.it\/it\/#website\",\"url\":\"https:\/\/www.intoscana.it\/it\/\",\"name\":\"intoscana\",\"description\":\"\",\"potentialAction\":[{\"@type\":\"SearchAction\",\"target\":{\"@type\":\"EntryPoint\",\"urlTemplate\":\"https:\/\/www.intoscana.it\/it\/?s={search_term_string}\"},\"query-input\":{\"@type\":\"PropertyValueSpecification\",\"valueRequired\":true,\"valueName\":\"search_term_string\"}}],\"inLanguage\":\"it-IT\"},{\"@type\":\"Person\",\"@id\":\"https:\/\/www.intoscana.it\/it\/#\/schema\/person\/9223810753230f20bd670fdd322661f8\",\"name\":\"Redazione\",\"url\":\"https:\/\/www.intoscana.it\/it\/author\/redazione\/\"}]}<\/script>\n<!-- \/ Yoast SEO Premium plugin. -->","yoast_head_json":{"title":"Jazz e techno per la colonna sonora dell'Internet Festival 2022 - intoscana","description":"Tanta musica accompagner\u00e0 l'evento in programma a Pisa dal 6 al 9 ottobre: concerti, sperimentazioni digitali, open stage e il grande party al Deposito Pontecorvo fino alle 5 del mattino","robots":{"index":"index","follow":"follow","max-snippet":"max-snippet:-1","max-image-preview":"max-image-preview:large","max-video-preview":"max-video-preview:-1"},"canonical":"https:\/\/www.intoscana.it\/it\/jazz-e-techno-per-la-colonna-sonora-dellinternet-festival-2022\/","og_locale":"it_IT","og_type":"article","og_title":"Jazz e techno per la colonna sonora dell'Internet Festival 2022","og_description":"Tanta musica accompagner\u00e0 l'evento in programma a Pisa dal 6 al 9 ottobre: concerti, sperimentazioni digitali, open stage e il grande party al Deposito Pontecorvo fino alle 5 del mattino","og_url":"https:\/\/www.intoscana.it\/it\/jazz-e-techno-per-la-colonna-sonora-dellinternet-festival-2022\/","og_site_name":"intoscana","article_publisher":"https:\/\/www.facebook.com\/intoscana.it","article_published_time":"2022-09-22T10:50:43+00:00","og_image":[{"width":1552,"height":1040,"url":"https:\/\/www.intoscana.it\/wp-content\/uploads\/Jaga_Jazzist_-_Photo_Anthony_P._Huus2_BWm.jpg","type":"image\/jpeg"}],"author":"Redazione","twitter_card":"summary_large_image","twitter_creator":"@intoscana","twitter_site":"@intoscana","twitter_misc":{"Written by":"Redazione","Est. reading time":"3 minuti"},"schema":{"@context":"https:\/\/schema.org","@graph":[{"@type":"WebPage","@id":"https:\/\/www.intoscana.it\/it\/jazz-e-techno-per-la-colonna-sonora-dellinternet-festival-2022\/","url":"https:\/\/www.intoscana.it\/it\/jazz-e-techno-per-la-colonna-sonora-dellinternet-festival-2022\/","name":"Jazz e techno per la colonna sonora dell'Internet Festival 2022 - intoscana","isPartOf":{"@id":"https:\/\/www.intoscana.it\/it\/#website"},"primaryImageOfPage":{"@id":"https:\/\/www.intoscana.it\/it\/jazz-e-techno-per-la-colonna-sonora-dellinternet-festival-2022\/#primaryimage"},"image":{"@id":"https:\/\/www.intoscana.it\/it\/jazz-e-techno-per-la-colonna-sonora-dellinternet-festival-2022\/#primaryimage"},"thumbnailUrl":"https:\/\/www.intoscana.it\/wp-content\/uploads\/Jaga_Jazzist_-_Photo_Anthony_P._Huus2_BWm.jpg","datePublished":"2022-09-22T10:50:43+00:00","author":{"@id":"https:\/\/www.intoscana.it\/it\/#\/schema\/person\/9223810753230f20bd670fdd322661f8"},"description":"Tanta musica accompagner\u00e0 l'evento in programma a Pisa dal 6 al 9 ottobre: concerti, sperimentazioni digitali, open stage e il grande party al Deposito Pontecorvo fino alle 5 del mattino","breadcrumb":{"@id":"https:\/\/www.intoscana.it\/it\/jazz-e-techno-per-la-colonna-sonora-dellinternet-festival-2022\/#breadcrumb"},"inLanguage":"it-IT","potentialAction":[{"@type":"ReadAction","target":["https:\/\/www.intoscana.it\/it\/jazz-e-techno-per-la-colonna-sonora-dellinternet-festival-2022\/"]}]},{"@type":"ImageObject","inLanguage":"it-IT","@id":"https:\/\/www.intoscana.it\/it\/jazz-e-techno-per-la-colonna-sonora-dellinternet-festival-2022\/#primaryimage","url":"https:\/\/www.intoscana.it\/wp-content\/uploads\/Jaga_Jazzist_-_Photo_Anthony_P._Huus2_BWm.jpg","contentUrl":"https:\/\/www.intoscana.it\/wp-content\/uploads\/Jaga_Jazzist_-_Photo_Anthony_P._Huus2_BWm.jpg","width":1552,"height":1040,"caption":"Jaga_Jazzist_-_Photo_Anthony_P._Huus2_BWm"},{"@type":"BreadcrumbList","@id":"https:\/\/www.intoscana.it\/it\/jazz-e-techno-per-la-colonna-sonora-dellinternet-festival-2022\/#breadcrumb","itemListElement":[{"@type":"ListItem","position":1,"name":"Home","item":"https:\/\/www.intoscana.it\/it\/"},{"@type":"ListItem","position":2,"name":"Jazz e techno per la colonna sonora dell&#8217;Internet Festival 2022"}]},{"@type":"WebSite","@id":"https:\/\/www.intoscana.it\/it\/#website","url":"https:\/\/www.intoscana.it\/it\/","name":"intoscana","description":"","potentialAction":[{"@type":"SearchAction","target":{"@type":"EntryPoint","urlTemplate":"https:\/\/www.intoscana.it\/it\/?s={search_term_string}"},"query-input":{"@type":"PropertyValueSpecification","valueRequired":true,"valueName":"search_term_string"}}],"inLanguage":"it-IT"},{"@type":"Person","@id":"https:\/\/www.intoscana.it\/it\/#\/schema\/person\/9223810753230f20bd670fdd322661f8","name":"Redazione","url":"https:\/\/www.intoscana.it\/it\/author\/redazione\/"}]}},"_links":{"self":[{"href":"https:\/\/www.intoscana.it\/it\/wp-json\/wp\/v2\/posts\/248963","targetHints":{"allow":["GET"]}}],"collection":[{"href":"https:\/\/www.intoscana.it\/it\/wp-json\/wp\/v2\/posts"}],"about":[{"href":"https:\/\/www.intoscana.it\/it\/wp-json\/wp\/v2\/types\/post"}],"author":[{"embeddable":true,"href":"https:\/\/www.intoscana.it\/it\/wp-json\/wp\/v2\/users\/525"}],"replies":[{"embeddable":true,"href":"https:\/\/www.intoscana.it\/it\/wp-json\/wp\/v2\/comments?post=248963"}],"version-history":[{"count":0,"href":"https:\/\/www.intoscana.it\/it\/wp-json\/wp\/v2\/posts\/248963\/revisions"}],"wp:featuredmedia":[{"embeddable":true,"href":"https:\/\/www.intoscana.it\/it\/wp-json\/wp\/v2\/media\/248974"}],"wp:attachment":[{"href":"https:\/\/www.intoscana.it\/it\/wp-json\/wp\/v2\/media?parent=248963"}],"wp:term":[{"taxonomy":"category","embeddable":true,"href":"https:\/\/www.intoscana.it\/it\/wp-json\/wp\/v2\/categories?post=248963"},{"taxonomy":"post_tag","embeddable":true,"href":"https:\/\/www.intoscana.it\/it\/wp-json\/wp\/v2\/tags?post=248963"}],"curies":[{"name":"wp","href":"https:\/\/api.w.org\/{rel}","templated":true}]}}