{"id":249232,"date":"2022-09-23T10:01:41","date_gmt":"2022-09-23T08:01:41","guid":{"rendered":"https:\/\/www.intoscana.it\/it\/?p=249232"},"modified":"2022-09-23T10:03:05","modified_gmt":"2022-09-23T08:03:05","slug":"covid-rialzo-contagi-1107-nuovi-positivi","status":"publish","type":"post","link":"https:\/\/www.intoscana.it\/it\/covid-rialzo-contagi-1107-nuovi-positivi\/","title":{"rendered":"Covid, lieve rialzo dei contagi: oggi sono 1.107 i nuovi positivi"},"content":{"rendered":"<p>Sono <strong>1.107 i nuovi casi di Covid-19<\/strong> registrati nelle ultime ventiquattro ore in Toscana: 177 sono stati confermati con tampone molecolare e gli altri 930 con test rapido.<\/p>\n<p>Il numero dei contagiati rilevati nella regione dall&#8217;inizio della pandemia salgono dunque a <strong>1.395.322.<\/strong> I nuovi casi sono lo <strong>0,1%<\/strong> in pi\u00f9 rispetto al totale del giorno precedente. I guariti crescono dello 0,03% (375 persone) e raggiungono quota 1.302.729 (93,4% dei casi totali).<\/p>\n<p>Al momento in Toscana risultano pertanto <strong>81.844 positivi, +0,9% rispetto a ieri.<\/strong> <mark>Di questi 161 (5 in pi\u00f9 rispetto a ieri) sono ricoverati in ospedale: 4 (1 in meno) si trovano in terapia intensiva <\/mark>.<\/p>\n<p>Dall&#8217;ultimo bollettino quotidiano sono stati eseguiti 678 tamponi molecolari e 6.753 tamponi antigenici rapidi: di questi il 14,9% \u00e8 risultato positivo. Sono invece 1.646 i soggetti testati, escludendo i tamponi di controllo: il 67,3% di questi \u00e8 risultato positivo. L&#8217;et\u00e0 media dei 1.107 nuovi positivi \u00e8 di 50 anni circa (14% ha meno di 20 anni, 15% tra 20 e 39 anni, 34% tra 40 e 59 anni, 28% tra 60 e 79 anni, 9% ha 80 anni o pi\u00f9).<\/p>\n<h3>L&#8217;andamento per provincia<\/h3>\n<p>Con gli ultimi casi salgono a 380.160 i positivi dall&#8217;inizio dell&#8217;emergenza nei comuni della Citt\u00e0 metropolitana di Firenze (227 in pi\u00f9 rispetto a ieri), 93.282 in provincia di Prato (54 in pi\u00f9), 109.853 a Pistoia (96 in pi\u00f9), 70.309 a Massa Carrara (60 in pi\u00f9), 148.908 a Lucca (116 in pi\u00f9), 161.935 a Pisa (123 in pi\u00f9), 126.352 a Livorno (106 in pi\u00f9), 126.769 ad Arezzo (147 in pi\u00f9), 100.182 a Siena (103 in pi\u00f9) e 77.017 a Grosseto (75 in pi\u00f9). A questi vanno aggiunti 555 casi di positivit\u00e0 notificati in Toscana ma che riguardano residenti in altre regioni.<\/p>\n<p>Sono 396 le nuove segnalazioni nell&#8217;Asl Centro, 386 nella Nord Ovest, 325 nella Sud Est.<\/p>\n<p><mark>La Toscana si trova al 10\u00b0 posto in Italia come numerosit\u00e0 di casi complessivi dall&#8217;inizio della pandemia (tra residenti e non residenti) <\/mark>, con circa 37.784 casi ogni 100.000 abitanti (la media italiana \u00e9 37.547 x100.000, dato di ieri). Al momento la provincia di notifica con il tasso pi\u00f9 alto \u00e9 Lucca (con 38.782 casi ogni 100 mila abitanti), seguita da Pisa (38.742) e Livorno (38.405). La pi\u00f9 bassa concentrazione si riscontra a Prato (con un tasso di 35.165).<\/p>\n<p>In 81.683 sono in isolamento a casa, perch\u00e9 presentano sintomi lievi che non richiedono cure ospedaliere o risultano prive di sintomi (719 in pi\u00f9 rispetto a ieri, pi\u00f9 0,9%).<\/p>\n<p>I 1.302.729 guariti registrati a oggi lo sono a tutti gli effetti, da un punto di vista virale, certificati con tampone negativo.<\/p>\n<h3>I decessi<\/h3>\n<p>La lista dei decessi si aggiorna con 8 nuovi decessi: 4 uomini e 4 donne con un&#8217;et\u00e0 media di 90,5 anni.\u00a0Relativamente alla provincia di residenza, le persone decedute sono: 4 a Firenze, 1 a Prato, 3 a Arezzo.<\/p>\n<p>Sono 10.749 i deceduti dall&#8217;inizio dell&#8217;epidemia: 3.371 nella Citt\u00e0 metropolitana di Firenze, 880 in provincia di Prato, 967 a Pistoia, 684 a Massa Carrara, 1.009 a Lucca, 1.212 a Pisa, 811 a Livorno, 688 ad Arezzo, 569 a Siena, 404 a Grosseto. Vanno aggiunte 154 persone decedute sul suolo toscano ma erano residenti fuori regione.<\/p>\n<p>Il tasso grezzo di mortalit\u00e0 per Covid-19 (numero di deceduti\/popolazione residente) \u00e8 al momento 291,1 ogni 100 mila residenti, contro il 298,4 x100.000 della media italiana. La Toscana \u00e9 9\u00b0 tra le regioni. Per quanto riguarda le province, il tasso di mortalit\u00e0 pi\u00f9 alto si riscontra a Massa Carrara (360,3 ogni 100 mila abitanti), seguita da Firenze (337,6 x100.000) e Pistoia (333,2 x100.000), mentre il pi\u00f9 basso \u00e8 a Grosseto (185,5 x100.000).<\/p>\n","protected":false},"excerpt":{"rendered":"<p>In Toscana ad oggi sono 81.844 i positivi ( +0,9% rispetto a ieri), di questi 161 (5 in pi\u00f9 rispetto a ieri) sono ricoverati in ospedale: 4 (1 in meno) si trovano in terapia intensiva<\/p>\n","protected":false},"author":525,"featured_media":156571,"comment_status":"open","ping_status":"open","sticky":false,"template":"","format":"standard","meta":{"_acf_changed":false,"footnotes":""},"categories":[494],"tags":[4868,4809,134,349],"class_list":["post-249232","post","type-post","status-publish","format-standard","has-post-thumbnail","hentry","category-attualita","tag-bollettino-covid-toscana","tag-covid","tag-salute","tag-sanita"],"acf":[],"yoast_head":"<!-- This site is optimized with the Yoast SEO Premium plugin v24.2 (Yoast SEO v25.6) - https:\/\/yoast.com\/wordpress\/plugins\/seo\/ -->\n<title>Covid, lieve rialzo dei contagi: oggi sono 1.107 i nuovi positivi - intoscana<\/title>\n<meta name=\"description\" content=\"In Toscana ad oggi sono 81.844 i positivi, 161 (5 in pi\u00f9 rispetto a ieri) sono ricoverati. Sono 8 i nuovi decessi\" \/>\n<meta name=\"robots\" content=\"index, follow, max-snippet:-1, max-image-preview:large, max-video-preview:-1\" \/>\n<link rel=\"canonical\" href=\"https:\/\/www.intoscana.it\/it\/covid-rialzo-contagi-1107-nuovi-positivi\/\" \/>\n<meta property=\"og:locale\" content=\"it_IT\" \/>\n<meta property=\"og:type\" content=\"article\" \/>\n<meta property=\"og:title\" content=\"Covid, lieve rialzo dei contagi: oggi sono 1.107 i nuovi positivi\" \/>\n<meta property=\"og:description\" content=\"In Toscana ad oggi sono 81.844 i positivi, 161 (5 in pi\u00f9 rispetto a ieri) sono ricoverati. Sono 8 i nuovi decessi\" \/>\n<meta property=\"og:url\" content=\"https:\/\/www.intoscana.it\/it\/covid-rialzo-contagi-1107-nuovi-positivi\/\" \/>\n<meta property=\"og:site_name\" content=\"intoscana\" \/>\n<meta property=\"article:publisher\" content=\"https:\/\/www.facebook.com\/intoscana.it\" \/>\n<meta property=\"article:published_time\" content=\"2022-09-23T08:01:41+00:00\" \/>\n<meta property=\"article:modified_time\" content=\"2022-09-23T08:03:05+00:00\" \/>\n<meta property=\"og:image\" content=\"https:\/\/www.intoscana.it\/wp-content\/uploads\/ospedale-Santo-Stefano-prato-e1663920096916.jpg\" \/>\n\t<meta property=\"og:image:width\" content=\"480\" \/>\n\t<meta property=\"og:image:height\" content=\"327\" \/>\n\t<meta property=\"og:image:type\" content=\"image\/jpeg\" \/>\n<meta name=\"author\" content=\"Redazione\" \/>\n<meta name=\"twitter:card\" content=\"summary_large_image\" \/>\n<meta name=\"twitter:creator\" content=\"@intoscana\" \/>\n<meta name=\"twitter:site\" content=\"@intoscana\" \/>\n<meta name=\"twitter:label1\" content=\"Written by\" \/>\n\t<meta name=\"twitter:data1\" content=\"Redazione\" \/>\n\t<meta name=\"twitter:label2\" content=\"Est. reading time\" \/>\n\t<meta name=\"twitter:data2\" content=\"2 minuti\" \/>\n<script type=\"application\/ld+json\" class=\"yoast-schema-graph\">{\"@context\":\"https:\/\/schema.org\",\"@graph\":[{\"@type\":\"WebPage\",\"@id\":\"https:\/\/www.intoscana.it\/it\/covid-rialzo-contagi-1107-nuovi-positivi\/\",\"url\":\"https:\/\/www.intoscana.it\/it\/covid-rialzo-contagi-1107-nuovi-positivi\/\",\"name\":\"Covid, lieve rialzo dei contagi: oggi sono 1.107 i nuovi positivi - intoscana\",\"isPartOf\":{\"@id\":\"https:\/\/www.intoscana.it\/it\/#website\"},\"primaryImageOfPage\":{\"@id\":\"https:\/\/www.intoscana.it\/it\/covid-rialzo-contagi-1107-nuovi-positivi\/#primaryimage\"},\"image\":{\"@id\":\"https:\/\/www.intoscana.it\/it\/covid-rialzo-contagi-1107-nuovi-positivi\/#primaryimage\"},\"thumbnailUrl\":\"https:\/\/www.intoscana.it\/wp-content\/uploads\/ospedale-Santo-Stefano-prato-e1663920096916.jpg\",\"datePublished\":\"2022-09-23T08:01:41+00:00\",\"dateModified\":\"2022-09-23T08:03:05+00:00\",\"author\":{\"@id\":\"https:\/\/www.intoscana.it\/it\/#\/schema\/person\/9223810753230f20bd670fdd322661f8\"},\"description\":\"In Toscana ad oggi sono 81.844 i positivi, 161 (5 in pi\u00f9 rispetto a ieri) sono ricoverati. Sono 8 i nuovi decessi\",\"breadcrumb\":{\"@id\":\"https:\/\/www.intoscana.it\/it\/covid-rialzo-contagi-1107-nuovi-positivi\/#breadcrumb\"},\"inLanguage\":\"it-IT\",\"potentialAction\":[{\"@type\":\"ReadAction\",\"target\":[\"https:\/\/www.intoscana.it\/it\/covid-rialzo-contagi-1107-nuovi-positivi\/\"]}]},{\"@type\":\"ImageObject\",\"inLanguage\":\"it-IT\",\"@id\":\"https:\/\/www.intoscana.it\/it\/covid-rialzo-contagi-1107-nuovi-positivi\/#primaryimage\",\"url\":\"https:\/\/www.intoscana.it\/wp-content\/uploads\/ospedale-Santo-Stefano-prato-e1663920096916.jpg\",\"contentUrl\":\"https:\/\/www.intoscana.it\/wp-content\/uploads\/ospedale-Santo-Stefano-prato-e1663920096916.jpg\",\"width\":480,\"height\":327,\"caption\":\"ospedale Santo Stefano di Prato\"},{\"@type\":\"BreadcrumbList\",\"@id\":\"https:\/\/www.intoscana.it\/it\/covid-rialzo-contagi-1107-nuovi-positivi\/#breadcrumb\",\"itemListElement\":[{\"@type\":\"ListItem\",\"position\":1,\"name\":\"Home\",\"item\":\"https:\/\/www.intoscana.it\/it\/\"},{\"@type\":\"ListItem\",\"position\":2,\"name\":\"Covid, lieve rialzo dei contagi: oggi sono 1.107 i nuovi positivi\"}]},{\"@type\":\"WebSite\",\"@id\":\"https:\/\/www.intoscana.it\/it\/#website\",\"url\":\"https:\/\/www.intoscana.it\/it\/\",\"name\":\"intoscana\",\"description\":\"\",\"potentialAction\":[{\"@type\":\"SearchAction\",\"target\":{\"@type\":\"EntryPoint\",\"urlTemplate\":\"https:\/\/www.intoscana.it\/it\/?s={search_term_string}\"},\"query-input\":{\"@type\":\"PropertyValueSpecification\",\"valueRequired\":true,\"valueName\":\"search_term_string\"}}],\"inLanguage\":\"it-IT\"},{\"@type\":\"Person\",\"@id\":\"https:\/\/www.intoscana.it\/it\/#\/schema\/person\/9223810753230f20bd670fdd322661f8\",\"name\":\"Redazione\",\"url\":\"https:\/\/www.intoscana.it\/it\/author\/redazione\/\"}]}<\/script>\n<!-- \/ Yoast SEO Premium plugin. -->","yoast_head_json":{"title":"Covid, lieve rialzo dei contagi: oggi sono 1.107 i nuovi positivi - intoscana","description":"In Toscana ad oggi sono 81.844 i positivi, 161 (5 in pi\u00f9 rispetto a ieri) sono ricoverati. Sono 8 i nuovi decessi","robots":{"index":"index","follow":"follow","max-snippet":"max-snippet:-1","max-image-preview":"max-image-preview:large","max-video-preview":"max-video-preview:-1"},"canonical":"https:\/\/www.intoscana.it\/it\/covid-rialzo-contagi-1107-nuovi-positivi\/","og_locale":"it_IT","og_type":"article","og_title":"Covid, lieve rialzo dei contagi: oggi sono 1.107 i nuovi positivi","og_description":"In Toscana ad oggi sono 81.844 i positivi, 161 (5 in pi\u00f9 rispetto a ieri) sono ricoverati. Sono 8 i nuovi decessi","og_url":"https:\/\/www.intoscana.it\/it\/covid-rialzo-contagi-1107-nuovi-positivi\/","og_site_name":"intoscana","article_publisher":"https:\/\/www.facebook.com\/intoscana.it","article_published_time":"2022-09-23T08:01:41+00:00","article_modified_time":"2022-09-23T08:03:05+00:00","og_image":[{"width":480,"height":327,"url":"https:\/\/www.intoscana.it\/wp-content\/uploads\/ospedale-Santo-Stefano-prato-e1663920096916.jpg","type":"image\/jpeg"}],"author":"Redazione","twitter_card":"summary_large_image","twitter_creator":"@intoscana","twitter_site":"@intoscana","twitter_misc":{"Written by":"Redazione","Est. reading time":"2 minuti"},"schema":{"@context":"https:\/\/schema.org","@graph":[{"@type":"WebPage","@id":"https:\/\/www.intoscana.it\/it\/covid-rialzo-contagi-1107-nuovi-positivi\/","url":"https:\/\/www.intoscana.it\/it\/covid-rialzo-contagi-1107-nuovi-positivi\/","name":"Covid, lieve rialzo dei contagi: oggi sono 1.107 i nuovi positivi - intoscana","isPartOf":{"@id":"https:\/\/www.intoscana.it\/it\/#website"},"primaryImageOfPage":{"@id":"https:\/\/www.intoscana.it\/it\/covid-rialzo-contagi-1107-nuovi-positivi\/#primaryimage"},"image":{"@id":"https:\/\/www.intoscana.it\/it\/covid-rialzo-contagi-1107-nuovi-positivi\/#primaryimage"},"thumbnailUrl":"https:\/\/www.intoscana.it\/wp-content\/uploads\/ospedale-Santo-Stefano-prato-e1663920096916.jpg","datePublished":"2022-09-23T08:01:41+00:00","dateModified":"2022-09-23T08:03:05+00:00","author":{"@id":"https:\/\/www.intoscana.it\/it\/#\/schema\/person\/9223810753230f20bd670fdd322661f8"},"description":"In Toscana ad oggi sono 81.844 i positivi, 161 (5 in pi\u00f9 rispetto a ieri) sono ricoverati. Sono 8 i nuovi decessi","breadcrumb":{"@id":"https:\/\/www.intoscana.it\/it\/covid-rialzo-contagi-1107-nuovi-positivi\/#breadcrumb"},"inLanguage":"it-IT","potentialAction":[{"@type":"ReadAction","target":["https:\/\/www.intoscana.it\/it\/covid-rialzo-contagi-1107-nuovi-positivi\/"]}]},{"@type":"ImageObject","inLanguage":"it-IT","@id":"https:\/\/www.intoscana.it\/it\/covid-rialzo-contagi-1107-nuovi-positivi\/#primaryimage","url":"https:\/\/www.intoscana.it\/wp-content\/uploads\/ospedale-Santo-Stefano-prato-e1663920096916.jpg","contentUrl":"https:\/\/www.intoscana.it\/wp-content\/uploads\/ospedale-Santo-Stefano-prato-e1663920096916.jpg","width":480,"height":327,"caption":"ospedale Santo Stefano di Prato"},{"@type":"BreadcrumbList","@id":"https:\/\/www.intoscana.it\/it\/covid-rialzo-contagi-1107-nuovi-positivi\/#breadcrumb","itemListElement":[{"@type":"ListItem","position":1,"name":"Home","item":"https:\/\/www.intoscana.it\/it\/"},{"@type":"ListItem","position":2,"name":"Covid, lieve rialzo dei contagi: oggi sono 1.107 i nuovi positivi"}]},{"@type":"WebSite","@id":"https:\/\/www.intoscana.it\/it\/#website","url":"https:\/\/www.intoscana.it\/it\/","name":"intoscana","description":"","potentialAction":[{"@type":"SearchAction","target":{"@type":"EntryPoint","urlTemplate":"https:\/\/www.intoscana.it\/it\/?s={search_term_string}"},"query-input":{"@type":"PropertyValueSpecification","valueRequired":true,"valueName":"search_term_string"}}],"inLanguage":"it-IT"},{"@type":"Person","@id":"https:\/\/www.intoscana.it\/it\/#\/schema\/person\/9223810753230f20bd670fdd322661f8","name":"Redazione","url":"https:\/\/www.intoscana.it\/it\/author\/redazione\/"}]}},"_links":{"self":[{"href":"https:\/\/www.intoscana.it\/it\/wp-json\/wp\/v2\/posts\/249232","targetHints":{"allow":["GET"]}}],"collection":[{"href":"https:\/\/www.intoscana.it\/it\/wp-json\/wp\/v2\/posts"}],"about":[{"href":"https:\/\/www.intoscana.it\/it\/wp-json\/wp\/v2\/types\/post"}],"author":[{"embeddable":true,"href":"https:\/\/www.intoscana.it\/it\/wp-json\/wp\/v2\/users\/525"}],"replies":[{"embeddable":true,"href":"https:\/\/www.intoscana.it\/it\/wp-json\/wp\/v2\/comments?post=249232"}],"version-history":[{"count":0,"href":"https:\/\/www.intoscana.it\/it\/wp-json\/wp\/v2\/posts\/249232\/revisions"}],"wp:featuredmedia":[{"embeddable":true,"href":"https:\/\/www.intoscana.it\/it\/wp-json\/wp\/v2\/media\/156571"}],"wp:attachment":[{"href":"https:\/\/www.intoscana.it\/it\/wp-json\/wp\/v2\/media?parent=249232"}],"wp:term":[{"taxonomy":"category","embeddable":true,"href":"https:\/\/www.intoscana.it\/it\/wp-json\/wp\/v2\/categories?post=249232"},{"taxonomy":"post_tag","embeddable":true,"href":"https:\/\/www.intoscana.it\/it\/wp-json\/wp\/v2\/tags?post=249232"}],"curies":[{"name":"wp","href":"https:\/\/api.w.org\/{rel}","templated":true}]}}