{"id":249265,"date":"2022-09-23T11:12:11","date_gmt":"2022-09-23T09:12:11","guid":{"rendered":"https:\/\/www.intoscana.it\/it\/?p=249265"},"modified":"2022-09-23T11:13:02","modified_gmt":"2022-09-23T09:13:02","slug":"scosse-terremoto-anche-in-toscana","status":"publish","type":"post","link":"https:\/\/www.intoscana.it\/it\/scosse-terremoto-anche-in-toscana\/","title":{"rendered":"La terra trema in mezza Italia, scosse anche in Toscana: 3.2 la pi\u00f9 forte"},"content":{"rendered":"<p>Una serie di scosse di terremoto, con magnitudo fra 3,6 e 4,1, si sono registrate ieri, 22 settembre, da Genova a Catania, con piccole scosse di assestamento. In Toscana la terra ha tremato intorno alle 17.49.<\/p>\n<p>L&#8217;ingv infatti ha registrato proprio a quell&#8217;ora una scossa di <strong>magnitudo 3.2<\/strong> in provincia di Lucca, con epicentro a 8 km dal piccolo paese di Fosciandora, in Garfagnana, a una profondit\u00e0 di 13 chilometri. Una seconda scossa, di magnitudo 2.0, \u00e8 seguita un minuto pi\u00f9 tardi, alle 17.50, sempre con epicentro a 8 km da Fosciandora, a una profondit\u00e0 di 14 km.<\/p>\n<p>L&#8217;Istituto nazionale di geofisica e vulcanologia aveva gi\u00e0 segnalato altre scosse in provincia di Modena, sull&#8217;appenino tosco emiliano che si erano sentite anche in Toscana.<\/p>\n<p>Fortunatamente, in nessuno dei casi, si sono verificati danni: &#8220;In seguito alle verifiche fatte dalla Sala regionale con i vigili del fuoco e le Sale provinciali, non risultano danni in seguito alle scosse di terremoto tra Modena e Lucca&#8221;, ha fatto sapere sul momento il presidente della Regione Toscana.<\/p>\n<p>Intanto il prossimo sabato 15 e domenica 16 ottobre in numerose piazze della Toscana torner\u00e0 <a href=\"https:\/\/www.intoscana.it\/it\/articolo\/creativita-e-prevenzione-vanno-a-braccetto-per-la-campagna-io-non-rischio\/\"><strong>&#8220;Io non rischio&#8221;,<\/strong><\/a> la campagna di prevenzione sulle buone pratiche in caso di emergenze, come i terremoti. I volontari di protezione civile saranno a disposizione per informare sui comportamenti da adottare in caso di emergenze.<\/p>\n","protected":false},"excerpt":{"rendered":"<p>Una serie di scosse di terremoto hanno interessato anche la Toscana fortunatamente senza causare danni. Intanto il prossimo 15 e 16 ottobre nelle piazze torna &#8220;Io non rischio&#8221;<\/p>\n","protected":false},"author":525,"featured_media":235746,"comment_status":"open","ping_status":"open","sticky":false,"template":"","format":"standard","meta":{"_acf_changed":false,"footnotes":""},"categories":[494],"tags":[4387,4481,3471,4508],"class_list":["post-249265","post","type-post","status-publish","format-standard","has-post-thumbnail","hentry","category-attualita","tag-allerta-meteo","tag-impatto-ambientale","tag-protezione-civile","tag-terremoto"],"acf":[],"yoast_head":"<!-- This site is optimized with the Yoast SEO Premium plugin v24.2 (Yoast SEO v25.6) - https:\/\/yoast.com\/wordpress\/plugins\/seo\/ -->\n<title>La terra trema in mezza Italia, scosse anche in Toscana: 3.2 la pi\u00f9 forte<\/title>\n<meta name=\"description\" content=\"Una serie di scosse di terremoto hanno interessato anche la Toscana fortunatamente senza provocare danni\" \/>\n<meta name=\"robots\" content=\"index, follow, max-snippet:-1, max-image-preview:large, max-video-preview:-1\" \/>\n<link rel=\"canonical\" href=\"https:\/\/www.intoscana.it\/it\/scosse-terremoto-anche-in-toscana\/\" \/>\n<meta property=\"og:locale\" content=\"it_IT\" \/>\n<meta property=\"og:type\" content=\"article\" \/>\n<meta property=\"og:title\" content=\"La terra trema in mezza Italia, scosse anche in Toscana: 3.2 la pi\u00f9 forte\" \/>\n<meta property=\"og:description\" content=\"Una serie di scosse di terremoto hanno interessato anche la Toscana fortunatamente senza provocare danni\" \/>\n<meta property=\"og:url\" content=\"https:\/\/www.intoscana.it\/it\/scosse-terremoto-anche-in-toscana\/\" \/>\n<meta property=\"og:site_name\" content=\"intoscana\" \/>\n<meta property=\"article:publisher\" content=\"https:\/\/www.facebook.com\/intoscana.it\" \/>\n<meta property=\"article:published_time\" content=\"2022-09-23T09:12:11+00:00\" \/>\n<meta property=\"article:modified_time\" content=\"2022-09-23T09:13:02+00:00\" \/>\n<meta property=\"og:image\" content=\"https:\/\/www.intoscana.it\/wp-content\/uploads\/shutterstock_1949649778-scaled.jpg\" \/>\n\t<meta property=\"og:image:width\" content=\"2048\" \/>\n\t<meta property=\"og:image:height\" content=\"1534\" \/>\n\t<meta property=\"og:image:type\" content=\"image\/jpeg\" \/>\n<meta name=\"author\" content=\"Redazione\" \/>\n<meta name=\"twitter:card\" content=\"summary_large_image\" \/>\n<meta name=\"twitter:creator\" content=\"@intoscana\" \/>\n<meta name=\"twitter:site\" content=\"@intoscana\" \/>\n<meta name=\"twitter:label1\" content=\"Written by\" \/>\n\t<meta name=\"twitter:data1\" content=\"Redazione\" \/>\n\t<meta name=\"twitter:label2\" content=\"Est. reading time\" \/>\n\t<meta name=\"twitter:data2\" content=\"1 minuto\" \/>\n<script type=\"application\/ld+json\" class=\"yoast-schema-graph\">{\"@context\":\"https:\/\/schema.org\",\"@graph\":[{\"@type\":\"WebPage\",\"@id\":\"https:\/\/www.intoscana.it\/it\/scosse-terremoto-anche-in-toscana\/\",\"url\":\"https:\/\/www.intoscana.it\/it\/scosse-terremoto-anche-in-toscana\/\",\"name\":\"La terra trema in mezza Italia, scosse anche in Toscana: 3.2 la pi\u00f9 forte\",\"isPartOf\":{\"@id\":\"https:\/\/www.intoscana.it\/it\/#website\"},\"primaryImageOfPage\":{\"@id\":\"https:\/\/www.intoscana.it\/it\/scosse-terremoto-anche-in-toscana\/#primaryimage\"},\"image\":{\"@id\":\"https:\/\/www.intoscana.it\/it\/scosse-terremoto-anche-in-toscana\/#primaryimage\"},\"thumbnailUrl\":\"https:\/\/www.intoscana.it\/wp-content\/uploads\/shutterstock_1949649778-scaled.jpg\",\"datePublished\":\"2022-09-23T09:12:11+00:00\",\"dateModified\":\"2022-09-23T09:13:02+00:00\",\"author\":{\"@id\":\"https:\/\/www.intoscana.it\/it\/#\/schema\/person\/9223810753230f20bd670fdd322661f8\"},\"description\":\"Una serie di scosse di terremoto hanno interessato anche la Toscana fortunatamente senza provocare danni\",\"breadcrumb\":{\"@id\":\"https:\/\/www.intoscana.it\/it\/scosse-terremoto-anche-in-toscana\/#breadcrumb\"},\"inLanguage\":\"it-IT\",\"potentialAction\":[{\"@type\":\"ReadAction\",\"target\":[\"https:\/\/www.intoscana.it\/it\/scosse-terremoto-anche-in-toscana\/\"]}]},{\"@type\":\"ImageObject\",\"inLanguage\":\"it-IT\",\"@id\":\"https:\/\/www.intoscana.it\/it\/scosse-terremoto-anche-in-toscana\/#primaryimage\",\"url\":\"https:\/\/www.intoscana.it\/wp-content\/uploads\/shutterstock_1949649778-scaled.jpg\",\"contentUrl\":\"https:\/\/www.intoscana.it\/wp-content\/uploads\/shutterstock_1949649778-scaled.jpg\",\"width\":2048,\"height\":1534,\"caption\":\"terremoto\"},{\"@type\":\"BreadcrumbList\",\"@id\":\"https:\/\/www.intoscana.it\/it\/scosse-terremoto-anche-in-toscana\/#breadcrumb\",\"itemListElement\":[{\"@type\":\"ListItem\",\"position\":1,\"name\":\"Home\",\"item\":\"https:\/\/www.intoscana.it\/it\/\"},{\"@type\":\"ListItem\",\"position\":2,\"name\":\"La terra trema in mezza Italia, scosse anche in Toscana: 3.2 la pi\u00f9 forte\"}]},{\"@type\":\"WebSite\",\"@id\":\"https:\/\/www.intoscana.it\/it\/#website\",\"url\":\"https:\/\/www.intoscana.it\/it\/\",\"name\":\"intoscana\",\"description\":\"\",\"potentialAction\":[{\"@type\":\"SearchAction\",\"target\":{\"@type\":\"EntryPoint\",\"urlTemplate\":\"https:\/\/www.intoscana.it\/it\/?s={search_term_string}\"},\"query-input\":{\"@type\":\"PropertyValueSpecification\",\"valueRequired\":true,\"valueName\":\"search_term_string\"}}],\"inLanguage\":\"it-IT\"},{\"@type\":\"Person\",\"@id\":\"https:\/\/www.intoscana.it\/it\/#\/schema\/person\/9223810753230f20bd670fdd322661f8\",\"name\":\"Redazione\",\"url\":\"https:\/\/www.intoscana.it\/it\/author\/redazione\/\"}]}<\/script>\n<!-- \/ Yoast SEO Premium plugin. -->","yoast_head_json":{"title":"La terra trema in mezza Italia, scosse anche in Toscana: 3.2 la pi\u00f9 forte","description":"Una serie di scosse di terremoto hanno interessato anche la Toscana fortunatamente senza provocare danni","robots":{"index":"index","follow":"follow","max-snippet":"max-snippet:-1","max-image-preview":"max-image-preview:large","max-video-preview":"max-video-preview:-1"},"canonical":"https:\/\/www.intoscana.it\/it\/scosse-terremoto-anche-in-toscana\/","og_locale":"it_IT","og_type":"article","og_title":"La terra trema in mezza Italia, scosse anche in Toscana: 3.2 la pi\u00f9 forte","og_description":"Una serie di scosse di terremoto hanno interessato anche la Toscana fortunatamente senza provocare danni","og_url":"https:\/\/www.intoscana.it\/it\/scosse-terremoto-anche-in-toscana\/","og_site_name":"intoscana","article_publisher":"https:\/\/www.facebook.com\/intoscana.it","article_published_time":"2022-09-23T09:12:11+00:00","article_modified_time":"2022-09-23T09:13:02+00:00","og_image":[{"width":2048,"height":1534,"url":"https:\/\/www.intoscana.it\/wp-content\/uploads\/shutterstock_1949649778-scaled.jpg","type":"image\/jpeg"}],"author":"Redazione","twitter_card":"summary_large_image","twitter_creator":"@intoscana","twitter_site":"@intoscana","twitter_misc":{"Written by":"Redazione","Est. reading time":"1 minuto"},"schema":{"@context":"https:\/\/schema.org","@graph":[{"@type":"WebPage","@id":"https:\/\/www.intoscana.it\/it\/scosse-terremoto-anche-in-toscana\/","url":"https:\/\/www.intoscana.it\/it\/scosse-terremoto-anche-in-toscana\/","name":"La terra trema in mezza Italia, scosse anche in Toscana: 3.2 la pi\u00f9 forte","isPartOf":{"@id":"https:\/\/www.intoscana.it\/it\/#website"},"primaryImageOfPage":{"@id":"https:\/\/www.intoscana.it\/it\/scosse-terremoto-anche-in-toscana\/#primaryimage"},"image":{"@id":"https:\/\/www.intoscana.it\/it\/scosse-terremoto-anche-in-toscana\/#primaryimage"},"thumbnailUrl":"https:\/\/www.intoscana.it\/wp-content\/uploads\/shutterstock_1949649778-scaled.jpg","datePublished":"2022-09-23T09:12:11+00:00","dateModified":"2022-09-23T09:13:02+00:00","author":{"@id":"https:\/\/www.intoscana.it\/it\/#\/schema\/person\/9223810753230f20bd670fdd322661f8"},"description":"Una serie di scosse di terremoto hanno interessato anche la Toscana fortunatamente senza provocare danni","breadcrumb":{"@id":"https:\/\/www.intoscana.it\/it\/scosse-terremoto-anche-in-toscana\/#breadcrumb"},"inLanguage":"it-IT","potentialAction":[{"@type":"ReadAction","target":["https:\/\/www.intoscana.it\/it\/scosse-terremoto-anche-in-toscana\/"]}]},{"@type":"ImageObject","inLanguage":"it-IT","@id":"https:\/\/www.intoscana.it\/it\/scosse-terremoto-anche-in-toscana\/#primaryimage","url":"https:\/\/www.intoscana.it\/wp-content\/uploads\/shutterstock_1949649778-scaled.jpg","contentUrl":"https:\/\/www.intoscana.it\/wp-content\/uploads\/shutterstock_1949649778-scaled.jpg","width":2048,"height":1534,"caption":"terremoto"},{"@type":"BreadcrumbList","@id":"https:\/\/www.intoscana.it\/it\/scosse-terremoto-anche-in-toscana\/#breadcrumb","itemListElement":[{"@type":"ListItem","position":1,"name":"Home","item":"https:\/\/www.intoscana.it\/it\/"},{"@type":"ListItem","position":2,"name":"La terra trema in mezza Italia, scosse anche in Toscana: 3.2 la pi\u00f9 forte"}]},{"@type":"WebSite","@id":"https:\/\/www.intoscana.it\/it\/#website","url":"https:\/\/www.intoscana.it\/it\/","name":"intoscana","description":"","potentialAction":[{"@type":"SearchAction","target":{"@type":"EntryPoint","urlTemplate":"https:\/\/www.intoscana.it\/it\/?s={search_term_string}"},"query-input":{"@type":"PropertyValueSpecification","valueRequired":true,"valueName":"search_term_string"}}],"inLanguage":"it-IT"},{"@type":"Person","@id":"https:\/\/www.intoscana.it\/it\/#\/schema\/person\/9223810753230f20bd670fdd322661f8","name":"Redazione","url":"https:\/\/www.intoscana.it\/it\/author\/redazione\/"}]}},"_links":{"self":[{"href":"https:\/\/www.intoscana.it\/it\/wp-json\/wp\/v2\/posts\/249265","targetHints":{"allow":["GET"]}}],"collection":[{"href":"https:\/\/www.intoscana.it\/it\/wp-json\/wp\/v2\/posts"}],"about":[{"href":"https:\/\/www.intoscana.it\/it\/wp-json\/wp\/v2\/types\/post"}],"author":[{"embeddable":true,"href":"https:\/\/www.intoscana.it\/it\/wp-json\/wp\/v2\/users\/525"}],"replies":[{"embeddable":true,"href":"https:\/\/www.intoscana.it\/it\/wp-json\/wp\/v2\/comments?post=249265"}],"version-history":[{"count":0,"href":"https:\/\/www.intoscana.it\/it\/wp-json\/wp\/v2\/posts\/249265\/revisions"}],"wp:featuredmedia":[{"embeddable":true,"href":"https:\/\/www.intoscana.it\/it\/wp-json\/wp\/v2\/media\/235746"}],"wp:attachment":[{"href":"https:\/\/www.intoscana.it\/it\/wp-json\/wp\/v2\/media?parent=249265"}],"wp:term":[{"taxonomy":"category","embeddable":true,"href":"https:\/\/www.intoscana.it\/it\/wp-json\/wp\/v2\/categories?post=249265"},{"taxonomy":"post_tag","embeddable":true,"href":"https:\/\/www.intoscana.it\/it\/wp-json\/wp\/v2\/tags?post=249265"}],"curies":[{"name":"wp","href":"https:\/\/api.w.org\/{rel}","templated":true}]}}