{"id":249317,"date":"2022-09-23T15:15:05","date_gmt":"2022-09-23T13:15:05","guid":{"rendered":"https:\/\/www.intoscana.it\/it\/?p=249317"},"modified":"2022-09-23T15:18:37","modified_gmt":"2022-09-23T13:18:37","slug":"palazzo-davanzati-riapre-al-pubblico","status":"publish","type":"post","link":"https:\/\/www.intoscana.it\/it\/palazzo-davanzati-riapre-al-pubblico\/","title":{"rendered":"Riapre al pubblico il museo di Palazzo Davanzati: nuovo allestimento e nuovi capolavori"},"content":{"rendered":"<p><mark>2000 metri quadrati di superficie, 450 opere (a cui si aggiungono circa 2000 merletti) distribuite su 3 piani, 40 persone all\u2019opera per un totale di 6 mesi di lavoro <\/mark>. Questi sono i numeri di <strong>Palazzo Davanzati<\/strong>, parte integrante del gruppo statale dei Musei del Bargello, che riapre <strong>al pubblico il 24 settembre 2022 dopo mesi di intenso lavoro.<\/strong><\/p>\n<p>Il museo, che con i suoi quasi sette secoli di vita \u00e8 tra i pi\u00f9 antichi e meglio conservati edifici medioevali della citt\u00e0 di Firenze, \u00e8 chiuso dal 23 marzo e grazie ai lavori svolti \u00e8 stato completamente riallestito e <mark>rinnovato pur mantenendo intatto il fascino di antica dimora fiorentina come era stato pensato alla sua nascita <\/mark>.<\/p>\n<p>\u201c<em>Il Davanzati \u00e8 il\u00a0museo\u00a0per eccellenza che esemplifica non soltanto il ruolo chiave degli antiquari e collezionisti attivi a Firenze tra fino Ottocento e primo Novecento nel diffonderne l&#8217;idea di Medioevo e Rinascimento fiorentino in Italia e nel mondo, ma anche l&#8217;impegno dello Stato italiano dal dopoguerra a oggi nel tutelare e rendere fruibile uno dei rari esempi di casa torre trecentesca e di\u00a0museo\u00a0dedicato alla vita privata a Firenze dal Trecento alla fine\u00a0del\u00a0Cinquecento<\/em> \u2013 ha spiegato <strong>Paola D\u2019Agostino<\/strong>, direttore dei Musei del Bargello.<\/p>\n<h3>Il nuovo allestimento<\/h3>\n<p>L&#8217;allestimento di Palazzo Davanzati non veniva modificato dal 2009, oggi grazie a <mark>grazie a due finanziamenti straordinari del Ministero della Cultura di cui 500mila euro destinati al riallestimento e alla messa in sicurezza delle sale e 90mila euro per il nuovo allestimento e una nuova illuminazione nella Sala dei Merletti <\/mark>, il museo riapre pi\u00f9 unico che mai.<\/p>\n<p>Negli ultimi tre anni infatti, grazie al lungo lavoro di ricerca da parte del curatore del museo Daniele Rapino, <mark>sono state selezionate nuove opere da esporre alcune per la prima volta visibili al pubblico e in prestito temporaneo dai depositi del Museo Nazionale del Bargello <\/mark>.<\/p>\n<p>\u201c<em>L\u2019idea che mi ha guidato nel nuovo allestimento\u00a0del\u00a0Museo\u00a0di Palazzo Davanzati \u00e8 stata quella di offrire un\u2019esperienza di visita rinnovata, rendendo il percorso didatticamente pi\u00f9 fluido e pi\u00f9 comprensibile l\u2019approccio a ci\u00f2 che il palazzo rappresenta, ovvero l\u2019esempio pi\u00f9 fedele alla realt\u00e0 di una dimora fiorentina di epoca rinascimentale. Il lavoro \u00e8 stato soprattutto un riordino\u00a0della\u00a0collezione esistente, scandita in ordine temporale, integrata con straordinari capolavori provenienti dai depositi\u00a0del\u00a0Museo\u00a0Nazionale\u00a0del\u00a0Bargello<\/em>\u201d, ha spiegato il responsabile del Museo Daniele Rapino.<\/p>\n<p>Una particolare attenzione, nel corso del lavoro di riallestimento, \u00e8 stata dedicata alle nuove generazioni di <strong>studenti<\/strong> che potranno apprezzare il nuovo percorso espositivo dove l\u2019evoluzione degli stili e della moda abitativa \u00e8 didatticamente semplificata e al contempo meglio esplicitata, anche con l\u2019ausilio di supporti audiovisivi e pannelli esplicativi.<\/p>\n<p>Grande rilevanza, nell\u2019economia dei lavori, \u00e8 stata data anche <strong>all\u2019aspetto illuminotecnico<\/strong> di tutto il museo. Sia per ragioni conservative che per ragioni legate al risparmio energetico, \u00e8 stata sostituita la gran parte dei corpi illuminanti che sviluppavano molto calore e consumavano molta energia, con corpi illuminanti a LED, migliorando al contempo la fruizione degli ambienti e delle opere esposte.<\/p>\n<h3>Palazzo Davanzati, le origini<\/h3>\n<p>Il Palazzo fu fatto costruire dalla famiglia\u00a0Davizzi\u00a0<strong>nella prima met\u00e0\u00a0del\u00a0Trecento<\/strong>\u00a0e nel\u00a01558 pass\u00f2 alla famiglia Davanzati: esso segna il passaggio dalla casa torre medievale alla casa mercantile, in uno sviluppo verticale su quattro livelli pi\u00f9 il piano terra.\u00a0Elia Volpi, mercante d\u2019arte e antiquario, agli inizi\u00a0del\u00a0\u2018900, recuper\u00f2 il Palazzo nel suo aspetto originario destinandolo a rappresentare la fiorentinit\u00e0 abitativa in epoca rinascimentale, seppur parziale e incompleta. Il medesimo intento guid\u00f2\u00a0Luciano Berti\u00a0quando, nel 1956, inaugur\u00f2 questo\u00a0museo\u00a0arredandolo con oggetti provenienti dalle collezioni fiorentine, arricchite successivamente con acquisti e donazioni. Senza in alcun modo venir meno a queste idee primigenie oggi \u00e8 stato effettuato un\u00a0lavoro di riordino\u00a0della\u00a0collezione presente integrata, quanto pi\u00f9 possibile, con un\u00a0nucleo di opere in prestito temporaneo dalle collezioni e dai depositi\u00a0del\u00a0Museo\u00a0Nazionale\u00a0del\u00a0Bargello. Questi ultimi oggetti di grande valore storico-artistico sono stati scelti per la loro relazione temporale e culturale, non solo con le opere pi\u00f9 rappresentative gi\u00e0 presenti nel\u00a0museo, ma anche con l\u2019edificazione e le epoche pi\u00f9 significative vissute dagli abitanti\u00a0del\u00a0Palazzo.<\/p>\n<h3>Cosa dovr\u00e0 aspettarsi il visitatore?<\/h3>\n<p>All\u2019interno dei celebri ambienti del Palazzo, dalla sala dei Pappagalli alla Camera dei Pavoni fino alla camera con le <mark>storie tratte dalla leggenda medievale della Castellana di Vergi, accanto ad opere d\u2019arte di Antonio Rossellino, Lorenzo Ghiberti, Maestro di Serumido, Jacopo del Sellaio, Mariotto di Nardo, si fanno spazio alcuni dei fiori all\u2019occhiello del nuovo allestimento suddiviso per epoca <\/mark>. Al primo piano si trovano opere e arredi del Trecento e Quattrocento, al secondo opere e arredi dal Cinquecento al Settecento, mentre il terzo piano accoglie la nuova sala dedicata ai merletti e ricami, una sala dedicata all\u2019arte quattrocentesca fiorentina e la sempre affascinante cucina.<\/p>\n<p>Nella cosiddetta <strong>Camera delle Impannate,<\/strong> hanno finalmente trovato nuova sistemazione i cosiddetti <strong>Trionfi<\/strong>, <mark>derivanti dal poema di Francesco Petrarca e dipinti da Giovanni di Ser Giovanni, detto Lo Scheggia, fratello minore di Masaccio.<\/mark><\/p>\n<p>I quattro dipinti su tavola ricurva, di rara bellezza, realizzati intorno alla met\u00e0 del Quattrocento e sulla cui destinazione d\u2019uso gli studiosi continuano a interrogarsi, sono stati posizionati in un ambiente pi\u00f9 grande e arioso, ad un\u2019altezza consona, per consentire al visitatore di apprezzarne al meglio l\u2019unicit\u00e0.<\/p>\n<p>Nuova vita (e nuova collocazione) anche per la cosiddetta\u00a0<strong>Coperta Guicciardini,<\/strong> capolavoro tessile\u00a0del\u00a0Trecento che dopo pi\u00f9 di 30 anni, a parte una breve parentesi nel 2010, torna ad essere visibile al pubblico. A compendio\u00a0della\u00a0Coperta Guicciardini \u00e8 stato inoltre realizzato un video dedicato ai giovanissimi, reso possibile grazie al finanziamento di Fondazione CR Firenze, che meglio illustrer\u00e0 il significato delle scene ricamate sull\u2019opera d\u2019arte in tessuto.<\/p>\n<p>Restaurato e nuovamente restituito alla fruizione del pubblico anche il bellissimo <strong>Armario<\/strong>, risalente al 1530. Questo raro mobile dipinto a grottesche, realizzato in ambito senese nella prima met\u00e0 de XV secolo, era destinato alla custodia di armi come indicano le iscrizioni a lettere capitali sull\u2019architrave.<\/p>\n<h3>Le novit\u00e0<\/h3>\n<p>Da sempre vanto la\u00a0 collezione di <strong>merletti<\/strong>, <strong>ricami<\/strong> e <strong>disegni<\/strong> per tessili (con ben 2000 pezzi provenienti da donazioni e acquisti dello Stato che vanno dal 1600 al 1900 secolo), tra le pi\u00f9 importanti d\u2019Italia, sono stati oggetto di una manutenzione conservativa e hanno trovato posto in una nuova sala espositiva, intesa a valorizzare maggiormente le preziosit\u00e0 e le eleganze di questi prodotti manifatturieri.<\/p>\n<p><mark>Una novit\u00e0 assoluta sono le immagini che scorrono su una parete delle nuove salette dedicate a Elia Volpi che mostrano il Palazzo nei primi anni del Novecento, con gli arredi raccolti dall\u2019antiquario e alienati con un successo memorabile nelle aste del 1916 e del 1917 a New York <\/mark>. Completano le salette alcune opere pittoriche e grafiche che il Volpi realizz\u00f2 quando cercava di farsi strada come pittore, alcuni mobili e un\u2019inedita scultura gi\u00e0 di sua propriet\u00e0, oltre a oggetti appartenenti a lui e ai suoi familiari.<\/p>\n<p>&nbsp;<\/p>\n","protected":false},"excerpt":{"rendered":"<p>Tra le novit\u00e0 che accoglieranno il visitatore l\u2019esposizione della trecentesca Coperta Guicciardini,\u00a0 un prezioso armario del 1530 e una\u00a0nuova sala dedicata ai merletti antichi, con una delle collezioni pi\u00f9 preziose e ricche d\u2019Italia<\/p>\n","protected":false},"author":503,"featured_media":249357,"comment_status":"open","ping_status":"open","sticky":false,"template":"","format":"standard","meta":{"_acf_changed":false,"footnotes":""},"categories":[493],"tags":[4236,2139,148,5155],"class_list":["post-249317","post","type-post","status-publish","format-standard","has-post-thumbnail","hentry","category-cultura","tag-arte-a-firenze","tag-bargello","tag-cultura","tag-museo"],"acf":[],"yoast_head":"<!-- This site is optimized with the Yoast SEO Premium plugin v24.2 (Yoast SEO v25.6) - https:\/\/yoast.com\/wordpress\/plugins\/seo\/ -->\n<title>Riapre al pubblico il museo di Palazzo Davanzati: nuovo allestimento e nuovi capolavori - intoscana<\/title>\n<meta name=\"description\" content=\"Tra le novit\u00e0 visibili nel muso, una\u00a0sala dedicata ai merletti antichi, con una delle collezioni pi\u00f9 preziose d\u2019Italia\" \/>\n<meta name=\"robots\" content=\"index, follow, max-snippet:-1, max-image-preview:large, max-video-preview:-1\" \/>\n<link rel=\"canonical\" href=\"https:\/\/www.intoscana.it\/it\/palazzo-davanzati-riapre-al-pubblico\/\" \/>\n<meta property=\"og:locale\" content=\"it_IT\" \/>\n<meta property=\"og:type\" content=\"article\" \/>\n<meta property=\"og:title\" content=\"Riapre al pubblico il museo di Palazzo Davanzati: nuovo allestimento e nuovi capolavori\" \/>\n<meta property=\"og:description\" content=\"Tra le novit\u00e0 visibili nel muso, una\u00a0sala dedicata ai merletti antichi, con una delle collezioni pi\u00f9 preziose d\u2019Italia\" \/>\n<meta property=\"og:url\" content=\"https:\/\/www.intoscana.it\/it\/palazzo-davanzati-riapre-al-pubblico\/\" \/>\n<meta property=\"og:site_name\" content=\"intoscana\" \/>\n<meta property=\"article:publisher\" content=\"https:\/\/www.facebook.com\/intoscana.it\" \/>\n<meta property=\"article:published_time\" content=\"2022-09-23T13:15:05+00:00\" \/>\n<meta property=\"article:modified_time\" content=\"2022-09-23T13:18:37+00:00\" \/>\n<meta property=\"og:image\" content=\"https:\/\/www.intoscana.it\/wp-content\/uploads\/Museo-di-Palazzo-Davanzati_Sala-delle-Impannate.jpeg\" \/>\n\t<meta property=\"og:image:width\" content=\"1600\" \/>\n\t<meta property=\"og:image:height\" content=\"1200\" \/>\n\t<meta property=\"og:image:type\" content=\"image\/jpeg\" \/>\n<meta name=\"author\" content=\"Giulia Rafanelli\" \/>\n<meta name=\"twitter:card\" content=\"summary_large_image\" \/>\n<meta name=\"twitter:creator\" content=\"@intoscana\" \/>\n<meta name=\"twitter:site\" content=\"@intoscana\" \/>\n<meta name=\"twitter:label1\" content=\"Written by\" \/>\n\t<meta name=\"twitter:data1\" content=\"Giulia Rafanelli\" \/>\n\t<meta name=\"twitter:label2\" content=\"Est. reading time\" \/>\n\t<meta name=\"twitter:data2\" content=\"6 minuti\" \/>\n<script type=\"application\/ld+json\" class=\"yoast-schema-graph\">{\"@context\":\"https:\/\/schema.org\",\"@graph\":[{\"@type\":\"WebPage\",\"@id\":\"https:\/\/www.intoscana.it\/it\/palazzo-davanzati-riapre-al-pubblico\/\",\"url\":\"https:\/\/www.intoscana.it\/it\/palazzo-davanzati-riapre-al-pubblico\/\",\"name\":\"Riapre al pubblico il museo di Palazzo Davanzati: nuovo allestimento e nuovi capolavori - intoscana\",\"isPartOf\":{\"@id\":\"https:\/\/www.intoscana.it\/it\/#website\"},\"primaryImageOfPage\":{\"@id\":\"https:\/\/www.intoscana.it\/it\/palazzo-davanzati-riapre-al-pubblico\/#primaryimage\"},\"image\":{\"@id\":\"https:\/\/www.intoscana.it\/it\/palazzo-davanzati-riapre-al-pubblico\/#primaryimage\"},\"thumbnailUrl\":\"https:\/\/www.intoscana.it\/wp-content\/uploads\/Museo-di-Palazzo-Davanzati_Sala-delle-Impannate.jpeg\",\"datePublished\":\"2022-09-23T13:15:05+00:00\",\"dateModified\":\"2022-09-23T13:18:37+00:00\",\"author\":{\"@id\":\"https:\/\/www.intoscana.it\/it\/#\/schema\/person\/333569b367b301e30262defcea56c939\"},\"description\":\"Tra le novit\u00e0 visibili nel muso, una\u00a0sala dedicata ai merletti antichi, con una delle collezioni pi\u00f9 preziose d\u2019Italia\",\"breadcrumb\":{\"@id\":\"https:\/\/www.intoscana.it\/it\/palazzo-davanzati-riapre-al-pubblico\/#breadcrumb\"},\"inLanguage\":\"it-IT\",\"potentialAction\":[{\"@type\":\"ReadAction\",\"target\":[\"https:\/\/www.intoscana.it\/it\/palazzo-davanzati-riapre-al-pubblico\/\"]}]},{\"@type\":\"ImageObject\",\"inLanguage\":\"it-IT\",\"@id\":\"https:\/\/www.intoscana.it\/it\/palazzo-davanzati-riapre-al-pubblico\/#primaryimage\",\"url\":\"https:\/\/www.intoscana.it\/wp-content\/uploads\/Museo-di-Palazzo-Davanzati_Sala-delle-Impannate.jpeg\",\"contentUrl\":\"https:\/\/www.intoscana.it\/wp-content\/uploads\/Museo-di-Palazzo-Davanzati_Sala-delle-Impannate.jpeg\",\"width\":1600,\"height\":1200,\"caption\":\"Museo di Palazzo Davanzati_Sala delle Impannate\"},{\"@type\":\"BreadcrumbList\",\"@id\":\"https:\/\/www.intoscana.it\/it\/palazzo-davanzati-riapre-al-pubblico\/#breadcrumb\",\"itemListElement\":[{\"@type\":\"ListItem\",\"position\":1,\"name\":\"Home\",\"item\":\"https:\/\/www.intoscana.it\/it\/\"},{\"@type\":\"ListItem\",\"position\":2,\"name\":\"Riapre al pubblico il museo di Palazzo Davanzati: nuovo allestimento e nuovi capolavori\"}]},{\"@type\":\"WebSite\",\"@id\":\"https:\/\/www.intoscana.it\/it\/#website\",\"url\":\"https:\/\/www.intoscana.it\/it\/\",\"name\":\"intoscana\",\"description\":\"\",\"potentialAction\":[{\"@type\":\"SearchAction\",\"target\":{\"@type\":\"EntryPoint\",\"urlTemplate\":\"https:\/\/www.intoscana.it\/it\/?s={search_term_string}\"},\"query-input\":{\"@type\":\"PropertyValueSpecification\",\"valueRequired\":true,\"valueName\":\"search_term_string\"}}],\"inLanguage\":\"it-IT\"},{\"@type\":\"Person\",\"@id\":\"https:\/\/www.intoscana.it\/it\/#\/schema\/person\/333569b367b301e30262defcea56c939\",\"name\":\"Giulia Rafanelli\",\"url\":\"https:\/\/www.intoscana.it\/it\/author\/giulia-rafanelli\/\"}]}<\/script>\n<!-- \/ Yoast SEO Premium plugin. -->","yoast_head_json":{"title":"Riapre al pubblico il museo di Palazzo Davanzati: nuovo allestimento e nuovi capolavori - intoscana","description":"Tra le novit\u00e0 visibili nel muso, una\u00a0sala dedicata ai merletti antichi, con una delle collezioni pi\u00f9 preziose d\u2019Italia","robots":{"index":"index","follow":"follow","max-snippet":"max-snippet:-1","max-image-preview":"max-image-preview:large","max-video-preview":"max-video-preview:-1"},"canonical":"https:\/\/www.intoscana.it\/it\/palazzo-davanzati-riapre-al-pubblico\/","og_locale":"it_IT","og_type":"article","og_title":"Riapre al pubblico il museo di Palazzo Davanzati: nuovo allestimento e nuovi capolavori","og_description":"Tra le novit\u00e0 visibili nel muso, una\u00a0sala dedicata ai merletti antichi, con una delle collezioni pi\u00f9 preziose d\u2019Italia","og_url":"https:\/\/www.intoscana.it\/it\/palazzo-davanzati-riapre-al-pubblico\/","og_site_name":"intoscana","article_publisher":"https:\/\/www.facebook.com\/intoscana.it","article_published_time":"2022-09-23T13:15:05+00:00","article_modified_time":"2022-09-23T13:18:37+00:00","og_image":[{"width":1600,"height":1200,"url":"https:\/\/www.intoscana.it\/wp-content\/uploads\/Museo-di-Palazzo-Davanzati_Sala-delle-Impannate.jpeg","type":"image\/jpeg"}],"author":"Giulia Rafanelli","twitter_card":"summary_large_image","twitter_creator":"@intoscana","twitter_site":"@intoscana","twitter_misc":{"Written by":"Giulia Rafanelli","Est. reading time":"6 minuti"},"schema":{"@context":"https:\/\/schema.org","@graph":[{"@type":"WebPage","@id":"https:\/\/www.intoscana.it\/it\/palazzo-davanzati-riapre-al-pubblico\/","url":"https:\/\/www.intoscana.it\/it\/palazzo-davanzati-riapre-al-pubblico\/","name":"Riapre al pubblico il museo di Palazzo Davanzati: nuovo allestimento e nuovi capolavori - intoscana","isPartOf":{"@id":"https:\/\/www.intoscana.it\/it\/#website"},"primaryImageOfPage":{"@id":"https:\/\/www.intoscana.it\/it\/palazzo-davanzati-riapre-al-pubblico\/#primaryimage"},"image":{"@id":"https:\/\/www.intoscana.it\/it\/palazzo-davanzati-riapre-al-pubblico\/#primaryimage"},"thumbnailUrl":"https:\/\/www.intoscana.it\/wp-content\/uploads\/Museo-di-Palazzo-Davanzati_Sala-delle-Impannate.jpeg","datePublished":"2022-09-23T13:15:05+00:00","dateModified":"2022-09-23T13:18:37+00:00","author":{"@id":"https:\/\/www.intoscana.it\/it\/#\/schema\/person\/333569b367b301e30262defcea56c939"},"description":"Tra le novit\u00e0 visibili nel muso, una\u00a0sala dedicata ai merletti antichi, con una delle collezioni pi\u00f9 preziose d\u2019Italia","breadcrumb":{"@id":"https:\/\/www.intoscana.it\/it\/palazzo-davanzati-riapre-al-pubblico\/#breadcrumb"},"inLanguage":"it-IT","potentialAction":[{"@type":"ReadAction","target":["https:\/\/www.intoscana.it\/it\/palazzo-davanzati-riapre-al-pubblico\/"]}]},{"@type":"ImageObject","inLanguage":"it-IT","@id":"https:\/\/www.intoscana.it\/it\/palazzo-davanzati-riapre-al-pubblico\/#primaryimage","url":"https:\/\/www.intoscana.it\/wp-content\/uploads\/Museo-di-Palazzo-Davanzati_Sala-delle-Impannate.jpeg","contentUrl":"https:\/\/www.intoscana.it\/wp-content\/uploads\/Museo-di-Palazzo-Davanzati_Sala-delle-Impannate.jpeg","width":1600,"height":1200,"caption":"Museo di Palazzo Davanzati_Sala delle Impannate"},{"@type":"BreadcrumbList","@id":"https:\/\/www.intoscana.it\/it\/palazzo-davanzati-riapre-al-pubblico\/#breadcrumb","itemListElement":[{"@type":"ListItem","position":1,"name":"Home","item":"https:\/\/www.intoscana.it\/it\/"},{"@type":"ListItem","position":2,"name":"Riapre al pubblico il museo di Palazzo Davanzati: nuovo allestimento e nuovi capolavori"}]},{"@type":"WebSite","@id":"https:\/\/www.intoscana.it\/it\/#website","url":"https:\/\/www.intoscana.it\/it\/","name":"intoscana","description":"","potentialAction":[{"@type":"SearchAction","target":{"@type":"EntryPoint","urlTemplate":"https:\/\/www.intoscana.it\/it\/?s={search_term_string}"},"query-input":{"@type":"PropertyValueSpecification","valueRequired":true,"valueName":"search_term_string"}}],"inLanguage":"it-IT"},{"@type":"Person","@id":"https:\/\/www.intoscana.it\/it\/#\/schema\/person\/333569b367b301e30262defcea56c939","name":"Giulia Rafanelli","url":"https:\/\/www.intoscana.it\/it\/author\/giulia-rafanelli\/"}]}},"_links":{"self":[{"href":"https:\/\/www.intoscana.it\/it\/wp-json\/wp\/v2\/posts\/249317","targetHints":{"allow":["GET"]}}],"collection":[{"href":"https:\/\/www.intoscana.it\/it\/wp-json\/wp\/v2\/posts"}],"about":[{"href":"https:\/\/www.intoscana.it\/it\/wp-json\/wp\/v2\/types\/post"}],"author":[{"embeddable":true,"href":"https:\/\/www.intoscana.it\/it\/wp-json\/wp\/v2\/users\/503"}],"replies":[{"embeddable":true,"href":"https:\/\/www.intoscana.it\/it\/wp-json\/wp\/v2\/comments?post=249317"}],"version-history":[{"count":0,"href":"https:\/\/www.intoscana.it\/it\/wp-json\/wp\/v2\/posts\/249317\/revisions"}],"wp:featuredmedia":[{"embeddable":true,"href":"https:\/\/www.intoscana.it\/it\/wp-json\/wp\/v2\/media\/249357"}],"wp:attachment":[{"href":"https:\/\/www.intoscana.it\/it\/wp-json\/wp\/v2\/media?parent=249317"}],"wp:term":[{"taxonomy":"category","embeddable":true,"href":"https:\/\/www.intoscana.it\/it\/wp-json\/wp\/v2\/categories?post=249317"},{"taxonomy":"post_tag","embeddable":true,"href":"https:\/\/www.intoscana.it\/it\/wp-json\/wp\/v2\/tags?post=249317"}],"curies":[{"name":"wp","href":"https:\/\/api.w.org\/{rel}","templated":true}]}}