{"id":249441,"date":"2022-09-26T10:18:27","date_gmt":"2022-09-26T08:18:27","guid":{"rendered":"https:\/\/www.intoscana.it\/it\/?p=249441"},"modified":"2022-09-26T11:27:03","modified_gmt":"2022-09-26T09:27:03","slug":"tosco-per-un-giorno-alla-scoperta-delle-cooperative-di-comunita-toscane","status":"publish","type":"post","link":"https:\/\/www.intoscana.it\/it\/tosco-per-un-giorno-alla-scoperta-delle-cooperative-di-comunita-toscane\/","title":{"rendered":"Tosco per un giorno: alla scoperta delle cooperative di comunit\u00e0 toscane"},"content":{"rendered":"<p><strong>Scoprire i borghi e i territori protagonisti della cooperative di comunit\u00e0,<\/strong> che in Toscana sono oltre 40, nate su<span lang=\"it\"> iniziativa degli abitanti con l\u2019obiettivo di creare sviluppo economico, sociale e culturale. \u00c8 questo l&#8217;obiettivo di <strong>&#8220;Tosco per un giorno&#8221;, la rassegna di eventi<\/strong> per visitare queste realt\u00e0<\/span><span lang=\"it\">\u00a0indicate da molti come possibile <b>modello di sviluppo alternativo e <a href=\"https:\/\/www.intoscana.it\/it\/articolo\/bando-cooperative-comunita-regione-toscana\/\" target=\"_blank\" rel=\"noopener\">sostenute dalla Regione.<\/a><\/b><\/span><\/p>\n<p><span lang=\"it\">Le visite vengono proposte attraverso il portale<b>\u00a0<a href=\"http:\/\/tosco.travel\/\" target=\"_blank\" rel=\"noopener\" data-saferedirecturl=\"https:\/\/www.google.com\/url?q=http:\/\/tosco.travel&amp;source=gmail&amp;ust=1664085937339000&amp;usg=AOvVaw3_DNSuCKG0iaWTS3CvMSGd\"><span class=\"il\">tosco<\/span>.travel<\/a><\/b>, un progetto sviluppato dal tour operator della coop. AlterEco di Equi Terme grazie al sostegno della Regione, che si occupa di promuovere l\u2019offerta turistica delle cooperative di comunit\u00e0.<\/span><\/p>\n<p><span lang=\"it\"><em>\u201cIl modello delle cooperative di comunit\u00e0 sta diventando una realt\u00e0 sempre pi\u00f9 concreta<\/em> &#8211; spiega <b>Matteo Tollini<\/b>, <strong>p<\/strong><b>residente della coop. AlterEco<\/b>\u00a0&#8211;<em> con il progetto\u00a0<span class=\"il\">Tosco<\/span>\u00a0Travel vogliamo sostenerlo<b>\u00a0<\/b>facendo<b>\u00a0conoscere la realt\u00e0 dei borghi e delle comunit\u00e0<\/b>, con un proposta turistica non convenzionale che offre vere e proprie esperienze di partecipazione e coinvolgimento agli ospiti.&#8221;<\/em><\/span><\/p>\n<p>&nbsp;<\/p>\n<h3>Dai tour in bici all&#8217;artigianato<\/h3>\n<p><span lang=\"it\">Le iniziative si svolgeranno in giornata coinvolgendo cooperative e territori di\u00a0<b>cinque province toscane. <\/b><\/span><b><span lang=\"it\">Tante le esperienze<\/span><\/b><span lang=\"it\">\u00a0offerte, dai tour in e-bike, alle visite a cave di marmo e miniere, dall&#8217;artigianato in economia circolare alla produzione di biscotti tradizionali, dai frantoi oleari ai camelieti, da coinvolgenti giochi di ruolo alla produzione della farina di castagne, dalle antiche cotture nei testi alla ecologica cassetta di cottura.<\/span><\/p>\n<p><span lang=\"it\"><em>&#8220;Per la Rete Borghi Futuri<\/em> &#8211; commenta\u00a0<b>Massimo Miniati, presidente della Rete di Cooperative Borghi Futuri e della Coop. Ecosistema Comunale di Castell&#8217;Azzara<\/b>\u00a0<\/span>&#8211;<em> il turismo \u00e8 uno dei principali servizi che sta sviluppando a favore delle cooperative di comunit\u00e0, fa parte infatti delle strategie di rete per rivitalizzare l&#8217;economia dei nostri borghi e migliorarne l&#8217;attrattivit\u00e0.&#8221;<\/em><\/p>\n<figure id=\"post-221303 media-221303\" class=\"align-none\">\n<p><figure style=\"width: 1600px\" class=\"wp-caption alignnone\"><img loading=\"lazy\" decoding=\"async\" src=\"https:\/\/www.intoscana.it\/wp-content\/uploads\/Sigeric-in-Lunigiana.jpeg\" alt=\"\" width=\"1600\" height=\"1066\" \/><figcaption class=\"wp-caption-text\">La cooperativa di comunit\u00e0 Sigeric in Lunigiana<\/figcaption><\/figure><\/figure>\n<div class=\"titleimg\"><\/div>\n<h3>Il programma di Tosco per un giorno<\/h3>\n<p><span lang=\"it\">Dopo l&#8217;apertura di domenica scorsa\u00a0 le iniziative saranno replicate <\/span><span lang=\"it\"><b>sabato<\/b>\u00a0<b>1 ottobre<\/b>, per un tour in ebike organizzato dalla\u00a0<b>coop. Il Borgo<\/b>\u00a0alla scoperta della comunit\u00e0 di\u00a0<b>Montelaterone\u00a0<\/b>e dei territori intorno al Monte Amiata.<br \/>\n<\/span><b><span lang=\"it\">Sabato 8 ottobre<\/span><\/b><span lang=\"it\">\u00a0sar\u00e0 la volta di visitare il borgo di <b>Castell&#8217;Azzara<\/b>\u00a0facendosi accompagnare dalla\u00a0<b>coop. Ecosistema Comunale<\/b>\u00a0in un tour che spazia dal rapporto tra comunit\u00e0 e ambiente e la cucina tradizionale.<\/span><\/p>\n<p><b><span lang=\"it\">Sabato 15 ottobre<\/span><\/b><span lang=\"it\">\u00a0<span class=\"il\">Tosco<\/span>\u00a0per un giorno si sposta in provincia di Siena, per una visita alla comunit\u00e0 di\u00a0<b>San Casciano dei Bagni<\/b>\u00a0organizzata dalla\u00a0<b>coop. Filo&amp;Fibra<\/b>, tra iniziative al femminile e alto artigianato locale, mentre il giorno successivo,\u00a0 <\/span><span lang=\"it\"><b>domenica 16 ottobre<\/b>, si torna all\u2019estremo nord della Toscana, per scoprire il territorio di<b>\u00a0Filattiera<\/b>, accompagnati da ragazzi della\u00a0<b>coop. Sigeric<\/b>, che hanno deciso di tornare a vivere sul territorio e diventare guide turistiche per dare una prospettiva economica a queste valli.<\/span><\/p>\n<figure id=\"post-105936 media-105936\" class=\"align-none\">\n<p><figure style=\"width: 2000px\" class=\"wp-caption alignnone\"><img loading=\"lazy\" decoding=\"async\" src=\"https:\/\/www.intoscana.it\/wp-content\/uploads\/41383288221_622a6200fd_k-1.jpg\" alt=\"\" width=\"2000\" height=\"1339\" \/><figcaption class=\"wp-caption-text\">Sant&#8217;Andrea di Compito, il borgo delle camelie<\/figcaption><\/figure><\/figure>\n<p><b><span lang=\"it\">Sabato 22 ottobre<\/span><\/b><span lang=\"it\">\u00a0la comunit\u00e0 che apre le porte \u00e8 quella di\u00a0<b>Sant\u2019Andrea di Compito<\/b>, borgo famoso a livello internazionale per il meraviglioso <a href=\"https:\/\/www.intoscana.it\/it\/articolo\/una-cooperativa-di-comunita-per-rilanciare-il-borgo-delle-camelie\/\" target=\"_blank\" rel=\"noopener\">giardino delle camelie<\/a>, sar\u00e0 la\u00a0<b>coop. Centro Culturale Compitese<\/b>, soggetto che gestisce e mantiene il camelieto, a condurre la visita.<\/span><\/p>\n<p><b><span lang=\"it\">Domenica 23 ottobre<\/span><\/b><span lang=\"it\">\u00a0sar\u00e0 possibile visitare la comunit\u00e0 di<b> Palazzuolo sul Senio<\/b>\u00a0dove la <b>coop. C.I.A.<\/b> composta da giovanissimi \u00e8 riuscita a rivoluzionare il paese e sviluppare progetti entusiasmanti.<br \/>\n<\/span><span lang=\"it\">Sempre\u00a0<b>domenica<\/b>\u00a0<b>23 ottobre<\/b>\u00a0sar\u00e0 possibile conoscere<a href=\"https:\/\/www.intoscana.it\/it\/articolo\/guinadi-paese-cooperativa\/\" target=\"_blank\" rel=\"noopener\">\u00a0<b>Guinadi<\/b>,<\/a> nel comune di Pontremoli, grazie alla <b>coop. La Guinadese<\/b>\u00a0che organizza un tour tra territorio e gastronomia tipica.<\/span><\/p>\n<p><b><span lang=\"it\">Domenica 30 ottobre<\/span><\/b><span lang=\"it\">\u00a0si torna in provincia di Lucca, per visitare la comunit\u00e0 di\u00a0<b>Levigliani\u00a0<\/b>sulle Alpi Apuane e scoprire un mondo tra cave di marmo, meraviglie naturali e una storia di cooperativismo vecchia oltre due secoli grazie alla\u00a0<b>coop. Sviluppo e Futuro<\/b>.<\/span><\/p>\n<p><b><span lang=\"it\">Marted\u00ec 1 novembre<\/span><\/b><span lang=\"it\">\u00a0<span class=\"il\">Tosco<\/span>\u00a0per un giorno arriva nel borgo di\u00a0<b>Sassalbo<\/b>, nel parco dell\u2019Appennino\u00a0<span class=\"il\">Tosco<\/span>-Emiliano, una visita tra identit\u00e0 di montagna e castagne a cura della\u00a0<b>coop. Sassalbo Economia Solidale<\/b>.<br \/>\n<\/span><span lang=\"it\">Ultimo appuntamento<b>\u00a0sabato 5 novembre<\/b>\u00a0per conoscere il territorio di\u00a0<b>Fivizzano<\/b>\u00a0pedalando tra castelli, pievi e antichi mulini con la\u00a0<b>coop. La Medicea<\/b>.<\/span><\/p>\n","protected":false},"excerpt":{"rendered":"<p>Fino al 5 novembre porte aperte nei borghi e nei territori dove si trovano le cooperative di comunit\u00e0, le guide saranno proprio gli abitanti<\/p>\n","protected":false},"author":525,"featured_media":249442,"comment_status":"open","ping_status":"open","sticky":false,"template":"","format":"standard","meta":{"_acf_changed":false,"footnotes":""},"categories":[6],"tags":[289,4474],"class_list":["post-249441","post","type-post","status-publish","format-standard","has-post-thumbnail","hentry","category-viaggi","tag-cooperative-di-comunita","tag-eventi"],"acf":[],"yoast_head":"<!-- This site is optimized with the Yoast SEO Premium plugin v24.2 (Yoast SEO v25.6) - https:\/\/yoast.com\/wordpress\/plugins\/seo\/ -->\n<title>Tosco per un giorno: alla scoperta delle cooperative di comunit\u00e0 toscane - intoscana<\/title>\n<meta name=\"robots\" content=\"index, follow, max-snippet:-1, max-image-preview:large, max-video-preview:-1\" \/>\n<link rel=\"canonical\" href=\"https:\/\/www.intoscana.it\/it\/tosco-per-un-giorno-alla-scoperta-delle-cooperative-di-comunita-toscane\/\" \/>\n<meta property=\"og:locale\" content=\"it_IT\" \/>\n<meta property=\"og:type\" content=\"article\" \/>\n<meta property=\"og:title\" content=\"Tosco per un giorno: alla scoperta delle cooperative di comunit\u00e0 toscane\" \/>\n<meta property=\"og:description\" content=\"Fino al 5 novembre porte aperte nei borghi e nei territori dove si trovano le cooperative di comunit\u00e0, le guide saranno proprio gli abitanti\" \/>\n<meta property=\"og:url\" content=\"https:\/\/www.intoscana.it\/it\/tosco-per-un-giorno-alla-scoperta-delle-cooperative-di-comunita-toscane\/\" \/>\n<meta property=\"og:site_name\" content=\"intoscana\" \/>\n<meta property=\"article:publisher\" content=\"https:\/\/www.facebook.com\/intoscana.it\" \/>\n<meta property=\"article:published_time\" content=\"2022-09-26T08:18:27+00:00\" \/>\n<meta property=\"article:modified_time\" content=\"2022-09-26T09:27:03+00:00\" \/>\n<meta property=\"og:image\" content=\"https:\/\/www.intoscana.it\/wp-content\/uploads\/01_Post_Tosco.png\" \/>\n\t<meta property=\"og:image:width\" content=\"1080\" \/>\n\t<meta property=\"og:image:height\" content=\"1080\" \/>\n\t<meta property=\"og:image:type\" content=\"image\/png\" \/>\n<meta name=\"author\" content=\"Redazione\" \/>\n<meta name=\"twitter:card\" content=\"summary_large_image\" \/>\n<meta name=\"twitter:creator\" content=\"@intoscana\" \/>\n<meta name=\"twitter:site\" content=\"@intoscana\" \/>\n<meta name=\"twitter:label1\" content=\"Written by\" \/>\n\t<meta name=\"twitter:data1\" content=\"Redazione\" \/>\n\t<meta name=\"twitter:label2\" content=\"Est. reading time\" \/>\n\t<meta name=\"twitter:data2\" content=\"3 minuti\" \/>\n<script type=\"application\/ld+json\" class=\"yoast-schema-graph\">{\"@context\":\"https:\/\/schema.org\",\"@graph\":[{\"@type\":\"WebPage\",\"@id\":\"https:\/\/www.intoscana.it\/it\/tosco-per-un-giorno-alla-scoperta-delle-cooperative-di-comunita-toscane\/\",\"url\":\"https:\/\/www.intoscana.it\/it\/tosco-per-un-giorno-alla-scoperta-delle-cooperative-di-comunita-toscane\/\",\"name\":\"Tosco per un giorno: alla scoperta delle cooperative di comunit\u00e0 toscane - intoscana\",\"isPartOf\":{\"@id\":\"https:\/\/www.intoscana.it\/it\/#website\"},\"primaryImageOfPage\":{\"@id\":\"https:\/\/www.intoscana.it\/it\/tosco-per-un-giorno-alla-scoperta-delle-cooperative-di-comunita-toscane\/#primaryimage\"},\"image\":{\"@id\":\"https:\/\/www.intoscana.it\/it\/tosco-per-un-giorno-alla-scoperta-delle-cooperative-di-comunita-toscane\/#primaryimage\"},\"thumbnailUrl\":\"https:\/\/www.intoscana.it\/wp-content\/uploads\/01_Post_Tosco.png\",\"datePublished\":\"2022-09-26T08:18:27+00:00\",\"dateModified\":\"2022-09-26T09:27:03+00:00\",\"author\":{\"@id\":\"https:\/\/www.intoscana.it\/it\/#\/schema\/person\/9223810753230f20bd670fdd322661f8\"},\"breadcrumb\":{\"@id\":\"https:\/\/www.intoscana.it\/it\/tosco-per-un-giorno-alla-scoperta-delle-cooperative-di-comunita-toscane\/#breadcrumb\"},\"inLanguage\":\"it-IT\",\"potentialAction\":[{\"@type\":\"ReadAction\",\"target\":[\"https:\/\/www.intoscana.it\/it\/tosco-per-un-giorno-alla-scoperta-delle-cooperative-di-comunita-toscane\/\"]}]},{\"@type\":\"ImageObject\",\"inLanguage\":\"it-IT\",\"@id\":\"https:\/\/www.intoscana.it\/it\/tosco-per-un-giorno-alla-scoperta-delle-cooperative-di-comunita-toscane\/#primaryimage\",\"url\":\"https:\/\/www.intoscana.it\/wp-content\/uploads\/01_Post_Tosco.png\",\"contentUrl\":\"https:\/\/www.intoscana.it\/wp-content\/uploads\/01_Post_Tosco.png\",\"width\":1080,\"height\":1080},{\"@type\":\"BreadcrumbList\",\"@id\":\"https:\/\/www.intoscana.it\/it\/tosco-per-un-giorno-alla-scoperta-delle-cooperative-di-comunita-toscane\/#breadcrumb\",\"itemListElement\":[{\"@type\":\"ListItem\",\"position\":1,\"name\":\"Home\",\"item\":\"https:\/\/www.intoscana.it\/it\/\"},{\"@type\":\"ListItem\",\"position\":2,\"name\":\"Tosco per un giorno: alla scoperta delle cooperative di comunit\u00e0 toscane\"}]},{\"@type\":\"WebSite\",\"@id\":\"https:\/\/www.intoscana.it\/it\/#website\",\"url\":\"https:\/\/www.intoscana.it\/it\/\",\"name\":\"intoscana\",\"description\":\"\",\"potentialAction\":[{\"@type\":\"SearchAction\",\"target\":{\"@type\":\"EntryPoint\",\"urlTemplate\":\"https:\/\/www.intoscana.it\/it\/?s={search_term_string}\"},\"query-input\":{\"@type\":\"PropertyValueSpecification\",\"valueRequired\":true,\"valueName\":\"search_term_string\"}}],\"inLanguage\":\"it-IT\"},{\"@type\":\"Person\",\"@id\":\"https:\/\/www.intoscana.it\/it\/#\/schema\/person\/9223810753230f20bd670fdd322661f8\",\"name\":\"Redazione\",\"url\":\"https:\/\/www.intoscana.it\/it\/author\/redazione\/\"}]}<\/script>\n<!-- \/ Yoast SEO Premium plugin. -->","yoast_head_json":{"title":"Tosco per un giorno: alla scoperta delle cooperative di comunit\u00e0 toscane - intoscana","robots":{"index":"index","follow":"follow","max-snippet":"max-snippet:-1","max-image-preview":"max-image-preview:large","max-video-preview":"max-video-preview:-1"},"canonical":"https:\/\/www.intoscana.it\/it\/tosco-per-un-giorno-alla-scoperta-delle-cooperative-di-comunita-toscane\/","og_locale":"it_IT","og_type":"article","og_title":"Tosco per un giorno: alla scoperta delle cooperative di comunit\u00e0 toscane","og_description":"Fino al 5 novembre porte aperte nei borghi e nei territori dove si trovano le cooperative di comunit\u00e0, le guide saranno proprio gli abitanti","og_url":"https:\/\/www.intoscana.it\/it\/tosco-per-un-giorno-alla-scoperta-delle-cooperative-di-comunita-toscane\/","og_site_name":"intoscana","article_publisher":"https:\/\/www.facebook.com\/intoscana.it","article_published_time":"2022-09-26T08:18:27+00:00","article_modified_time":"2022-09-26T09:27:03+00:00","og_image":[{"width":1080,"height":1080,"url":"https:\/\/www.intoscana.it\/wp-content\/uploads\/01_Post_Tosco.png","type":"image\/png"}],"author":"Redazione","twitter_card":"summary_large_image","twitter_creator":"@intoscana","twitter_site":"@intoscana","twitter_misc":{"Written by":"Redazione","Est. reading time":"3 minuti"},"schema":{"@context":"https:\/\/schema.org","@graph":[{"@type":"WebPage","@id":"https:\/\/www.intoscana.it\/it\/tosco-per-un-giorno-alla-scoperta-delle-cooperative-di-comunita-toscane\/","url":"https:\/\/www.intoscana.it\/it\/tosco-per-un-giorno-alla-scoperta-delle-cooperative-di-comunita-toscane\/","name":"Tosco per un giorno: alla scoperta delle cooperative di comunit\u00e0 toscane - intoscana","isPartOf":{"@id":"https:\/\/www.intoscana.it\/it\/#website"},"primaryImageOfPage":{"@id":"https:\/\/www.intoscana.it\/it\/tosco-per-un-giorno-alla-scoperta-delle-cooperative-di-comunita-toscane\/#primaryimage"},"image":{"@id":"https:\/\/www.intoscana.it\/it\/tosco-per-un-giorno-alla-scoperta-delle-cooperative-di-comunita-toscane\/#primaryimage"},"thumbnailUrl":"https:\/\/www.intoscana.it\/wp-content\/uploads\/01_Post_Tosco.png","datePublished":"2022-09-26T08:18:27+00:00","dateModified":"2022-09-26T09:27:03+00:00","author":{"@id":"https:\/\/www.intoscana.it\/it\/#\/schema\/person\/9223810753230f20bd670fdd322661f8"},"breadcrumb":{"@id":"https:\/\/www.intoscana.it\/it\/tosco-per-un-giorno-alla-scoperta-delle-cooperative-di-comunita-toscane\/#breadcrumb"},"inLanguage":"it-IT","potentialAction":[{"@type":"ReadAction","target":["https:\/\/www.intoscana.it\/it\/tosco-per-un-giorno-alla-scoperta-delle-cooperative-di-comunita-toscane\/"]}]},{"@type":"ImageObject","inLanguage":"it-IT","@id":"https:\/\/www.intoscana.it\/it\/tosco-per-un-giorno-alla-scoperta-delle-cooperative-di-comunita-toscane\/#primaryimage","url":"https:\/\/www.intoscana.it\/wp-content\/uploads\/01_Post_Tosco.png","contentUrl":"https:\/\/www.intoscana.it\/wp-content\/uploads\/01_Post_Tosco.png","width":1080,"height":1080},{"@type":"BreadcrumbList","@id":"https:\/\/www.intoscana.it\/it\/tosco-per-un-giorno-alla-scoperta-delle-cooperative-di-comunita-toscane\/#breadcrumb","itemListElement":[{"@type":"ListItem","position":1,"name":"Home","item":"https:\/\/www.intoscana.it\/it\/"},{"@type":"ListItem","position":2,"name":"Tosco per un giorno: alla scoperta delle cooperative di comunit\u00e0 toscane"}]},{"@type":"WebSite","@id":"https:\/\/www.intoscana.it\/it\/#website","url":"https:\/\/www.intoscana.it\/it\/","name":"intoscana","description":"","potentialAction":[{"@type":"SearchAction","target":{"@type":"EntryPoint","urlTemplate":"https:\/\/www.intoscana.it\/it\/?s={search_term_string}"},"query-input":{"@type":"PropertyValueSpecification","valueRequired":true,"valueName":"search_term_string"}}],"inLanguage":"it-IT"},{"@type":"Person","@id":"https:\/\/www.intoscana.it\/it\/#\/schema\/person\/9223810753230f20bd670fdd322661f8","name":"Redazione","url":"https:\/\/www.intoscana.it\/it\/author\/redazione\/"}]}},"_links":{"self":[{"href":"https:\/\/www.intoscana.it\/it\/wp-json\/wp\/v2\/posts\/249441","targetHints":{"allow":["GET"]}}],"collection":[{"href":"https:\/\/www.intoscana.it\/it\/wp-json\/wp\/v2\/posts"}],"about":[{"href":"https:\/\/www.intoscana.it\/it\/wp-json\/wp\/v2\/types\/post"}],"author":[{"embeddable":true,"href":"https:\/\/www.intoscana.it\/it\/wp-json\/wp\/v2\/users\/525"}],"replies":[{"embeddable":true,"href":"https:\/\/www.intoscana.it\/it\/wp-json\/wp\/v2\/comments?post=249441"}],"version-history":[{"count":0,"href":"https:\/\/www.intoscana.it\/it\/wp-json\/wp\/v2\/posts\/249441\/revisions"}],"wp:featuredmedia":[{"embeddable":true,"href":"https:\/\/www.intoscana.it\/it\/wp-json\/wp\/v2\/media\/249442"}],"wp:attachment":[{"href":"https:\/\/www.intoscana.it\/it\/wp-json\/wp\/v2\/media?parent=249441"}],"wp:term":[{"taxonomy":"category","embeddable":true,"href":"https:\/\/www.intoscana.it\/it\/wp-json\/wp\/v2\/categories?post=249441"},{"taxonomy":"post_tag","embeddable":true,"href":"https:\/\/www.intoscana.it\/it\/wp-json\/wp\/v2\/tags?post=249441"}],"curies":[{"name":"wp","href":"https:\/\/api.w.org\/{rel}","templated":true}]}}