{"id":249452,"date":"2022-09-24T11:53:41","date_gmt":"2022-09-24T09:53:41","guid":{"rendered":"https:\/\/www.intoscana.it\/it\/?p=249452"},"modified":"2022-09-26T09:53:07","modified_gmt":"2022-09-26T07:53:07","slug":"covid-19-1-117-nuovi-casi-e-5-decessi-in-toscana","status":"publish","type":"post","link":"https:\/\/www.intoscana.it\/it\/covid-19-1-117-nuovi-casi-e-5-decessi-in-toscana\/","title":{"rendered":"Covid-19: 1.117 nuovi casi e 5 decessi in Toscana"},"content":{"rendered":"<p><strong>Sono 1.117 i nuovi casi di Covid-19 registrati nelle ultime ventiquattro ore in Toscana,<\/strong> 168 sono stati confermati con tampone molecolare e gli altri 949 con test rapido, pari allo 0.1% in pi\u00f9 rispetto al totale di ieri. Il numero dei contagiati rilevati nella regione dall&#8217;inizio della pandemia sale dunque a 1.396.439. I guariti crescono dello 0,03% (403 persone) e raggiungono quota 1.303.132 (93,3% dei casi totali).<\/p>\n<p>I dati, relativi all&#8217;andamento della pandemia, sono quelli accertati oggi sulla base delle richieste della Protezione civile nazionale.<\/p>\n<p><strong>Al momento in Toscana risultano pertanto 82.553 positivi, +0,9% rispetto a ieri.<\/strong> Di questi 166 (5 in pi\u00f9 rispetto a ieri) sono ricoverati in ospedale: 4 (stabili) si trovano in terapia intensiva. Si registrano purtroppo anche<strong> 5 nuovi decessi:<\/strong> 2 uomini e 3 donne con un&#8217;et\u00e0 media di 93,2 anni.<\/p>\n<p><strong>Dall&#8217;ultimo bollettino quotidiano sono stati eseguiti 779 tamponi molecolari e 6.511 tamponi antigenici rapidi:<\/strong> di questi il 15,3% \u00e8 risultato positivo. Sono invece 1.740 i soggetti testati, escludendo i tamponi di controllo: il 64,2% di questi \u00e8 risultato positivo.<\/p>\n<h3><strong>L&#8217;andamento dei casi per provincia<\/strong><\/h3>\n<p>Con gli ultimi casi salgono a 380.418 i positivi dall&#8217;inizio dell&#8217;emergenza nei comuni della Citt\u00e0 metropolitana di Firenze (258 in pi\u00f9 rispetto a ieri), 93.349 in provincia di Prato (67 in pi\u00f9), 109.943 a Pistoia (90 in pi\u00f9), 70.364 a Massa-Carrara (55 in pi\u00f9), 149.034 a Lucca (126 in pi\u00f9), 162.055 a Pisa (120 in pi\u00f9), 126.448 a Livorno (96 in pi\u00f9), 126.910 ad Arezzo (141 in pi\u00f9), 100.278 a Siena (96 in pi\u00f9) e 77.085 a Grosseto (68 in pi\u00f9). A questi vanno aggiunti 555 casi di positivit\u00e0 notificati in Toscana ma che riguardano residenti in altre regioni.<\/p>\n<p><strong>Sono 421 le nuove segnalazioni nell&#8217;Asl Centro, 391 nella Nord Ovest, 305 nella Sud Est.<\/strong><\/p>\n<p>La Toscana si trova al 10\u00b0 posto in Italia come numerosit\u00e0 di casi complessivi dall&#8217;inizio della pandemia (tra residenti e non residenti), con circa 37.815 casi ogni 100.000 abitanti (la media italiana \u00e9 37.583 x100.000, dato di ieri). Al momento la provincia di notifica con il tasso pi\u00f9 alto \u00e8 Lucca (con 38.815 casi ogni 100 mila abitanti), seguita da Pisa (38.771) e Livorno (38.435). La pi\u00f9 bassa concentrazione si riscontra a Prato (con un tasso di 35.190).<\/p>\n<h3>82mila persone in isolamento, et\u00e0 media dei nuovi casi 42 anni<\/h3>\n<p><strong>L&#8217;et\u00e0 media dei 1.117 nuovi positivi \u00e8 di 42 anni circa<\/strong> (16% ha meno di 20 anni, 14% tra 20 e 39 anni, 29% tra 40 e 59 anni, 30% tra 60 e 79 anni, 9% ha 80 anni o pi\u00f9).<\/p>\n<p>In 82.387 sono in isolamento a casa, perch\u00e9 presentano sintomi lievi che non richiedono cure ospedaliere o risultano prive di sintomi (704 in pi\u00f9 rispetto a ieri, pi\u00f9 0,9%). I 1.303.132 guariti registrati a oggi lo sono a tutti gli effetti, da un punto di vista virale, certificati con tampone negativo.<\/p>\n<p>Si registrano 5 nuovi decessi: 2 uomini e 3 donne con un&#8217;et\u00e0 media di 93,2 anni. <strong>Relativamente alla provincia di residenza, le persone decedute sono: 4 a Firenze, 1 a Pistoia.<\/strong><\/p>\n<p><strong>Sono 10.754 i deceduti dall&#8217;inizio dell&#8217;epidemia in Toscana:<\/strong> 3.375 nella Citt\u00e0 metropolitana di Firenze, 880 in provincia di Prato, 968 a Pistoia, 684 a Massa-Carrara, 1.009 a Lucca, 1.212 a Pisa, 811 a Livorno, 688 ad Arezzo, 569 a Siena, 404 a Grosseto. Vanno aggiunte 154 persone decedute sul suolo toscano ma erano residenti fuori regione.<\/p>\n<p>Il tasso grezzo di mortalit\u00e0 per Covid-19 (numero di deceduti\/popolazione residente) \u00e8 al momento 291,2 ogni 100 mila residenti, contro il 298,5 x100.000 della media italiana. La Toscana \u00e9 9\u00b0 tra le regioni. Per quanto riguarda le province, il tasso di mortalit\u00e0 pi\u00f9 alto si riscontra a Massa-Carrara (360,3 ogni 100 mila abitanti), seguita da Firenze (338,0 x100.000) e Pistoia (333,5 x100.000), mentre il pi\u00f9 basso \u00e8 a Grosseto (185,5 x100.000).<\/p>\n","protected":false},"excerpt":{"rendered":"<p>I ricoverati in ospedale sono 166 (5 in pi\u00f9 rispetto a ieri), mentre oltre 82mila persone sono in isolamento a casa<\/p>\n","protected":false},"author":525,"featured_media":208205,"comment_status":"open","ping_status":"open","sticky":false,"template":"","format":"standard","meta":{"_acf_changed":false,"footnotes":""},"categories":[494],"tags":[4868,418],"class_list":["post-249452","post","type-post","status-publish","format-standard","has-post-thumbnail","hentry","category-attualita","tag-bollettino-covid-toscana","tag-covid-19"],"acf":[],"yoast_head":"<!-- This site is optimized with the Yoast SEO Premium plugin v24.2 (Yoast SEO v25.6) - https:\/\/yoast.com\/wordpress\/plugins\/seo\/ -->\n<title>Covid-19: 1.117 nuovi casi e 5 decessi in Toscana - intoscana<\/title>\n<meta name=\"description\" content=\"Sono 1.117 i nuovi casi di Covid-19 in Toscana, con et\u00e0 media 42 anni, si registrano anche 5 nuovi decessi e i ricoveri in lieve aumento.\" \/>\n<meta name=\"robots\" content=\"index, follow, max-snippet:-1, max-image-preview:large, max-video-preview:-1\" \/>\n<link rel=\"canonical\" href=\"https:\/\/www.intoscana.it\/it\/covid-19-1-117-nuovi-casi-e-5-decessi-in-toscana\/\" \/>\n<meta property=\"og:locale\" content=\"it_IT\" \/>\n<meta property=\"og:type\" content=\"article\" \/>\n<meta property=\"og:title\" content=\"Covid-19: 1.117 nuovi casi e 5 decessi in Toscana\" \/>\n<meta property=\"og:description\" content=\"Sono 1.117 i nuovi casi di Covid-19 in Toscana, con et\u00e0 media 42 anni, si registrano anche 5 nuovi decessi e i ricoveri in lieve aumento.\" \/>\n<meta property=\"og:url\" content=\"https:\/\/www.intoscana.it\/it\/covid-19-1-117-nuovi-casi-e-5-decessi-in-toscana\/\" \/>\n<meta property=\"og:site_name\" content=\"intoscana\" \/>\n<meta property=\"article:publisher\" content=\"https:\/\/www.facebook.com\/intoscana.it\" \/>\n<meta property=\"article:published_time\" content=\"2022-09-24T09:53:41+00:00\" \/>\n<meta property=\"article:modified_time\" content=\"2022-09-26T07:53:07+00:00\" \/>\n<meta property=\"og:image\" content=\"https:\/\/www.intoscana.it\/wp-content\/uploads\/Protezione-da-Covid-Jan-Kopr\u030civa-Unsplash.jpg\" \/>\n\t<meta property=\"og:image:width\" content=\"1920\" \/>\n\t<meta property=\"og:image:height\" content=\"1281\" \/>\n\t<meta property=\"og:image:type\" content=\"image\/jpeg\" \/>\n<meta name=\"author\" content=\"Redazione\" \/>\n<meta name=\"twitter:card\" content=\"summary_large_image\" \/>\n<meta name=\"twitter:creator\" content=\"@intoscana\" \/>\n<meta name=\"twitter:site\" content=\"@intoscana\" \/>\n<meta name=\"twitter:label1\" content=\"Written by\" \/>\n\t<meta name=\"twitter:data1\" content=\"Redazione\" \/>\n\t<meta name=\"twitter:label2\" content=\"Est. reading time\" \/>\n\t<meta name=\"twitter:data2\" content=\"3 minuti\" \/>\n<script type=\"application\/ld+json\" class=\"yoast-schema-graph\">{\"@context\":\"https:\/\/schema.org\",\"@graph\":[{\"@type\":\"WebPage\",\"@id\":\"https:\/\/www.intoscana.it\/it\/covid-19-1-117-nuovi-casi-e-5-decessi-in-toscana\/\",\"url\":\"https:\/\/www.intoscana.it\/it\/covid-19-1-117-nuovi-casi-e-5-decessi-in-toscana\/\",\"name\":\"Covid-19: 1.117 nuovi casi e 5 decessi in Toscana - intoscana\",\"isPartOf\":{\"@id\":\"https:\/\/www.intoscana.it\/it\/#website\"},\"primaryImageOfPage\":{\"@id\":\"https:\/\/www.intoscana.it\/it\/covid-19-1-117-nuovi-casi-e-5-decessi-in-toscana\/#primaryimage\"},\"image\":{\"@id\":\"https:\/\/www.intoscana.it\/it\/covid-19-1-117-nuovi-casi-e-5-decessi-in-toscana\/#primaryimage\"},\"thumbnailUrl\":\"https:\/\/www.intoscana.it\/wp-content\/uploads\/Protezione-da-Covid-Jan-Kopr\u030civa-Unsplash.jpg\",\"datePublished\":\"2022-09-24T09:53:41+00:00\",\"dateModified\":\"2022-09-26T07:53:07+00:00\",\"author\":{\"@id\":\"https:\/\/www.intoscana.it\/it\/#\/schema\/person\/9223810753230f20bd670fdd322661f8\"},\"description\":\"Sono 1.117 i nuovi casi di Covid-19 in Toscana, con et\u00e0 media 42 anni, si registrano anche 5 nuovi decessi e i ricoveri in lieve aumento.\",\"breadcrumb\":{\"@id\":\"https:\/\/www.intoscana.it\/it\/covid-19-1-117-nuovi-casi-e-5-decessi-in-toscana\/#breadcrumb\"},\"inLanguage\":\"it-IT\",\"potentialAction\":[{\"@type\":\"ReadAction\",\"target\":[\"https:\/\/www.intoscana.it\/it\/covid-19-1-117-nuovi-casi-e-5-decessi-in-toscana\/\"]}]},{\"@type\":\"ImageObject\",\"inLanguage\":\"it-IT\",\"@id\":\"https:\/\/www.intoscana.it\/it\/covid-19-1-117-nuovi-casi-e-5-decessi-in-toscana\/#primaryimage\",\"url\":\"https:\/\/www.intoscana.it\/wp-content\/uploads\/Protezione-da-Covid-Jan-Kopr\u030civa-Unsplash.jpg\",\"contentUrl\":\"https:\/\/www.intoscana.it\/wp-content\/uploads\/Protezione-da-Covid-Jan-Kopr\u030civa-Unsplash.jpg\",\"width\":1920,\"height\":1281},{\"@type\":\"BreadcrumbList\",\"@id\":\"https:\/\/www.intoscana.it\/it\/covid-19-1-117-nuovi-casi-e-5-decessi-in-toscana\/#breadcrumb\",\"itemListElement\":[{\"@type\":\"ListItem\",\"position\":1,\"name\":\"Home\",\"item\":\"https:\/\/www.intoscana.it\/it\/\"},{\"@type\":\"ListItem\",\"position\":2,\"name\":\"Covid-19: 1.117 nuovi casi e 5 decessi in Toscana\"}]},{\"@type\":\"WebSite\",\"@id\":\"https:\/\/www.intoscana.it\/it\/#website\",\"url\":\"https:\/\/www.intoscana.it\/it\/\",\"name\":\"intoscana\",\"description\":\"\",\"potentialAction\":[{\"@type\":\"SearchAction\",\"target\":{\"@type\":\"EntryPoint\",\"urlTemplate\":\"https:\/\/www.intoscana.it\/it\/?s={search_term_string}\"},\"query-input\":{\"@type\":\"PropertyValueSpecification\",\"valueRequired\":true,\"valueName\":\"search_term_string\"}}],\"inLanguage\":\"it-IT\"},{\"@type\":\"Person\",\"@id\":\"https:\/\/www.intoscana.it\/it\/#\/schema\/person\/9223810753230f20bd670fdd322661f8\",\"name\":\"Redazione\",\"url\":\"https:\/\/www.intoscana.it\/it\/author\/redazione\/\"}]}<\/script>\n<!-- \/ Yoast SEO Premium plugin. -->","yoast_head_json":{"title":"Covid-19: 1.117 nuovi casi e 5 decessi in Toscana - intoscana","description":"Sono 1.117 i nuovi casi di Covid-19 in Toscana, con et\u00e0 media 42 anni, si registrano anche 5 nuovi decessi e i ricoveri in lieve aumento.","robots":{"index":"index","follow":"follow","max-snippet":"max-snippet:-1","max-image-preview":"max-image-preview:large","max-video-preview":"max-video-preview:-1"},"canonical":"https:\/\/www.intoscana.it\/it\/covid-19-1-117-nuovi-casi-e-5-decessi-in-toscana\/","og_locale":"it_IT","og_type":"article","og_title":"Covid-19: 1.117 nuovi casi e 5 decessi in Toscana","og_description":"Sono 1.117 i nuovi casi di Covid-19 in Toscana, con et\u00e0 media 42 anni, si registrano anche 5 nuovi decessi e i ricoveri in lieve aumento.","og_url":"https:\/\/www.intoscana.it\/it\/covid-19-1-117-nuovi-casi-e-5-decessi-in-toscana\/","og_site_name":"intoscana","article_publisher":"https:\/\/www.facebook.com\/intoscana.it","article_published_time":"2022-09-24T09:53:41+00:00","article_modified_time":"2022-09-26T07:53:07+00:00","og_image":[{"width":1920,"height":1281,"url":"https:\/\/www.intoscana.it\/wp-content\/uploads\/Protezione-da-Covid-Jan-Kopr\u030civa-Unsplash.jpg","type":"image\/jpeg"}],"author":"Redazione","twitter_card":"summary_large_image","twitter_creator":"@intoscana","twitter_site":"@intoscana","twitter_misc":{"Written by":"Redazione","Est. reading time":"3 minuti"},"schema":{"@context":"https:\/\/schema.org","@graph":[{"@type":"WebPage","@id":"https:\/\/www.intoscana.it\/it\/covid-19-1-117-nuovi-casi-e-5-decessi-in-toscana\/","url":"https:\/\/www.intoscana.it\/it\/covid-19-1-117-nuovi-casi-e-5-decessi-in-toscana\/","name":"Covid-19: 1.117 nuovi casi e 5 decessi in Toscana - intoscana","isPartOf":{"@id":"https:\/\/www.intoscana.it\/it\/#website"},"primaryImageOfPage":{"@id":"https:\/\/www.intoscana.it\/it\/covid-19-1-117-nuovi-casi-e-5-decessi-in-toscana\/#primaryimage"},"image":{"@id":"https:\/\/www.intoscana.it\/it\/covid-19-1-117-nuovi-casi-e-5-decessi-in-toscana\/#primaryimage"},"thumbnailUrl":"https:\/\/www.intoscana.it\/wp-content\/uploads\/Protezione-da-Covid-Jan-Kopr\u030civa-Unsplash.jpg","datePublished":"2022-09-24T09:53:41+00:00","dateModified":"2022-09-26T07:53:07+00:00","author":{"@id":"https:\/\/www.intoscana.it\/it\/#\/schema\/person\/9223810753230f20bd670fdd322661f8"},"description":"Sono 1.117 i nuovi casi di Covid-19 in Toscana, con et\u00e0 media 42 anni, si registrano anche 5 nuovi decessi e i ricoveri in lieve aumento.","breadcrumb":{"@id":"https:\/\/www.intoscana.it\/it\/covid-19-1-117-nuovi-casi-e-5-decessi-in-toscana\/#breadcrumb"},"inLanguage":"it-IT","potentialAction":[{"@type":"ReadAction","target":["https:\/\/www.intoscana.it\/it\/covid-19-1-117-nuovi-casi-e-5-decessi-in-toscana\/"]}]},{"@type":"ImageObject","inLanguage":"it-IT","@id":"https:\/\/www.intoscana.it\/it\/covid-19-1-117-nuovi-casi-e-5-decessi-in-toscana\/#primaryimage","url":"https:\/\/www.intoscana.it\/wp-content\/uploads\/Protezione-da-Covid-Jan-Kopr\u030civa-Unsplash.jpg","contentUrl":"https:\/\/www.intoscana.it\/wp-content\/uploads\/Protezione-da-Covid-Jan-Kopr\u030civa-Unsplash.jpg","width":1920,"height":1281},{"@type":"BreadcrumbList","@id":"https:\/\/www.intoscana.it\/it\/covid-19-1-117-nuovi-casi-e-5-decessi-in-toscana\/#breadcrumb","itemListElement":[{"@type":"ListItem","position":1,"name":"Home","item":"https:\/\/www.intoscana.it\/it\/"},{"@type":"ListItem","position":2,"name":"Covid-19: 1.117 nuovi casi e 5 decessi in Toscana"}]},{"@type":"WebSite","@id":"https:\/\/www.intoscana.it\/it\/#website","url":"https:\/\/www.intoscana.it\/it\/","name":"intoscana","description":"","potentialAction":[{"@type":"SearchAction","target":{"@type":"EntryPoint","urlTemplate":"https:\/\/www.intoscana.it\/it\/?s={search_term_string}"},"query-input":{"@type":"PropertyValueSpecification","valueRequired":true,"valueName":"search_term_string"}}],"inLanguage":"it-IT"},{"@type":"Person","@id":"https:\/\/www.intoscana.it\/it\/#\/schema\/person\/9223810753230f20bd670fdd322661f8","name":"Redazione","url":"https:\/\/www.intoscana.it\/it\/author\/redazione\/"}]}},"_links":{"self":[{"href":"https:\/\/www.intoscana.it\/it\/wp-json\/wp\/v2\/posts\/249452","targetHints":{"allow":["GET"]}}],"collection":[{"href":"https:\/\/www.intoscana.it\/it\/wp-json\/wp\/v2\/posts"}],"about":[{"href":"https:\/\/www.intoscana.it\/it\/wp-json\/wp\/v2\/types\/post"}],"author":[{"embeddable":true,"href":"https:\/\/www.intoscana.it\/it\/wp-json\/wp\/v2\/users\/525"}],"replies":[{"embeddable":true,"href":"https:\/\/www.intoscana.it\/it\/wp-json\/wp\/v2\/comments?post=249452"}],"version-history":[{"count":0,"href":"https:\/\/www.intoscana.it\/it\/wp-json\/wp\/v2\/posts\/249452\/revisions"}],"wp:featuredmedia":[{"embeddable":true,"href":"https:\/\/www.intoscana.it\/it\/wp-json\/wp\/v2\/media\/208205"}],"wp:attachment":[{"href":"https:\/\/www.intoscana.it\/it\/wp-json\/wp\/v2\/media?parent=249452"}],"wp:term":[{"taxonomy":"category","embeddable":true,"href":"https:\/\/www.intoscana.it\/it\/wp-json\/wp\/v2\/categories?post=249452"},{"taxonomy":"post_tag","embeddable":true,"href":"https:\/\/www.intoscana.it\/it\/wp-json\/wp\/v2\/tags?post=249452"}],"curies":[{"name":"wp","href":"https:\/\/api.w.org\/{rel}","templated":true}]}}