{"id":249645,"date":"2022-09-26T17:41:11","date_gmt":"2022-09-26T15:41:11","guid":{"rendered":"https:\/\/www.intoscana.it\/it\/?p=249645"},"modified":"2022-09-26T17:42:53","modified_gmt":"2022-09-26T15:42:53","slug":"green-festival-a-firenze-tra-sostenibilita-e-lavoro-femminile","status":"publish","type":"post","link":"https:\/\/www.intoscana.it\/it\/green-festival-a-firenze-tra-sostenibilita-e-lavoro-femminile\/","title":{"rendered":"Green Festival a Firenze tra sostenibilit\u00e0 e lavoro femminile"},"content":{"rendered":"<div id=\"m_2825556838910929169v1forwardbody1\">\n<div>\n<div id=\"m_2825556838910929169v1v1forwardbody1\">\n<div>\n<div id=\"m_2825556838910929169v1v1v1signature\">\n<div>\n<p>Al via a Firenze <mark>la prima edizione del Green Festival Donne e Sostenibilit\u00e0<\/mark>. L&#8217;appuntamento \u00e8 da <strong>mercoled\u00ec 27 settembre<\/strong> fino a sabato primo ottobre, con orario 10-22. Il progetto \u00e8 nato dall\u2019idea delle artiste che fanno riferimento al centro espositivo di <strong>FAF Female Arts in Florence<\/strong>.<\/p>\n<p><strong>Il Green Festival<\/strong> Donne e Sostenibilit\u00e0 si articola su pi\u00f9 giornate attraverso una programmazione che affronta le diverse sfaccettature del tema dello sviluppo sostenibile. L\u2019idea \u00e8 quella di analizzare il contributo in termini di <mark>competenze, visioni e resilienza che caratterizza il vissuto professionale di tante donne<\/mark>.<\/p>\n<p>Gli eventi in programma per il Green Festival si tengono da <strong>FAF in Borgo San Frediano<\/strong> 131 R, uno spazio organizzato da<strong> donne per le donne<\/strong> all\u2019insegna dei percorsi artistici che stanno portando avanti da oltre 2 anni con passione e spirito di innovazione.<\/p>\n<p>Alla base del concetto di <strong>sostenibilit\u00e0 ambientale ed economica<\/strong> c\u2019\u00e8 la necessit\u00e0 di lasciare alle generazioni future la stessa quantit\u00e0 di risorse di cui hanno avuto disponibilit\u00e0 le generazioni precedenti, con adeguato tenore di vita e di possibilit\u00e0. Da qui l&#8217;impegno per <mark><\/mark>garantire lo sviluppo delle attivit\u00e0 umane e dell\u2019economia[\/makr], ma con il <strong>minor impatto possibile<\/strong> per il pianeta.<\/p>\n<p>Un&#8217;attenzione particolare \u00e8 inoltre rivolta alle <strong>questioni di genere<\/strong> legate al lavoro ed allo sviluppo professionale di donne che hanno perseguito <strong>atteggiamenti virtuosi<\/strong> e che si sposano con il miglioramento delle condizioni ambientali.<\/p>\n<figure id=\"post-249687 media-249687\" class=\"align-none\"><img decoding=\"async\" src=\"https:\/\/www.intoscana.it\/wp-content\/uploads\/308416636_679897656890987_8632953008227603761_n-e1664206554228.jpg\" alt=\"\" \/><\/figure>\n<div class=\"titleimg\">Lo Spazio Faf in Oltrarno<\/div>\n<p>\u201c<em>Noi donne giochiamo un ruolo fondamentale nella lotta contro il cambiamento climatico<\/em> \u2013 sostiene <strong>Giulia Castagnoli<\/strong> ideatrice del progetto FAF &#8211; <em>e il Festival nasce con l\u2019idea di incentivare gli atteggiamenti sostenibili che ognuno pu\u00f2 rendere propri nel sistema di vita quotidiano\u201d. \u201cSiamo maggiormente attente al tema \u2013 <\/em>specifica ancora Castagnoli<em> &#8211; e pi\u00f9 propense a sviluppare comportamenti che mirino a ridurre l\u2019impatto ecologico sull\u2019ambiente<\/em>\u201d.<\/p>\n<p>In <a href=\"https:\/\/mailchi.mp\/a914f9c7ae04\/programma-green-festival-donne-e-sostenibilita\" target=\"_blank\" rel=\"noopener noreferrer\" data-saferedirecturl=\"https:\/\/www.google.com\/url?q=https:\/\/mailchi.mp\/a914f9c7ae04\/programma-green-festival-donne-e-sostenibilita&amp;source=gmail&amp;ust=1664285377473000&amp;usg=AOvVaw2L6tOCPpwbThb3M-NFCfps\">programma<\/a> talk su arte e ambiente e ancora esperienze dirette su <strong>salute, ecologia e moda green<\/strong> con i maggiori esperti del settore come <strong>Change for Planet<\/strong>\u00a0e in particolare con\u00a0<strong>Fashion Revolution<\/strong>, partner ufficiale dell\u2019evento, sul tema <strong>donne e salario<\/strong>.<\/p>\n<p>In collegamento dall\u2019Alaska <strong>Valeria Barbi<\/strong>, EU Climate Pact Ambassador, affronter\u00e0 il tema della <strong>biodiversit\u00e0<\/strong> per spiegare a tutti quali sono i conflitti tra gli esseri umani e il mondo naturale.<\/p>\n<p>Le start up innovative e le realt\u00e0 commerciali scelte tra le pi\u00f9 virtuose, inoltre, illustreranno le proprie attivit\u00e0. La presentazione della <strong>piattaforma digitale<\/strong> per la sostenibilit\u00e0\u00a0<strong>Greenapes<\/strong><em>,<\/em>\u00a0per esempio, offre soluzioni digitali per velocizzare il processo di transizione verso il vivere sostenibile.<\/p>\n<p>Diversi i workshop con approfondimenti tematici su<strong> rammendo creativo<\/strong> per <strong>moda sostenibile, cosmesi naturale e personal gardening<\/strong>. Chi partecipa imparer\u00e0, dunque, come provvedere in autonomia alla realizzazione sostenibile di prodotti di uso quotidiano.<\/p>\n<p>Non mancheranno prodotti sostenibili con <strong>pop up e degustazioni<\/strong> con le associazioni di produttori locali e <strong>cibi biologici<\/strong>, e spazi destinati alle <strong>pratiche olistiche<\/strong> di salute e benessere.<\/p>\n<p>E\u2019 possibile prenotarsi all\u2019evento tramite il canale digitale di\u00a0<a href=\"https:\/\/bit.ly\/prenota_GF_FAF\" target=\"_blank\" rel=\"noopener noreferrer\" data-saferedirecturl=\"https:\/\/www.google.com\/url?q=https:\/\/bit.ly\/prenota_GF_FAF&amp;source=gmail&amp;ust=1664285377473000&amp;usg=AOvVaw1w1mAlohKiiuM6l92BZty9\">prenotazione<\/a><a href=\"https:\/\/bit.ly\/prenota_GF_FAF\" target=\"_blank\" rel=\"noopener noreferrer\" data-saferedirecturl=\"https:\/\/www.google.com\/url?q=https:\/\/bit.ly\/prenota_GF_FAF&amp;source=gmail&amp;ust=1664285377473000&amp;usg=AOvVaw1w1mAlohKiiuM6l92BZty9\">\u00a0on line<\/a> \u00a0o\u00a0<a href=\"https:\/\/www.facebook.com\/events\/474129917593386\/\" target=\"_blank\" rel=\"noopener noreferrer\" data-saferedirecturl=\"https:\/\/www.google.com\/url?q=https:\/\/www.facebook.com\/events\/474129917593386\/&amp;source=gmail&amp;ust=1664285377473000&amp;usg=AOvVaw02FosGyAc0zos6q4fuLaY7\">Facebook di FAF.<\/a><\/p>\n<\/div>\n<\/div>\n<\/div>\n<\/div>\n<\/div>\n<\/div>\n","protected":false},"excerpt":{"rendered":"<p>Talk, incontri, seminari su donne, ambiente, questione di genere, ecologia e moda green organizzati dal centro espositivo FAF Female Arts in Florence<\/p>\n","protected":false},"author":525,"featured_media":249649,"comment_status":"open","ping_status":"open","sticky":false,"template":"","format":"standard","meta":{"_acf_changed":false,"footnotes":""},"categories":[19],"tags":[411,371],"class_list":["post-249645","post","type-post","status-publish","format-standard","has-post-thumbnail","hentry","category-ambiente","tag-donne","tag-sostenibilita"],"acf":[],"yoast_head":"<!-- This site is optimized with the Yoast SEO Premium plugin v24.2 (Yoast SEO v25.6) - https:\/\/yoast.com\/wordpress\/plugins\/seo\/ -->\n<title>Green Festival a Firenze tra sostenibilit\u00e0 e lavoro femminile - intoscana<\/title>\n<meta name=\"description\" content=\"Talk, incontri, seminari su donne, ambiente, ecologia e moda green organizzati dal centro espositivo FAF Female Arts in Florence\" \/>\n<meta name=\"robots\" content=\"index, follow, max-snippet:-1, max-image-preview:large, max-video-preview:-1\" \/>\n<link rel=\"canonical\" href=\"https:\/\/www.intoscana.it\/it\/green-festival-a-firenze-tra-sostenibilita-e-lavoro-femminile\/\" \/>\n<meta property=\"og:locale\" content=\"it_IT\" \/>\n<meta property=\"og:type\" content=\"article\" \/>\n<meta property=\"og:title\" content=\"Green Festival a Firenze tra sostenibilit\u00e0 e lavoro femminile\" \/>\n<meta property=\"og:description\" content=\"Talk, incontri, seminari su donne, ambiente, ecologia e moda green organizzati dal centro espositivo FAF Female Arts in Florence\" \/>\n<meta property=\"og:url\" content=\"https:\/\/www.intoscana.it\/it\/green-festival-a-firenze-tra-sostenibilita-e-lavoro-femminile\/\" \/>\n<meta property=\"og:site_name\" content=\"intoscana\" \/>\n<meta property=\"article:publisher\" content=\"https:\/\/www.facebook.com\/intoscana.it\" \/>\n<meta property=\"article:published_time\" content=\"2022-09-26T15:41:11+00:00\" \/>\n<meta property=\"article:modified_time\" content=\"2022-09-26T15:42:53+00:00\" \/>\n<meta property=\"og:image\" content=\"https:\/\/www.intoscana.it\/wp-content\/uploads\/spazio-faf_DSC9199-scaled.jpg\" \/>\n\t<meta property=\"og:image:width\" content=\"2048\" \/>\n\t<meta property=\"og:image:height\" content=\"1152\" \/>\n\t<meta property=\"og:image:type\" content=\"image\/jpeg\" \/>\n<meta name=\"author\" content=\"Redazione\" \/>\n<meta name=\"twitter:card\" content=\"summary_large_image\" \/>\n<meta name=\"twitter:creator\" content=\"@intoscana\" \/>\n<meta name=\"twitter:site\" content=\"@intoscana\" \/>\n<meta name=\"twitter:label1\" content=\"Written by\" \/>\n\t<meta name=\"twitter:data1\" content=\"Redazione\" \/>\n\t<meta name=\"twitter:label2\" content=\"Est. reading time\" \/>\n\t<meta name=\"twitter:data2\" content=\"2 minuti\" \/>\n<script type=\"application\/ld+json\" class=\"yoast-schema-graph\">{\"@context\":\"https:\/\/schema.org\",\"@graph\":[{\"@type\":\"WebPage\",\"@id\":\"https:\/\/www.intoscana.it\/it\/green-festival-a-firenze-tra-sostenibilita-e-lavoro-femminile\/\",\"url\":\"https:\/\/www.intoscana.it\/it\/green-festival-a-firenze-tra-sostenibilita-e-lavoro-femminile\/\",\"name\":\"Green Festival a Firenze tra sostenibilit\u00e0 e lavoro femminile - intoscana\",\"isPartOf\":{\"@id\":\"https:\/\/www.intoscana.it\/it\/#website\"},\"primaryImageOfPage\":{\"@id\":\"https:\/\/www.intoscana.it\/it\/green-festival-a-firenze-tra-sostenibilita-e-lavoro-femminile\/#primaryimage\"},\"image\":{\"@id\":\"https:\/\/www.intoscana.it\/it\/green-festival-a-firenze-tra-sostenibilita-e-lavoro-femminile\/#primaryimage\"},\"thumbnailUrl\":\"https:\/\/www.intoscana.it\/wp-content\/uploads\/spazio-faf_DSC9199-scaled.jpg\",\"datePublished\":\"2022-09-26T15:41:11+00:00\",\"dateModified\":\"2022-09-26T15:42:53+00:00\",\"author\":{\"@id\":\"https:\/\/www.intoscana.it\/it\/#\/schema\/person\/9223810753230f20bd670fdd322661f8\"},\"description\":\"Talk, incontri, seminari su donne, ambiente, ecologia e moda green organizzati dal centro espositivo FAF Female Arts in Florence\",\"breadcrumb\":{\"@id\":\"https:\/\/www.intoscana.it\/it\/green-festival-a-firenze-tra-sostenibilita-e-lavoro-femminile\/#breadcrumb\"},\"inLanguage\":\"it-IT\",\"potentialAction\":[{\"@type\":\"ReadAction\",\"target\":[\"https:\/\/www.intoscana.it\/it\/green-festival-a-firenze-tra-sostenibilita-e-lavoro-femminile\/\"]}]},{\"@type\":\"ImageObject\",\"inLanguage\":\"it-IT\",\"@id\":\"https:\/\/www.intoscana.it\/it\/green-festival-a-firenze-tra-sostenibilita-e-lavoro-femminile\/#primaryimage\",\"url\":\"https:\/\/www.intoscana.it\/wp-content\/uploads\/spazio-faf_DSC9199-scaled.jpg\",\"contentUrl\":\"https:\/\/www.intoscana.it\/wp-content\/uploads\/spazio-faf_DSC9199-scaled.jpg\",\"width\":2048,\"height\":1152,\"caption\":\"Lo Spazio Faf in Oltrarno\"},{\"@type\":\"BreadcrumbList\",\"@id\":\"https:\/\/www.intoscana.it\/it\/green-festival-a-firenze-tra-sostenibilita-e-lavoro-femminile\/#breadcrumb\",\"itemListElement\":[{\"@type\":\"ListItem\",\"position\":1,\"name\":\"Home\",\"item\":\"https:\/\/www.intoscana.it\/it\/\"},{\"@type\":\"ListItem\",\"position\":2,\"name\":\"Green Festival a Firenze tra sostenibilit\u00e0 e lavoro femminile\"}]},{\"@type\":\"WebSite\",\"@id\":\"https:\/\/www.intoscana.it\/it\/#website\",\"url\":\"https:\/\/www.intoscana.it\/it\/\",\"name\":\"intoscana\",\"description\":\"\",\"potentialAction\":[{\"@type\":\"SearchAction\",\"target\":{\"@type\":\"EntryPoint\",\"urlTemplate\":\"https:\/\/www.intoscana.it\/it\/?s={search_term_string}\"},\"query-input\":{\"@type\":\"PropertyValueSpecification\",\"valueRequired\":true,\"valueName\":\"search_term_string\"}}],\"inLanguage\":\"it-IT\"},{\"@type\":\"Person\",\"@id\":\"https:\/\/www.intoscana.it\/it\/#\/schema\/person\/9223810753230f20bd670fdd322661f8\",\"name\":\"Redazione\",\"url\":\"https:\/\/www.intoscana.it\/it\/author\/redazione\/\"}]}<\/script>\n<!-- \/ Yoast SEO Premium plugin. -->","yoast_head_json":{"title":"Green Festival a Firenze tra sostenibilit\u00e0 e lavoro femminile - intoscana","description":"Talk, incontri, seminari su donne, ambiente, ecologia e moda green organizzati dal centro espositivo FAF Female Arts in Florence","robots":{"index":"index","follow":"follow","max-snippet":"max-snippet:-1","max-image-preview":"max-image-preview:large","max-video-preview":"max-video-preview:-1"},"canonical":"https:\/\/www.intoscana.it\/it\/green-festival-a-firenze-tra-sostenibilita-e-lavoro-femminile\/","og_locale":"it_IT","og_type":"article","og_title":"Green Festival a Firenze tra sostenibilit\u00e0 e lavoro femminile","og_description":"Talk, incontri, seminari su donne, ambiente, ecologia e moda green organizzati dal centro espositivo FAF Female Arts in Florence","og_url":"https:\/\/www.intoscana.it\/it\/green-festival-a-firenze-tra-sostenibilita-e-lavoro-femminile\/","og_site_name":"intoscana","article_publisher":"https:\/\/www.facebook.com\/intoscana.it","article_published_time":"2022-09-26T15:41:11+00:00","article_modified_time":"2022-09-26T15:42:53+00:00","og_image":[{"width":2048,"height":1152,"url":"https:\/\/www.intoscana.it\/wp-content\/uploads\/spazio-faf_DSC9199-scaled.jpg","type":"image\/jpeg"}],"author":"Redazione","twitter_card":"summary_large_image","twitter_creator":"@intoscana","twitter_site":"@intoscana","twitter_misc":{"Written by":"Redazione","Est. reading time":"2 minuti"},"schema":{"@context":"https:\/\/schema.org","@graph":[{"@type":"WebPage","@id":"https:\/\/www.intoscana.it\/it\/green-festival-a-firenze-tra-sostenibilita-e-lavoro-femminile\/","url":"https:\/\/www.intoscana.it\/it\/green-festival-a-firenze-tra-sostenibilita-e-lavoro-femminile\/","name":"Green Festival a Firenze tra sostenibilit\u00e0 e lavoro femminile - intoscana","isPartOf":{"@id":"https:\/\/www.intoscana.it\/it\/#website"},"primaryImageOfPage":{"@id":"https:\/\/www.intoscana.it\/it\/green-festival-a-firenze-tra-sostenibilita-e-lavoro-femminile\/#primaryimage"},"image":{"@id":"https:\/\/www.intoscana.it\/it\/green-festival-a-firenze-tra-sostenibilita-e-lavoro-femminile\/#primaryimage"},"thumbnailUrl":"https:\/\/www.intoscana.it\/wp-content\/uploads\/spazio-faf_DSC9199-scaled.jpg","datePublished":"2022-09-26T15:41:11+00:00","dateModified":"2022-09-26T15:42:53+00:00","author":{"@id":"https:\/\/www.intoscana.it\/it\/#\/schema\/person\/9223810753230f20bd670fdd322661f8"},"description":"Talk, incontri, seminari su donne, ambiente, ecologia e moda green organizzati dal centro espositivo FAF Female Arts in Florence","breadcrumb":{"@id":"https:\/\/www.intoscana.it\/it\/green-festival-a-firenze-tra-sostenibilita-e-lavoro-femminile\/#breadcrumb"},"inLanguage":"it-IT","potentialAction":[{"@type":"ReadAction","target":["https:\/\/www.intoscana.it\/it\/green-festival-a-firenze-tra-sostenibilita-e-lavoro-femminile\/"]}]},{"@type":"ImageObject","inLanguage":"it-IT","@id":"https:\/\/www.intoscana.it\/it\/green-festival-a-firenze-tra-sostenibilita-e-lavoro-femminile\/#primaryimage","url":"https:\/\/www.intoscana.it\/wp-content\/uploads\/spazio-faf_DSC9199-scaled.jpg","contentUrl":"https:\/\/www.intoscana.it\/wp-content\/uploads\/spazio-faf_DSC9199-scaled.jpg","width":2048,"height":1152,"caption":"Lo Spazio Faf in Oltrarno"},{"@type":"BreadcrumbList","@id":"https:\/\/www.intoscana.it\/it\/green-festival-a-firenze-tra-sostenibilita-e-lavoro-femminile\/#breadcrumb","itemListElement":[{"@type":"ListItem","position":1,"name":"Home","item":"https:\/\/www.intoscana.it\/it\/"},{"@type":"ListItem","position":2,"name":"Green Festival a Firenze tra sostenibilit\u00e0 e lavoro femminile"}]},{"@type":"WebSite","@id":"https:\/\/www.intoscana.it\/it\/#website","url":"https:\/\/www.intoscana.it\/it\/","name":"intoscana","description":"","potentialAction":[{"@type":"SearchAction","target":{"@type":"EntryPoint","urlTemplate":"https:\/\/www.intoscana.it\/it\/?s={search_term_string}"},"query-input":{"@type":"PropertyValueSpecification","valueRequired":true,"valueName":"search_term_string"}}],"inLanguage":"it-IT"},{"@type":"Person","@id":"https:\/\/www.intoscana.it\/it\/#\/schema\/person\/9223810753230f20bd670fdd322661f8","name":"Redazione","url":"https:\/\/www.intoscana.it\/it\/author\/redazione\/"}]}},"_links":{"self":[{"href":"https:\/\/www.intoscana.it\/it\/wp-json\/wp\/v2\/posts\/249645","targetHints":{"allow":["GET"]}}],"collection":[{"href":"https:\/\/www.intoscana.it\/it\/wp-json\/wp\/v2\/posts"}],"about":[{"href":"https:\/\/www.intoscana.it\/it\/wp-json\/wp\/v2\/types\/post"}],"author":[{"embeddable":true,"href":"https:\/\/www.intoscana.it\/it\/wp-json\/wp\/v2\/users\/525"}],"replies":[{"embeddable":true,"href":"https:\/\/www.intoscana.it\/it\/wp-json\/wp\/v2\/comments?post=249645"}],"version-history":[{"count":0,"href":"https:\/\/www.intoscana.it\/it\/wp-json\/wp\/v2\/posts\/249645\/revisions"}],"wp:featuredmedia":[{"embeddable":true,"href":"https:\/\/www.intoscana.it\/it\/wp-json\/wp\/v2\/media\/249649"}],"wp:attachment":[{"href":"https:\/\/www.intoscana.it\/it\/wp-json\/wp\/v2\/media?parent=249645"}],"wp:term":[{"taxonomy":"category","embeddable":true,"href":"https:\/\/www.intoscana.it\/it\/wp-json\/wp\/v2\/categories?post=249645"},{"taxonomy":"post_tag","embeddable":true,"href":"https:\/\/www.intoscana.it\/it\/wp-json\/wp\/v2\/tags?post=249645"}],"curies":[{"name":"wp","href":"https:\/\/api.w.org\/{rel}","templated":true}]}}